{"id":27420,"date":"2020-11-12T09:59:49","date_gmt":"2020-11-12T08:59:49","guid":{"rendered":"https:\/\/gastronomicament.cat\/?p=27420"},"modified":"2022-04-07T11:15:13","modified_gmt":"2022-04-07T09:15:13","slug":"emilio-martin-i-gabriel-pedreira-guanyen-els-concursos-de-tapes-2020-de-valladolid","status":"publish","type":"post","link":"https:\/\/gastronomicament.cat\/ca\/emilio-martin-i-gabriel-pedreira-guanyen-els-concursos-de-tapes-2020-de-valladolid","title":{"rendered":"Emilio Mart\u00edn i Gabriel Pedreira guanyen els concursos de tapes 2020 de Valladolid"},"content":{"rendered":"<p>Els<a href=\"https:\/\/gastronomicament.cat\/una-gyoza-darros-brut-i-un-llaut-representaran-mallorca\">\u00a0representants de Mallorca (Ant\u00f2nia Massanet i Xema \u00c0lvarez)\u00a0 i d&#8217;Eivissa (Aingeru Echevarria)<\/a>\u00a0no han tengut sort en l&#8217;edici\u00f3 2020 del\u00a0<strong>Concurs de Tapes de la ciutat de Valladolid<\/strong>. Finalment s&#8217;hi ha imposat el vallisolet\u00e0<strong>\u00a0Emilio Mart\u00edn<\/strong>, del restaurant Suite 22, amb una tapa batiada com a &#8216;Cochifrito&#8217;. Cal destacar que Mart\u00edn ha anunciat que\u00a0<strong>destinar\u00e0 el xec del premi\u00a0valorat en 10.000 euros al menjador social de Valladolid<\/strong>\u00a0per contribuir a ajudar els m\u00e9s necessitats en aquests tan complicats per la crisi generada per la covid-19.<\/p>\n<p>D&#8217;altra banda,\u00a0el jurat ha proclamat\u00a0<strong>Gabriel Pedreira<\/strong>\u00a0com a\u00a0<strong>campi\u00f3 Mundial de Tapes<\/strong>. Aquest cuiner, del restaurant Danny Bramson Cocina (Argentina), ha preparat una elaboraci\u00f3 titulada Al comp\u00e1s del Tango, amb la qual ha guanyat un xec valorat en 10.000 euros.<\/p>\n<p>La resta de guanyadors del\u00a0 Concurs Nacional de Pintxos i Tapes 2020\u00a0 \u00a0han estat:<\/p>\n<ul>\n<li><strong>Segon premi <\/strong>del XVI Concurs Nacional de Pintxos i Tapes\u00a0<strong>Juan Mar\u00eda D\u00edaz Llanos<\/strong>, del restaurant Casa Marinos, a Plentzia (Vicaya) per la tapa Fum de Almadrava.\u00a0Xec valorat en 5.000 \u20ac.<\/li>\n<li><strong>Tercer premi\u00a0<\/strong>del XVI Concurs Nacional de Pintxos i Tapes\u00a0<strong>Ernesto Vent\u00f3s<\/strong>, del restaurant Hermanos Vinagre, a Madrid per la tapa Cuinant Vermut. Xec valorat en 2.500 \u20ac.<\/li>\n<li><strong>Acc\u00e8ssit a la tapa m\u00e9s tradicional\u00a0<\/strong>per a\u00a0<strong>Manuel Soto Carlos<\/strong>, amb Bunyol de bacall\u00e0, del restaurant Lilicook vermuteria de Salamanca. Diploma acreditatiu.<\/li>\n<li><strong>Acc\u00e8ssit a la tapa m\u00e9s avantguardista\u00a0<\/strong>per a\u00a0<strong>To\u00f1o Rodr\u00edguez Iguacel<\/strong>, de el Restaurant La Era de los Nogales d&#8217;Osca per la tapa Garr\u00ed en safata de plata.<\/li>\n<li><strong>Acc\u00e8ssit a el millor concepte de tapa <\/strong>per a\u00a0<strong>Ra\u00fal Pobo Rabad\u00e1n<\/strong>, del Restaurant Bar Antojos de Saragossa per la tapa Fuastel imperial rus.<\/li>\n<\/ul>\n<p>La resta de guanyadors del\u00a0 Campionat Mundial de Tapes 2020 han estat:<\/p>\n<ul>\n<li><strong>Segon premi\u00a0<\/strong>del IV Campionat Mundial de Tapes a <strong>Anthony Burd<\/strong>, del restaurant La Scala de Tail\u00e0ndia per la tapa Loster Arancini. Xec valorat en 5.000 \u20ac<\/li>\n<li><strong>Tercer premi\u00a0<\/strong>del IV Campionat Mundial de Tapes a Mohamed Fedal, del restaurant Donar Moha de Marruecas per la tapa El trid vestit de flamenca. Xec valorat en 2.500 \u20ac<\/li>\n<li><strong>Acc\u00e8ssit a la tapa m\u00e9s tradicional\u00a0<\/strong>per\u00a0<strong>Darren Collins<\/strong>, del restaurant Beatha Bakery d&#8217;Irlanda per la seva tapa el Sandvitx. Diploma.<\/li>\n<li><strong>Acc\u00e8ssit a la tapa m\u00e9s avantguardista <\/strong>per<strong>\u00a0Filip August Bendi<\/strong>, del restaurant Thon Hotel Bristol Grill de Noruega per la tapa Gofre de salm\u00f3 fumat. Diploma.<\/li>\n<li><strong>Acc\u00e8ssit a el millor concepte de tapa <\/strong>per a\u00a0<strong>Sergio Manuel Landero Irving<\/strong>, de el Restaurant Tbier Kloster Panam\u00e0 de Panam\u00e0 amb la tapa Totes les C del meu m\u00f3n. Diploma.<\/li>\n<\/ul>\n","protected":false},"excerpt":{"rendered":"<p>Els\u00a0representants de Mallorca (Ant\u00f2nia Massanet i Xema \u00c0lvarez)\u00a0 i d&#8217;Eivissa (Aingeru Echevarria)\u00a0no han tengut sort en&hellip;<\/p>\n","protected":false},"author":1,"featured_media":27421,"comment_status":"open","ping_status":"closed","sticky":false,"template":"","format":"gallery","meta":{"_acf_changed":false,"_swt_meta_header_display":false,"_swt_meta_footer_display":false,"_swt_meta_site_title_display":false,"_swt_meta_sticky_header":false,"_swt_meta_transparent_header":false,"footnotes":""},"categories":[692,953],"tags":[],"coauthors":[],"class_list":["post-27420","post","type-post","status-publish","format-gallery","has-post-thumbnail","hentry","category-actualitat","category-concursos-i-premis","post_format-post-format-gallery"],"acf":{"gallery":null,"home_date":{"home_begin_date":null,"home_end_date":null}},"yoast_head":"<!-- This site is optimized with the Yoast SEO plugin v27.4 - https:\/\/yoast.com\/product\/yoast-seo-wordpress\/ -->\n<title>Emilio Mart\u00edn i Gabriel Pedreira guanyen els concursos de tapes 2020 de Valladolid - Gastron\u00f2micament<\/title>\n<meta name=\"description\" content=\"Emilio Mart\u00edn i Gabriel Pedreira guanyen els concursos de tapes 2020 de Valladolid Actualitat, Concursos i premis Els\u00a0representants de Mallorca (Ant\u00f2nia Massanet i Xema \u00c0lvarez)\u00a0 i d&#039;Eivissa (Aingeru Echevarria)\u00a0no han tengut sort en l&#039;edici\u00f3 2020 del\u00a0Concurs de Tapes de la ciutat de Valladolid\" \/>\n<meta name=\"robots\" content=\"index, follow, max-snippet:-1, max-image-preview:large, max-video-preview:-1\" \/>\n<link rel=\"canonical\" href=\"https:\/\/gastronomicament.cat\/ca\/emilio-martin-i-gabriel-pedreira-guanyen-els-concursos-de-tapes-2020-de-valladolid\" \/>\n<meta property=\"og:locale\" content=\"ca_ES\" \/>\n<meta property=\"og:type\" content=\"article\" \/>\n<meta property=\"og:title\" content=\"Emilio Mart\u00edn i Gabriel Pedreira guanyen els concursos de tapes 2020 de Valladolid - Gastron\u00f2micament\" \/>\n<meta property=\"og:description\" content=\"Emilio Mart\u00edn i Gabriel Pedreira guanyen els concursos de tapes 2020 de Valladolid Actualitat, Concursos i premis Els\u00a0representants de Mallorca (Ant\u00f2nia Massanet i Xema \u00c0lvarez)\u00a0 i d&#039;Eivissa (Aingeru Echevarria)\u00a0no han tengut sort en l&#039;edici\u00f3 2020 del\u00a0Concurs de Tapes de la ciutat de Valladolid\" \/>\n<meta property=\"og:url\" content=\"https:\/\/gastronomicament.cat\/ca\/emilio-martin-i-gabriel-pedreira-guanyen-els-concursos-de-tapes-2020-de-valladolid\" \/>\n<meta property=\"og:site_name\" content=\"Gastron\u00f2micament\" \/>\n<meta property=\"article:published_time\" content=\"2020-11-12T08:59:49+00:00\" \/>\n<meta property=\"article:modified_time\" content=\"2022-04-07T09:15:13+00:00\" \/>\n<meta property=\"og:image\" content=\"https:\/\/gastronomicament.cat\/wp-content\/uploads\/2020\/11\/Emilio-Martin.jpg\" \/>\n\t<meta property=\"og:image:width\" content=\"1840\" \/>\n\t<meta property=\"og:image:height\" content=\"1440\" \/>\n\t<meta property=\"og:image:type\" content=\"image\/jpeg\" \/>\n<meta name=\"author\" content=\"Redacci\u00f3\" \/>\n<meta name=\"twitter:card\" content=\"summary_large_image\" \/>\n<meta name=\"twitter:creator\" content=\"@gastronomicamen\" \/>\n<meta name=\"twitter:site\" content=\"@gastronomicamen\" \/>\n<meta name=\"twitter:label1\" content=\"Written by\" \/>\n\t<meta name=\"twitter:data1\" content=\"Redacci\u00f3\" \/>\n\t<meta name=\"twitter:label2\" content=\"Est. reading time\" \/>\n\t<meta name=\"twitter:data2\" content=\"2 minutes\" \/>\n<script type=\"application\/ld+json\" class=\"yoast-schema-graph\">{\"@context\":\"https:\\\/\\\/schema.org\",\"@graph\":[{\"@type\":\"Article\",\"@id\":\"https:\\\/\\\/gastronomicament.cat\\\/ca\\\/emilio-martin-i-gabriel-pedreira-guanyen-els-concursos-de-tapes-2020-de-valladolid#article\",\"isPartOf\":{\"@id\":\"https:\\\/\\\/gastronomicament.cat\\\/ca\\\/emilio-martin-i-gabriel-pedreira-guanyen-els-concursos-de-tapes-2020-de-valladolid\"},\"author\":{\"name\":\"Redacci\u00f3\",\"@id\":\"https:\\\/\\\/gastronomicament.cat\\\/ca\\\/#\\\/schema\\\/person\\\/a7c85c537a1ed62799a5b8e0f686a37f\"},\"headline\":\"Emilio Mart\u00edn i Gabriel Pedreira guanyen els concursos de tapes 2020 de Valladolid\",\"datePublished\":\"2020-11-12T08:59:49+00:00\",\"dateModified\":\"2022-04-07T09:15:13+00:00\",\"mainEntityOfPage\":{\"@id\":\"https:\\\/\\\/gastronomicament.cat\\\/ca\\\/emilio-martin-i-gabriel-pedreira-guanyen-els-concursos-de-tapes-2020-de-valladolid\"},\"wordCount\":448,\"commentCount\":0,\"publisher\":{\"@id\":\"https:\\\/\\\/gastronomicament.cat\\\/ca\\\/#organization\"},\"image\":{\"@id\":\"https:\\\/\\\/gastronomicament.cat\\\/ca\\\/emilio-martin-i-gabriel-pedreira-guanyen-els-concursos-de-tapes-2020-de-valladolid#primaryimage\"},\"thumbnailUrl\":\"https:\\\/\\\/gastronomicament.cat\\\/wp-content\\\/uploads\\\/2020\\\/11\\\/Emilio-Martin.jpg\",\"articleSection\":[\"Actualitat\",\"Concursos i premis\"],\"inLanguage\":\"ca-ES\",\"potentialAction\":[{\"@type\":\"CommentAction\",\"name\":\"Comment\",\"target\":[\"https:\\\/\\\/gastronomicament.cat\\\/ca\\\/emilio-martin-i-gabriel-pedreira-guanyen-els-concursos-de-tapes-2020-de-valladolid#respond\"]}]},{\"@type\":\"WebPage\",\"@id\":\"https:\\\/\\\/gastronomicament.cat\\\/ca\\\/emilio-martin-i-gabriel-pedreira-guanyen-els-concursos-de-tapes-2020-de-valladolid\",\"url\":\"https:\\\/\\\/gastronomicament.cat\\\/ca\\\/emilio-martin-i-gabriel-pedreira-guanyen-els-concursos-de-tapes-2020-de-valladolid\",\"name\":\"Emilio Mart\u00edn i Gabriel Pedreira guanyen els concursos de tapes 2020 de Valladolid - Gastron\u00f2micament\",\"isPartOf\":{\"@id\":\"https:\\\/\\\/gastronomicament.cat\\\/ca\\\/#website\"},\"primaryImageOfPage\":{\"@id\":\"https:\\\/\\\/gastronomicament.cat\\\/ca\\\/emilio-martin-i-gabriel-pedreira-guanyen-els-concursos-de-tapes-2020-de-valladolid#primaryimage\"},\"image\":{\"@id\":\"https:\\\/\\\/gastronomicament.cat\\\/ca\\\/emilio-martin-i-gabriel-pedreira-guanyen-els-concursos-de-tapes-2020-de-valladolid#primaryimage\"},\"thumbnailUrl\":\"https:\\\/\\\/gastronomicament.cat\\\/wp-content\\\/uploads\\\/2020\\\/11\\\/Emilio-Martin.jpg\",\"datePublished\":\"2020-11-12T08:59:49+00:00\",\"dateModified\":\"2022-04-07T09:15:13+00:00\",\"description\":\"Emilio Mart\u00edn i Gabriel Pedreira guanyen els concursos de tapes 2020 de Valladolid Actualitat, Concursos i premis Els\u00a0representants de Mallorca (Ant\u00f2nia Massanet i Xema \u00c0lvarez)\u00a0 i d'Eivissa (Aingeru Echevarria)\u00a0no han tengut sort en l'edici\u00f3 2020 del\u00a0Concurs de Tapes de la ciutat de Valladolid\",\"inLanguage\":\"ca-ES\",\"potentialAction\":[{\"@type\":\"ReadAction\",\"target\":[\"https:\\\/\\\/gastronomicament.cat\\\/ca\\\/emilio-martin-i-gabriel-pedreira-guanyen-els-concursos-de-tapes-2020-de-valladolid\"]}]},{\"@type\":\"ImageObject\",\"inLanguage\":\"ca-ES\",\"@id\":\"https:\\\/\\\/gastronomicament.cat\\\/ca\\\/emilio-martin-i-gabriel-pedreira-guanyen-els-concursos-de-tapes-2020-de-valladolid#primaryimage\",\"url\":\"https:\\\/\\\/gastronomicament.cat\\\/wp-content\\\/uploads\\\/2020\\\/11\\\/Emilio-Martin.jpg\",\"contentUrl\":\"https:\\\/\\\/gastronomicament.cat\\\/wp-content\\\/uploads\\\/2020\\\/11\\\/Emilio-Martin.jpg\",\"width\":1840,\"height\":1440},{\"@type\":\"WebSite\",\"@id\":\"https:\\\/\\\/gastronomicament.cat\\\/ca\\\/#website\",\"url\":\"https:\\\/\\\/gastronomicament.cat\\\/ca\\\/\",\"name\":\"Gastron\u00f2micament\",\"description\":\"Portal de restaurants, receptes i actualitat gastron\u00f2mica\",\"publisher\":{\"@id\":\"https:\\\/\\\/gastronomicament.cat\\\/ca\\\/#organization\"},\"potentialAction\":[{\"@type\":\"SearchAction\",\"target\":{\"@type\":\"EntryPoint\",\"urlTemplate\":\"https:\\\/\\\/gastronomicament.cat\\\/ca\\\/?s={search_term_string}\"},\"query-input\":{\"@type\":\"PropertyValueSpecification\",\"valueRequired\":true,\"valueName\":\"search_term_string\"}}],\"inLanguage\":\"ca-ES\"},{\"@type\":\"Organization\",\"@id\":\"https:\\\/\\\/gastronomicament.cat\\\/ca\\\/#organization\",\"name\":\"Gastron\u00f2micament\",\"url\":\"https:\\\/\\\/gastronomicament.cat\\\/ca\\\/\",\"logo\":{\"@type\":\"ImageObject\",\"inLanguage\":\"ca-ES\",\"@id\":\"https:\\\/\\\/gastronomicament.cat\\\/ca\\\/#\\\/schema\\\/logo\\\/image\\\/\",\"url\":\"https:\\\/\\\/gastronomicament.cat\\\/wp-content\\\/uploads\\\/2016\\\/09\\\/header-logo.jpg\",\"contentUrl\":\"https:\\\/\\\/gastronomicament.cat\\\/wp-content\\\/uploads\\\/2016\\\/09\\\/header-logo.jpg\",\"width\":277,\"height\":39,\"caption\":\"Gastron\u00f2micament\"},\"image\":{\"@id\":\"https:\\\/\\\/gastronomicament.cat\\\/ca\\\/#\\\/schema\\\/logo\\\/image\\\/\"},\"sameAs\":[\"https:\\\/\\\/x.com\\\/gastronomicamen\"]},{\"@type\":\"Person\",\"@id\":\"https:\\\/\\\/gastronomicament.cat\\\/ca\\\/#\\\/schema\\\/person\\\/a7c85c537a1ed62799a5b8e0f686a37f\",\"name\":\"Redacci\u00f3\",\"image\":{\"@type\":\"ImageObject\",\"inLanguage\":\"ca-ES\",\"@id\":\"https:\\\/\\\/secure.gravatar.com\\\/avatar\\\/9489a485c464fd611d33825daae651d13db70c4e74c65c94937a15a9d4c3ee14?s=96&d=mm&r=g69fea3cce3645dfa2166e7293e22955e\",\"url\":\"https:\\\/\\\/secure.gravatar.com\\\/avatar\\\/9489a485c464fd611d33825daae651d13db70c4e74c65c94937a15a9d4c3ee14?s=96&d=mm&r=g\",\"contentUrl\":\"https:\\\/\\\/secure.gravatar.com\\\/avatar\\\/9489a485c464fd611d33825daae651d13db70c4e74c65c94937a15a9d4c3ee14?s=96&d=mm&r=g\",\"caption\":\"Redacci\u00f3\"},\"sameAs\":[\"http:\\\/\\\/gastronomicament.cat\"],\"url\":\"https:\\\/\\\/gastronomicament.cat\\\/ca\\\/author\\\/admin\"}]}<\/script>\n<!-- \/ Yoast SEO plugin. -->","yoast_head_json":{"title":"Emilio Mart\u00edn i Gabriel Pedreira guanyen els concursos de tapes 2020 de Valladolid - Gastron\u00f2micament","description":"Emilio Mart\u00edn i Gabriel Pedreira guanyen els concursos de tapes 2020 de Valladolid Actualitat, Concursos i premis Els\u00a0representants de Mallorca (Ant\u00f2nia Massanet i Xema \u00c0lvarez)\u00a0 i d'Eivissa (Aingeru Echevarria)\u00a0no han tengut sort en l'edici\u00f3 2020 del\u00a0Concurs de Tapes de la ciutat de Valladolid","robots":{"index":"index","follow":"follow","max-snippet":"max-snippet:-1","max-image-preview":"max-image-preview:large","max-video-preview":"max-video-preview:-1"},"canonical":"https:\/\/gastronomicament.cat\/ca\/emilio-martin-i-gabriel-pedreira-guanyen-els-concursos-de-tapes-2020-de-valladolid","og_locale":"ca_ES","og_type":"article","og_title":"Emilio Mart\u00edn i Gabriel Pedreira guanyen els concursos de tapes 2020 de Valladolid - Gastron\u00f2micament","og_description":"Emilio Mart\u00edn i Gabriel Pedreira guanyen els concursos de tapes 2020 de Valladolid Actualitat, Concursos i premis Els\u00a0representants de Mallorca (Ant\u00f2nia Massanet i Xema \u00c0lvarez)\u00a0 i d'Eivissa (Aingeru Echevarria)\u00a0no han tengut sort en l'edici\u00f3 2020 del\u00a0Concurs de Tapes de la ciutat de Valladolid","og_url":"https:\/\/gastronomicament.cat\/ca\/emilio-martin-i-gabriel-pedreira-guanyen-els-concursos-de-tapes-2020-de-valladolid","og_site_name":"Gastron\u00f2micament","article_published_time":"2020-11-12T08:59:49+00:00","article_modified_time":"2022-04-07T09:15:13+00:00","og_image":[{"width":1840,"height":1440,"url":"https:\/\/gastronomicament.cat\/wp-content\/uploads\/2020\/11\/Emilio-Martin.jpg","type":"image\/jpeg"}],"author":"Redacci\u00f3","twitter_card":"summary_large_image","twitter_creator":"@gastronomicamen","twitter_site":"@gastronomicamen","twitter_misc":{"Written by":"Redacci\u00f3","Est. reading time":"2 minutes"},"schema":{"@context":"https:\/\/schema.org","@graph":[{"@type":"Article","@id":"https:\/\/gastronomicament.cat\/ca\/emilio-martin-i-gabriel-pedreira-guanyen-els-concursos-de-tapes-2020-de-valladolid#article","isPartOf":{"@id":"https:\/\/gastronomicament.cat\/ca\/emilio-martin-i-gabriel-pedreira-guanyen-els-concursos-de-tapes-2020-de-valladolid"},"author":{"name":"Redacci\u00f3","@id":"https:\/\/gastronomicament.cat\/ca\/#\/schema\/person\/a7c85c537a1ed62799a5b8e0f686a37f"},"headline":"Emilio Mart\u00edn i Gabriel Pedreira guanyen els concursos de tapes 2020 de Valladolid","datePublished":"2020-11-12T08:59:49+00:00","dateModified":"2022-04-07T09:15:13+00:00","mainEntityOfPage":{"@id":"https:\/\/gastronomicament.cat\/ca\/emilio-martin-i-gabriel-pedreira-guanyen-els-concursos-de-tapes-2020-de-valladolid"},"wordCount":448,"commentCount":0,"publisher":{"@id":"https:\/\/gastronomicament.cat\/ca\/#organization"},"image":{"@id":"https:\/\/gastronomicament.cat\/ca\/emilio-martin-i-gabriel-pedreira-guanyen-els-concursos-de-tapes-2020-de-valladolid#primaryimage"},"thumbnailUrl":"https:\/\/gastronomicament.cat\/wp-content\/uploads\/2020\/11\/Emilio-Martin.jpg","articleSection":["Actualitat","Concursos i premis"],"inLanguage":"ca-ES","potentialAction":[{"@type":"CommentAction","name":"Comment","target":["https:\/\/gastronomicament.cat\/ca\/emilio-martin-i-gabriel-pedreira-guanyen-els-concursos-de-tapes-2020-de-valladolid#respond"]}]},{"@type":"WebPage","@id":"https:\/\/gastronomicament.cat\/ca\/emilio-martin-i-gabriel-pedreira-guanyen-els-concursos-de-tapes-2020-de-valladolid","url":"https:\/\/gastronomicament.cat\/ca\/emilio-martin-i-gabriel-pedreira-guanyen-els-concursos-de-tapes-2020-de-valladolid","name":"Emilio Mart\u00edn i Gabriel Pedreira guanyen els concursos de tapes 2020 de Valladolid - Gastron\u00f2micament","isPartOf":{"@id":"https:\/\/gastronomicament.cat\/ca\/#website"},"primaryImageOfPage":{"@id":"https:\/\/gastronomicament.cat\/ca\/emilio-martin-i-gabriel-pedreira-guanyen-els-concursos-de-tapes-2020-de-valladolid#primaryimage"},"image":{"@id":"https:\/\/gastronomicament.cat\/ca\/emilio-martin-i-gabriel-pedreira-guanyen-els-concursos-de-tapes-2020-de-valladolid#primaryimage"},"thumbnailUrl":"https:\/\/gastronomicament.cat\/wp-content\/uploads\/2020\/11\/Emilio-Martin.jpg","datePublished":"2020-11-12T08:59:49+00:00","dateModified":"2022-04-07T09:15:13+00:00","description":"Emilio Mart\u00edn i Gabriel Pedreira guanyen els concursos de tapes 2020 de Valladolid Actualitat, Concursos i premis Els\u00a0representants de Mallorca (Ant\u00f2nia Massanet i Xema \u00c0lvarez)\u00a0 i d'Eivissa (Aingeru Echevarria)\u00a0no han tengut sort en l'edici\u00f3 2020 del\u00a0Concurs de Tapes de la ciutat de Valladolid","inLanguage":"ca-ES","potentialAction":[{"@type":"ReadAction","target":["https:\/\/gastronomicament.cat\/ca\/emilio-martin-i-gabriel-pedreira-guanyen-els-concursos-de-tapes-2020-de-valladolid"]}]},{"@type":"ImageObject","inLanguage":"ca-ES","@id":"https:\/\/gastronomicament.cat\/ca\/emilio-martin-i-gabriel-pedreira-guanyen-els-concursos-de-tapes-2020-de-valladolid#primaryimage","url":"https:\/\/gastronomicament.cat\/wp-content\/uploads\/2020\/11\/Emilio-Martin.jpg","contentUrl":"https:\/\/gastronomicament.cat\/wp-content\/uploads\/2020\/11\/Emilio-Martin.jpg","width":1840,"height":1440},{"@type":"WebSite","@id":"https:\/\/gastronomicament.cat\/ca\/#website","url":"https:\/\/gastronomicament.cat\/ca\/","name":"Gastron\u00f2micament","description":"Portal de restaurants, receptes i actualitat gastron\u00f2mica","publisher":{"@id":"https:\/\/gastronomicament.cat\/ca\/#organization"},"potentialAction":[{"@type":"SearchAction","target":{"@type":"EntryPoint","urlTemplate":"https:\/\/gastronomicament.cat\/ca\/?s={search_term_string}"},"query-input":{"@type":"PropertyValueSpecification","valueRequired":true,"valueName":"search_term_string"}}],"inLanguage":"ca-ES"},{"@type":"Organization","@id":"https:\/\/gastronomicament.cat\/ca\/#organization","name":"Gastron\u00f2micament","url":"https:\/\/gastronomicament.cat\/ca\/","logo":{"@type":"ImageObject","inLanguage":"ca-ES","@id":"https:\/\/gastronomicament.cat\/ca\/#\/schema\/logo\/image\/","url":"https:\/\/gastronomicament.cat\/wp-content\/uploads\/2016\/09\/header-logo.jpg","contentUrl":"https:\/\/gastronomicament.cat\/wp-content\/uploads\/2016\/09\/header-logo.jpg","width":277,"height":39,"caption":"Gastron\u00f2micament"},"image":{"@id":"https:\/\/gastronomicament.cat\/ca\/#\/schema\/logo\/image\/"},"sameAs":["https:\/\/x.com\/gastronomicamen"]},{"@type":"Person","@id":"https:\/\/gastronomicament.cat\/ca\/#\/schema\/person\/a7c85c537a1ed62799a5b8e0f686a37f","name":"Redacci\u00f3","image":{"@type":"ImageObject","inLanguage":"ca-ES","@id":"https:\/\/secure.gravatar.com\/avatar\/9489a485c464fd611d33825daae651d13db70c4e74c65c94937a15a9d4c3ee14?s=96&d=mm&r=g69fea3cce3645dfa2166e7293e22955e","url":"https:\/\/secure.gravatar.com\/avatar\/9489a485c464fd611d33825daae651d13db70c4e74c65c94937a15a9d4c3ee14?s=96&d=mm&r=g","contentUrl":"https:\/\/secure.gravatar.com\/avatar\/9489a485c464fd611d33825daae651d13db70c4e74c65c94937a15a9d4c3ee14?s=96&d=mm&r=g","caption":"Redacci\u00f3"},"sameAs":["http:\/\/gastronomicament.cat"],"url":"https:\/\/gastronomicament.cat\/ca\/author\/admin"}]}},"_links":{"self":[{"href":"https:\/\/gastronomicament.cat\/ca\/wp-json\/wp\/v2\/posts\/27420","targetHints":{"allow":["GET"]}}],"collection":[{"href":"https:\/\/gastronomicament.cat\/ca\/wp-json\/wp\/v2\/posts"}],"about":[{"href":"https:\/\/gastronomicament.cat\/ca\/wp-json\/wp\/v2\/types\/post"}],"author":[{"embeddable":true,"href":"https:\/\/gastronomicament.cat\/ca\/wp-json\/wp\/v2\/users\/1"}],"replies":[{"embeddable":true,"href":"https:\/\/gastronomicament.cat\/ca\/wp-json\/wp\/v2\/comments?post=27420"}],"version-history":[{"count":0,"href":"https:\/\/gastronomicament.cat\/ca\/wp-json\/wp\/v2\/posts\/27420\/revisions"}],"wp:featuredmedia":[{"embeddable":true,"href":"https:\/\/gastronomicament.cat\/ca\/wp-json\/wp\/v2\/media\/27421"}],"wp:attachment":[{"href":"https:\/\/gastronomicament.cat\/ca\/wp-json\/wp\/v2\/media?parent=27420"}],"wp:term":[{"taxonomy":"category","embeddable":true,"href":"https:\/\/gastronomicament.cat\/ca\/wp-json\/wp\/v2\/categories?post=27420"},{"taxonomy":"post_tag","embeddable":true,"href":"https:\/\/gastronomicament.cat\/ca\/wp-json\/wp\/v2\/tags?post=27420"},{"taxonomy":"author","embeddable":true,"href":"https:\/\/gastronomicament.cat\/ca\/wp-json\/wp\/v2\/coauthors?post=27420"}],"curies":[{"name":"wp","href":"https:\/\/api.w.org\/{rel}","templated":true}]}}