{"id":27692,"date":"2020-12-09T11:35:57","date_gmt":"2020-12-09T10:35:57","guid":{"rendered":"https:\/\/gastronomicament.cat\/?p=27692"},"modified":"2022-04-07T11:15:20","modified_gmt":"2022-04-07T09:15:20","slug":"lajuntament-de-palma-cerca-el-pastis-de-sant-sebastia","status":"publish","type":"post","link":"https:\/\/gastronomicament.cat\/ca\/lajuntament-de-palma-cerca-el-pastis-de-sant-sebastia","title":{"rendered":"L&#8217;Ajuntament de Palma cerca el Past\u00eds de Sant Sebasti\u00e0"},"content":{"rendered":"<p>Fins dia 18 de desembre, els forners i pastissers de Palma poden presentar la seva proposta de\u00a0<strong>Past\u00eds de Sant Sebasti\u00e0<\/strong>. La idea \u00e9s\u00a0elaborar un producte que pugui arribar a ser identificat com a propi de les festes de Sant Sebasti\u00e0 i que, amb el temps, els ciutadans de Palma puguin arribar a consumir-lo de manera habitual, i s\u2019associ\u00ef aix\u00ed de forma generalitzada a les festes del patr\u00f3 de la ciutat (dia 20 de gener).<\/p>\n<p>Segons s&#8217;explica a les\u00a0<strong>bases del concurs<\/strong>:\u00a0La composici\u00f3 del past\u00eds pot ser dol\u00e7a o salada i dependr\u00e0 de la capacitat creadora de cada artes\u00e0. Els ingredients principals han de ser els propis de la cuina mallorquina; en qualsevol cas, sempre que impliquin algun valor afegit, es podrien completar amb algun toc o aroma de productes d\u2019altres proced\u00e8ncies. El resultat final del producte hauria de tenir un preu de mercat raonable i a l\u2019abast de tota la ciutadania. La seva elaboraci\u00f3 no hauria de ser excessivament complexa, ja que, per a arribar a ser un producte popularment acceptat, \u00e9s important que es pugui fer a casa i per part de la majoria de la poblaci\u00f3.<\/p>\n<p><strong>Ruta per triar el millor past\u00eds<\/strong><\/p>\n<p>En el<strong>\u00a0programa de festes de Sant Sebasti\u00e0<\/strong>\u00a0es proposar\u00e0 als ciutadans una ruta de degustaci\u00f3 perqu\u00e8 cada forn o pastisseria, a m\u00e9s d\u2019oferir els seus productes habituals, pugui presentar, donar a con\u00e8ixer i comercialitzar el seu producte candidat a Past\u00eds de Sant Sebasti\u00e0. Els establiments inscrits s\u2019han de comprometre a estar oberts i a atendre el p\u00fablic els dies i en l\u2019horari m\u00ednim que es determini. El past\u00eds guanyador ser\u00e0 el que obtingui la major puntuaci\u00f3 d\u2019un m\u00e0xim de 100 punts, que s\u2019atorgaran de la forma seg\u00fcent: a) 70 punts, per part d\u2019un jurat. b) 30 punts, fruit d\u2019una votaci\u00f3 ciutadana.<\/p>\n<p><strong>Les propostes es poden presentar de dilluns a divendres, entre les 9 i les 14 h, a les depend\u00e8ncies de Participaci\u00f3 Ciutadana, contacte: 971 22 59 02.<\/strong><\/p>\n<p>Cada establiment hi ha de presentar una \u00fanica proposta de Past\u00eds de Sant Sebasti\u00e0, juntament amb un nom que l\u2019identifiqui, una fotografia del producte final, els ingredients amb qu\u00e8 ha estat elaborat, el preu final de venda al p\u00fablic per unitat acabada i\/o per raci\u00f3 de consum, i el nom del seu creador.<\/p>\n<p><strong>Podeu descarregar el full d&#8217;inscripci\u00f3 aqu\u00ed.<\/strong>\u00a0<a href=\"https:\/\/gastronomicament.cat\/wp-content\/uploads\/2020\/12\/Bases-Concurs-Pastis-de-Sant-Sebastia-2020.pdf\" target=\"_blank\" rel=\"noopener noreferrer\">[pdf]<\/a><\/p>\n","protected":false},"excerpt":{"rendered":"<p>La idea \u00e9s\u00a0elaborar un producte que pugui arribar a ser identificat com a propi de les&hellip;<\/p>\n","protected":false},"author":1,"featured_media":27693,"comment_status":"open","ping_status":"closed","sticky":false,"template":"","format":"gallery","meta":{"_acf_changed":false,"_swt_meta_header_display":false,"_swt_meta_footer_display":false,"_swt_meta_site_title_display":false,"_swt_meta_sticky_header":false,"_swt_meta_transparent_header":false,"footnotes":""},"categories":[692,953],"tags":[],"coauthors":[],"class_list":["post-27692","post","type-post","status-publish","format-gallery","has-post-thumbnail","hentry","category-actualitat","category-concursos-i-premis","post_format-post-format-gallery"],"acf":{"gallery":null,"home_date":{"home_begin_date":null,"home_end_date":null}},"yoast_head":"<!-- This site is optimized with the Yoast SEO plugin v27.4 - https:\/\/yoast.com\/product\/yoast-seo-wordpress\/ -->\n<title>L&#039;Ajuntament de Palma cerca el Past\u00eds de Sant Sebasti\u00e0 - Gastron\u00f2micament<\/title>\n<meta name=\"description\" content=\"L&#039;Ajuntament de Palma cerca el Past\u00eds de Sant Sebasti\u00e0 Actualitat, Concursos i premis La idea \u00e9s\u00a0elaborar un producte que pugui arribar a ser identificat com a propi de les festes de Sant Sebasti\u00e0\" \/>\n<meta name=\"robots\" content=\"index, follow, max-snippet:-1, max-image-preview:large, max-video-preview:-1\" \/>\n<link rel=\"canonical\" href=\"https:\/\/gastronomicament.cat\/ca\/lajuntament-de-palma-cerca-el-pastis-de-sant-sebastia\" \/>\n<meta property=\"og:locale\" content=\"ca_ES\" \/>\n<meta property=\"og:type\" content=\"article\" \/>\n<meta property=\"og:title\" content=\"L&#039;Ajuntament de Palma cerca el Past\u00eds de Sant Sebasti\u00e0 - Gastron\u00f2micament\" \/>\n<meta property=\"og:description\" content=\"L&#039;Ajuntament de Palma cerca el Past\u00eds de Sant Sebasti\u00e0 Actualitat, Concursos i premis La idea \u00e9s\u00a0elaborar un producte que pugui arribar a ser identificat com a propi de les festes de Sant Sebasti\u00e0\" \/>\n<meta property=\"og:url\" content=\"https:\/\/gastronomicament.cat\/ca\/lajuntament-de-palma-cerca-el-pastis-de-sant-sebastia\" \/>\n<meta property=\"og:site_name\" content=\"Gastron\u00f2micament\" \/>\n<meta property=\"article:published_time\" content=\"2020-12-09T10:35:57+00:00\" \/>\n<meta property=\"article:modified_time\" content=\"2022-04-07T09:15:20+00:00\" \/>\n<meta property=\"og:image\" content=\"https:\/\/gastronomicament.cat\/wp-content\/uploads\/2020\/12\/Pastis-de-Sant-Sebastia-concurs.jpg\" \/>\n\t<meta property=\"og:image:width\" content=\"1527\" \/>\n\t<meta property=\"og:image:height\" content=\"886\" \/>\n\t<meta property=\"og:image:type\" content=\"image\/jpeg\" \/>\n<meta name=\"author\" content=\"Redacci\u00f3\" \/>\n<meta name=\"twitter:card\" content=\"summary_large_image\" \/>\n<meta name=\"twitter:creator\" content=\"@gastronomicamen\" \/>\n<meta name=\"twitter:site\" content=\"@gastronomicamen\" \/>\n<meta name=\"twitter:label1\" content=\"Written by\" \/>\n\t<meta name=\"twitter:data1\" content=\"Redacci\u00f3\" \/>\n\t<meta name=\"twitter:label2\" content=\"Est. reading time\" \/>\n\t<meta name=\"twitter:data2\" content=\"2 minutes\" \/>\n<script type=\"application\/ld+json\" class=\"yoast-schema-graph\">{\"@context\":\"https:\\\/\\\/schema.org\",\"@graph\":[{\"@type\":\"Article\",\"@id\":\"https:\\\/\\\/gastronomicament.cat\\\/ca\\\/lajuntament-de-palma-cerca-el-pastis-de-sant-sebastia#article\",\"isPartOf\":{\"@id\":\"https:\\\/\\\/gastronomicament.cat\\\/ca\\\/lajuntament-de-palma-cerca-el-pastis-de-sant-sebastia\"},\"author\":{\"name\":\"Redacci\u00f3\",\"@id\":\"https:\\\/\\\/gastronomicament.cat\\\/ca\\\/#\\\/schema\\\/person\\\/a7c85c537a1ed62799a5b8e0f686a37f\"},\"headline\":\"L&#8217;Ajuntament de Palma cerca el Past\u00eds de Sant Sebasti\u00e0\",\"datePublished\":\"2020-12-09T10:35:57+00:00\",\"dateModified\":\"2022-04-07T09:15:20+00:00\",\"mainEntityOfPage\":{\"@id\":\"https:\\\/\\\/gastronomicament.cat\\\/ca\\\/lajuntament-de-palma-cerca-el-pastis-de-sant-sebastia\"},\"wordCount\":413,\"commentCount\":0,\"publisher\":{\"@id\":\"https:\\\/\\\/gastronomicament.cat\\\/ca\\\/#organization\"},\"image\":{\"@id\":\"https:\\\/\\\/gastronomicament.cat\\\/ca\\\/lajuntament-de-palma-cerca-el-pastis-de-sant-sebastia#primaryimage\"},\"thumbnailUrl\":\"https:\\\/\\\/gastronomicament.cat\\\/wp-content\\\/uploads\\\/2020\\\/12\\\/Pastis-de-Sant-Sebastia-concurs.jpg\",\"articleSection\":[\"Actualitat\",\"Concursos i premis\"],\"inLanguage\":\"ca-ES\",\"potentialAction\":[{\"@type\":\"CommentAction\",\"name\":\"Comment\",\"target\":[\"https:\\\/\\\/gastronomicament.cat\\\/ca\\\/lajuntament-de-palma-cerca-el-pastis-de-sant-sebastia#respond\"]}]},{\"@type\":\"WebPage\",\"@id\":\"https:\\\/\\\/gastronomicament.cat\\\/ca\\\/lajuntament-de-palma-cerca-el-pastis-de-sant-sebastia\",\"url\":\"https:\\\/\\\/gastronomicament.cat\\\/ca\\\/lajuntament-de-palma-cerca-el-pastis-de-sant-sebastia\",\"name\":\"L'Ajuntament de Palma cerca el Past\u00eds de Sant Sebasti\u00e0 - Gastron\u00f2micament\",\"isPartOf\":{\"@id\":\"https:\\\/\\\/gastronomicament.cat\\\/ca\\\/#website\"},\"primaryImageOfPage\":{\"@id\":\"https:\\\/\\\/gastronomicament.cat\\\/ca\\\/lajuntament-de-palma-cerca-el-pastis-de-sant-sebastia#primaryimage\"},\"image\":{\"@id\":\"https:\\\/\\\/gastronomicament.cat\\\/ca\\\/lajuntament-de-palma-cerca-el-pastis-de-sant-sebastia#primaryimage\"},\"thumbnailUrl\":\"https:\\\/\\\/gastronomicament.cat\\\/wp-content\\\/uploads\\\/2020\\\/12\\\/Pastis-de-Sant-Sebastia-concurs.jpg\",\"datePublished\":\"2020-12-09T10:35:57+00:00\",\"dateModified\":\"2022-04-07T09:15:20+00:00\",\"description\":\"L'Ajuntament de Palma cerca el Past\u00eds de Sant Sebasti\u00e0 Actualitat, Concursos i premis La idea \u00e9s\u00a0elaborar un producte que pugui arribar a ser identificat com a propi de les festes de Sant Sebasti\u00e0\",\"inLanguage\":\"ca-ES\",\"potentialAction\":[{\"@type\":\"ReadAction\",\"target\":[\"https:\\\/\\\/gastronomicament.cat\\\/ca\\\/lajuntament-de-palma-cerca-el-pastis-de-sant-sebastia\"]}]},{\"@type\":\"ImageObject\",\"inLanguage\":\"ca-ES\",\"@id\":\"https:\\\/\\\/gastronomicament.cat\\\/ca\\\/lajuntament-de-palma-cerca-el-pastis-de-sant-sebastia#primaryimage\",\"url\":\"https:\\\/\\\/gastronomicament.cat\\\/wp-content\\\/uploads\\\/2020\\\/12\\\/Pastis-de-Sant-Sebastia-concurs.jpg\",\"contentUrl\":\"https:\\\/\\\/gastronomicament.cat\\\/wp-content\\\/uploads\\\/2020\\\/12\\\/Pastis-de-Sant-Sebastia-concurs.jpg\",\"width\":1527,\"height\":886},{\"@type\":\"WebSite\",\"@id\":\"https:\\\/\\\/gastronomicament.cat\\\/ca\\\/#website\",\"url\":\"https:\\\/\\\/gastronomicament.cat\\\/ca\\\/\",\"name\":\"Gastron\u00f2micament\",\"description\":\"Portal de restaurants, receptes i actualitat gastron\u00f2mica\",\"publisher\":{\"@id\":\"https:\\\/\\\/gastronomicament.cat\\\/ca\\\/#organization\"},\"potentialAction\":[{\"@type\":\"SearchAction\",\"target\":{\"@type\":\"EntryPoint\",\"urlTemplate\":\"https:\\\/\\\/gastronomicament.cat\\\/ca\\\/?s={search_term_string}\"},\"query-input\":{\"@type\":\"PropertyValueSpecification\",\"valueRequired\":true,\"valueName\":\"search_term_string\"}}],\"inLanguage\":\"ca-ES\"},{\"@type\":\"Organization\",\"@id\":\"https:\\\/\\\/gastronomicament.cat\\\/ca\\\/#organization\",\"name\":\"Gastron\u00f2micament\",\"url\":\"https:\\\/\\\/gastronomicament.cat\\\/ca\\\/\",\"logo\":{\"@type\":\"ImageObject\",\"inLanguage\":\"ca-ES\",\"@id\":\"https:\\\/\\\/gastronomicament.cat\\\/ca\\\/#\\\/schema\\\/logo\\\/image\\\/\",\"url\":\"https:\\\/\\\/gastronomicament.cat\\\/wp-content\\\/uploads\\\/2016\\\/09\\\/header-logo.jpg\",\"contentUrl\":\"https:\\\/\\\/gastronomicament.cat\\\/wp-content\\\/uploads\\\/2016\\\/09\\\/header-logo.jpg\",\"width\":277,\"height\":39,\"caption\":\"Gastron\u00f2micament\"},\"image\":{\"@id\":\"https:\\\/\\\/gastronomicament.cat\\\/ca\\\/#\\\/schema\\\/logo\\\/image\\\/\"},\"sameAs\":[\"https:\\\/\\\/x.com\\\/gastronomicamen\"]},{\"@type\":\"Person\",\"@id\":\"https:\\\/\\\/gastronomicament.cat\\\/ca\\\/#\\\/schema\\\/person\\\/a7c85c537a1ed62799a5b8e0f686a37f\",\"name\":\"Redacci\u00f3\",\"image\":{\"@type\":\"ImageObject\",\"inLanguage\":\"ca-ES\",\"@id\":\"https:\\\/\\\/secure.gravatar.com\\\/avatar\\\/9489a485c464fd611d33825daae651d13db70c4e74c65c94937a15a9d4c3ee14?s=96&d=mm&r=g69fea3cce3645dfa2166e7293e22955e\",\"url\":\"https:\\\/\\\/secure.gravatar.com\\\/avatar\\\/9489a485c464fd611d33825daae651d13db70c4e74c65c94937a15a9d4c3ee14?s=96&d=mm&r=g\",\"contentUrl\":\"https:\\\/\\\/secure.gravatar.com\\\/avatar\\\/9489a485c464fd611d33825daae651d13db70c4e74c65c94937a15a9d4c3ee14?s=96&d=mm&r=g\",\"caption\":\"Redacci\u00f3\"},\"sameAs\":[\"http:\\\/\\\/gastronomicament.cat\"],\"url\":\"https:\\\/\\\/gastronomicament.cat\\\/ca\\\/author\\\/admin\"}]}<\/script>\n<!-- \/ Yoast SEO plugin. -->","yoast_head_json":{"title":"L'Ajuntament de Palma cerca el Past\u00eds de Sant Sebasti\u00e0 - Gastron\u00f2micament","description":"L'Ajuntament de Palma cerca el Past\u00eds de Sant Sebasti\u00e0 Actualitat, Concursos i premis La idea \u00e9s\u00a0elaborar un producte que pugui arribar a ser identificat com a propi de les festes de Sant Sebasti\u00e0","robots":{"index":"index","follow":"follow","max-snippet":"max-snippet:-1","max-image-preview":"max-image-preview:large","max-video-preview":"max-video-preview:-1"},"canonical":"https:\/\/gastronomicament.cat\/ca\/lajuntament-de-palma-cerca-el-pastis-de-sant-sebastia","og_locale":"ca_ES","og_type":"article","og_title":"L'Ajuntament de Palma cerca el Past\u00eds de Sant Sebasti\u00e0 - Gastron\u00f2micament","og_description":"L'Ajuntament de Palma cerca el Past\u00eds de Sant Sebasti\u00e0 Actualitat, Concursos i premis La idea \u00e9s\u00a0elaborar un producte que pugui arribar a ser identificat com a propi de les festes de Sant Sebasti\u00e0","og_url":"https:\/\/gastronomicament.cat\/ca\/lajuntament-de-palma-cerca-el-pastis-de-sant-sebastia","og_site_name":"Gastron\u00f2micament","article_published_time":"2020-12-09T10:35:57+00:00","article_modified_time":"2022-04-07T09:15:20+00:00","og_image":[{"width":1527,"height":886,"url":"https:\/\/gastronomicament.cat\/wp-content\/uploads\/2020\/12\/Pastis-de-Sant-Sebastia-concurs.jpg","type":"image\/jpeg"}],"author":"Redacci\u00f3","twitter_card":"summary_large_image","twitter_creator":"@gastronomicamen","twitter_site":"@gastronomicamen","twitter_misc":{"Written by":"Redacci\u00f3","Est. reading time":"2 minutes"},"schema":{"@context":"https:\/\/schema.org","@graph":[{"@type":"Article","@id":"https:\/\/gastronomicament.cat\/ca\/lajuntament-de-palma-cerca-el-pastis-de-sant-sebastia#article","isPartOf":{"@id":"https:\/\/gastronomicament.cat\/ca\/lajuntament-de-palma-cerca-el-pastis-de-sant-sebastia"},"author":{"name":"Redacci\u00f3","@id":"https:\/\/gastronomicament.cat\/ca\/#\/schema\/person\/a7c85c537a1ed62799a5b8e0f686a37f"},"headline":"L&#8217;Ajuntament de Palma cerca el Past\u00eds de Sant Sebasti\u00e0","datePublished":"2020-12-09T10:35:57+00:00","dateModified":"2022-04-07T09:15:20+00:00","mainEntityOfPage":{"@id":"https:\/\/gastronomicament.cat\/ca\/lajuntament-de-palma-cerca-el-pastis-de-sant-sebastia"},"wordCount":413,"commentCount":0,"publisher":{"@id":"https:\/\/gastronomicament.cat\/ca\/#organization"},"image":{"@id":"https:\/\/gastronomicament.cat\/ca\/lajuntament-de-palma-cerca-el-pastis-de-sant-sebastia#primaryimage"},"thumbnailUrl":"https:\/\/gastronomicament.cat\/wp-content\/uploads\/2020\/12\/Pastis-de-Sant-Sebastia-concurs.jpg","articleSection":["Actualitat","Concursos i premis"],"inLanguage":"ca-ES","potentialAction":[{"@type":"CommentAction","name":"Comment","target":["https:\/\/gastronomicament.cat\/ca\/lajuntament-de-palma-cerca-el-pastis-de-sant-sebastia#respond"]}]},{"@type":"WebPage","@id":"https:\/\/gastronomicament.cat\/ca\/lajuntament-de-palma-cerca-el-pastis-de-sant-sebastia","url":"https:\/\/gastronomicament.cat\/ca\/lajuntament-de-palma-cerca-el-pastis-de-sant-sebastia","name":"L'Ajuntament de Palma cerca el Past\u00eds de Sant Sebasti\u00e0 - Gastron\u00f2micament","isPartOf":{"@id":"https:\/\/gastronomicament.cat\/ca\/#website"},"primaryImageOfPage":{"@id":"https:\/\/gastronomicament.cat\/ca\/lajuntament-de-palma-cerca-el-pastis-de-sant-sebastia#primaryimage"},"image":{"@id":"https:\/\/gastronomicament.cat\/ca\/lajuntament-de-palma-cerca-el-pastis-de-sant-sebastia#primaryimage"},"thumbnailUrl":"https:\/\/gastronomicament.cat\/wp-content\/uploads\/2020\/12\/Pastis-de-Sant-Sebastia-concurs.jpg","datePublished":"2020-12-09T10:35:57+00:00","dateModified":"2022-04-07T09:15:20+00:00","description":"L'Ajuntament de Palma cerca el Past\u00eds de Sant Sebasti\u00e0 Actualitat, Concursos i premis La idea \u00e9s\u00a0elaborar un producte que pugui arribar a ser identificat com a propi de les festes de Sant Sebasti\u00e0","inLanguage":"ca-ES","potentialAction":[{"@type":"ReadAction","target":["https:\/\/gastronomicament.cat\/ca\/lajuntament-de-palma-cerca-el-pastis-de-sant-sebastia"]}]},{"@type":"ImageObject","inLanguage":"ca-ES","@id":"https:\/\/gastronomicament.cat\/ca\/lajuntament-de-palma-cerca-el-pastis-de-sant-sebastia#primaryimage","url":"https:\/\/gastronomicament.cat\/wp-content\/uploads\/2020\/12\/Pastis-de-Sant-Sebastia-concurs.jpg","contentUrl":"https:\/\/gastronomicament.cat\/wp-content\/uploads\/2020\/12\/Pastis-de-Sant-Sebastia-concurs.jpg","width":1527,"height":886},{"@type":"WebSite","@id":"https:\/\/gastronomicament.cat\/ca\/#website","url":"https:\/\/gastronomicament.cat\/ca\/","name":"Gastron\u00f2micament","description":"Portal de restaurants, receptes i actualitat gastron\u00f2mica","publisher":{"@id":"https:\/\/gastronomicament.cat\/ca\/#organization"},"potentialAction":[{"@type":"SearchAction","target":{"@type":"EntryPoint","urlTemplate":"https:\/\/gastronomicament.cat\/ca\/?s={search_term_string}"},"query-input":{"@type":"PropertyValueSpecification","valueRequired":true,"valueName":"search_term_string"}}],"inLanguage":"ca-ES"},{"@type":"Organization","@id":"https:\/\/gastronomicament.cat\/ca\/#organization","name":"Gastron\u00f2micament","url":"https:\/\/gastronomicament.cat\/ca\/","logo":{"@type":"ImageObject","inLanguage":"ca-ES","@id":"https:\/\/gastronomicament.cat\/ca\/#\/schema\/logo\/image\/","url":"https:\/\/gastronomicament.cat\/wp-content\/uploads\/2016\/09\/header-logo.jpg","contentUrl":"https:\/\/gastronomicament.cat\/wp-content\/uploads\/2016\/09\/header-logo.jpg","width":277,"height":39,"caption":"Gastron\u00f2micament"},"image":{"@id":"https:\/\/gastronomicament.cat\/ca\/#\/schema\/logo\/image\/"},"sameAs":["https:\/\/x.com\/gastronomicamen"]},{"@type":"Person","@id":"https:\/\/gastronomicament.cat\/ca\/#\/schema\/person\/a7c85c537a1ed62799a5b8e0f686a37f","name":"Redacci\u00f3","image":{"@type":"ImageObject","inLanguage":"ca-ES","@id":"https:\/\/secure.gravatar.com\/avatar\/9489a485c464fd611d33825daae651d13db70c4e74c65c94937a15a9d4c3ee14?s=96&d=mm&r=g69fea3cce3645dfa2166e7293e22955e","url":"https:\/\/secure.gravatar.com\/avatar\/9489a485c464fd611d33825daae651d13db70c4e74c65c94937a15a9d4c3ee14?s=96&d=mm&r=g","contentUrl":"https:\/\/secure.gravatar.com\/avatar\/9489a485c464fd611d33825daae651d13db70c4e74c65c94937a15a9d4c3ee14?s=96&d=mm&r=g","caption":"Redacci\u00f3"},"sameAs":["http:\/\/gastronomicament.cat"],"url":"https:\/\/gastronomicament.cat\/ca\/author\/admin"}]}},"_links":{"self":[{"href":"https:\/\/gastronomicament.cat\/ca\/wp-json\/wp\/v2\/posts\/27692","targetHints":{"allow":["GET"]}}],"collection":[{"href":"https:\/\/gastronomicament.cat\/ca\/wp-json\/wp\/v2\/posts"}],"about":[{"href":"https:\/\/gastronomicament.cat\/ca\/wp-json\/wp\/v2\/types\/post"}],"author":[{"embeddable":true,"href":"https:\/\/gastronomicament.cat\/ca\/wp-json\/wp\/v2\/users\/1"}],"replies":[{"embeddable":true,"href":"https:\/\/gastronomicament.cat\/ca\/wp-json\/wp\/v2\/comments?post=27692"}],"version-history":[{"count":0,"href":"https:\/\/gastronomicament.cat\/ca\/wp-json\/wp\/v2\/posts\/27692\/revisions"}],"wp:featuredmedia":[{"embeddable":true,"href":"https:\/\/gastronomicament.cat\/ca\/wp-json\/wp\/v2\/media\/27693"}],"wp:attachment":[{"href":"https:\/\/gastronomicament.cat\/ca\/wp-json\/wp\/v2\/media?parent=27692"}],"wp:term":[{"taxonomy":"category","embeddable":true,"href":"https:\/\/gastronomicament.cat\/ca\/wp-json\/wp\/v2\/categories?post=27692"},{"taxonomy":"post_tag","embeddable":true,"href":"https:\/\/gastronomicament.cat\/ca\/wp-json\/wp\/v2\/tags?post=27692"},{"taxonomy":"author","embeddable":true,"href":"https:\/\/gastronomicament.cat\/ca\/wp-json\/wp\/v2\/coauthors?post=27692"}],"curies":[{"name":"wp","href":"https:\/\/api.w.org\/{rel}","templated":true}]}}