{"id":27748,"date":"2020-12-15T13:20:29","date_gmt":"2020-12-15T12:20:29","guid":{"rendered":"https:\/\/gastronomicament.cat\/?p=27748"},"modified":"2022-04-07T11:15:24","modified_gmt":"2022-04-07T09:15:24","slug":"santi-taura-i-benet-vicens-noves-estrella-michelin","status":"publish","type":"post","link":"https:\/\/gastronomicament.cat\/ca\/santi-taura-i-benet-vicens-noves-estrella-michelin","title":{"rendered":"Santi Taura i Benet Vicens, noves estrella Michelin"},"content":{"rendered":"<p>La guia Michelin 2021 presenta novetats. El motiu \u00e9s que els restaurants\u00a0<strong>B\u00e9ns d&#8217;Avall de S\u00f3ller\u00a0<\/strong>i\u00a0<strong>Dins de Palma<\/strong>\u00a0han estat guardonats per primera vegada amb\u00a0<strong>una estrella Michelin<\/strong>.<\/p>\n<p>B\u00e9ns d&#8217;Avall \u00e9s un restaurant que aposta per renovar la cuina de l&#8217;illa. Actualment el regenta\u00a0<strong>Benet Vicens<\/strong>\u00a0a la cuina i\u00a0<strong>Catalina Cifre<\/strong>\u00a0a la sala, juntament amb el seu fill\u00a0<strong>Jaume<\/strong>, tamb\u00e9 cuiner. L&#8217;establiment es va crear l&#8217;any 1971 per Benet Vicens i\u00a0<strong>Catalina Mayol<\/strong>, avis de Jaume. D&#8217;aquesta manera, en el cinquant\u00e8 aniversari de la fundaci\u00f3, lluir\u00e0 l&#8217;estel del pneum\u00e0tic. El restaurant destaca per una situaci\u00f3 privilegiada, a B\u00e9ns d&#8217;Avall, amb la Serra de Tramuntana i la mar Mediterr\u00e0nia com a testimonis de plats deliciosos des dels arrossos i les fideu\u00e0s, servides en greixonera, fins a elaboracions cl\u00e0ssiques i interpretacions de la cuina tradicional.<\/p>\n<p>Dins \u00e9s l&#8217;aposta m\u00e9s personal del cuiner\u00a0<strong>Santi Taura<\/strong>\u00a0despr\u00e9s de tancar l&#8217;etapa de Lloseta, la seva terra natal i on va comen\u00e7ar amb el seu restaurant hom\u00f2nim. Des del mes de setembre de 2019 regenta el restaurant Dins, situat a El Lloren\u00e7 del Parc de la Mar, un hotel de luxe situat al barri de la Calatrava de Palma. Fa equip amb\u00a0<strong>Irene Mart\u00ednez<\/strong>, cap de cuina, i\u00a0<strong>Joan Arboix<\/strong>, sommelier, i hi ofereix una interpretaci\u00f3 de la cuina tradicional de Mallorca.<\/p>\n<p><strong>Zaranda perd les dues estrelles<\/strong><\/p>\n<p>Tots el restaurants que varen ser premiats a l&#8217;edici\u00f3 2020 de la guia Michelin, que se celebra un any abans, el 2019, han mantingut l&#8217;estrella, excepte el restaurant Zaranda, de Fernando P. Arellano, ja que no ha tornat a obrir des del final de la temporada passada. La q\u00fcesti\u00f3 \u00e9s que la propietat de l&#8217;hotel on es trobava\u00a0ubicat, a l&#8217;hotel Castell Son Claret, va rescindir el contracte per mor del confinament dels mesos de mar\u00e7 i abril.<\/p>\n<p>La llista de les estrelles Michelin \u00e9s la seg\u00fcent:<\/p>\n<p><strong>Mallora\u00a01 estrella Michelin<\/strong><\/p>\n<ul>\n<li><strong>Maca\u00a0<\/strong>(Macarena de Castro) Port d&#8217;Alc\u00fadia<\/li>\n<li><strong>Es Rac\u00f3 des Teix<\/strong>(Josef Sauerschell) Dei\u00e0<\/li>\n<li><strong>Andreu Genestra<\/strong>(Andreu Genestra) Capdepera<\/li>\n<li><strong>Adri\u00e1n Quetglas<\/strong>(Adri\u00e1n Quetglas) Palma<\/li>\n<li><strong>Es Fum<\/strong>(Miguel Navarro) Palmanova<\/li>\n<li><strong>Voro\u00a0<\/strong>(\u00c1lvaro Salazar) Canyamel<\/li>\n<li><strong>Marc Fosh<\/strong>(Marc Fosh) Palma<\/li>\n<li><strong>Dins\u00a0<\/strong>(Santi Taura) Palma<\/li>\n<li><strong><a href=\"https:\/\/gastronomicament.cat\/restaurant\/restaurant-bens-davall\">B\u00e9ns d&#8217;Avall<\/a>\u00a0<\/strong>(Benet Vicens) S\u00f3ller<\/li>\n<\/ul>\n<p><strong>Eivissa 1 estrella Michelin<\/strong><\/p>\n<ul>\n<li><strong>Es Trag\u00f3n\u00a0<\/strong>(\u00c1lvaro Sanz) Sant Antoni de Portmany<\/li>\n<\/ul>\n<p><strong>Menorca\u00a0<\/strong>torna a quedar sense cap guard\u00f3 estel\u00b7lar.<\/p>\n<p><strong>Estrella verda per a Andreu Genestra<\/strong><\/p>\n<p>Una altra de les novetats \u00e9s la nova estrella de la sostenibilitat, que la guia ha estrenat en la gala celebrada a Madrid, ahir, dia 14 de desembre de 2020. D&#8217;aquesta manera, es pret\u00e9n visibilitzar i potenciar els restaurants que tenen cura del seu entorn. L&#8217;\u00fanic que ha estat premiat de Mallorca i de les Illes Balears ha estat el restaurant Andreu Genestra de Capdepera, juntament amb altres establiments com Azurmendi, del xef Eneko Atxa, al Pa\u00eds Basc.<\/p>\n<p>De Genestra, la guia ha destacat que cuina amb plats principalment de quil\u00f2metre zero i t\u00e9 una finca amb hort de 12.000 metres quadrats en qu\u00e8 s&#8217;hi cultiven varietats aut\u00f2ctones d&#8217;aliments de l&#8217;illa.<\/p>\n<p><strong>Bib Gourmand a Selva i a S\u00f3ller<\/strong><\/p>\n<p>Tamb\u00e9 com a novetat cal destacar que han estat distingides amb la menci\u00f3 Bib Gourmand dos restaurants de Mallorca. Es tracta de\u00a0<strong>Miceli<\/strong>, situat a Selva i regentat per\u00a0<strong>Margalida Coll<\/strong>; i\u00a0<strong>Can Boqueta<\/strong>, ubicat a S\u00f3ller i encap\u00e7alat per\u00a0<strong>Kiko Martorell<\/strong>. Aquest guard\u00f3 destaca la bona relaci\u00f3 qualitat-preu i \u00e9s tamb\u00e9 un reconeixement que desde fa anys estan fent tots dos cuiners.<\/p>\n","protected":false},"excerpt":{"rendered":"<p>La guia Michelin 2021 presenta novetats. El motiu \u00e9s que els restaurants\u00a0B\u00e9ns d&#8217;Avall de S\u00f3ller\u00a0i\u00a0Dins de&hellip;<\/p>\n","protected":false},"author":1,"featured_media":27749,"comment_status":"open","ping_status":"closed","sticky":false,"template":"","format":"standard","meta":{"_acf_changed":false,"_swt_meta_header_display":false,"_swt_meta_footer_display":false,"_swt_meta_site_title_display":false,"_swt_meta_sticky_header":false,"_swt_meta_transparent_header":false,"footnotes":""},"categories":[692,953],"tags":[],"coauthors":[],"class_list":["post-27748","post","type-post","status-publish","format-standard","has-post-thumbnail","hentry","category-actualitat","category-concursos-i-premis"],"acf":{"gallery":null,"home_date":{"home_begin_date":null,"home_end_date":null}},"yoast_head":"<!-- This site is optimized with the Yoast SEO plugin v27.4 - https:\/\/yoast.com\/product\/yoast-seo-wordpress\/ -->\n<title>Santi Taura i Benet Vicens, noves estrella Michelin - Gastron\u00f2micament<\/title>\n<meta name=\"description\" content=\"Santi Taura i Benet Vicens, noves estrella Michelin Actualitat, Concursos i premis La guia Michelin 2021 presenta novetats. El motiu \u00e9s que els restaurants\u00a0B\u00e9ns d&#039;Avall de S\u00f3ller\u00a0i\u00a0Dins de Palma\u00a0han estat guardonats per primera vegada amb\u00a0una estrella Michelin\" \/>\n<meta name=\"robots\" content=\"index, follow, max-snippet:-1, max-image-preview:large, max-video-preview:-1\" \/>\n<link rel=\"canonical\" href=\"https:\/\/gastronomicament.cat\/ca\/santi-taura-i-benet-vicens-noves-estrella-michelin\" \/>\n<meta property=\"og:locale\" content=\"ca_ES\" \/>\n<meta property=\"og:type\" content=\"article\" \/>\n<meta property=\"og:title\" content=\"Santi Taura i Benet Vicens, noves estrella Michelin - Gastron\u00f2micament\" \/>\n<meta property=\"og:description\" content=\"Santi Taura i Benet Vicens, noves estrella Michelin Actualitat, Concursos i premis La guia Michelin 2021 presenta novetats. El motiu \u00e9s que els restaurants\u00a0B\u00e9ns d&#039;Avall de S\u00f3ller\u00a0i\u00a0Dins de Palma\u00a0han estat guardonats per primera vegada amb\u00a0una estrella Michelin\" \/>\n<meta property=\"og:url\" content=\"https:\/\/gastronomicament.cat\/ca\/santi-taura-i-benet-vicens-noves-estrella-michelin\" \/>\n<meta property=\"og:site_name\" content=\"Gastron\u00f2micament\" \/>\n<meta property=\"article:published_time\" content=\"2020-12-15T12:20:29+00:00\" \/>\n<meta property=\"article:modified_time\" content=\"2022-04-07T09:15:24+00:00\" \/>\n<meta property=\"og:image\" content=\"https:\/\/gastronomicament.cat\/wp-content\/uploads\/2020\/12\/Santi-Taura-Benet-Vicens-Estrella-Michelin-Mallorca-2021.jpg\" \/>\n\t<meta property=\"og:image:width\" content=\"1502\" \/>\n\t<meta property=\"og:image:height\" content=\"814\" \/>\n\t<meta property=\"og:image:type\" content=\"image\/jpeg\" \/>\n<meta name=\"author\" content=\"Redacci\u00f3\" \/>\n<meta name=\"twitter:card\" content=\"summary_large_image\" \/>\n<meta name=\"twitter:creator\" content=\"@gastronomicamen\" \/>\n<meta name=\"twitter:site\" content=\"@gastronomicamen\" \/>\n<meta name=\"twitter:label1\" content=\"Written by\" \/>\n\t<meta name=\"twitter:data1\" content=\"Redacci\u00f3\" \/>\n\t<meta name=\"twitter:label2\" content=\"Est. reading time\" \/>\n\t<meta name=\"twitter:data2\" content=\"3 minutes\" \/>\n<script type=\"application\/ld+json\" class=\"yoast-schema-graph\">{\"@context\":\"https:\\\/\\\/schema.org\",\"@graph\":[{\"@type\":\"Article\",\"@id\":\"https:\\\/\\\/gastronomicament.cat\\\/ca\\\/santi-taura-i-benet-vicens-noves-estrella-michelin#article\",\"isPartOf\":{\"@id\":\"https:\\\/\\\/gastronomicament.cat\\\/ca\\\/santi-taura-i-benet-vicens-noves-estrella-michelin\"},\"author\":{\"name\":\"Redacci\u00f3\",\"@id\":\"https:\\\/\\\/gastronomicament.cat\\\/ca\\\/#\\\/schema\\\/person\\\/a7c85c537a1ed62799a5b8e0f686a37f\"},\"headline\":\"Santi Taura i Benet Vicens, noves estrella Michelin\",\"datePublished\":\"2020-12-15T12:20:29+00:00\",\"dateModified\":\"2022-04-07T09:15:24+00:00\",\"mainEntityOfPage\":{\"@id\":\"https:\\\/\\\/gastronomicament.cat\\\/ca\\\/santi-taura-i-benet-vicens-noves-estrella-michelin\"},\"wordCount\":597,\"commentCount\":0,\"publisher\":{\"@id\":\"https:\\\/\\\/gastronomicament.cat\\\/ca\\\/#organization\"},\"image\":{\"@id\":\"https:\\\/\\\/gastronomicament.cat\\\/ca\\\/santi-taura-i-benet-vicens-noves-estrella-michelin#primaryimage\"},\"thumbnailUrl\":\"https:\\\/\\\/gastronomicament.cat\\\/wp-content\\\/uploads\\\/2020\\\/12\\\/Santi-Taura-Benet-Vicens-Estrella-Michelin-Mallorca-2021.jpg\",\"articleSection\":[\"Actualitat\",\"Concursos i premis\"],\"inLanguage\":\"ca-ES\",\"potentialAction\":[{\"@type\":\"CommentAction\",\"name\":\"Comment\",\"target\":[\"https:\\\/\\\/gastronomicament.cat\\\/ca\\\/santi-taura-i-benet-vicens-noves-estrella-michelin#respond\"]}]},{\"@type\":\"WebPage\",\"@id\":\"https:\\\/\\\/gastronomicament.cat\\\/ca\\\/santi-taura-i-benet-vicens-noves-estrella-michelin\",\"url\":\"https:\\\/\\\/gastronomicament.cat\\\/ca\\\/santi-taura-i-benet-vicens-noves-estrella-michelin\",\"name\":\"Santi Taura i Benet Vicens, noves estrella Michelin - Gastron\u00f2micament\",\"isPartOf\":{\"@id\":\"https:\\\/\\\/gastronomicament.cat\\\/ca\\\/#website\"},\"primaryImageOfPage\":{\"@id\":\"https:\\\/\\\/gastronomicament.cat\\\/ca\\\/santi-taura-i-benet-vicens-noves-estrella-michelin#primaryimage\"},\"image\":{\"@id\":\"https:\\\/\\\/gastronomicament.cat\\\/ca\\\/santi-taura-i-benet-vicens-noves-estrella-michelin#primaryimage\"},\"thumbnailUrl\":\"https:\\\/\\\/gastronomicament.cat\\\/wp-content\\\/uploads\\\/2020\\\/12\\\/Santi-Taura-Benet-Vicens-Estrella-Michelin-Mallorca-2021.jpg\",\"datePublished\":\"2020-12-15T12:20:29+00:00\",\"dateModified\":\"2022-04-07T09:15:24+00:00\",\"description\":\"Santi Taura i Benet Vicens, noves estrella Michelin Actualitat, Concursos i premis La guia Michelin 2021 presenta novetats. El motiu \u00e9s que els restaurants\u00a0B\u00e9ns d'Avall de S\u00f3ller\u00a0i\u00a0Dins de Palma\u00a0han estat guardonats per primera vegada amb\u00a0una estrella Michelin\",\"inLanguage\":\"ca-ES\",\"potentialAction\":[{\"@type\":\"ReadAction\",\"target\":[\"https:\\\/\\\/gastronomicament.cat\\\/ca\\\/santi-taura-i-benet-vicens-noves-estrella-michelin\"]}]},{\"@type\":\"ImageObject\",\"inLanguage\":\"ca-ES\",\"@id\":\"https:\\\/\\\/gastronomicament.cat\\\/ca\\\/santi-taura-i-benet-vicens-noves-estrella-michelin#primaryimage\",\"url\":\"https:\\\/\\\/gastronomicament.cat\\\/wp-content\\\/uploads\\\/2020\\\/12\\\/Santi-Taura-Benet-Vicens-Estrella-Michelin-Mallorca-2021.jpg\",\"contentUrl\":\"https:\\\/\\\/gastronomicament.cat\\\/wp-content\\\/uploads\\\/2020\\\/12\\\/Santi-Taura-Benet-Vicens-Estrella-Michelin-Mallorca-2021.jpg\",\"width\":1502,\"height\":814},{\"@type\":\"WebSite\",\"@id\":\"https:\\\/\\\/gastronomicament.cat\\\/ca\\\/#website\",\"url\":\"https:\\\/\\\/gastronomicament.cat\\\/ca\\\/\",\"name\":\"Gastron\u00f2micament\",\"description\":\"Portal de restaurants, receptes i actualitat gastron\u00f2mica\",\"publisher\":{\"@id\":\"https:\\\/\\\/gastronomicament.cat\\\/ca\\\/#organization\"},\"potentialAction\":[{\"@type\":\"SearchAction\",\"target\":{\"@type\":\"EntryPoint\",\"urlTemplate\":\"https:\\\/\\\/gastronomicament.cat\\\/ca\\\/?s={search_term_string}\"},\"query-input\":{\"@type\":\"PropertyValueSpecification\",\"valueRequired\":true,\"valueName\":\"search_term_string\"}}],\"inLanguage\":\"ca-ES\"},{\"@type\":\"Organization\",\"@id\":\"https:\\\/\\\/gastronomicament.cat\\\/ca\\\/#organization\",\"name\":\"Gastron\u00f2micament\",\"url\":\"https:\\\/\\\/gastronomicament.cat\\\/ca\\\/\",\"logo\":{\"@type\":\"ImageObject\",\"inLanguage\":\"ca-ES\",\"@id\":\"https:\\\/\\\/gastronomicament.cat\\\/ca\\\/#\\\/schema\\\/logo\\\/image\\\/\",\"url\":\"https:\\\/\\\/gastronomicament.cat\\\/wp-content\\\/uploads\\\/2016\\\/09\\\/header-logo.jpg\",\"contentUrl\":\"https:\\\/\\\/gastronomicament.cat\\\/wp-content\\\/uploads\\\/2016\\\/09\\\/header-logo.jpg\",\"width\":277,\"height\":39,\"caption\":\"Gastron\u00f2micament\"},\"image\":{\"@id\":\"https:\\\/\\\/gastronomicament.cat\\\/ca\\\/#\\\/schema\\\/logo\\\/image\\\/\"},\"sameAs\":[\"https:\\\/\\\/x.com\\\/gastronomicamen\"]},{\"@type\":\"Person\",\"@id\":\"https:\\\/\\\/gastronomicament.cat\\\/ca\\\/#\\\/schema\\\/person\\\/a7c85c537a1ed62799a5b8e0f686a37f\",\"name\":\"Redacci\u00f3\",\"image\":{\"@type\":\"ImageObject\",\"inLanguage\":\"ca-ES\",\"@id\":\"https:\\\/\\\/secure.gravatar.com\\\/avatar\\\/9489a485c464fd611d33825daae651d13db70c4e74c65c94937a15a9d4c3ee14?s=96&d=mm&r=g69fea3cce3645dfa2166e7293e22955e\",\"url\":\"https:\\\/\\\/secure.gravatar.com\\\/avatar\\\/9489a485c464fd611d33825daae651d13db70c4e74c65c94937a15a9d4c3ee14?s=96&d=mm&r=g\",\"contentUrl\":\"https:\\\/\\\/secure.gravatar.com\\\/avatar\\\/9489a485c464fd611d33825daae651d13db70c4e74c65c94937a15a9d4c3ee14?s=96&d=mm&r=g\",\"caption\":\"Redacci\u00f3\"},\"sameAs\":[\"http:\\\/\\\/gastronomicament.cat\"],\"url\":\"https:\\\/\\\/gastronomicament.cat\\\/ca\\\/author\\\/admin\"}]}<\/script>\n<!-- \/ Yoast SEO plugin. -->","yoast_head_json":{"title":"Santi Taura i Benet Vicens, noves estrella Michelin - Gastron\u00f2micament","description":"Santi Taura i Benet Vicens, noves estrella Michelin Actualitat, Concursos i premis La guia Michelin 2021 presenta novetats. El motiu \u00e9s que els restaurants\u00a0B\u00e9ns d'Avall de S\u00f3ller\u00a0i\u00a0Dins de Palma\u00a0han estat guardonats per primera vegada amb\u00a0una estrella Michelin","robots":{"index":"index","follow":"follow","max-snippet":"max-snippet:-1","max-image-preview":"max-image-preview:large","max-video-preview":"max-video-preview:-1"},"canonical":"https:\/\/gastronomicament.cat\/ca\/santi-taura-i-benet-vicens-noves-estrella-michelin","og_locale":"ca_ES","og_type":"article","og_title":"Santi Taura i Benet Vicens, noves estrella Michelin - Gastron\u00f2micament","og_description":"Santi Taura i Benet Vicens, noves estrella Michelin Actualitat, Concursos i premis La guia Michelin 2021 presenta novetats. El motiu \u00e9s que els restaurants\u00a0B\u00e9ns d'Avall de S\u00f3ller\u00a0i\u00a0Dins de Palma\u00a0han estat guardonats per primera vegada amb\u00a0una estrella Michelin","og_url":"https:\/\/gastronomicament.cat\/ca\/santi-taura-i-benet-vicens-noves-estrella-michelin","og_site_name":"Gastron\u00f2micament","article_published_time":"2020-12-15T12:20:29+00:00","article_modified_time":"2022-04-07T09:15:24+00:00","og_image":[{"width":1502,"height":814,"url":"https:\/\/gastronomicament.cat\/wp-content\/uploads\/2020\/12\/Santi-Taura-Benet-Vicens-Estrella-Michelin-Mallorca-2021.jpg","type":"image\/jpeg"}],"author":"Redacci\u00f3","twitter_card":"summary_large_image","twitter_creator":"@gastronomicamen","twitter_site":"@gastronomicamen","twitter_misc":{"Written by":"Redacci\u00f3","Est. reading time":"3 minutes"},"schema":{"@context":"https:\/\/schema.org","@graph":[{"@type":"Article","@id":"https:\/\/gastronomicament.cat\/ca\/santi-taura-i-benet-vicens-noves-estrella-michelin#article","isPartOf":{"@id":"https:\/\/gastronomicament.cat\/ca\/santi-taura-i-benet-vicens-noves-estrella-michelin"},"author":{"name":"Redacci\u00f3","@id":"https:\/\/gastronomicament.cat\/ca\/#\/schema\/person\/a7c85c537a1ed62799a5b8e0f686a37f"},"headline":"Santi Taura i Benet Vicens, noves estrella Michelin","datePublished":"2020-12-15T12:20:29+00:00","dateModified":"2022-04-07T09:15:24+00:00","mainEntityOfPage":{"@id":"https:\/\/gastronomicament.cat\/ca\/santi-taura-i-benet-vicens-noves-estrella-michelin"},"wordCount":597,"commentCount":0,"publisher":{"@id":"https:\/\/gastronomicament.cat\/ca\/#organization"},"image":{"@id":"https:\/\/gastronomicament.cat\/ca\/santi-taura-i-benet-vicens-noves-estrella-michelin#primaryimage"},"thumbnailUrl":"https:\/\/gastronomicament.cat\/wp-content\/uploads\/2020\/12\/Santi-Taura-Benet-Vicens-Estrella-Michelin-Mallorca-2021.jpg","articleSection":["Actualitat","Concursos i premis"],"inLanguage":"ca-ES","potentialAction":[{"@type":"CommentAction","name":"Comment","target":["https:\/\/gastronomicament.cat\/ca\/santi-taura-i-benet-vicens-noves-estrella-michelin#respond"]}]},{"@type":"WebPage","@id":"https:\/\/gastronomicament.cat\/ca\/santi-taura-i-benet-vicens-noves-estrella-michelin","url":"https:\/\/gastronomicament.cat\/ca\/santi-taura-i-benet-vicens-noves-estrella-michelin","name":"Santi Taura i Benet Vicens, noves estrella Michelin - Gastron\u00f2micament","isPartOf":{"@id":"https:\/\/gastronomicament.cat\/ca\/#website"},"primaryImageOfPage":{"@id":"https:\/\/gastronomicament.cat\/ca\/santi-taura-i-benet-vicens-noves-estrella-michelin#primaryimage"},"image":{"@id":"https:\/\/gastronomicament.cat\/ca\/santi-taura-i-benet-vicens-noves-estrella-michelin#primaryimage"},"thumbnailUrl":"https:\/\/gastronomicament.cat\/wp-content\/uploads\/2020\/12\/Santi-Taura-Benet-Vicens-Estrella-Michelin-Mallorca-2021.jpg","datePublished":"2020-12-15T12:20:29+00:00","dateModified":"2022-04-07T09:15:24+00:00","description":"Santi Taura i Benet Vicens, noves estrella Michelin Actualitat, Concursos i premis La guia Michelin 2021 presenta novetats. El motiu \u00e9s que els restaurants\u00a0B\u00e9ns d'Avall de S\u00f3ller\u00a0i\u00a0Dins de Palma\u00a0han estat guardonats per primera vegada amb\u00a0una estrella Michelin","inLanguage":"ca-ES","potentialAction":[{"@type":"ReadAction","target":["https:\/\/gastronomicament.cat\/ca\/santi-taura-i-benet-vicens-noves-estrella-michelin"]}]},{"@type":"ImageObject","inLanguage":"ca-ES","@id":"https:\/\/gastronomicament.cat\/ca\/santi-taura-i-benet-vicens-noves-estrella-michelin#primaryimage","url":"https:\/\/gastronomicament.cat\/wp-content\/uploads\/2020\/12\/Santi-Taura-Benet-Vicens-Estrella-Michelin-Mallorca-2021.jpg","contentUrl":"https:\/\/gastronomicament.cat\/wp-content\/uploads\/2020\/12\/Santi-Taura-Benet-Vicens-Estrella-Michelin-Mallorca-2021.jpg","width":1502,"height":814},{"@type":"WebSite","@id":"https:\/\/gastronomicament.cat\/ca\/#website","url":"https:\/\/gastronomicament.cat\/ca\/","name":"Gastron\u00f2micament","description":"Portal de restaurants, receptes i actualitat gastron\u00f2mica","publisher":{"@id":"https:\/\/gastronomicament.cat\/ca\/#organization"},"potentialAction":[{"@type":"SearchAction","target":{"@type":"EntryPoint","urlTemplate":"https:\/\/gastronomicament.cat\/ca\/?s={search_term_string}"},"query-input":{"@type":"PropertyValueSpecification","valueRequired":true,"valueName":"search_term_string"}}],"inLanguage":"ca-ES"},{"@type":"Organization","@id":"https:\/\/gastronomicament.cat\/ca\/#organization","name":"Gastron\u00f2micament","url":"https:\/\/gastronomicament.cat\/ca\/","logo":{"@type":"ImageObject","inLanguage":"ca-ES","@id":"https:\/\/gastronomicament.cat\/ca\/#\/schema\/logo\/image\/","url":"https:\/\/gastronomicament.cat\/wp-content\/uploads\/2016\/09\/header-logo.jpg","contentUrl":"https:\/\/gastronomicament.cat\/wp-content\/uploads\/2016\/09\/header-logo.jpg","width":277,"height":39,"caption":"Gastron\u00f2micament"},"image":{"@id":"https:\/\/gastronomicament.cat\/ca\/#\/schema\/logo\/image\/"},"sameAs":["https:\/\/x.com\/gastronomicamen"]},{"@type":"Person","@id":"https:\/\/gastronomicament.cat\/ca\/#\/schema\/person\/a7c85c537a1ed62799a5b8e0f686a37f","name":"Redacci\u00f3","image":{"@type":"ImageObject","inLanguage":"ca-ES","@id":"https:\/\/secure.gravatar.com\/avatar\/9489a485c464fd611d33825daae651d13db70c4e74c65c94937a15a9d4c3ee14?s=96&d=mm&r=g69fea3cce3645dfa2166e7293e22955e","url":"https:\/\/secure.gravatar.com\/avatar\/9489a485c464fd611d33825daae651d13db70c4e74c65c94937a15a9d4c3ee14?s=96&d=mm&r=g","contentUrl":"https:\/\/secure.gravatar.com\/avatar\/9489a485c464fd611d33825daae651d13db70c4e74c65c94937a15a9d4c3ee14?s=96&d=mm&r=g","caption":"Redacci\u00f3"},"sameAs":["http:\/\/gastronomicament.cat"],"url":"https:\/\/gastronomicament.cat\/ca\/author\/admin"}]}},"_links":{"self":[{"href":"https:\/\/gastronomicament.cat\/ca\/wp-json\/wp\/v2\/posts\/27748","targetHints":{"allow":["GET"]}}],"collection":[{"href":"https:\/\/gastronomicament.cat\/ca\/wp-json\/wp\/v2\/posts"}],"about":[{"href":"https:\/\/gastronomicament.cat\/ca\/wp-json\/wp\/v2\/types\/post"}],"author":[{"embeddable":true,"href":"https:\/\/gastronomicament.cat\/ca\/wp-json\/wp\/v2\/users\/1"}],"replies":[{"embeddable":true,"href":"https:\/\/gastronomicament.cat\/ca\/wp-json\/wp\/v2\/comments?post=27748"}],"version-history":[{"count":0,"href":"https:\/\/gastronomicament.cat\/ca\/wp-json\/wp\/v2\/posts\/27748\/revisions"}],"wp:featuredmedia":[{"embeddable":true,"href":"https:\/\/gastronomicament.cat\/ca\/wp-json\/wp\/v2\/media\/27749"}],"wp:attachment":[{"href":"https:\/\/gastronomicament.cat\/ca\/wp-json\/wp\/v2\/media?parent=27748"}],"wp:term":[{"taxonomy":"category","embeddable":true,"href":"https:\/\/gastronomicament.cat\/ca\/wp-json\/wp\/v2\/categories?post=27748"},{"taxonomy":"post_tag","embeddable":true,"href":"https:\/\/gastronomicament.cat\/ca\/wp-json\/wp\/v2\/tags?post=27748"},{"taxonomy":"author","embeddable":true,"href":"https:\/\/gastronomicament.cat\/ca\/wp-json\/wp\/v2\/coauthors?post=27748"}],"curies":[{"name":"wp","href":"https:\/\/api.w.org\/{rel}","templated":true}]}}