{"id":27886,"date":"2020-12-31T04:28:11","date_gmt":"2020-12-31T03:28:11","guid":{"rendered":"https:\/\/gastronomicament.cat\/?p=27886"},"modified":"2022-04-07T11:15:28","modified_gmt":"2022-04-07T09:15:28","slug":"maneres-de-presentar-el-raim-de-la-sort-la-nit-de-cap-dany","status":"publish","type":"post","link":"https:\/\/gastronomicament.cat\/ca\/maneres-de-presentar-el-raim-de-la-sort-la-nit-de-cap-dany","title":{"rendered":"Maneres de presentar el ra\u00efm de la sort la Nit de Cap d&#8217;Any"},"content":{"rendered":"<p><em>Eva Remolina \/ AMIC<\/em><\/p>\n<p>El ra\u00efm de la sort \u00e9s un costum relativament recent que s&#8217;usa per celebrar l&#8217;entrada del nou any. Normalment es presenta en el plat, en bossetes individuals o dins d&#8217;una copa.<\/p>\n<p>Tot i les mesures restrictives imposades per la covid19, que impediran donar la benvinguda al 2021 amb moltes de les persones estimades, podem celebrar la Nit de Cap d&#8217;Any d&#8217;una manera m\u00e9s \u00edntima i, alhora, original.<\/p>\n<p><strong>1 En forma de broqueta<br \/>\n<\/strong>Una de les maneres m\u00e9s originals de presentar el ra\u00efm i que, a m\u00e9s permet una infinitat de personalitzacions, \u00e9s en forma de broqueta. Hi podeu afegir a la punta alguna etiqueta amb el nom de la persona, un lla\u00e7, un dibuix d&#8217;un motiu nadalenc o una etiqueta de pissarra per escriure el desig per al nou any.<\/p>\n<p><strong>2 En cucurutxo<br \/>\n<\/strong>Com si es tract\u00e0s d&#8217;unes crispetes de blat de moro, aquest tipus de presentaci\u00f3 tamb\u00e9 cridar\u00e0 molt l&#8217;atenci\u00f3. Tamb\u00e9 hi ha moltes opcions: des de folis de colors amb els dibuixos d&#8217;escenes de Nadal, com tamb\u00e9 ficar el ra\u00efm en un cucurutxo de neula de gelat. Si a m\u00e9s, aquest cucurull \u00e9s de xocolata, ser\u00e0 la del\u00edcia dels m\u00e9s ll\u00e9pols.<\/p>\n<p><strong>3 En bosses de paper de kraft<br \/>\n<\/strong>Aquesta idea \u00e9s una de les m\u00e9s representatives de la celebraci\u00f3. Podeu imprimir imatges d&#8217;algun rellotge que trobem a Internet marcant les 12 en punt, o quan falti un minut per a la mitjanit, moment en el qual comen\u00e7a el compte enrere. Tamb\u00e9, hi podeu afegir una etiqueta amb el nou any o escriure&#8217;l a m\u00e0 amb un retolador.<\/p>\n<p><strong>4 Dins d&#8217;una bola nadalenca<br \/>\n<\/strong>Una altra idea molt original consisteix a introduir els granets de ra\u00efm dins d&#8217;una bola de Nadal transparent. Fins i tot podem tenir-les penjades de l&#8217;arbre quan arribin els convidats i que cadasc\u00fa prengui la seva en el moment de comen\u00e7ar les campanades.<\/p>\n<p>A part d&#8217;aquestes possibilitats, n&#8217;hi ha moltes altres, com crear eri\u00e7ons amb fruites, col\u00b7locar-les a mode de polsera o decorar les bossetes transparents que les continguin de m\u00faltiples maneres&#8230; Triau el vostre propi estil per sorprendre els familiars m\u00e9s \u00edntims en aquesta Nit de Cap d&#8217;Any.<\/p>\n<pre>Fotografies: Bibiana Fern\u00e1ndez \/\u00a0<a href=\"https:\/\/pixabay.com\/users\/pixel2013-2364555\/?utm_source=link-attribution&amp;utm_medium=referral&amp;utm_campaign=image&amp;utm_content=4727013\">S. Hermann &amp; F. Richter<\/a>\u00a0a Pixabay<\/pre>\n","protected":false},"excerpt":{"rendered":"<p>El ra\u00efm de la sort \u00e9s un costum relativament recent que s&#8217;usa per celebrar l&#8217;entrada del&hellip;<\/p>\n","protected":false},"author":1,"featured_media":27887,"comment_status":"open","ping_status":"closed","sticky":false,"template":"","format":"standard","meta":{"_acf_changed":false,"_swt_meta_header_display":false,"_swt_meta_footer_display":false,"_swt_meta_site_title_display":false,"_swt_meta_sticky_header":false,"_swt_meta_transparent_header":false,"footnotes":""},"categories":[692,955],"tags":[],"coauthors":[],"class_list":["post-27886","post","type-post","status-publish","format-standard","has-post-thumbnail","hentry","category-actualitat","category-reportatges-i-novetats"],"acf":{"gallery":null,"home_date":{"home_begin_date":null,"home_end_date":null}},"yoast_head":"<!-- This site is optimized with the Yoast SEO plugin v27.4 - https:\/\/yoast.com\/product\/yoast-seo-wordpress\/ -->\n<title>Maneres de presentar el ra\u00efm de la sort la Nit de Cap d&#039;Any - Gastron\u00f2micament<\/title>\n<meta name=\"description\" content=\"Maneres de presentar el ra\u00efm de la sort la Nit de Cap d&#039;Any Actualitat, Reportatges i novetats El ra\u00efm de la sort \u00e9s un costum relativament recent que s&#039;usa per celebrar l&#039;entrada del nou any. Normalment es presenta en el plat, en bossetes individuals o dins d&#039;una copa\" \/>\n<meta name=\"robots\" content=\"index, follow, max-snippet:-1, max-image-preview:large, max-video-preview:-1\" \/>\n<link rel=\"canonical\" href=\"https:\/\/gastronomicament.cat\/ca\/maneres-de-presentar-el-raim-de-la-sort-la-nit-de-cap-dany\" \/>\n<meta property=\"og:locale\" content=\"ca_ES\" \/>\n<meta property=\"og:type\" content=\"article\" \/>\n<meta property=\"og:title\" content=\"Maneres de presentar el ra\u00efm de la sort la Nit de Cap d&#039;Any - Gastron\u00f2micament\" \/>\n<meta property=\"og:description\" content=\"Maneres de presentar el ra\u00efm de la sort la Nit de Cap d&#039;Any Actualitat, Reportatges i novetats El ra\u00efm de la sort \u00e9s un costum relativament recent que s&#039;usa per celebrar l&#039;entrada del nou any. Normalment es presenta en el plat, en bossetes individuals o dins d&#039;una copa\" \/>\n<meta property=\"og:url\" content=\"https:\/\/gastronomicament.cat\/ca\/maneres-de-presentar-el-raim-de-la-sort-la-nit-de-cap-dany\" \/>\n<meta property=\"og:site_name\" content=\"Gastron\u00f2micament\" \/>\n<meta property=\"article:published_time\" content=\"2020-12-31T03:28:11+00:00\" \/>\n<meta property=\"article:modified_time\" content=\"2022-04-07T09:15:28+00:00\" \/>\n<meta property=\"og:image\" content=\"https:\/\/gastronomicament.cat\/wp-content\/uploads\/2020\/12\/Presentar-raim-de-la-sort-cap-d-any.jpg\" \/>\n\t<meta property=\"og:image:width\" content=\"1387\" \/>\n\t<meta property=\"og:image:height\" content=\"844\" \/>\n\t<meta property=\"og:image:type\" content=\"image\/jpeg\" \/>\n<meta name=\"author\" content=\"Redacci\u00f3\" \/>\n<meta name=\"twitter:card\" content=\"summary_large_image\" \/>\n<meta name=\"twitter:creator\" content=\"@gastronomicamen\" \/>\n<meta name=\"twitter:site\" content=\"@gastronomicamen\" \/>\n<meta name=\"twitter:label1\" content=\"Written by\" \/>\n\t<meta name=\"twitter:data1\" content=\"Redacci\u00f3\" \/>\n\t<meta name=\"twitter:label2\" content=\"Est. reading time\" \/>\n\t<meta name=\"twitter:data2\" content=\"2 minutes\" \/>\n<script type=\"application\/ld+json\" class=\"yoast-schema-graph\">{\"@context\":\"https:\\\/\\\/schema.org\",\"@graph\":[{\"@type\":\"Article\",\"@id\":\"https:\\\/\\\/gastronomicament.cat\\\/ca\\\/maneres-de-presentar-el-raim-de-la-sort-la-nit-de-cap-dany#article\",\"isPartOf\":{\"@id\":\"https:\\\/\\\/gastronomicament.cat\\\/ca\\\/maneres-de-presentar-el-raim-de-la-sort-la-nit-de-cap-dany\"},\"author\":{\"name\":\"Redacci\u00f3\",\"@id\":\"https:\\\/\\\/gastronomicament.cat\\\/ca\\\/#\\\/schema\\\/person\\\/a7c85c537a1ed62799a5b8e0f686a37f\"},\"headline\":\"Maneres de presentar el ra\u00efm de la sort la Nit de Cap d&#8217;Any\",\"datePublished\":\"2020-12-31T03:28:11+00:00\",\"dateModified\":\"2022-04-07T09:15:28+00:00\",\"mainEntityOfPage\":{\"@id\":\"https:\\\/\\\/gastronomicament.cat\\\/ca\\\/maneres-de-presentar-el-raim-de-la-sort-la-nit-de-cap-dany\"},\"wordCount\":383,\"commentCount\":0,\"publisher\":{\"@id\":\"https:\\\/\\\/gastronomicament.cat\\\/ca\\\/#organization\"},\"image\":{\"@id\":\"https:\\\/\\\/gastronomicament.cat\\\/ca\\\/maneres-de-presentar-el-raim-de-la-sort-la-nit-de-cap-dany#primaryimage\"},\"thumbnailUrl\":\"https:\\\/\\\/gastronomicament.cat\\\/wp-content\\\/uploads\\\/2020\\\/12\\\/Presentar-raim-de-la-sort-cap-d-any.jpg\",\"articleSection\":[\"Actualitat\",\"Reportatges i novetats\"],\"inLanguage\":\"ca-ES\",\"potentialAction\":[{\"@type\":\"CommentAction\",\"name\":\"Comment\",\"target\":[\"https:\\\/\\\/gastronomicament.cat\\\/ca\\\/maneres-de-presentar-el-raim-de-la-sort-la-nit-de-cap-dany#respond\"]}]},{\"@type\":\"WebPage\",\"@id\":\"https:\\\/\\\/gastronomicament.cat\\\/ca\\\/maneres-de-presentar-el-raim-de-la-sort-la-nit-de-cap-dany\",\"url\":\"https:\\\/\\\/gastronomicament.cat\\\/ca\\\/maneres-de-presentar-el-raim-de-la-sort-la-nit-de-cap-dany\",\"name\":\"Maneres de presentar el ra\u00efm de la sort la Nit de Cap d'Any - Gastron\u00f2micament\",\"isPartOf\":{\"@id\":\"https:\\\/\\\/gastronomicament.cat\\\/ca\\\/#website\"},\"primaryImageOfPage\":{\"@id\":\"https:\\\/\\\/gastronomicament.cat\\\/ca\\\/maneres-de-presentar-el-raim-de-la-sort-la-nit-de-cap-dany#primaryimage\"},\"image\":{\"@id\":\"https:\\\/\\\/gastronomicament.cat\\\/ca\\\/maneres-de-presentar-el-raim-de-la-sort-la-nit-de-cap-dany#primaryimage\"},\"thumbnailUrl\":\"https:\\\/\\\/gastronomicament.cat\\\/wp-content\\\/uploads\\\/2020\\\/12\\\/Presentar-raim-de-la-sort-cap-d-any.jpg\",\"datePublished\":\"2020-12-31T03:28:11+00:00\",\"dateModified\":\"2022-04-07T09:15:28+00:00\",\"description\":\"Maneres de presentar el ra\u00efm de la sort la Nit de Cap d'Any Actualitat, Reportatges i novetats El ra\u00efm de la sort \u00e9s un costum relativament recent que s'usa per celebrar l'entrada del nou any. Normalment es presenta en el plat, en bossetes individuals o dins d'una copa\",\"inLanguage\":\"ca-ES\",\"potentialAction\":[{\"@type\":\"ReadAction\",\"target\":[\"https:\\\/\\\/gastronomicament.cat\\\/ca\\\/maneres-de-presentar-el-raim-de-la-sort-la-nit-de-cap-dany\"]}]},{\"@type\":\"ImageObject\",\"inLanguage\":\"ca-ES\",\"@id\":\"https:\\\/\\\/gastronomicament.cat\\\/ca\\\/maneres-de-presentar-el-raim-de-la-sort-la-nit-de-cap-dany#primaryimage\",\"url\":\"https:\\\/\\\/gastronomicament.cat\\\/wp-content\\\/uploads\\\/2020\\\/12\\\/Presentar-raim-de-la-sort-cap-d-any.jpg\",\"contentUrl\":\"https:\\\/\\\/gastronomicament.cat\\\/wp-content\\\/uploads\\\/2020\\\/12\\\/Presentar-raim-de-la-sort-cap-d-any.jpg\",\"width\":1387,\"height\":844},{\"@type\":\"WebSite\",\"@id\":\"https:\\\/\\\/gastronomicament.cat\\\/ca\\\/#website\",\"url\":\"https:\\\/\\\/gastronomicament.cat\\\/ca\\\/\",\"name\":\"Gastron\u00f2micament\",\"description\":\"Portal de restaurants, receptes i actualitat gastron\u00f2mica\",\"publisher\":{\"@id\":\"https:\\\/\\\/gastronomicament.cat\\\/ca\\\/#organization\"},\"potentialAction\":[{\"@type\":\"SearchAction\",\"target\":{\"@type\":\"EntryPoint\",\"urlTemplate\":\"https:\\\/\\\/gastronomicament.cat\\\/ca\\\/?s={search_term_string}\"},\"query-input\":{\"@type\":\"PropertyValueSpecification\",\"valueRequired\":true,\"valueName\":\"search_term_string\"}}],\"inLanguage\":\"ca-ES\"},{\"@type\":\"Organization\",\"@id\":\"https:\\\/\\\/gastronomicament.cat\\\/ca\\\/#organization\",\"name\":\"Gastron\u00f2micament\",\"url\":\"https:\\\/\\\/gastronomicament.cat\\\/ca\\\/\",\"logo\":{\"@type\":\"ImageObject\",\"inLanguage\":\"ca-ES\",\"@id\":\"https:\\\/\\\/gastronomicament.cat\\\/ca\\\/#\\\/schema\\\/logo\\\/image\\\/\",\"url\":\"https:\\\/\\\/gastronomicament.cat\\\/wp-content\\\/uploads\\\/2016\\\/09\\\/header-logo.jpg\",\"contentUrl\":\"https:\\\/\\\/gastronomicament.cat\\\/wp-content\\\/uploads\\\/2016\\\/09\\\/header-logo.jpg\",\"width\":277,\"height\":39,\"caption\":\"Gastron\u00f2micament\"},\"image\":{\"@id\":\"https:\\\/\\\/gastronomicament.cat\\\/ca\\\/#\\\/schema\\\/logo\\\/image\\\/\"},\"sameAs\":[\"https:\\\/\\\/x.com\\\/gastronomicamen\"]},{\"@type\":\"Person\",\"@id\":\"https:\\\/\\\/gastronomicament.cat\\\/ca\\\/#\\\/schema\\\/person\\\/a7c85c537a1ed62799a5b8e0f686a37f\",\"name\":\"Redacci\u00f3\",\"image\":{\"@type\":\"ImageObject\",\"inLanguage\":\"ca-ES\",\"@id\":\"https:\\\/\\\/secure.gravatar.com\\\/avatar\\\/9489a485c464fd611d33825daae651d13db70c4e74c65c94937a15a9d4c3ee14?s=96&d=mm&r=g69fea3cce3645dfa2166e7293e22955e\",\"url\":\"https:\\\/\\\/secure.gravatar.com\\\/avatar\\\/9489a485c464fd611d33825daae651d13db70c4e74c65c94937a15a9d4c3ee14?s=96&d=mm&r=g\",\"contentUrl\":\"https:\\\/\\\/secure.gravatar.com\\\/avatar\\\/9489a485c464fd611d33825daae651d13db70c4e74c65c94937a15a9d4c3ee14?s=96&d=mm&r=g\",\"caption\":\"Redacci\u00f3\"},\"sameAs\":[\"http:\\\/\\\/gastronomicament.cat\"],\"url\":\"https:\\\/\\\/gastronomicament.cat\\\/ca\\\/author\\\/admin\"}]}<\/script>\n<!-- \/ Yoast SEO plugin. -->","yoast_head_json":{"title":"Maneres de presentar el ra\u00efm de la sort la Nit de Cap d'Any - Gastron\u00f2micament","description":"Maneres de presentar el ra\u00efm de la sort la Nit de Cap d'Any Actualitat, Reportatges i novetats El ra\u00efm de la sort \u00e9s un costum relativament recent que s'usa per celebrar l'entrada del nou any. Normalment es presenta en el plat, en bossetes individuals o dins d'una copa","robots":{"index":"index","follow":"follow","max-snippet":"max-snippet:-1","max-image-preview":"max-image-preview:large","max-video-preview":"max-video-preview:-1"},"canonical":"https:\/\/gastronomicament.cat\/ca\/maneres-de-presentar-el-raim-de-la-sort-la-nit-de-cap-dany","og_locale":"ca_ES","og_type":"article","og_title":"Maneres de presentar el ra\u00efm de la sort la Nit de Cap d'Any - Gastron\u00f2micament","og_description":"Maneres de presentar el ra\u00efm de la sort la Nit de Cap d'Any Actualitat, Reportatges i novetats El ra\u00efm de la sort \u00e9s un costum relativament recent que s'usa per celebrar l'entrada del nou any. Normalment es presenta en el plat, en bossetes individuals o dins d'una copa","og_url":"https:\/\/gastronomicament.cat\/ca\/maneres-de-presentar-el-raim-de-la-sort-la-nit-de-cap-dany","og_site_name":"Gastron\u00f2micament","article_published_time":"2020-12-31T03:28:11+00:00","article_modified_time":"2022-04-07T09:15:28+00:00","og_image":[{"width":1387,"height":844,"url":"https:\/\/gastronomicament.cat\/wp-content\/uploads\/2020\/12\/Presentar-raim-de-la-sort-cap-d-any.jpg","type":"image\/jpeg"}],"author":"Redacci\u00f3","twitter_card":"summary_large_image","twitter_creator":"@gastronomicamen","twitter_site":"@gastronomicamen","twitter_misc":{"Written by":"Redacci\u00f3","Est. reading time":"2 minutes"},"schema":{"@context":"https:\/\/schema.org","@graph":[{"@type":"Article","@id":"https:\/\/gastronomicament.cat\/ca\/maneres-de-presentar-el-raim-de-la-sort-la-nit-de-cap-dany#article","isPartOf":{"@id":"https:\/\/gastronomicament.cat\/ca\/maneres-de-presentar-el-raim-de-la-sort-la-nit-de-cap-dany"},"author":{"name":"Redacci\u00f3","@id":"https:\/\/gastronomicament.cat\/ca\/#\/schema\/person\/a7c85c537a1ed62799a5b8e0f686a37f"},"headline":"Maneres de presentar el ra\u00efm de la sort la Nit de Cap d&#8217;Any","datePublished":"2020-12-31T03:28:11+00:00","dateModified":"2022-04-07T09:15:28+00:00","mainEntityOfPage":{"@id":"https:\/\/gastronomicament.cat\/ca\/maneres-de-presentar-el-raim-de-la-sort-la-nit-de-cap-dany"},"wordCount":383,"commentCount":0,"publisher":{"@id":"https:\/\/gastronomicament.cat\/ca\/#organization"},"image":{"@id":"https:\/\/gastronomicament.cat\/ca\/maneres-de-presentar-el-raim-de-la-sort-la-nit-de-cap-dany#primaryimage"},"thumbnailUrl":"https:\/\/gastronomicament.cat\/wp-content\/uploads\/2020\/12\/Presentar-raim-de-la-sort-cap-d-any.jpg","articleSection":["Actualitat","Reportatges i novetats"],"inLanguage":"ca-ES","potentialAction":[{"@type":"CommentAction","name":"Comment","target":["https:\/\/gastronomicament.cat\/ca\/maneres-de-presentar-el-raim-de-la-sort-la-nit-de-cap-dany#respond"]}]},{"@type":"WebPage","@id":"https:\/\/gastronomicament.cat\/ca\/maneres-de-presentar-el-raim-de-la-sort-la-nit-de-cap-dany","url":"https:\/\/gastronomicament.cat\/ca\/maneres-de-presentar-el-raim-de-la-sort-la-nit-de-cap-dany","name":"Maneres de presentar el ra\u00efm de la sort la Nit de Cap d'Any - Gastron\u00f2micament","isPartOf":{"@id":"https:\/\/gastronomicament.cat\/ca\/#website"},"primaryImageOfPage":{"@id":"https:\/\/gastronomicament.cat\/ca\/maneres-de-presentar-el-raim-de-la-sort-la-nit-de-cap-dany#primaryimage"},"image":{"@id":"https:\/\/gastronomicament.cat\/ca\/maneres-de-presentar-el-raim-de-la-sort-la-nit-de-cap-dany#primaryimage"},"thumbnailUrl":"https:\/\/gastronomicament.cat\/wp-content\/uploads\/2020\/12\/Presentar-raim-de-la-sort-cap-d-any.jpg","datePublished":"2020-12-31T03:28:11+00:00","dateModified":"2022-04-07T09:15:28+00:00","description":"Maneres de presentar el ra\u00efm de la sort la Nit de Cap d'Any Actualitat, Reportatges i novetats El ra\u00efm de la sort \u00e9s un costum relativament recent que s'usa per celebrar l'entrada del nou any. Normalment es presenta en el plat, en bossetes individuals o dins d'una copa","inLanguage":"ca-ES","potentialAction":[{"@type":"ReadAction","target":["https:\/\/gastronomicament.cat\/ca\/maneres-de-presentar-el-raim-de-la-sort-la-nit-de-cap-dany"]}]},{"@type":"ImageObject","inLanguage":"ca-ES","@id":"https:\/\/gastronomicament.cat\/ca\/maneres-de-presentar-el-raim-de-la-sort-la-nit-de-cap-dany#primaryimage","url":"https:\/\/gastronomicament.cat\/wp-content\/uploads\/2020\/12\/Presentar-raim-de-la-sort-cap-d-any.jpg","contentUrl":"https:\/\/gastronomicament.cat\/wp-content\/uploads\/2020\/12\/Presentar-raim-de-la-sort-cap-d-any.jpg","width":1387,"height":844},{"@type":"WebSite","@id":"https:\/\/gastronomicament.cat\/ca\/#website","url":"https:\/\/gastronomicament.cat\/ca\/","name":"Gastron\u00f2micament","description":"Portal de restaurants, receptes i actualitat gastron\u00f2mica","publisher":{"@id":"https:\/\/gastronomicament.cat\/ca\/#organization"},"potentialAction":[{"@type":"SearchAction","target":{"@type":"EntryPoint","urlTemplate":"https:\/\/gastronomicament.cat\/ca\/?s={search_term_string}"},"query-input":{"@type":"PropertyValueSpecification","valueRequired":true,"valueName":"search_term_string"}}],"inLanguage":"ca-ES"},{"@type":"Organization","@id":"https:\/\/gastronomicament.cat\/ca\/#organization","name":"Gastron\u00f2micament","url":"https:\/\/gastronomicament.cat\/ca\/","logo":{"@type":"ImageObject","inLanguage":"ca-ES","@id":"https:\/\/gastronomicament.cat\/ca\/#\/schema\/logo\/image\/","url":"https:\/\/gastronomicament.cat\/wp-content\/uploads\/2016\/09\/header-logo.jpg","contentUrl":"https:\/\/gastronomicament.cat\/wp-content\/uploads\/2016\/09\/header-logo.jpg","width":277,"height":39,"caption":"Gastron\u00f2micament"},"image":{"@id":"https:\/\/gastronomicament.cat\/ca\/#\/schema\/logo\/image\/"},"sameAs":["https:\/\/x.com\/gastronomicamen"]},{"@type":"Person","@id":"https:\/\/gastronomicament.cat\/ca\/#\/schema\/person\/a7c85c537a1ed62799a5b8e0f686a37f","name":"Redacci\u00f3","image":{"@type":"ImageObject","inLanguage":"ca-ES","@id":"https:\/\/secure.gravatar.com\/avatar\/9489a485c464fd611d33825daae651d13db70c4e74c65c94937a15a9d4c3ee14?s=96&d=mm&r=g69fea3cce3645dfa2166e7293e22955e","url":"https:\/\/secure.gravatar.com\/avatar\/9489a485c464fd611d33825daae651d13db70c4e74c65c94937a15a9d4c3ee14?s=96&d=mm&r=g","contentUrl":"https:\/\/secure.gravatar.com\/avatar\/9489a485c464fd611d33825daae651d13db70c4e74c65c94937a15a9d4c3ee14?s=96&d=mm&r=g","caption":"Redacci\u00f3"},"sameAs":["http:\/\/gastronomicament.cat"],"url":"https:\/\/gastronomicament.cat\/ca\/author\/admin"}]}},"_links":{"self":[{"href":"https:\/\/gastronomicament.cat\/ca\/wp-json\/wp\/v2\/posts\/27886","targetHints":{"allow":["GET"]}}],"collection":[{"href":"https:\/\/gastronomicament.cat\/ca\/wp-json\/wp\/v2\/posts"}],"about":[{"href":"https:\/\/gastronomicament.cat\/ca\/wp-json\/wp\/v2\/types\/post"}],"author":[{"embeddable":true,"href":"https:\/\/gastronomicament.cat\/ca\/wp-json\/wp\/v2\/users\/1"}],"replies":[{"embeddable":true,"href":"https:\/\/gastronomicament.cat\/ca\/wp-json\/wp\/v2\/comments?post=27886"}],"version-history":[{"count":0,"href":"https:\/\/gastronomicament.cat\/ca\/wp-json\/wp\/v2\/posts\/27886\/revisions"}],"wp:featuredmedia":[{"embeddable":true,"href":"https:\/\/gastronomicament.cat\/ca\/wp-json\/wp\/v2\/media\/27887"}],"wp:attachment":[{"href":"https:\/\/gastronomicament.cat\/ca\/wp-json\/wp\/v2\/media?parent=27886"}],"wp:term":[{"taxonomy":"category","embeddable":true,"href":"https:\/\/gastronomicament.cat\/ca\/wp-json\/wp\/v2\/categories?post=27886"},{"taxonomy":"post_tag","embeddable":true,"href":"https:\/\/gastronomicament.cat\/ca\/wp-json\/wp\/v2\/tags?post=27886"},{"taxonomy":"author","embeddable":true,"href":"https:\/\/gastronomicament.cat\/ca\/wp-json\/wp\/v2\/coauthors?post=27886"}],"curies":[{"name":"wp","href":"https:\/\/api.w.org\/{rel}","templated":true}]}}