{"id":27956,"date":"2021-01-14T10:52:50","date_gmt":"2021-01-14T09:52:50","guid":{"rendered":"https:\/\/gastronomicament.cat\/?p=27956"},"modified":"2022-04-07T11:15:29","modified_gmt":"2022-04-07T09:15:29","slug":"nou-llibre-de-receptes-de-la-serra-de-tramuntana","status":"publish","type":"post","link":"https:\/\/gastronomicament.cat\/ca\/nou-llibre-de-receptes-de-la-serra-de-tramuntana","title":{"rendered":"Nou llibre de receptes de la Serra de Tramuntana"},"content":{"rendered":"<p>L&#8217;associaci\u00f3 Tramuntana XXI acaba de publicar el llibre<strong><em>\u00a0Receptes de la Serra de Tramuntana<\/em><\/strong>. L&#8217;obra\u00a0<strong>recull les receptes de 16 ve\u00efnats<\/strong>\u00a0dels municipis que en formen part, unes elaboracions en les quals hi expliquen els aliments de la Serra que hi utilitzen a m\u00e9s de la hist\u00f2ria del plat.<\/p>\n<p><strong>Marta Ferriol<\/strong>\u00a0i\u00a0<strong>Margalida Mulet<\/strong>, coordinadores del llibre i membres de l&#8217;entitat, expliquen que d&#8217;aquesta manera volen fomentar el producte local i reivindicar les receptes tradicions, que sovint es troben en perill d&#8217;extinci\u00f3.<\/p>\n<p><strong>Antropologia i cuina<\/strong><\/p>\n<p>&#8220;Hi ha plats tradicionals, elaborats de generaci\u00f3 en generaci\u00f3&#8221;, apunten Mulet i Ferriol. Bona mostra d&#8217;aix\u00f2 \u00e9s la recepta de Magdalena Pascual, de Pollen\u00e7a, qui hi presenta una formatjada, una pasta dol\u00e7a t\u00edpica que es menja en aquest municipi en temps de Pasqua: &#8220;Les formatjades estan presents a casa des de fa m\u00e9s de 4 generacions, -explica Pascual-. De fet el motlle que emprarem era de la meva bes\u00e0via Esperan\u00e7a Bauz\u00e0 Salas de la Taverna Nova, nascuda el 1879&#8221;.<\/p>\n<p>Tamb\u00e9 hi trobam\u00a0plats que no es troben a restaurant i que s\u00f3n un aut\u00e8ntic tresor i plaer gastron\u00f2mic, com les faves escaldines que presenta Margalida Picornell; un plat de subsist\u00e8ncia i de producte de temporada transm\u00e8s de generaci\u00f3 en generaci\u00f3.<\/p>\n<p>A continuaci\u00f3, podeu consultar la llista de les receptes i l&#8217;autoria<\/p>\n<ul>\n<li>Sopes de Nadal, de les\u00a0<strong>germanes Ripoll<\/strong>, de Dei\u00e0<\/li>\n<li>Sopes de Nadal, d&#8217;<strong>Aina Oliver<\/strong>, de S\u00f3ller<\/li>\n<li>Sopes de carboner, de\u00a0<strong>Maria Pascua<\/strong>l, de Bunyola<\/li>\n<li>Sopes de matances, de\u00a0<strong>Margalida Bibiloni<\/strong>, de Pollen\u00e7a<\/li>\n<li>Baldana de me rostida amb codony, de\u00a0<strong>Pep Socies<\/strong>, de Pollen\u00e7a<\/li>\n<li>Xot al forn de llenya, de\u00a0<strong>Mariona R\u00e0fols<\/strong>, d&#8217;Estellencs<\/li>\n<li>Porcella amb anf\u00f2s, de\u00a0<strong>Toni Cuco<\/strong><\/li>\n<li>Butxetes de tords, de\u00a0<strong>Laura Estar\u00e0s i Marita Boscana<\/strong>, de Valldemossa<\/li>\n<li>Calamar de potera farcit d&#8217;esclata-sangs i verdures amb salsa de tinta i murtons, de\u00a0<strong>Llu\u00eds Cardell<\/strong>, de S\u00f3ller<\/li>\n<li>Faves escaldines, de\u00a0<strong>Margalida Picornell<\/strong>, de Banyalbufar<\/li>\n<li>Frit de pastanagues safarn\u00e0ries, de\u00a0<strong>Bel Pasqual<\/strong>, de Santa Maria del Cam\u00ed<\/li>\n<li>Ous de cals padrins, d&#8217;<strong>Al\u00edcia Oliver<\/strong>, de Fornalutx<\/li>\n<li>Pancuit, d&#8217;<strong>Andreu Barcel\u00f3<\/strong>, de Fornalutx)<\/li>\n<li>Formatjada, de\u00a0<strong>Magdalena Pascual<\/strong>, de Pollen\u00e7a<\/li>\n<li>Formatjada, de\u00a0<strong>Marina Cerd\u00e0<\/strong>, de Pollen\u00e7a<\/li>\n<li>Ous a la neu, d&#8217;<strong>Eva Cerd\u00e0<\/strong>, de Pollen\u00e7a<\/li>\n<\/ul>\n<p>Podeu descarregar el llibre\u00a0<a href=\"https:\/\/gastronomicament.cat\/wp-content\/uploads\/2021\/Receptari-Serra-FINAL.pdf\" target=\"_blank\" rel=\"noopener\"><strong><em>Receptes de la Serra de Tramuntana<\/em>\u00a0aqu\u00ed<\/strong><\/a>.<\/p>\n","protected":false},"excerpt":{"rendered":"<p>L&#8217;obra\u00a0recull les receptes de 16 ve\u00efnats\u00a0dels municipis que en formen part, unes elaboracions en les quals&hellip;<\/p>\n","protected":false},"author":1,"featured_media":27957,"comment_status":"open","ping_status":"closed","sticky":false,"template":"","format":"gallery","meta":{"_acf_changed":false,"_swt_meta_header_display":false,"_swt_meta_footer_display":false,"_swt_meta_site_title_display":false,"_swt_meta_sticky_header":false,"_swt_meta_transparent_header":false,"footnotes":""},"categories":[692,955],"tags":[],"coauthors":[],"class_list":["post-27956","post","type-post","status-publish","format-gallery","has-post-thumbnail","hentry","category-actualitat","category-reportatges-i-novetats","post_format-post-format-gallery"],"acf":{"gallery":null,"home_date":{"home_begin_date":null,"home_end_date":null}},"yoast_head":"<!-- This site is optimized with the Yoast SEO plugin v27.4 - https:\/\/yoast.com\/product\/yoast-seo-wordpress\/ -->\n<title>Nou llibre de receptes de la Serra de Tramuntana - Gastron\u00f2micament<\/title>\n<meta name=\"description\" content=\"Nou llibre de receptes de la Serra de Tramuntana Actualitat, Reportatges i novetats L&#039;obra\u00a0recull les receptes de 16 ve\u00efnats\u00a0dels municipis que en formen part, unes elaboracions en les quals hi expliquen els aliments de la Serra que hi utilitzen a m\u00e9s de la hist\u00f2ria del plat\" \/>\n<meta name=\"robots\" content=\"index, follow, max-snippet:-1, max-image-preview:large, max-video-preview:-1\" \/>\n<link rel=\"canonical\" href=\"https:\/\/gastronomicament.cat\/ca\/nou-llibre-de-receptes-de-la-serra-de-tramuntana\" \/>\n<meta property=\"og:locale\" content=\"ca_ES\" \/>\n<meta property=\"og:type\" content=\"article\" \/>\n<meta property=\"og:title\" content=\"Nou llibre de receptes de la Serra de Tramuntana - Gastron\u00f2micament\" \/>\n<meta property=\"og:description\" content=\"Nou llibre de receptes de la Serra de Tramuntana Actualitat, Reportatges i novetats L&#039;obra\u00a0recull les receptes de 16 ve\u00efnats\u00a0dels municipis que en formen part, unes elaboracions en les quals hi expliquen els aliments de la Serra que hi utilitzen a m\u00e9s de la hist\u00f2ria del plat\" \/>\n<meta property=\"og:url\" content=\"https:\/\/gastronomicament.cat\/ca\/nou-llibre-de-receptes-de-la-serra-de-tramuntana\" \/>\n<meta property=\"og:site_name\" content=\"Gastron\u00f2micament\" \/>\n<meta property=\"article:published_time\" content=\"2021-01-14T09:52:50+00:00\" \/>\n<meta property=\"article:modified_time\" content=\"2022-04-07T09:15:29+00:00\" \/>\n<meta property=\"og:image\" content=\"https:\/\/gastronomicament.cat\/wp-content\/uploads\/2021\/01\/Receptes-de-la-Serra-de-Tramuntana.jpg\" \/>\n\t<meta property=\"og:image:width\" content=\"1264\" \/>\n\t<meta property=\"og:image:height\" content=\"735\" \/>\n\t<meta property=\"og:image:type\" content=\"image\/jpeg\" \/>\n<meta name=\"author\" content=\"Redacci\u00f3\" \/>\n<meta name=\"twitter:card\" content=\"summary_large_image\" \/>\n<meta name=\"twitter:creator\" content=\"@gastronomicamen\" \/>\n<meta name=\"twitter:site\" content=\"@gastronomicamen\" \/>\n<meta name=\"twitter:label1\" content=\"Written by\" \/>\n\t<meta name=\"twitter:data1\" content=\"Redacci\u00f3\" \/>\n\t<meta name=\"twitter:label2\" content=\"Est. reading time\" \/>\n\t<meta name=\"twitter:data2\" content=\"2 minutes\" \/>\n<script type=\"application\/ld+json\" class=\"yoast-schema-graph\">{\"@context\":\"https:\\\/\\\/schema.org\",\"@graph\":[{\"@type\":\"Article\",\"@id\":\"https:\\\/\\\/gastronomicament.cat\\\/ca\\\/nou-llibre-de-receptes-de-la-serra-de-tramuntana#article\",\"isPartOf\":{\"@id\":\"https:\\\/\\\/gastronomicament.cat\\\/ca\\\/nou-llibre-de-receptes-de-la-serra-de-tramuntana\"},\"author\":{\"name\":\"Redacci\u00f3\",\"@id\":\"https:\\\/\\\/gastronomicament.cat\\\/ca\\\/#\\\/schema\\\/person\\\/a7c85c537a1ed62799a5b8e0f686a37f\"},\"headline\":\"Nou llibre de receptes de la Serra de Tramuntana\",\"datePublished\":\"2021-01-14T09:52:50+00:00\",\"dateModified\":\"2022-04-07T09:15:29+00:00\",\"mainEntityOfPage\":{\"@id\":\"https:\\\/\\\/gastronomicament.cat\\\/ca\\\/nou-llibre-de-receptes-de-la-serra-de-tramuntana\"},\"wordCount\":399,\"commentCount\":1,\"publisher\":{\"@id\":\"https:\\\/\\\/gastronomicament.cat\\\/ca\\\/#organization\"},\"image\":{\"@id\":\"https:\\\/\\\/gastronomicament.cat\\\/ca\\\/nou-llibre-de-receptes-de-la-serra-de-tramuntana#primaryimage\"},\"thumbnailUrl\":\"https:\\\/\\\/gastronomicament.cat\\\/wp-content\\\/uploads\\\/2021\\\/01\\\/Receptes-de-la-Serra-de-Tramuntana.jpg\",\"articleSection\":[\"Actualitat\",\"Reportatges i novetats\"],\"inLanguage\":\"ca-ES\",\"potentialAction\":[{\"@type\":\"CommentAction\",\"name\":\"Comment\",\"target\":[\"https:\\\/\\\/gastronomicament.cat\\\/ca\\\/nou-llibre-de-receptes-de-la-serra-de-tramuntana#respond\"]}]},{\"@type\":\"WebPage\",\"@id\":\"https:\\\/\\\/gastronomicament.cat\\\/ca\\\/nou-llibre-de-receptes-de-la-serra-de-tramuntana\",\"url\":\"https:\\\/\\\/gastronomicament.cat\\\/ca\\\/nou-llibre-de-receptes-de-la-serra-de-tramuntana\",\"name\":\"Nou llibre de receptes de la Serra de Tramuntana - Gastron\u00f2micament\",\"isPartOf\":{\"@id\":\"https:\\\/\\\/gastronomicament.cat\\\/ca\\\/#website\"},\"primaryImageOfPage\":{\"@id\":\"https:\\\/\\\/gastronomicament.cat\\\/ca\\\/nou-llibre-de-receptes-de-la-serra-de-tramuntana#primaryimage\"},\"image\":{\"@id\":\"https:\\\/\\\/gastronomicament.cat\\\/ca\\\/nou-llibre-de-receptes-de-la-serra-de-tramuntana#primaryimage\"},\"thumbnailUrl\":\"https:\\\/\\\/gastronomicament.cat\\\/wp-content\\\/uploads\\\/2021\\\/01\\\/Receptes-de-la-Serra-de-Tramuntana.jpg\",\"datePublished\":\"2021-01-14T09:52:50+00:00\",\"dateModified\":\"2022-04-07T09:15:29+00:00\",\"description\":\"Nou llibre de receptes de la Serra de Tramuntana Actualitat, Reportatges i novetats L'obra\u00a0recull les receptes de 16 ve\u00efnats\u00a0dels municipis que en formen part, unes elaboracions en les quals hi expliquen els aliments de la Serra que hi utilitzen a m\u00e9s de la hist\u00f2ria del plat\",\"inLanguage\":\"ca-ES\",\"potentialAction\":[{\"@type\":\"ReadAction\",\"target\":[\"https:\\\/\\\/gastronomicament.cat\\\/ca\\\/nou-llibre-de-receptes-de-la-serra-de-tramuntana\"]}]},{\"@type\":\"ImageObject\",\"inLanguage\":\"ca-ES\",\"@id\":\"https:\\\/\\\/gastronomicament.cat\\\/ca\\\/nou-llibre-de-receptes-de-la-serra-de-tramuntana#primaryimage\",\"url\":\"https:\\\/\\\/gastronomicament.cat\\\/wp-content\\\/uploads\\\/2021\\\/01\\\/Receptes-de-la-Serra-de-Tramuntana.jpg\",\"contentUrl\":\"https:\\\/\\\/gastronomicament.cat\\\/wp-content\\\/uploads\\\/2021\\\/01\\\/Receptes-de-la-Serra-de-Tramuntana.jpg\",\"width\":1264,\"height\":735},{\"@type\":\"WebSite\",\"@id\":\"https:\\\/\\\/gastronomicament.cat\\\/ca\\\/#website\",\"url\":\"https:\\\/\\\/gastronomicament.cat\\\/ca\\\/\",\"name\":\"Gastron\u00f2micament\",\"description\":\"Portal de restaurants, receptes i actualitat gastron\u00f2mica\",\"publisher\":{\"@id\":\"https:\\\/\\\/gastronomicament.cat\\\/ca\\\/#organization\"},\"potentialAction\":[{\"@type\":\"SearchAction\",\"target\":{\"@type\":\"EntryPoint\",\"urlTemplate\":\"https:\\\/\\\/gastronomicament.cat\\\/ca\\\/?s={search_term_string}\"},\"query-input\":{\"@type\":\"PropertyValueSpecification\",\"valueRequired\":true,\"valueName\":\"search_term_string\"}}],\"inLanguage\":\"ca-ES\"},{\"@type\":\"Organization\",\"@id\":\"https:\\\/\\\/gastronomicament.cat\\\/ca\\\/#organization\",\"name\":\"Gastron\u00f2micament\",\"url\":\"https:\\\/\\\/gastronomicament.cat\\\/ca\\\/\",\"logo\":{\"@type\":\"ImageObject\",\"inLanguage\":\"ca-ES\",\"@id\":\"https:\\\/\\\/gastronomicament.cat\\\/ca\\\/#\\\/schema\\\/logo\\\/image\\\/\",\"url\":\"https:\\\/\\\/gastronomicament.cat\\\/wp-content\\\/uploads\\\/2016\\\/09\\\/header-logo.jpg\",\"contentUrl\":\"https:\\\/\\\/gastronomicament.cat\\\/wp-content\\\/uploads\\\/2016\\\/09\\\/header-logo.jpg\",\"width\":277,\"height\":39,\"caption\":\"Gastron\u00f2micament\"},\"image\":{\"@id\":\"https:\\\/\\\/gastronomicament.cat\\\/ca\\\/#\\\/schema\\\/logo\\\/image\\\/\"},\"sameAs\":[\"https:\\\/\\\/x.com\\\/gastronomicamen\"]},{\"@type\":\"Person\",\"@id\":\"https:\\\/\\\/gastronomicament.cat\\\/ca\\\/#\\\/schema\\\/person\\\/a7c85c537a1ed62799a5b8e0f686a37f\",\"name\":\"Redacci\u00f3\",\"image\":{\"@type\":\"ImageObject\",\"inLanguage\":\"ca-ES\",\"@id\":\"https:\\\/\\\/secure.gravatar.com\\\/avatar\\\/9489a485c464fd611d33825daae651d13db70c4e74c65c94937a15a9d4c3ee14?s=96&d=mm&r=g69fea3cce3645dfa2166e7293e22955e\",\"url\":\"https:\\\/\\\/secure.gravatar.com\\\/avatar\\\/9489a485c464fd611d33825daae651d13db70c4e74c65c94937a15a9d4c3ee14?s=96&d=mm&r=g\",\"contentUrl\":\"https:\\\/\\\/secure.gravatar.com\\\/avatar\\\/9489a485c464fd611d33825daae651d13db70c4e74c65c94937a15a9d4c3ee14?s=96&d=mm&r=g\",\"caption\":\"Redacci\u00f3\"},\"sameAs\":[\"http:\\\/\\\/gastronomicament.cat\"],\"url\":\"https:\\\/\\\/gastronomicament.cat\\\/ca\\\/author\\\/admin\"}]}<\/script>\n<!-- \/ Yoast SEO plugin. -->","yoast_head_json":{"title":"Nou llibre de receptes de la Serra de Tramuntana - Gastron\u00f2micament","description":"Nou llibre de receptes de la Serra de Tramuntana Actualitat, Reportatges i novetats L'obra\u00a0recull les receptes de 16 ve\u00efnats\u00a0dels municipis que en formen part, unes elaboracions en les quals hi expliquen els aliments de la Serra que hi utilitzen a m\u00e9s de la hist\u00f2ria del plat","robots":{"index":"index","follow":"follow","max-snippet":"max-snippet:-1","max-image-preview":"max-image-preview:large","max-video-preview":"max-video-preview:-1"},"canonical":"https:\/\/gastronomicament.cat\/ca\/nou-llibre-de-receptes-de-la-serra-de-tramuntana","og_locale":"ca_ES","og_type":"article","og_title":"Nou llibre de receptes de la Serra de Tramuntana - Gastron\u00f2micament","og_description":"Nou llibre de receptes de la Serra de Tramuntana Actualitat, Reportatges i novetats L'obra\u00a0recull les receptes de 16 ve\u00efnats\u00a0dels municipis que en formen part, unes elaboracions en les quals hi expliquen els aliments de la Serra que hi utilitzen a m\u00e9s de la hist\u00f2ria del plat","og_url":"https:\/\/gastronomicament.cat\/ca\/nou-llibre-de-receptes-de-la-serra-de-tramuntana","og_site_name":"Gastron\u00f2micament","article_published_time":"2021-01-14T09:52:50+00:00","article_modified_time":"2022-04-07T09:15:29+00:00","og_image":[{"width":1264,"height":735,"url":"https:\/\/gastronomicament.cat\/wp-content\/uploads\/2021\/01\/Receptes-de-la-Serra-de-Tramuntana.jpg","type":"image\/jpeg"}],"author":"Redacci\u00f3","twitter_card":"summary_large_image","twitter_creator":"@gastronomicamen","twitter_site":"@gastronomicamen","twitter_misc":{"Written by":"Redacci\u00f3","Est. reading time":"2 minutes"},"schema":{"@context":"https:\/\/schema.org","@graph":[{"@type":"Article","@id":"https:\/\/gastronomicament.cat\/ca\/nou-llibre-de-receptes-de-la-serra-de-tramuntana#article","isPartOf":{"@id":"https:\/\/gastronomicament.cat\/ca\/nou-llibre-de-receptes-de-la-serra-de-tramuntana"},"author":{"name":"Redacci\u00f3","@id":"https:\/\/gastronomicament.cat\/ca\/#\/schema\/person\/a7c85c537a1ed62799a5b8e0f686a37f"},"headline":"Nou llibre de receptes de la Serra de Tramuntana","datePublished":"2021-01-14T09:52:50+00:00","dateModified":"2022-04-07T09:15:29+00:00","mainEntityOfPage":{"@id":"https:\/\/gastronomicament.cat\/ca\/nou-llibre-de-receptes-de-la-serra-de-tramuntana"},"wordCount":399,"commentCount":1,"publisher":{"@id":"https:\/\/gastronomicament.cat\/ca\/#organization"},"image":{"@id":"https:\/\/gastronomicament.cat\/ca\/nou-llibre-de-receptes-de-la-serra-de-tramuntana#primaryimage"},"thumbnailUrl":"https:\/\/gastronomicament.cat\/wp-content\/uploads\/2021\/01\/Receptes-de-la-Serra-de-Tramuntana.jpg","articleSection":["Actualitat","Reportatges i novetats"],"inLanguage":"ca-ES","potentialAction":[{"@type":"CommentAction","name":"Comment","target":["https:\/\/gastronomicament.cat\/ca\/nou-llibre-de-receptes-de-la-serra-de-tramuntana#respond"]}]},{"@type":"WebPage","@id":"https:\/\/gastronomicament.cat\/ca\/nou-llibre-de-receptes-de-la-serra-de-tramuntana","url":"https:\/\/gastronomicament.cat\/ca\/nou-llibre-de-receptes-de-la-serra-de-tramuntana","name":"Nou llibre de receptes de la Serra de Tramuntana - Gastron\u00f2micament","isPartOf":{"@id":"https:\/\/gastronomicament.cat\/ca\/#website"},"primaryImageOfPage":{"@id":"https:\/\/gastronomicament.cat\/ca\/nou-llibre-de-receptes-de-la-serra-de-tramuntana#primaryimage"},"image":{"@id":"https:\/\/gastronomicament.cat\/ca\/nou-llibre-de-receptes-de-la-serra-de-tramuntana#primaryimage"},"thumbnailUrl":"https:\/\/gastronomicament.cat\/wp-content\/uploads\/2021\/01\/Receptes-de-la-Serra-de-Tramuntana.jpg","datePublished":"2021-01-14T09:52:50+00:00","dateModified":"2022-04-07T09:15:29+00:00","description":"Nou llibre de receptes de la Serra de Tramuntana Actualitat, Reportatges i novetats L'obra\u00a0recull les receptes de 16 ve\u00efnats\u00a0dels municipis que en formen part, unes elaboracions en les quals hi expliquen els aliments de la Serra que hi utilitzen a m\u00e9s de la hist\u00f2ria del plat","inLanguage":"ca-ES","potentialAction":[{"@type":"ReadAction","target":["https:\/\/gastronomicament.cat\/ca\/nou-llibre-de-receptes-de-la-serra-de-tramuntana"]}]},{"@type":"ImageObject","inLanguage":"ca-ES","@id":"https:\/\/gastronomicament.cat\/ca\/nou-llibre-de-receptes-de-la-serra-de-tramuntana#primaryimage","url":"https:\/\/gastronomicament.cat\/wp-content\/uploads\/2021\/01\/Receptes-de-la-Serra-de-Tramuntana.jpg","contentUrl":"https:\/\/gastronomicament.cat\/wp-content\/uploads\/2021\/01\/Receptes-de-la-Serra-de-Tramuntana.jpg","width":1264,"height":735},{"@type":"WebSite","@id":"https:\/\/gastronomicament.cat\/ca\/#website","url":"https:\/\/gastronomicament.cat\/ca\/","name":"Gastron\u00f2micament","description":"Portal de restaurants, receptes i actualitat gastron\u00f2mica","publisher":{"@id":"https:\/\/gastronomicament.cat\/ca\/#organization"},"potentialAction":[{"@type":"SearchAction","target":{"@type":"EntryPoint","urlTemplate":"https:\/\/gastronomicament.cat\/ca\/?s={search_term_string}"},"query-input":{"@type":"PropertyValueSpecification","valueRequired":true,"valueName":"search_term_string"}}],"inLanguage":"ca-ES"},{"@type":"Organization","@id":"https:\/\/gastronomicament.cat\/ca\/#organization","name":"Gastron\u00f2micament","url":"https:\/\/gastronomicament.cat\/ca\/","logo":{"@type":"ImageObject","inLanguage":"ca-ES","@id":"https:\/\/gastronomicament.cat\/ca\/#\/schema\/logo\/image\/","url":"https:\/\/gastronomicament.cat\/wp-content\/uploads\/2016\/09\/header-logo.jpg","contentUrl":"https:\/\/gastronomicament.cat\/wp-content\/uploads\/2016\/09\/header-logo.jpg","width":277,"height":39,"caption":"Gastron\u00f2micament"},"image":{"@id":"https:\/\/gastronomicament.cat\/ca\/#\/schema\/logo\/image\/"},"sameAs":["https:\/\/x.com\/gastronomicamen"]},{"@type":"Person","@id":"https:\/\/gastronomicament.cat\/ca\/#\/schema\/person\/a7c85c537a1ed62799a5b8e0f686a37f","name":"Redacci\u00f3","image":{"@type":"ImageObject","inLanguage":"ca-ES","@id":"https:\/\/secure.gravatar.com\/avatar\/9489a485c464fd611d33825daae651d13db70c4e74c65c94937a15a9d4c3ee14?s=96&d=mm&r=g69fea3cce3645dfa2166e7293e22955e","url":"https:\/\/secure.gravatar.com\/avatar\/9489a485c464fd611d33825daae651d13db70c4e74c65c94937a15a9d4c3ee14?s=96&d=mm&r=g","contentUrl":"https:\/\/secure.gravatar.com\/avatar\/9489a485c464fd611d33825daae651d13db70c4e74c65c94937a15a9d4c3ee14?s=96&d=mm&r=g","caption":"Redacci\u00f3"},"sameAs":["http:\/\/gastronomicament.cat"],"url":"https:\/\/gastronomicament.cat\/ca\/author\/admin"}]}},"_links":{"self":[{"href":"https:\/\/gastronomicament.cat\/ca\/wp-json\/wp\/v2\/posts\/27956","targetHints":{"allow":["GET"]}}],"collection":[{"href":"https:\/\/gastronomicament.cat\/ca\/wp-json\/wp\/v2\/posts"}],"about":[{"href":"https:\/\/gastronomicament.cat\/ca\/wp-json\/wp\/v2\/types\/post"}],"author":[{"embeddable":true,"href":"https:\/\/gastronomicament.cat\/ca\/wp-json\/wp\/v2\/users\/1"}],"replies":[{"embeddable":true,"href":"https:\/\/gastronomicament.cat\/ca\/wp-json\/wp\/v2\/comments?post=27956"}],"version-history":[{"count":0,"href":"https:\/\/gastronomicament.cat\/ca\/wp-json\/wp\/v2\/posts\/27956\/revisions"}],"wp:featuredmedia":[{"embeddable":true,"href":"https:\/\/gastronomicament.cat\/ca\/wp-json\/wp\/v2\/media\/27957"}],"wp:attachment":[{"href":"https:\/\/gastronomicament.cat\/ca\/wp-json\/wp\/v2\/media?parent=27956"}],"wp:term":[{"taxonomy":"category","embeddable":true,"href":"https:\/\/gastronomicament.cat\/ca\/wp-json\/wp\/v2\/categories?post=27956"},{"taxonomy":"post_tag","embeddable":true,"href":"https:\/\/gastronomicament.cat\/ca\/wp-json\/wp\/v2\/tags?post=27956"},{"taxonomy":"author","embeddable":true,"href":"https:\/\/gastronomicament.cat\/ca\/wp-json\/wp\/v2\/coauthors?post=27956"}],"curies":[{"name":"wp","href":"https:\/\/api.w.org\/{rel}","templated":true}]}}