{"id":28388,"date":"2021-02-24T12:41:47","date_gmt":"2021-02-24T11:41:47","guid":{"rendered":"https:\/\/gastronomicament.cat\/?p=28388"},"modified":"2022-04-07T11:15:37","modified_gmt":"2022-04-07T09:15:37","slug":"curs-de-cultiu-ecologic-de-citrics","status":"publish","type":"post","link":"https:\/\/gastronomicament.cat\/ca\/curs-de-cultiu-ecologic-de-citrics","title":{"rendered":"Curs de cultiu ecol\u00f2gic de c\u00edtrics"},"content":{"rendered":"<p>La formaci\u00f3 sempre \u00e9s necess\u00e0ria, tamb\u00e9 per a les tasques del camp. Per aquest motiu, l&#8217;Associaci\u00f3 de Producci\u00f3 Agr\u00e0ria Ecol\u00f2gica de Mallorca (APAEMA) ha organitzat el\u00a0<strong>Curs de cultiu ecol\u00f2gic de c\u00edtrics<\/strong>. Aquesta activitat es far\u00e0\u00a0<strong>virtualment\u00a0<\/strong>els dies<strong>\u00a02, 3 i 4 de mar\u00e7 de 2021<\/strong>,\u00a0<strong>de 17 a 20 hores<\/strong>,<strong>\u00a0<\/strong>i t\u00e9 com a objectiu donar a con\u00e8ixer el cultiu dels c\u00edtrics i les peculiaritats de la gesti\u00f3 en ecol\u00f2gic.<\/p>\n<p>S&#8217;hi tractaran\u00a0<strong>les pautes que s&#8217;han de seguir per iniciar una nova plantaci\u00f3<\/strong>, com tamb\u00e9 es parlar\u00e0 sobre\u00a0<strong>com s&#8217;han de gestionar les plantacions existents<\/strong>. Tamb\u00e9 es parlar\u00e0 sobre la\u00a0<strong>fertilitzaci\u00f3 i el maneig del s\u00f2l<\/strong>, el reg, les bardisses, les cobertes i<strong>\u00a0adobs en verd<\/strong>, a m\u00e9s del\u00a0<strong>control de plagues<\/strong>\u00a0i\u00a0<strong>malalties\u00a0<\/strong>i les varietats i portaempelts a destacar.<\/p>\n<p>L&#8217;encarregat d&#8217;impartir-lo ser\u00e0\u00a0<strong>Alfons Dom\u00ednguez Gento<\/strong>, enginyer agr\u00edcola de l&#8217;estaci\u00f3 d&#8217;experimentaci\u00f3 agr\u00e0ria de Carcaixent (Pa\u00eds Valenci\u00e0).<\/p>\n<p>El curs s&#8217;adre\u00e7a a dones i joves pagesos, com tamb\u00e9 a professionals agraris, t\u00e8cnics i a tota persona interessada en la tem\u00e0tica vinculada al m\u00f3n agrari. Les\u00a0<strong>inscripcions\u00a0<\/strong>s&#8217;han de fer\u00a0<strong><a href=\"https:\/\/docs.google.com\/forms\/d\/e\/1FAIpQLSfD4HiJSQ9X-dy_89zTWDKEw6MD0bB6B9I7JLAjNpEd0Za-ZQ\/viewform\" rel=\"nofollow\">aqu\u00ed<\/a><\/strong>.<\/p>\n","protected":false},"excerpt":{"rendered":"<p>L&#8217;Associaci\u00f3 de Producci\u00f3 Agr\u00e0ria Ecol\u00f2gica de Mallorca (APAEMA) ha organitzat el\u00a0Curs de cultiu ecol\u00f2gic de c\u00edtrics.&hellip;<\/p>\n","protected":false},"author":1,"featured_media":28389,"comment_status":"open","ping_status":"closed","sticky":false,"template":"","format":"standard","meta":{"_acf_changed":false,"_swt_meta_header_display":false,"_swt_meta_footer_display":false,"_swt_meta_site_title_display":false,"_swt_meta_sticky_header":false,"_swt_meta_transparent_header":false,"footnotes":""},"categories":[692,778],"tags":[],"coauthors":[],"class_list":["post-28388","post","type-post","status-publish","format-standard","has-post-thumbnail","hentry","category-actualitat","category-cursos-i-tallers"],"acf":{"gallery":null,"home_date":{"home_begin_date":null,"home_end_date":null}},"yoast_head":"<!-- This site is optimized with the Yoast SEO plugin v27.4 - https:\/\/yoast.com\/product\/yoast-seo-wordpress\/ -->\n<title>Curs de cultiu ecol\u00f2gic de c\u00edtrics - Gastron\u00f2micament<\/title>\n<meta name=\"description\" content=\"Curs de cultiu ecol\u00f2gic de c\u00edtrics Actualitat, Cursos i tallers L&#039;Associaci\u00f3 de Producci\u00f3 Agr\u00e0ria Ecol\u00f2gica de Mallorca (APAEMA) ha organitzat el\u00a0Curs de cultiu ecol\u00f2gic de c\u00edtrics. Aquesta activitat es far\u00e0\u00a0virtualment\u00a0els dies\u00a02, 3 i 4 de mar\u00e7 de 2021\" \/>\n<meta name=\"robots\" content=\"index, follow, max-snippet:-1, max-image-preview:large, max-video-preview:-1\" \/>\n<link rel=\"canonical\" href=\"https:\/\/gastronomicament.cat\/ca\/curs-de-cultiu-ecologic-de-citrics\" \/>\n<meta property=\"og:locale\" content=\"ca_ES\" \/>\n<meta property=\"og:type\" content=\"article\" \/>\n<meta property=\"og:title\" content=\"Curs de cultiu ecol\u00f2gic de c\u00edtrics - Gastron\u00f2micament\" \/>\n<meta property=\"og:description\" content=\"Curs de cultiu ecol\u00f2gic de c\u00edtrics Actualitat, Cursos i tallers L&#039;Associaci\u00f3 de Producci\u00f3 Agr\u00e0ria Ecol\u00f2gica de Mallorca (APAEMA) ha organitzat el\u00a0Curs de cultiu ecol\u00f2gic de c\u00edtrics. Aquesta activitat es far\u00e0\u00a0virtualment\u00a0els dies\u00a02, 3 i 4 de mar\u00e7 de 2021\" \/>\n<meta property=\"og:url\" content=\"https:\/\/gastronomicament.cat\/ca\/curs-de-cultiu-ecologic-de-citrics\" \/>\n<meta property=\"og:site_name\" content=\"Gastron\u00f2micament\" \/>\n<meta property=\"article:published_time\" content=\"2021-02-24T11:41:47+00:00\" \/>\n<meta property=\"article:modified_time\" content=\"2022-04-07T09:15:37+00:00\" \/>\n<meta property=\"og:image\" content=\"https:\/\/gastronomicament.cat\/wp-content\/uploads\/2021\/02\/citrics-mallorca.jpg\" \/>\n\t<meta property=\"og:image:width\" content=\"900\" \/>\n\t<meta property=\"og:image:height\" content=\"476\" \/>\n\t<meta property=\"og:image:type\" content=\"image\/jpeg\" \/>\n<meta name=\"author\" content=\"Redacci\u00f3\" \/>\n<meta name=\"twitter:card\" content=\"summary_large_image\" \/>\n<meta name=\"twitter:creator\" content=\"@gastronomicamen\" \/>\n<meta name=\"twitter:site\" content=\"@gastronomicamen\" \/>\n<meta name=\"twitter:label1\" content=\"Written by\" \/>\n\t<meta name=\"twitter:data1\" content=\"Redacci\u00f3\" \/>\n\t<meta name=\"twitter:label2\" content=\"Est. reading time\" \/>\n\t<meta name=\"twitter:data2\" content=\"1 minute\" \/>\n<script type=\"application\/ld+json\" class=\"yoast-schema-graph\">{\"@context\":\"https:\\\/\\\/schema.org\",\"@graph\":[{\"@type\":\"Article\",\"@id\":\"https:\\\/\\\/gastronomicament.cat\\\/ca\\\/curs-de-cultiu-ecologic-de-citrics#article\",\"isPartOf\":{\"@id\":\"https:\\\/\\\/gastronomicament.cat\\\/ca\\\/curs-de-cultiu-ecologic-de-citrics\"},\"author\":{\"name\":\"Redacci\u00f3\",\"@id\":\"https:\\\/\\\/gastronomicament.cat\\\/ca\\\/#\\\/schema\\\/person\\\/a7c85c537a1ed62799a5b8e0f686a37f\"},\"headline\":\"Curs de cultiu ecol\u00f2gic de c\u00edtrics\",\"datePublished\":\"2021-02-24T11:41:47+00:00\",\"dateModified\":\"2022-04-07T09:15:37+00:00\",\"mainEntityOfPage\":{\"@id\":\"https:\\\/\\\/gastronomicament.cat\\\/ca\\\/curs-de-cultiu-ecologic-de-citrics\"},\"wordCount\":201,\"commentCount\":0,\"publisher\":{\"@id\":\"https:\\\/\\\/gastronomicament.cat\\\/ca\\\/#organization\"},\"image\":{\"@id\":\"https:\\\/\\\/gastronomicament.cat\\\/ca\\\/curs-de-cultiu-ecologic-de-citrics#primaryimage\"},\"thumbnailUrl\":\"https:\\\/\\\/gastronomicament.cat\\\/wp-content\\\/uploads\\\/2021\\\/02\\\/citrics-mallorca.jpg\",\"articleSection\":[\"Actualitat\",\"Cursos i tallers\"],\"inLanguage\":\"ca-ES\",\"potentialAction\":[{\"@type\":\"CommentAction\",\"name\":\"Comment\",\"target\":[\"https:\\\/\\\/gastronomicament.cat\\\/ca\\\/curs-de-cultiu-ecologic-de-citrics#respond\"]}]},{\"@type\":\"WebPage\",\"@id\":\"https:\\\/\\\/gastronomicament.cat\\\/ca\\\/curs-de-cultiu-ecologic-de-citrics\",\"url\":\"https:\\\/\\\/gastronomicament.cat\\\/ca\\\/curs-de-cultiu-ecologic-de-citrics\",\"name\":\"Curs de cultiu ecol\u00f2gic de c\u00edtrics - Gastron\u00f2micament\",\"isPartOf\":{\"@id\":\"https:\\\/\\\/gastronomicament.cat\\\/ca\\\/#website\"},\"primaryImageOfPage\":{\"@id\":\"https:\\\/\\\/gastronomicament.cat\\\/ca\\\/curs-de-cultiu-ecologic-de-citrics#primaryimage\"},\"image\":{\"@id\":\"https:\\\/\\\/gastronomicament.cat\\\/ca\\\/curs-de-cultiu-ecologic-de-citrics#primaryimage\"},\"thumbnailUrl\":\"https:\\\/\\\/gastronomicament.cat\\\/wp-content\\\/uploads\\\/2021\\\/02\\\/citrics-mallorca.jpg\",\"datePublished\":\"2021-02-24T11:41:47+00:00\",\"dateModified\":\"2022-04-07T09:15:37+00:00\",\"description\":\"Curs de cultiu ecol\u00f2gic de c\u00edtrics Actualitat, Cursos i tallers L'Associaci\u00f3 de Producci\u00f3 Agr\u00e0ria Ecol\u00f2gica de Mallorca (APAEMA) ha organitzat el\u00a0Curs de cultiu ecol\u00f2gic de c\u00edtrics. Aquesta activitat es far\u00e0\u00a0virtualment\u00a0els dies\u00a02, 3 i 4 de mar\u00e7 de 2021\",\"inLanguage\":\"ca-ES\",\"potentialAction\":[{\"@type\":\"ReadAction\",\"target\":[\"https:\\\/\\\/gastronomicament.cat\\\/ca\\\/curs-de-cultiu-ecologic-de-citrics\"]}]},{\"@type\":\"ImageObject\",\"inLanguage\":\"ca-ES\",\"@id\":\"https:\\\/\\\/gastronomicament.cat\\\/ca\\\/curs-de-cultiu-ecologic-de-citrics#primaryimage\",\"url\":\"https:\\\/\\\/gastronomicament.cat\\\/wp-content\\\/uploads\\\/2021\\\/02\\\/citrics-mallorca.jpg\",\"contentUrl\":\"https:\\\/\\\/gastronomicament.cat\\\/wp-content\\\/uploads\\\/2021\\\/02\\\/citrics-mallorca.jpg\",\"width\":900,\"height\":476},{\"@type\":\"WebSite\",\"@id\":\"https:\\\/\\\/gastronomicament.cat\\\/ca\\\/#website\",\"url\":\"https:\\\/\\\/gastronomicament.cat\\\/ca\\\/\",\"name\":\"Gastron\u00f2micament\",\"description\":\"Portal de restaurants, receptes i actualitat gastron\u00f2mica\",\"publisher\":{\"@id\":\"https:\\\/\\\/gastronomicament.cat\\\/ca\\\/#organization\"},\"potentialAction\":[{\"@type\":\"SearchAction\",\"target\":{\"@type\":\"EntryPoint\",\"urlTemplate\":\"https:\\\/\\\/gastronomicament.cat\\\/ca\\\/?s={search_term_string}\"},\"query-input\":{\"@type\":\"PropertyValueSpecification\",\"valueRequired\":true,\"valueName\":\"search_term_string\"}}],\"inLanguage\":\"ca-ES\"},{\"@type\":\"Organization\",\"@id\":\"https:\\\/\\\/gastronomicament.cat\\\/ca\\\/#organization\",\"name\":\"Gastron\u00f2micament\",\"url\":\"https:\\\/\\\/gastronomicament.cat\\\/ca\\\/\",\"logo\":{\"@type\":\"ImageObject\",\"inLanguage\":\"ca-ES\",\"@id\":\"https:\\\/\\\/gastronomicament.cat\\\/ca\\\/#\\\/schema\\\/logo\\\/image\\\/\",\"url\":\"https:\\\/\\\/gastronomicament.cat\\\/wp-content\\\/uploads\\\/2016\\\/09\\\/header-logo.jpg\",\"contentUrl\":\"https:\\\/\\\/gastronomicament.cat\\\/wp-content\\\/uploads\\\/2016\\\/09\\\/header-logo.jpg\",\"width\":277,\"height\":39,\"caption\":\"Gastron\u00f2micament\"},\"image\":{\"@id\":\"https:\\\/\\\/gastronomicament.cat\\\/ca\\\/#\\\/schema\\\/logo\\\/image\\\/\"},\"sameAs\":[\"https:\\\/\\\/x.com\\\/gastronomicamen\"]},{\"@type\":\"Person\",\"@id\":\"https:\\\/\\\/gastronomicament.cat\\\/ca\\\/#\\\/schema\\\/person\\\/a7c85c537a1ed62799a5b8e0f686a37f\",\"name\":\"Redacci\u00f3\",\"image\":{\"@type\":\"ImageObject\",\"inLanguage\":\"ca-ES\",\"@id\":\"https:\\\/\\\/secure.gravatar.com\\\/avatar\\\/9489a485c464fd611d33825daae651d13db70c4e74c65c94937a15a9d4c3ee14?s=96&d=mm&r=g69fea3cce3645dfa2166e7293e22955e\",\"url\":\"https:\\\/\\\/secure.gravatar.com\\\/avatar\\\/9489a485c464fd611d33825daae651d13db70c4e74c65c94937a15a9d4c3ee14?s=96&d=mm&r=g\",\"contentUrl\":\"https:\\\/\\\/secure.gravatar.com\\\/avatar\\\/9489a485c464fd611d33825daae651d13db70c4e74c65c94937a15a9d4c3ee14?s=96&d=mm&r=g\",\"caption\":\"Redacci\u00f3\"},\"sameAs\":[\"http:\\\/\\\/gastronomicament.cat\"],\"url\":\"https:\\\/\\\/gastronomicament.cat\\\/ca\\\/author\\\/admin\"}]}<\/script>\n<!-- \/ Yoast SEO plugin. -->","yoast_head_json":{"title":"Curs de cultiu ecol\u00f2gic de c\u00edtrics - Gastron\u00f2micament","description":"Curs de cultiu ecol\u00f2gic de c\u00edtrics Actualitat, Cursos i tallers L'Associaci\u00f3 de Producci\u00f3 Agr\u00e0ria Ecol\u00f2gica de Mallorca (APAEMA) ha organitzat el\u00a0Curs de cultiu ecol\u00f2gic de c\u00edtrics. Aquesta activitat es far\u00e0\u00a0virtualment\u00a0els dies\u00a02, 3 i 4 de mar\u00e7 de 2021","robots":{"index":"index","follow":"follow","max-snippet":"max-snippet:-1","max-image-preview":"max-image-preview:large","max-video-preview":"max-video-preview:-1"},"canonical":"https:\/\/gastronomicament.cat\/ca\/curs-de-cultiu-ecologic-de-citrics","og_locale":"ca_ES","og_type":"article","og_title":"Curs de cultiu ecol\u00f2gic de c\u00edtrics - Gastron\u00f2micament","og_description":"Curs de cultiu ecol\u00f2gic de c\u00edtrics Actualitat, Cursos i tallers L'Associaci\u00f3 de Producci\u00f3 Agr\u00e0ria Ecol\u00f2gica de Mallorca (APAEMA) ha organitzat el\u00a0Curs de cultiu ecol\u00f2gic de c\u00edtrics. Aquesta activitat es far\u00e0\u00a0virtualment\u00a0els dies\u00a02, 3 i 4 de mar\u00e7 de 2021","og_url":"https:\/\/gastronomicament.cat\/ca\/curs-de-cultiu-ecologic-de-citrics","og_site_name":"Gastron\u00f2micament","article_published_time":"2021-02-24T11:41:47+00:00","article_modified_time":"2022-04-07T09:15:37+00:00","og_image":[{"width":900,"height":476,"url":"https:\/\/gastronomicament.cat\/wp-content\/uploads\/2021\/02\/citrics-mallorca.jpg","type":"image\/jpeg"}],"author":"Redacci\u00f3","twitter_card":"summary_large_image","twitter_creator":"@gastronomicamen","twitter_site":"@gastronomicamen","twitter_misc":{"Written by":"Redacci\u00f3","Est. reading time":"1 minute"},"schema":{"@context":"https:\/\/schema.org","@graph":[{"@type":"Article","@id":"https:\/\/gastronomicament.cat\/ca\/curs-de-cultiu-ecologic-de-citrics#article","isPartOf":{"@id":"https:\/\/gastronomicament.cat\/ca\/curs-de-cultiu-ecologic-de-citrics"},"author":{"name":"Redacci\u00f3","@id":"https:\/\/gastronomicament.cat\/ca\/#\/schema\/person\/a7c85c537a1ed62799a5b8e0f686a37f"},"headline":"Curs de cultiu ecol\u00f2gic de c\u00edtrics","datePublished":"2021-02-24T11:41:47+00:00","dateModified":"2022-04-07T09:15:37+00:00","mainEntityOfPage":{"@id":"https:\/\/gastronomicament.cat\/ca\/curs-de-cultiu-ecologic-de-citrics"},"wordCount":201,"commentCount":0,"publisher":{"@id":"https:\/\/gastronomicament.cat\/ca\/#organization"},"image":{"@id":"https:\/\/gastronomicament.cat\/ca\/curs-de-cultiu-ecologic-de-citrics#primaryimage"},"thumbnailUrl":"https:\/\/gastronomicament.cat\/wp-content\/uploads\/2021\/02\/citrics-mallorca.jpg","articleSection":["Actualitat","Cursos i tallers"],"inLanguage":"ca-ES","potentialAction":[{"@type":"CommentAction","name":"Comment","target":["https:\/\/gastronomicament.cat\/ca\/curs-de-cultiu-ecologic-de-citrics#respond"]}]},{"@type":"WebPage","@id":"https:\/\/gastronomicament.cat\/ca\/curs-de-cultiu-ecologic-de-citrics","url":"https:\/\/gastronomicament.cat\/ca\/curs-de-cultiu-ecologic-de-citrics","name":"Curs de cultiu ecol\u00f2gic de c\u00edtrics - Gastron\u00f2micament","isPartOf":{"@id":"https:\/\/gastronomicament.cat\/ca\/#website"},"primaryImageOfPage":{"@id":"https:\/\/gastronomicament.cat\/ca\/curs-de-cultiu-ecologic-de-citrics#primaryimage"},"image":{"@id":"https:\/\/gastronomicament.cat\/ca\/curs-de-cultiu-ecologic-de-citrics#primaryimage"},"thumbnailUrl":"https:\/\/gastronomicament.cat\/wp-content\/uploads\/2021\/02\/citrics-mallorca.jpg","datePublished":"2021-02-24T11:41:47+00:00","dateModified":"2022-04-07T09:15:37+00:00","description":"Curs de cultiu ecol\u00f2gic de c\u00edtrics Actualitat, Cursos i tallers L'Associaci\u00f3 de Producci\u00f3 Agr\u00e0ria Ecol\u00f2gica de Mallorca (APAEMA) ha organitzat el\u00a0Curs de cultiu ecol\u00f2gic de c\u00edtrics. Aquesta activitat es far\u00e0\u00a0virtualment\u00a0els dies\u00a02, 3 i 4 de mar\u00e7 de 2021","inLanguage":"ca-ES","potentialAction":[{"@type":"ReadAction","target":["https:\/\/gastronomicament.cat\/ca\/curs-de-cultiu-ecologic-de-citrics"]}]},{"@type":"ImageObject","inLanguage":"ca-ES","@id":"https:\/\/gastronomicament.cat\/ca\/curs-de-cultiu-ecologic-de-citrics#primaryimage","url":"https:\/\/gastronomicament.cat\/wp-content\/uploads\/2021\/02\/citrics-mallorca.jpg","contentUrl":"https:\/\/gastronomicament.cat\/wp-content\/uploads\/2021\/02\/citrics-mallorca.jpg","width":900,"height":476},{"@type":"WebSite","@id":"https:\/\/gastronomicament.cat\/ca\/#website","url":"https:\/\/gastronomicament.cat\/ca\/","name":"Gastron\u00f2micament","description":"Portal de restaurants, receptes i actualitat gastron\u00f2mica","publisher":{"@id":"https:\/\/gastronomicament.cat\/ca\/#organization"},"potentialAction":[{"@type":"SearchAction","target":{"@type":"EntryPoint","urlTemplate":"https:\/\/gastronomicament.cat\/ca\/?s={search_term_string}"},"query-input":{"@type":"PropertyValueSpecification","valueRequired":true,"valueName":"search_term_string"}}],"inLanguage":"ca-ES"},{"@type":"Organization","@id":"https:\/\/gastronomicament.cat\/ca\/#organization","name":"Gastron\u00f2micament","url":"https:\/\/gastronomicament.cat\/ca\/","logo":{"@type":"ImageObject","inLanguage":"ca-ES","@id":"https:\/\/gastronomicament.cat\/ca\/#\/schema\/logo\/image\/","url":"https:\/\/gastronomicament.cat\/wp-content\/uploads\/2016\/09\/header-logo.jpg","contentUrl":"https:\/\/gastronomicament.cat\/wp-content\/uploads\/2016\/09\/header-logo.jpg","width":277,"height":39,"caption":"Gastron\u00f2micament"},"image":{"@id":"https:\/\/gastronomicament.cat\/ca\/#\/schema\/logo\/image\/"},"sameAs":["https:\/\/x.com\/gastronomicamen"]},{"@type":"Person","@id":"https:\/\/gastronomicament.cat\/ca\/#\/schema\/person\/a7c85c537a1ed62799a5b8e0f686a37f","name":"Redacci\u00f3","image":{"@type":"ImageObject","inLanguage":"ca-ES","@id":"https:\/\/secure.gravatar.com\/avatar\/9489a485c464fd611d33825daae651d13db70c4e74c65c94937a15a9d4c3ee14?s=96&d=mm&r=g69fea3cce3645dfa2166e7293e22955e","url":"https:\/\/secure.gravatar.com\/avatar\/9489a485c464fd611d33825daae651d13db70c4e74c65c94937a15a9d4c3ee14?s=96&d=mm&r=g","contentUrl":"https:\/\/secure.gravatar.com\/avatar\/9489a485c464fd611d33825daae651d13db70c4e74c65c94937a15a9d4c3ee14?s=96&d=mm&r=g","caption":"Redacci\u00f3"},"sameAs":["http:\/\/gastronomicament.cat"],"url":"https:\/\/gastronomicament.cat\/ca\/author\/admin"}]}},"_links":{"self":[{"href":"https:\/\/gastronomicament.cat\/ca\/wp-json\/wp\/v2\/posts\/28388","targetHints":{"allow":["GET"]}}],"collection":[{"href":"https:\/\/gastronomicament.cat\/ca\/wp-json\/wp\/v2\/posts"}],"about":[{"href":"https:\/\/gastronomicament.cat\/ca\/wp-json\/wp\/v2\/types\/post"}],"author":[{"embeddable":true,"href":"https:\/\/gastronomicament.cat\/ca\/wp-json\/wp\/v2\/users\/1"}],"replies":[{"embeddable":true,"href":"https:\/\/gastronomicament.cat\/ca\/wp-json\/wp\/v2\/comments?post=28388"}],"version-history":[{"count":0,"href":"https:\/\/gastronomicament.cat\/ca\/wp-json\/wp\/v2\/posts\/28388\/revisions"}],"wp:featuredmedia":[{"embeddable":true,"href":"https:\/\/gastronomicament.cat\/ca\/wp-json\/wp\/v2\/media\/28389"}],"wp:attachment":[{"href":"https:\/\/gastronomicament.cat\/ca\/wp-json\/wp\/v2\/media?parent=28388"}],"wp:term":[{"taxonomy":"category","embeddable":true,"href":"https:\/\/gastronomicament.cat\/ca\/wp-json\/wp\/v2\/categories?post=28388"},{"taxonomy":"post_tag","embeddable":true,"href":"https:\/\/gastronomicament.cat\/ca\/wp-json\/wp\/v2\/tags?post=28388"},{"taxonomy":"author","embeddable":true,"href":"https:\/\/gastronomicament.cat\/ca\/wp-json\/wp\/v2\/coauthors?post=28388"}],"curies":[{"name":"wp","href":"https:\/\/api.w.org\/{rel}","templated":true}]}}