{"id":28542,"date":"2021-03-25T11:00:30","date_gmt":"2021-03-25T10:00:30","guid":{"rendered":"https:\/\/gastronomicament.cat\/?p=28542"},"modified":"2022-04-07T11:15:42","modified_gmt":"2022-04-07T09:15:42","slug":"els-restaurants-de-mallorca-han-de-tancar-lespai-interior","status":"publish","type":"post","link":"https:\/\/gastronomicament.cat\/ca\/els-restaurants-de-mallorca-han-de-tancar-lespai-interior","title":{"rendered":"Els restaurants de Mallorca han de tancar l&#8217;espai interior"},"content":{"rendered":"<p>El Govern de les Illes Balears ha anunciat les noves mesures per evitar l&#8217;augment de casos de covid-19 durant Setmana Santa.<\/p>\n<p>Una de les\u00a0<strong>mesures m\u00e9s pol\u00e8miques \u00e9s el tancament de l&#8217;interior de bars i restaurants de Mallorca<\/strong>. El motiu \u00e9s que alguns establiments, com els cellers, havien recuperat personal per comen\u00e7ar la temporada.\u00a0<strong>Des de la patronal apunten que treure\u00a0<\/strong>un treballador o una treballadora de l&#8217;ERTO suposa devers 300 euros de despeses de gestoria, unes despeses que han d&#8217;abonar en aquests temps tan complicats.<\/p>\n<p>A m\u00e9s a m\u00e9s, no s&#8217;hi permet el consum a les barres dels establiments. Queda prohibida tamb\u00e9 la utilitzaci\u00f3 de m\u00e0quines recreatives, m\u00e0quines de joc i similars en els interiors d\u2019aquests establiments.<\/p>\n<p>Les mesures s&#8217;aplicaran\u00a0<strong>del 26 de mar\u00e7 a l&#8217;11 d&#8217;abril<\/strong>, tots dos dies inclosos.<\/p>\n<p>A banda d&#8217;aix\u00f2, \u00fanicament es permeten les<strong>\u00a0reunions i trobades familiars i socials\u00a0<\/strong>d&#8217;un m\u00e0xim de quatre persones a l&#8217;interior p\u00fablic o sis a l&#8217;exterior en el cas de\u00a0<strong>Formentera\u00a0<\/strong>i\u00a0<strong>Menorca<\/strong>, i de quatre a\u00a0<strong>Eivissa\u00a0<\/strong>i\u00a0<strong>Mallorca<\/strong>, en espais p\u00fablics, sempre que pertanyin, com a m\u00e0xim, a dos nuclis de conviv\u00e8ncia. No obstant aix\u00f2, en espais privats \u00fanicament s\u00f3n permeses les reunions d&#8217;un \u00fanic nucli de conviv\u00e8ncia.<\/p>\n<p>Les\u00a0<strong>mesures\u00a0<\/strong>que afecten l\u2019<strong>hoteleria<\/strong>\u00a0s\u00f3n les seg\u00fcents: Les zones comunes en espais interiors, amb inclusi\u00f3 dels espais dedicats a spa i jacuzzis, dels hotels i dels allotjaments tur\u00edstics han de romandre tancades, a excepci\u00f3 de les terrasses i els espais a l\u2019aire lliure d\u2019aquests establiments, que podran fer servir els clients allotjats a l\u2019establiment fins a les 17 hores de cada dia.<\/p>\n<p>El motiu d&#8217;aquesta nova normativa \u00e9s evitar la propagaci\u00f3 de la covid-19 a les Illes Balears durant la festivitat de Setmana Santa. De fet, segons l&#8217;informe que ha elaborat el Comit\u00e8 Auton\u00f2mic de Gesti\u00f3 de Malalties Infeccioses de les Illes Balears, apunta que<strong>\u00a0l\u2019evoluci\u00f3 positiva\u00a0<\/strong>de les dades epidemiol\u00f2giques que s\u2019havia produ\u00eft fins a la data\u00a0<strong>s\u2019ha estancat<\/strong>\u00a0o, fins i tot, presenta una lleugera inversi\u00f3 de la tend\u00e8ncia,\u00a0<strong>molt especialment a<\/strong>\u00a0<strong>Mallorca<\/strong>, on la incid\u00e8ncia acumulada de contagis a 14 dies ha passat de 42,41 per 100.000 habitants el dia 12 de mar\u00e7 a 49,66 per cada 100.000 habitants el dia 22 de mar\u00e7.<\/p>\n","protected":false},"excerpt":{"rendered":"<p>El Govern de les Illes Balears ha anunciat les noves mesures per evitar l&#8217;augment de casos&hellip;<\/p>\n","protected":false},"author":1,"featured_media":28543,"comment_status":"open","ping_status":"closed","sticky":false,"template":"","format":"standard","meta":{"_acf_changed":false,"_swt_meta_header_display":false,"_swt_meta_footer_display":false,"_swt_meta_site_title_display":false,"_swt_meta_sticky_header":false,"_swt_meta_transparent_header":false,"footnotes":""},"categories":[692,955],"tags":[],"coauthors":[],"class_list":["post-28542","post","type-post","status-publish","format-standard","has-post-thumbnail","hentry","category-actualitat","category-reportatges-i-novetats"],"acf":{"gallery":null,"home_date":{"home_begin_date":null,"home_end_date":null}},"yoast_head":"<!-- This site is optimized with the Yoast SEO plugin v27.4 - https:\/\/yoast.com\/product\/yoast-seo-wordpress\/ -->\n<title>Els restaurants de Mallorca han de tancar l&#039;espai interior - Gastron\u00f2micament<\/title>\n<meta name=\"description\" content=\"Els restaurants de Mallorca han de tancar l&#039;espai interior Actualitat, Reportatges i novetats El Govern de les Illes Balears ha anunciat les noves mesures per evitar l&#039;augment de casos de covid-19 durant Setmana Santa.\u00a0\" \/>\n<meta name=\"robots\" content=\"index, follow, max-snippet:-1, max-image-preview:large, max-video-preview:-1\" \/>\n<link rel=\"canonical\" href=\"https:\/\/gastronomicament.cat\/ca\/els-restaurants-de-mallorca-han-de-tancar-lespai-interior\" \/>\n<meta property=\"og:locale\" content=\"ca_ES\" \/>\n<meta property=\"og:type\" content=\"article\" \/>\n<meta property=\"og:title\" content=\"Els restaurants de Mallorca han de tancar l&#039;espai interior - Gastron\u00f2micament\" \/>\n<meta property=\"og:description\" content=\"Els restaurants de Mallorca han de tancar l&#039;espai interior Actualitat, Reportatges i novetats El Govern de les Illes Balears ha anunciat les noves mesures per evitar l&#039;augment de casos de covid-19 durant Setmana Santa.\u00a0\" \/>\n<meta property=\"og:url\" content=\"https:\/\/gastronomicament.cat\/ca\/els-restaurants-de-mallorca-han-de-tancar-lespai-interior\" \/>\n<meta property=\"og:site_name\" content=\"Gastron\u00f2micament\" \/>\n<meta property=\"article:published_time\" content=\"2021-03-25T10:00:30+00:00\" \/>\n<meta property=\"article:modified_time\" content=\"2022-04-07T09:15:42+00:00\" \/>\n<meta property=\"og:image\" content=\"https:\/\/gastronomicament.cat\/wp-content\/uploads\/2021\/03\/Interior-restaurant-Mallorca-setmana-santa-2021.jpg\" \/>\n\t<meta property=\"og:image:width\" content=\"1200\" \/>\n\t<meta property=\"og:image:height\" content=\"701\" \/>\n\t<meta property=\"og:image:type\" content=\"image\/jpeg\" \/>\n<meta name=\"author\" content=\"Redacci\u00f3\" \/>\n<meta name=\"twitter:card\" content=\"summary_large_image\" \/>\n<meta name=\"twitter:creator\" content=\"@gastronomicamen\" \/>\n<meta name=\"twitter:site\" content=\"@gastronomicamen\" \/>\n<meta name=\"twitter:label1\" content=\"Written by\" \/>\n\t<meta name=\"twitter:data1\" content=\"Redacci\u00f3\" \/>\n\t<meta name=\"twitter:label2\" content=\"Est. reading time\" \/>\n\t<meta name=\"twitter:data2\" content=\"2 minutes\" \/>\n<script type=\"application\/ld+json\" class=\"yoast-schema-graph\">{\"@context\":\"https:\\\/\\\/schema.org\",\"@graph\":[{\"@type\":\"Article\",\"@id\":\"https:\\\/\\\/gastronomicament.cat\\\/ca\\\/els-restaurants-de-mallorca-han-de-tancar-lespai-interior#article\",\"isPartOf\":{\"@id\":\"https:\\\/\\\/gastronomicament.cat\\\/ca\\\/els-restaurants-de-mallorca-han-de-tancar-lespai-interior\"},\"author\":{\"name\":\"Redacci\u00f3\",\"@id\":\"https:\\\/\\\/gastronomicament.cat\\\/ca\\\/#\\\/schema\\\/person\\\/a7c85c537a1ed62799a5b8e0f686a37f\"},\"headline\":\"Els restaurants de Mallorca han de tancar l&#8217;espai interior\",\"datePublished\":\"2021-03-25T10:00:30+00:00\",\"dateModified\":\"2022-04-07T09:15:42+00:00\",\"mainEntityOfPage\":{\"@id\":\"https:\\\/\\\/gastronomicament.cat\\\/ca\\\/els-restaurants-de-mallorca-han-de-tancar-lespai-interior\"},\"wordCount\":398,\"commentCount\":0,\"publisher\":{\"@id\":\"https:\\\/\\\/gastronomicament.cat\\\/ca\\\/#organization\"},\"image\":{\"@id\":\"https:\\\/\\\/gastronomicament.cat\\\/ca\\\/els-restaurants-de-mallorca-han-de-tancar-lespai-interior#primaryimage\"},\"thumbnailUrl\":\"https:\\\/\\\/gastronomicament.cat\\\/wp-content\\\/uploads\\\/2021\\\/03\\\/Interior-restaurant-Mallorca-setmana-santa-2021.jpg\",\"articleSection\":[\"Actualitat\",\"Reportatges i novetats\"],\"inLanguage\":\"ca-ES\",\"potentialAction\":[{\"@type\":\"CommentAction\",\"name\":\"Comment\",\"target\":[\"https:\\\/\\\/gastronomicament.cat\\\/ca\\\/els-restaurants-de-mallorca-han-de-tancar-lespai-interior#respond\"]}]},{\"@type\":\"WebPage\",\"@id\":\"https:\\\/\\\/gastronomicament.cat\\\/ca\\\/els-restaurants-de-mallorca-han-de-tancar-lespai-interior\",\"url\":\"https:\\\/\\\/gastronomicament.cat\\\/ca\\\/els-restaurants-de-mallorca-han-de-tancar-lespai-interior\",\"name\":\"Els restaurants de Mallorca han de tancar l'espai interior - Gastron\u00f2micament\",\"isPartOf\":{\"@id\":\"https:\\\/\\\/gastronomicament.cat\\\/ca\\\/#website\"},\"primaryImageOfPage\":{\"@id\":\"https:\\\/\\\/gastronomicament.cat\\\/ca\\\/els-restaurants-de-mallorca-han-de-tancar-lespai-interior#primaryimage\"},\"image\":{\"@id\":\"https:\\\/\\\/gastronomicament.cat\\\/ca\\\/els-restaurants-de-mallorca-han-de-tancar-lespai-interior#primaryimage\"},\"thumbnailUrl\":\"https:\\\/\\\/gastronomicament.cat\\\/wp-content\\\/uploads\\\/2021\\\/03\\\/Interior-restaurant-Mallorca-setmana-santa-2021.jpg\",\"datePublished\":\"2021-03-25T10:00:30+00:00\",\"dateModified\":\"2022-04-07T09:15:42+00:00\",\"description\":\"Els restaurants de Mallorca han de tancar l'espai interior Actualitat, Reportatges i novetats El Govern de les Illes Balears ha anunciat les noves mesures per evitar l'augment de casos de covid-19 durant Setmana Santa.\u00a0\",\"inLanguage\":\"ca-ES\",\"potentialAction\":[{\"@type\":\"ReadAction\",\"target\":[\"https:\\\/\\\/gastronomicament.cat\\\/ca\\\/els-restaurants-de-mallorca-han-de-tancar-lespai-interior\"]}]},{\"@type\":\"ImageObject\",\"inLanguage\":\"ca-ES\",\"@id\":\"https:\\\/\\\/gastronomicament.cat\\\/ca\\\/els-restaurants-de-mallorca-han-de-tancar-lespai-interior#primaryimage\",\"url\":\"https:\\\/\\\/gastronomicament.cat\\\/wp-content\\\/uploads\\\/2021\\\/03\\\/Interior-restaurant-Mallorca-setmana-santa-2021.jpg\",\"contentUrl\":\"https:\\\/\\\/gastronomicament.cat\\\/wp-content\\\/uploads\\\/2021\\\/03\\\/Interior-restaurant-Mallorca-setmana-santa-2021.jpg\",\"width\":1200,\"height\":701},{\"@type\":\"WebSite\",\"@id\":\"https:\\\/\\\/gastronomicament.cat\\\/ca\\\/#website\",\"url\":\"https:\\\/\\\/gastronomicament.cat\\\/ca\\\/\",\"name\":\"Gastron\u00f2micament\",\"description\":\"Portal de restaurants, receptes i actualitat gastron\u00f2mica\",\"publisher\":{\"@id\":\"https:\\\/\\\/gastronomicament.cat\\\/ca\\\/#organization\"},\"potentialAction\":[{\"@type\":\"SearchAction\",\"target\":{\"@type\":\"EntryPoint\",\"urlTemplate\":\"https:\\\/\\\/gastronomicament.cat\\\/ca\\\/?s={search_term_string}\"},\"query-input\":{\"@type\":\"PropertyValueSpecification\",\"valueRequired\":true,\"valueName\":\"search_term_string\"}}],\"inLanguage\":\"ca-ES\"},{\"@type\":\"Organization\",\"@id\":\"https:\\\/\\\/gastronomicament.cat\\\/ca\\\/#organization\",\"name\":\"Gastron\u00f2micament\",\"url\":\"https:\\\/\\\/gastronomicament.cat\\\/ca\\\/\",\"logo\":{\"@type\":\"ImageObject\",\"inLanguage\":\"ca-ES\",\"@id\":\"https:\\\/\\\/gastronomicament.cat\\\/ca\\\/#\\\/schema\\\/logo\\\/image\\\/\",\"url\":\"https:\\\/\\\/gastronomicament.cat\\\/wp-content\\\/uploads\\\/2016\\\/09\\\/header-logo.jpg\",\"contentUrl\":\"https:\\\/\\\/gastronomicament.cat\\\/wp-content\\\/uploads\\\/2016\\\/09\\\/header-logo.jpg\",\"width\":277,\"height\":39,\"caption\":\"Gastron\u00f2micament\"},\"image\":{\"@id\":\"https:\\\/\\\/gastronomicament.cat\\\/ca\\\/#\\\/schema\\\/logo\\\/image\\\/\"},\"sameAs\":[\"https:\\\/\\\/x.com\\\/gastronomicamen\"]},{\"@type\":\"Person\",\"@id\":\"https:\\\/\\\/gastronomicament.cat\\\/ca\\\/#\\\/schema\\\/person\\\/a7c85c537a1ed62799a5b8e0f686a37f\",\"name\":\"Redacci\u00f3\",\"image\":{\"@type\":\"ImageObject\",\"inLanguage\":\"ca-ES\",\"@id\":\"https:\\\/\\\/secure.gravatar.com\\\/avatar\\\/9489a485c464fd611d33825daae651d13db70c4e74c65c94937a15a9d4c3ee14?s=96&d=mm&r=g69fea3cce3645dfa2166e7293e22955e\",\"url\":\"https:\\\/\\\/secure.gravatar.com\\\/avatar\\\/9489a485c464fd611d33825daae651d13db70c4e74c65c94937a15a9d4c3ee14?s=96&d=mm&r=g\",\"contentUrl\":\"https:\\\/\\\/secure.gravatar.com\\\/avatar\\\/9489a485c464fd611d33825daae651d13db70c4e74c65c94937a15a9d4c3ee14?s=96&d=mm&r=g\",\"caption\":\"Redacci\u00f3\"},\"sameAs\":[\"http:\\\/\\\/gastronomicament.cat\"],\"url\":\"https:\\\/\\\/gastronomicament.cat\\\/ca\\\/author\\\/admin\"}]}<\/script>\n<!-- \/ Yoast SEO plugin. -->","yoast_head_json":{"title":"Els restaurants de Mallorca han de tancar l'espai interior - Gastron\u00f2micament","description":"Els restaurants de Mallorca han de tancar l'espai interior Actualitat, Reportatges i novetats El Govern de les Illes Balears ha anunciat les noves mesures per evitar l'augment de casos de covid-19 durant Setmana Santa.\u00a0","robots":{"index":"index","follow":"follow","max-snippet":"max-snippet:-1","max-image-preview":"max-image-preview:large","max-video-preview":"max-video-preview:-1"},"canonical":"https:\/\/gastronomicament.cat\/ca\/els-restaurants-de-mallorca-han-de-tancar-lespai-interior","og_locale":"ca_ES","og_type":"article","og_title":"Els restaurants de Mallorca han de tancar l'espai interior - Gastron\u00f2micament","og_description":"Els restaurants de Mallorca han de tancar l'espai interior Actualitat, Reportatges i novetats El Govern de les Illes Balears ha anunciat les noves mesures per evitar l'augment de casos de covid-19 durant Setmana Santa.\u00a0","og_url":"https:\/\/gastronomicament.cat\/ca\/els-restaurants-de-mallorca-han-de-tancar-lespai-interior","og_site_name":"Gastron\u00f2micament","article_published_time":"2021-03-25T10:00:30+00:00","article_modified_time":"2022-04-07T09:15:42+00:00","og_image":[{"width":1200,"height":701,"url":"https:\/\/gastronomicament.cat\/wp-content\/uploads\/2021\/03\/Interior-restaurant-Mallorca-setmana-santa-2021.jpg","type":"image\/jpeg"}],"author":"Redacci\u00f3","twitter_card":"summary_large_image","twitter_creator":"@gastronomicamen","twitter_site":"@gastronomicamen","twitter_misc":{"Written by":"Redacci\u00f3","Est. reading time":"2 minutes"},"schema":{"@context":"https:\/\/schema.org","@graph":[{"@type":"Article","@id":"https:\/\/gastronomicament.cat\/ca\/els-restaurants-de-mallorca-han-de-tancar-lespai-interior#article","isPartOf":{"@id":"https:\/\/gastronomicament.cat\/ca\/els-restaurants-de-mallorca-han-de-tancar-lespai-interior"},"author":{"name":"Redacci\u00f3","@id":"https:\/\/gastronomicament.cat\/ca\/#\/schema\/person\/a7c85c537a1ed62799a5b8e0f686a37f"},"headline":"Els restaurants de Mallorca han de tancar l&#8217;espai interior","datePublished":"2021-03-25T10:00:30+00:00","dateModified":"2022-04-07T09:15:42+00:00","mainEntityOfPage":{"@id":"https:\/\/gastronomicament.cat\/ca\/els-restaurants-de-mallorca-han-de-tancar-lespai-interior"},"wordCount":398,"commentCount":0,"publisher":{"@id":"https:\/\/gastronomicament.cat\/ca\/#organization"},"image":{"@id":"https:\/\/gastronomicament.cat\/ca\/els-restaurants-de-mallorca-han-de-tancar-lespai-interior#primaryimage"},"thumbnailUrl":"https:\/\/gastronomicament.cat\/wp-content\/uploads\/2021\/03\/Interior-restaurant-Mallorca-setmana-santa-2021.jpg","articleSection":["Actualitat","Reportatges i novetats"],"inLanguage":"ca-ES","potentialAction":[{"@type":"CommentAction","name":"Comment","target":["https:\/\/gastronomicament.cat\/ca\/els-restaurants-de-mallorca-han-de-tancar-lespai-interior#respond"]}]},{"@type":"WebPage","@id":"https:\/\/gastronomicament.cat\/ca\/els-restaurants-de-mallorca-han-de-tancar-lespai-interior","url":"https:\/\/gastronomicament.cat\/ca\/els-restaurants-de-mallorca-han-de-tancar-lespai-interior","name":"Els restaurants de Mallorca han de tancar l'espai interior - Gastron\u00f2micament","isPartOf":{"@id":"https:\/\/gastronomicament.cat\/ca\/#website"},"primaryImageOfPage":{"@id":"https:\/\/gastronomicament.cat\/ca\/els-restaurants-de-mallorca-han-de-tancar-lespai-interior#primaryimage"},"image":{"@id":"https:\/\/gastronomicament.cat\/ca\/els-restaurants-de-mallorca-han-de-tancar-lespai-interior#primaryimage"},"thumbnailUrl":"https:\/\/gastronomicament.cat\/wp-content\/uploads\/2021\/03\/Interior-restaurant-Mallorca-setmana-santa-2021.jpg","datePublished":"2021-03-25T10:00:30+00:00","dateModified":"2022-04-07T09:15:42+00:00","description":"Els restaurants de Mallorca han de tancar l'espai interior Actualitat, Reportatges i novetats El Govern de les Illes Balears ha anunciat les noves mesures per evitar l'augment de casos de covid-19 durant Setmana Santa.\u00a0","inLanguage":"ca-ES","potentialAction":[{"@type":"ReadAction","target":["https:\/\/gastronomicament.cat\/ca\/els-restaurants-de-mallorca-han-de-tancar-lespai-interior"]}]},{"@type":"ImageObject","inLanguage":"ca-ES","@id":"https:\/\/gastronomicament.cat\/ca\/els-restaurants-de-mallorca-han-de-tancar-lespai-interior#primaryimage","url":"https:\/\/gastronomicament.cat\/wp-content\/uploads\/2021\/03\/Interior-restaurant-Mallorca-setmana-santa-2021.jpg","contentUrl":"https:\/\/gastronomicament.cat\/wp-content\/uploads\/2021\/03\/Interior-restaurant-Mallorca-setmana-santa-2021.jpg","width":1200,"height":701},{"@type":"WebSite","@id":"https:\/\/gastronomicament.cat\/ca\/#website","url":"https:\/\/gastronomicament.cat\/ca\/","name":"Gastron\u00f2micament","description":"Portal de restaurants, receptes i actualitat gastron\u00f2mica","publisher":{"@id":"https:\/\/gastronomicament.cat\/ca\/#organization"},"potentialAction":[{"@type":"SearchAction","target":{"@type":"EntryPoint","urlTemplate":"https:\/\/gastronomicament.cat\/ca\/?s={search_term_string}"},"query-input":{"@type":"PropertyValueSpecification","valueRequired":true,"valueName":"search_term_string"}}],"inLanguage":"ca-ES"},{"@type":"Organization","@id":"https:\/\/gastronomicament.cat\/ca\/#organization","name":"Gastron\u00f2micament","url":"https:\/\/gastronomicament.cat\/ca\/","logo":{"@type":"ImageObject","inLanguage":"ca-ES","@id":"https:\/\/gastronomicament.cat\/ca\/#\/schema\/logo\/image\/","url":"https:\/\/gastronomicament.cat\/wp-content\/uploads\/2016\/09\/header-logo.jpg","contentUrl":"https:\/\/gastronomicament.cat\/wp-content\/uploads\/2016\/09\/header-logo.jpg","width":277,"height":39,"caption":"Gastron\u00f2micament"},"image":{"@id":"https:\/\/gastronomicament.cat\/ca\/#\/schema\/logo\/image\/"},"sameAs":["https:\/\/x.com\/gastronomicamen"]},{"@type":"Person","@id":"https:\/\/gastronomicament.cat\/ca\/#\/schema\/person\/a7c85c537a1ed62799a5b8e0f686a37f","name":"Redacci\u00f3","image":{"@type":"ImageObject","inLanguage":"ca-ES","@id":"https:\/\/secure.gravatar.com\/avatar\/9489a485c464fd611d33825daae651d13db70c4e74c65c94937a15a9d4c3ee14?s=96&d=mm&r=g69fea3cce3645dfa2166e7293e22955e","url":"https:\/\/secure.gravatar.com\/avatar\/9489a485c464fd611d33825daae651d13db70c4e74c65c94937a15a9d4c3ee14?s=96&d=mm&r=g","contentUrl":"https:\/\/secure.gravatar.com\/avatar\/9489a485c464fd611d33825daae651d13db70c4e74c65c94937a15a9d4c3ee14?s=96&d=mm&r=g","caption":"Redacci\u00f3"},"sameAs":["http:\/\/gastronomicament.cat"],"url":"https:\/\/gastronomicament.cat\/ca\/author\/admin"}]}},"_links":{"self":[{"href":"https:\/\/gastronomicament.cat\/ca\/wp-json\/wp\/v2\/posts\/28542","targetHints":{"allow":["GET"]}}],"collection":[{"href":"https:\/\/gastronomicament.cat\/ca\/wp-json\/wp\/v2\/posts"}],"about":[{"href":"https:\/\/gastronomicament.cat\/ca\/wp-json\/wp\/v2\/types\/post"}],"author":[{"embeddable":true,"href":"https:\/\/gastronomicament.cat\/ca\/wp-json\/wp\/v2\/users\/1"}],"replies":[{"embeddable":true,"href":"https:\/\/gastronomicament.cat\/ca\/wp-json\/wp\/v2\/comments?post=28542"}],"version-history":[{"count":0,"href":"https:\/\/gastronomicament.cat\/ca\/wp-json\/wp\/v2\/posts\/28542\/revisions"}],"wp:featuredmedia":[{"embeddable":true,"href":"https:\/\/gastronomicament.cat\/ca\/wp-json\/wp\/v2\/media\/28543"}],"wp:attachment":[{"href":"https:\/\/gastronomicament.cat\/ca\/wp-json\/wp\/v2\/media?parent=28542"}],"wp:term":[{"taxonomy":"category","embeddable":true,"href":"https:\/\/gastronomicament.cat\/ca\/wp-json\/wp\/v2\/categories?post=28542"},{"taxonomy":"post_tag","embeddable":true,"href":"https:\/\/gastronomicament.cat\/ca\/wp-json\/wp\/v2\/tags?post=28542"},{"taxonomy":"author","embeddable":true,"href":"https:\/\/gastronomicament.cat\/ca\/wp-json\/wp\/v2\/coauthors?post=28542"}],"curies":[{"name":"wp","href":"https:\/\/api.w.org\/{rel}","templated":true}]}}