{"id":28633,"date":"2021-04-15T13:25:57","date_gmt":"2021-04-15T11:25:57","guid":{"rendered":"https:\/\/gastronomicament.cat\/?p=28633"},"modified":"2022-04-07T11:15:45","modified_gmt":"2022-04-07T09:15:45","slug":"eivissa-suma-5-restaurants-a-la-guia-repsol","status":"publish","type":"post","link":"https:\/\/gastronomicament.cat\/ca\/eivissa-suma-5-restaurants-a-la-guia-repsol","title":{"rendered":"Eivissa suma 5 restaurants a la Guia Repsol"},"content":{"rendered":"<p>El talent culinari d&#8217;<strong>Eivissa<\/strong>\u00a0s&#8217;ha vist recompensat en la\u00a0<strong>Guia Repsol 2021<\/strong>. El motiu \u00e9s que hi ha 5 nous restaurants piti\u00fcsos hi han estat inclosos. D&#8217;una banda, el restaurant\u00a0<strong>Es Trag\u00f3n<\/strong>\u00a0(Sant Antoni de Portmany) ha estat guardonat amb 2 Sols, mentre que els restaurants\u00a0<strong>Maymanta<\/strong>,\u00a0<strong>Nagai\u00a0<\/strong>i\u00a0<strong>Pecador<\/strong>, tots tres situats a Santa Eul\u00e0ria des Riu, n&#8217;han obtingut un.<\/p>\n<p>Una altra de les novetats es troba a Menorca. Es el restaurant\u00a0<strong>Sa Llagosta<\/strong>\u00a0(Fornells), del cuiner David de Coca, amb un Sol Repsol.<\/p>\n<p>Pel que fa a Mallorca, cal destacar dues baixes: el restaurant Zaranda (que roman tancat) i Sadrassana, de Palma.<\/p>\n<p>Cal comentar que\u00a0curiosament,\u00a0<strong>al restaurant Maca de Castro se li han mantingut els 3 Sols Repsol<\/strong>\u00a0tot i que no obrir\u00e0 fins al mes de juny de 2021 i no va obrir durant el 2020. Mentre que la guia Michelin li va retirar l&#8217;estrella, igual que va fer a Zaranda.<\/p>\n<p>Els restaurants que tenen<strong>\u00a02 Sols de les Illes Balears\u00a0<\/strong>s\u00f3n: Andreu Genestra (Capdepera), B\u00e9ns d&#8217;Avall (S\u00f3ller), Can Domo (Santa Eul\u00e0ria des Riu), Dins Santi Taura (Palma), El Olivo (Dei\u00e0), Es Trag\u00f3n (Sant Antoni de Portmany, Es Xarcu (Eivissa), La Fortaleza (Llucmajor) i La Gaia (Eivissa).<\/p>\n<p>Els\u00a0<strong>restaurants amb 1 Sol Repsol a les Balears<\/strong>\u00a0s\u00f3n:\u00a0Aromata (Palma), Bodega Barahona &#8211; Casa Manolo (ses Salines), Ca n&#8217;Alfredo (Eivissa), Ca na Toneta (Caimar\u00ed),\u00a0Caf\u00e9 Balear (Ciutadella), Can Pau (Santa Gertrudis), Can Toni Moreno (Port des Canonge-Banyalbufar), DaiCa (Llub\u00ed), Es Mol\u00ed de Sal (Sant Francesc de Formentera), Es Rac\u00f3 d&#8217;es Teix (Dei\u00e0), Es Ventall (Sant Antoni de Portmany), Las Dos Lunas (Sant Rafel de sa Creu), Marc Fosh (Palma), Maymanta (Santa Eul\u00e0ria des Riu), Nagai (Santa Eul\u00e0ria des Riu), Pecador Ibiza (Santa Eul\u00e0ria des Riu), Quimera (Sant Francesc de Formentera), Sa Llagosta (Fornells), Smoix (Ciutadella), Trattoria del Mar (Eivissa) i Voro (Capdepera).<\/p>\n<p>A l&#8217;apartat de\u00a0<strong>recomanacions<\/strong>, les\u00a0<strong>novetats\u00a0<\/strong>de la Guia s\u00f3n les seg\u00fcents: Andana (Palma), Cal Reiet (Santany\u00ed), Can Simoneta (Capdepera), Can Truy (Eivissa), Casa Jondal (Sant Josep de sa Talaia), Corso (Eivissa), Fera (Palma), Fusi\u00f3n 19 (Muro), Rais (Ma\u00f3) i Stagier bar (Palma).<\/p>\n","protected":false},"excerpt":{"rendered":"<p>El talent culinari d&#8217;Eivissa\u00a0s&#8217;ha vist recompensat en la\u00a0Guia Repsol 2021: el motiu \u00e9s que hi ha&hellip;<\/p>\n","protected":false},"author":1,"featured_media":28637,"comment_status":"open","ping_status":"closed","sticky":false,"template":"","format":"standard","meta":{"_acf_changed":false,"_swt_meta_header_display":false,"_swt_meta_footer_display":false,"_swt_meta_site_title_display":false,"_swt_meta_sticky_header":false,"_swt_meta_transparent_header":false,"footnotes":""},"categories":[692,953],"tags":[],"coauthors":[],"class_list":["post-28633","post","type-post","status-publish","format-standard","has-post-thumbnail","hentry","category-actualitat","category-concursos-i-premis"],"acf":{"gallery":null,"home_date":{"home_begin_date":null,"home_end_date":null}},"yoast_head":"<!-- This site is optimized with the Yoast SEO plugin v27.4 - https:\/\/yoast.com\/product\/yoast-seo-wordpress\/ -->\n<title>Eivissa suma 5 restaurants a la Guia Repsol - Gastron\u00f2micament<\/title>\n<meta name=\"description\" content=\"Eivissa suma 5 restaurants a la Guia Repsol Actualitat, Concursos i premis El talent culinari d&#039;Eivissa\u00a0s&#039;ha vist recompensat en la\u00a0Guia Repsol 2021: el motiu \u00e9s que hi ha 5 nous restaurants piti\u00fcsos hi han estat inclosos\" \/>\n<meta name=\"robots\" content=\"index, follow, max-snippet:-1, max-image-preview:large, max-video-preview:-1\" \/>\n<link rel=\"canonical\" href=\"https:\/\/gastronomicament.cat\/ca\/eivissa-suma-5-restaurants-a-la-guia-repsol\" \/>\n<meta property=\"og:locale\" content=\"ca_ES\" \/>\n<meta property=\"og:type\" content=\"article\" \/>\n<meta property=\"og:title\" content=\"Eivissa suma 5 restaurants a la Guia Repsol - Gastron\u00f2micament\" \/>\n<meta property=\"og:description\" content=\"Eivissa suma 5 restaurants a la Guia Repsol Actualitat, Concursos i premis El talent culinari d&#039;Eivissa\u00a0s&#039;ha vist recompensat en la\u00a0Guia Repsol 2021: el motiu \u00e9s que hi ha 5 nous restaurants piti\u00fcsos hi han estat inclosos\" \/>\n<meta property=\"og:url\" content=\"https:\/\/gastronomicament.cat\/ca\/eivissa-suma-5-restaurants-a-la-guia-repsol\" \/>\n<meta property=\"og:site_name\" content=\"Gastron\u00f2micament\" \/>\n<meta property=\"article:published_time\" content=\"2021-04-15T11:25:57+00:00\" \/>\n<meta property=\"article:modified_time\" content=\"2022-04-07T09:15:45+00:00\" \/>\n<meta property=\"og:image\" content=\"https:\/\/gastronomicament.cat\/wp-content\/uploads\/2021\/04\/es-tragon-alvaro-sanz-clavijo-eivissa.jpg\" \/>\n\t<meta property=\"og:image:width\" content=\"1200\" \/>\n\t<meta property=\"og:image:height\" content=\"800\" \/>\n\t<meta property=\"og:image:type\" content=\"image\/jpeg\" \/>\n<meta name=\"author\" content=\"Redacci\u00f3\" \/>\n<meta name=\"twitter:card\" content=\"summary_large_image\" \/>\n<meta name=\"twitter:creator\" content=\"@gastronomicamen\" \/>\n<meta name=\"twitter:site\" content=\"@gastronomicamen\" \/>\n<meta name=\"twitter:label1\" content=\"Written by\" \/>\n\t<meta name=\"twitter:data1\" content=\"Redacci\u00f3\" \/>\n\t<meta name=\"twitter:label2\" content=\"Est. reading time\" \/>\n\t<meta name=\"twitter:data2\" content=\"2 minutes\" \/>\n<script type=\"application\/ld+json\" class=\"yoast-schema-graph\">{\"@context\":\"https:\\\/\\\/schema.org\",\"@graph\":[{\"@type\":\"Article\",\"@id\":\"https:\\\/\\\/gastronomicament.cat\\\/ca\\\/eivissa-suma-5-restaurants-a-la-guia-repsol#article\",\"isPartOf\":{\"@id\":\"https:\\\/\\\/gastronomicament.cat\\\/ca\\\/eivissa-suma-5-restaurants-a-la-guia-repsol\"},\"author\":{\"name\":\"Redacci\u00f3\",\"@id\":\"https:\\\/\\\/gastronomicament.cat\\\/ca\\\/#\\\/schema\\\/person\\\/a7c85c537a1ed62799a5b8e0f686a37f\"},\"headline\":\"Eivissa suma 5 restaurants a la Guia Repsol\",\"datePublished\":\"2021-04-15T11:25:57+00:00\",\"dateModified\":\"2022-04-07T09:15:45+00:00\",\"mainEntityOfPage\":{\"@id\":\"https:\\\/\\\/gastronomicament.cat\\\/ca\\\/eivissa-suma-5-restaurants-a-la-guia-repsol\"},\"wordCount\":361,\"commentCount\":0,\"publisher\":{\"@id\":\"https:\\\/\\\/gastronomicament.cat\\\/ca\\\/#organization\"},\"image\":{\"@id\":\"https:\\\/\\\/gastronomicament.cat\\\/ca\\\/eivissa-suma-5-restaurants-a-la-guia-repsol#primaryimage\"},\"thumbnailUrl\":\"https:\\\/\\\/gastronomicament.cat\\\/wp-content\\\/uploads\\\/2021\\\/04\\\/es-tragon-alvaro-sanz-clavijo-eivissa.jpg\",\"articleSection\":[\"Actualitat\",\"Concursos i premis\"],\"inLanguage\":\"ca-ES\",\"potentialAction\":[{\"@type\":\"CommentAction\",\"name\":\"Comment\",\"target\":[\"https:\\\/\\\/gastronomicament.cat\\\/ca\\\/eivissa-suma-5-restaurants-a-la-guia-repsol#respond\"]}]},{\"@type\":\"WebPage\",\"@id\":\"https:\\\/\\\/gastronomicament.cat\\\/ca\\\/eivissa-suma-5-restaurants-a-la-guia-repsol\",\"url\":\"https:\\\/\\\/gastronomicament.cat\\\/ca\\\/eivissa-suma-5-restaurants-a-la-guia-repsol\",\"name\":\"Eivissa suma 5 restaurants a la Guia Repsol - Gastron\u00f2micament\",\"isPartOf\":{\"@id\":\"https:\\\/\\\/gastronomicament.cat\\\/ca\\\/#website\"},\"primaryImageOfPage\":{\"@id\":\"https:\\\/\\\/gastronomicament.cat\\\/ca\\\/eivissa-suma-5-restaurants-a-la-guia-repsol#primaryimage\"},\"image\":{\"@id\":\"https:\\\/\\\/gastronomicament.cat\\\/ca\\\/eivissa-suma-5-restaurants-a-la-guia-repsol#primaryimage\"},\"thumbnailUrl\":\"https:\\\/\\\/gastronomicament.cat\\\/wp-content\\\/uploads\\\/2021\\\/04\\\/es-tragon-alvaro-sanz-clavijo-eivissa.jpg\",\"datePublished\":\"2021-04-15T11:25:57+00:00\",\"dateModified\":\"2022-04-07T09:15:45+00:00\",\"description\":\"Eivissa suma 5 restaurants a la Guia Repsol Actualitat, Concursos i premis El talent culinari d'Eivissa\u00a0s'ha vist recompensat en la\u00a0Guia Repsol 2021: el motiu \u00e9s que hi ha 5 nous restaurants piti\u00fcsos hi han estat inclosos\",\"inLanguage\":\"ca-ES\",\"potentialAction\":[{\"@type\":\"ReadAction\",\"target\":[\"https:\\\/\\\/gastronomicament.cat\\\/ca\\\/eivissa-suma-5-restaurants-a-la-guia-repsol\"]}]},{\"@type\":\"ImageObject\",\"inLanguage\":\"ca-ES\",\"@id\":\"https:\\\/\\\/gastronomicament.cat\\\/ca\\\/eivissa-suma-5-restaurants-a-la-guia-repsol#primaryimage\",\"url\":\"https:\\\/\\\/gastronomicament.cat\\\/wp-content\\\/uploads\\\/2021\\\/04\\\/es-tragon-alvaro-sanz-clavijo-eivissa.jpg\",\"contentUrl\":\"https:\\\/\\\/gastronomicament.cat\\\/wp-content\\\/uploads\\\/2021\\\/04\\\/es-tragon-alvaro-sanz-clavijo-eivissa.jpg\",\"width\":1200,\"height\":800},{\"@type\":\"WebSite\",\"@id\":\"https:\\\/\\\/gastronomicament.cat\\\/ca\\\/#website\",\"url\":\"https:\\\/\\\/gastronomicament.cat\\\/ca\\\/\",\"name\":\"Gastron\u00f2micament\",\"description\":\"Portal de restaurants, receptes i actualitat gastron\u00f2mica\",\"publisher\":{\"@id\":\"https:\\\/\\\/gastronomicament.cat\\\/ca\\\/#organization\"},\"potentialAction\":[{\"@type\":\"SearchAction\",\"target\":{\"@type\":\"EntryPoint\",\"urlTemplate\":\"https:\\\/\\\/gastronomicament.cat\\\/ca\\\/?s={search_term_string}\"},\"query-input\":{\"@type\":\"PropertyValueSpecification\",\"valueRequired\":true,\"valueName\":\"search_term_string\"}}],\"inLanguage\":\"ca-ES\"},{\"@type\":\"Organization\",\"@id\":\"https:\\\/\\\/gastronomicament.cat\\\/ca\\\/#organization\",\"name\":\"Gastron\u00f2micament\",\"url\":\"https:\\\/\\\/gastronomicament.cat\\\/ca\\\/\",\"logo\":{\"@type\":\"ImageObject\",\"inLanguage\":\"ca-ES\",\"@id\":\"https:\\\/\\\/gastronomicament.cat\\\/ca\\\/#\\\/schema\\\/logo\\\/image\\\/\",\"url\":\"https:\\\/\\\/gastronomicament.cat\\\/wp-content\\\/uploads\\\/2016\\\/09\\\/header-logo.jpg\",\"contentUrl\":\"https:\\\/\\\/gastronomicament.cat\\\/wp-content\\\/uploads\\\/2016\\\/09\\\/header-logo.jpg\",\"width\":277,\"height\":39,\"caption\":\"Gastron\u00f2micament\"},\"image\":{\"@id\":\"https:\\\/\\\/gastronomicament.cat\\\/ca\\\/#\\\/schema\\\/logo\\\/image\\\/\"},\"sameAs\":[\"https:\\\/\\\/x.com\\\/gastronomicamen\"]},{\"@type\":\"Person\",\"@id\":\"https:\\\/\\\/gastronomicament.cat\\\/ca\\\/#\\\/schema\\\/person\\\/a7c85c537a1ed62799a5b8e0f686a37f\",\"name\":\"Redacci\u00f3\",\"image\":{\"@type\":\"ImageObject\",\"inLanguage\":\"ca-ES\",\"@id\":\"https:\\\/\\\/secure.gravatar.com\\\/avatar\\\/9489a485c464fd611d33825daae651d13db70c4e74c65c94937a15a9d4c3ee14?s=96&d=mm&r=g69fea3cce3645dfa2166e7293e22955e\",\"url\":\"https:\\\/\\\/secure.gravatar.com\\\/avatar\\\/9489a485c464fd611d33825daae651d13db70c4e74c65c94937a15a9d4c3ee14?s=96&d=mm&r=g\",\"contentUrl\":\"https:\\\/\\\/secure.gravatar.com\\\/avatar\\\/9489a485c464fd611d33825daae651d13db70c4e74c65c94937a15a9d4c3ee14?s=96&d=mm&r=g\",\"caption\":\"Redacci\u00f3\"},\"sameAs\":[\"http:\\\/\\\/gastronomicament.cat\"],\"url\":\"https:\\\/\\\/gastronomicament.cat\\\/ca\\\/author\\\/admin\"}]}<\/script>\n<!-- \/ Yoast SEO plugin. -->","yoast_head_json":{"title":"Eivissa suma 5 restaurants a la Guia Repsol - Gastron\u00f2micament","description":"Eivissa suma 5 restaurants a la Guia Repsol Actualitat, Concursos i premis El talent culinari d'Eivissa\u00a0s'ha vist recompensat en la\u00a0Guia Repsol 2021: el motiu \u00e9s que hi ha 5 nous restaurants piti\u00fcsos hi han estat inclosos","robots":{"index":"index","follow":"follow","max-snippet":"max-snippet:-1","max-image-preview":"max-image-preview:large","max-video-preview":"max-video-preview:-1"},"canonical":"https:\/\/gastronomicament.cat\/ca\/eivissa-suma-5-restaurants-a-la-guia-repsol","og_locale":"ca_ES","og_type":"article","og_title":"Eivissa suma 5 restaurants a la Guia Repsol - Gastron\u00f2micament","og_description":"Eivissa suma 5 restaurants a la Guia Repsol Actualitat, Concursos i premis El talent culinari d'Eivissa\u00a0s'ha vist recompensat en la\u00a0Guia Repsol 2021: el motiu \u00e9s que hi ha 5 nous restaurants piti\u00fcsos hi han estat inclosos","og_url":"https:\/\/gastronomicament.cat\/ca\/eivissa-suma-5-restaurants-a-la-guia-repsol","og_site_name":"Gastron\u00f2micament","article_published_time":"2021-04-15T11:25:57+00:00","article_modified_time":"2022-04-07T09:15:45+00:00","og_image":[{"width":1200,"height":800,"url":"https:\/\/gastronomicament.cat\/wp-content\/uploads\/2021\/04\/es-tragon-alvaro-sanz-clavijo-eivissa.jpg","type":"image\/jpeg"}],"author":"Redacci\u00f3","twitter_card":"summary_large_image","twitter_creator":"@gastronomicamen","twitter_site":"@gastronomicamen","twitter_misc":{"Written by":"Redacci\u00f3","Est. reading time":"2 minutes"},"schema":{"@context":"https:\/\/schema.org","@graph":[{"@type":"Article","@id":"https:\/\/gastronomicament.cat\/ca\/eivissa-suma-5-restaurants-a-la-guia-repsol#article","isPartOf":{"@id":"https:\/\/gastronomicament.cat\/ca\/eivissa-suma-5-restaurants-a-la-guia-repsol"},"author":{"name":"Redacci\u00f3","@id":"https:\/\/gastronomicament.cat\/ca\/#\/schema\/person\/a7c85c537a1ed62799a5b8e0f686a37f"},"headline":"Eivissa suma 5 restaurants a la Guia Repsol","datePublished":"2021-04-15T11:25:57+00:00","dateModified":"2022-04-07T09:15:45+00:00","mainEntityOfPage":{"@id":"https:\/\/gastronomicament.cat\/ca\/eivissa-suma-5-restaurants-a-la-guia-repsol"},"wordCount":361,"commentCount":0,"publisher":{"@id":"https:\/\/gastronomicament.cat\/ca\/#organization"},"image":{"@id":"https:\/\/gastronomicament.cat\/ca\/eivissa-suma-5-restaurants-a-la-guia-repsol#primaryimage"},"thumbnailUrl":"https:\/\/gastronomicament.cat\/wp-content\/uploads\/2021\/04\/es-tragon-alvaro-sanz-clavijo-eivissa.jpg","articleSection":["Actualitat","Concursos i premis"],"inLanguage":"ca-ES","potentialAction":[{"@type":"CommentAction","name":"Comment","target":["https:\/\/gastronomicament.cat\/ca\/eivissa-suma-5-restaurants-a-la-guia-repsol#respond"]}]},{"@type":"WebPage","@id":"https:\/\/gastronomicament.cat\/ca\/eivissa-suma-5-restaurants-a-la-guia-repsol","url":"https:\/\/gastronomicament.cat\/ca\/eivissa-suma-5-restaurants-a-la-guia-repsol","name":"Eivissa suma 5 restaurants a la Guia Repsol - Gastron\u00f2micament","isPartOf":{"@id":"https:\/\/gastronomicament.cat\/ca\/#website"},"primaryImageOfPage":{"@id":"https:\/\/gastronomicament.cat\/ca\/eivissa-suma-5-restaurants-a-la-guia-repsol#primaryimage"},"image":{"@id":"https:\/\/gastronomicament.cat\/ca\/eivissa-suma-5-restaurants-a-la-guia-repsol#primaryimage"},"thumbnailUrl":"https:\/\/gastronomicament.cat\/wp-content\/uploads\/2021\/04\/es-tragon-alvaro-sanz-clavijo-eivissa.jpg","datePublished":"2021-04-15T11:25:57+00:00","dateModified":"2022-04-07T09:15:45+00:00","description":"Eivissa suma 5 restaurants a la Guia Repsol Actualitat, Concursos i premis El talent culinari d'Eivissa\u00a0s'ha vist recompensat en la\u00a0Guia Repsol 2021: el motiu \u00e9s que hi ha 5 nous restaurants piti\u00fcsos hi han estat inclosos","inLanguage":"ca-ES","potentialAction":[{"@type":"ReadAction","target":["https:\/\/gastronomicament.cat\/ca\/eivissa-suma-5-restaurants-a-la-guia-repsol"]}]},{"@type":"ImageObject","inLanguage":"ca-ES","@id":"https:\/\/gastronomicament.cat\/ca\/eivissa-suma-5-restaurants-a-la-guia-repsol#primaryimage","url":"https:\/\/gastronomicament.cat\/wp-content\/uploads\/2021\/04\/es-tragon-alvaro-sanz-clavijo-eivissa.jpg","contentUrl":"https:\/\/gastronomicament.cat\/wp-content\/uploads\/2021\/04\/es-tragon-alvaro-sanz-clavijo-eivissa.jpg","width":1200,"height":800},{"@type":"WebSite","@id":"https:\/\/gastronomicament.cat\/ca\/#website","url":"https:\/\/gastronomicament.cat\/ca\/","name":"Gastron\u00f2micament","description":"Portal de restaurants, receptes i actualitat gastron\u00f2mica","publisher":{"@id":"https:\/\/gastronomicament.cat\/ca\/#organization"},"potentialAction":[{"@type":"SearchAction","target":{"@type":"EntryPoint","urlTemplate":"https:\/\/gastronomicament.cat\/ca\/?s={search_term_string}"},"query-input":{"@type":"PropertyValueSpecification","valueRequired":true,"valueName":"search_term_string"}}],"inLanguage":"ca-ES"},{"@type":"Organization","@id":"https:\/\/gastronomicament.cat\/ca\/#organization","name":"Gastron\u00f2micament","url":"https:\/\/gastronomicament.cat\/ca\/","logo":{"@type":"ImageObject","inLanguage":"ca-ES","@id":"https:\/\/gastronomicament.cat\/ca\/#\/schema\/logo\/image\/","url":"https:\/\/gastronomicament.cat\/wp-content\/uploads\/2016\/09\/header-logo.jpg","contentUrl":"https:\/\/gastronomicament.cat\/wp-content\/uploads\/2016\/09\/header-logo.jpg","width":277,"height":39,"caption":"Gastron\u00f2micament"},"image":{"@id":"https:\/\/gastronomicament.cat\/ca\/#\/schema\/logo\/image\/"},"sameAs":["https:\/\/x.com\/gastronomicamen"]},{"@type":"Person","@id":"https:\/\/gastronomicament.cat\/ca\/#\/schema\/person\/a7c85c537a1ed62799a5b8e0f686a37f","name":"Redacci\u00f3","image":{"@type":"ImageObject","inLanguage":"ca-ES","@id":"https:\/\/secure.gravatar.com\/avatar\/9489a485c464fd611d33825daae651d13db70c4e74c65c94937a15a9d4c3ee14?s=96&d=mm&r=g69fea3cce3645dfa2166e7293e22955e","url":"https:\/\/secure.gravatar.com\/avatar\/9489a485c464fd611d33825daae651d13db70c4e74c65c94937a15a9d4c3ee14?s=96&d=mm&r=g","contentUrl":"https:\/\/secure.gravatar.com\/avatar\/9489a485c464fd611d33825daae651d13db70c4e74c65c94937a15a9d4c3ee14?s=96&d=mm&r=g","caption":"Redacci\u00f3"},"sameAs":["http:\/\/gastronomicament.cat"],"url":"https:\/\/gastronomicament.cat\/ca\/author\/admin"}]}},"_links":{"self":[{"href":"https:\/\/gastronomicament.cat\/ca\/wp-json\/wp\/v2\/posts\/28633","targetHints":{"allow":["GET"]}}],"collection":[{"href":"https:\/\/gastronomicament.cat\/ca\/wp-json\/wp\/v2\/posts"}],"about":[{"href":"https:\/\/gastronomicament.cat\/ca\/wp-json\/wp\/v2\/types\/post"}],"author":[{"embeddable":true,"href":"https:\/\/gastronomicament.cat\/ca\/wp-json\/wp\/v2\/users\/1"}],"replies":[{"embeddable":true,"href":"https:\/\/gastronomicament.cat\/ca\/wp-json\/wp\/v2\/comments?post=28633"}],"version-history":[{"count":0,"href":"https:\/\/gastronomicament.cat\/ca\/wp-json\/wp\/v2\/posts\/28633\/revisions"}],"wp:featuredmedia":[{"embeddable":true,"href":"https:\/\/gastronomicament.cat\/ca\/wp-json\/wp\/v2\/media\/28637"}],"wp:attachment":[{"href":"https:\/\/gastronomicament.cat\/ca\/wp-json\/wp\/v2\/media?parent=28633"}],"wp:term":[{"taxonomy":"category","embeddable":true,"href":"https:\/\/gastronomicament.cat\/ca\/wp-json\/wp\/v2\/categories?post=28633"},{"taxonomy":"post_tag","embeddable":true,"href":"https:\/\/gastronomicament.cat\/ca\/wp-json\/wp\/v2\/tags?post=28633"},{"taxonomy":"author","embeddable":true,"href":"https:\/\/gastronomicament.cat\/ca\/wp-json\/wp\/v2\/coauthors?post=28633"}],"curies":[{"name":"wp","href":"https:\/\/api.w.org\/{rel}","templated":true}]}}