{"id":28746,"date":"2021-05-13T11:56:48","date_gmt":"2021-05-13T09:56:48","guid":{"rendered":"https:\/\/gastronomicament.cat\/?p=28746"},"modified":"2024-10-17T11:02:07","modified_gmt":"2024-10-17T09:02:07","slug":"linterior-dels-restaurants-de-mallorca-sobrira-dia-23-de-maig","status":"publish","type":"post","link":"https:\/\/gastronomicament.cat\/ca\/linterior-dels-restaurants-de-mallorca-sobrira-dia-23-de-maig","title":{"rendered":"L&#8217;interior dels restaurants de Mallorca s&#8217;obrir\u00e0 dia 23 de maig"},"content":{"rendered":"<p>Els restaurants de Mallorca podran obrir els interiors el proper 23 de maig. La mesura s&#8217;ha allargat per prevenci\u00f3, tot i que s&#8217;ha perm\u00e8s mantenir les terrasses obertes tots els dies de les 6 del mat\u00ed a les 22:30 del vespre, de manera ininterrompuda amb un 100% de cabuda.<\/p>\n<p>La novetat m\u00e9s important tendr\u00e0 lloc a final de la setmana que ve,<strong>\u00a0a partir del 23 de maig, quan es podr\u00e0 consumir en els interiors de bars i restaurants amb un aforament del 50%<\/strong>.<\/p>\n<p>Tot i aix\u00f2,\u00a0<strong>l&#8217;\u00fas de mascareta continuar\u00e0 essent obligatori a les terrasses quan no es faci cap consumici\u00f3<\/strong>. Aix\u00ed mateix, es mant\u00e9 la prohibici\u00f3 de fumar a les terrasses de bars i restaurants.<\/p>\n","protected":false},"excerpt":{"rendered":"<p>La mesura s&#8217;ha allargat per prevenci\u00f3, tot i que s&#8217;ha perm\u00e8s mantenir les terrasses obertes tots&hellip;<\/p>\n","protected":false},"author":1,"featured_media":28748,"comment_status":"open","ping_status":"closed","sticky":false,"template":"","format":"standard","meta":{"_acf_changed":false,"_swt_meta_header_display":false,"_swt_meta_footer_display":false,"_swt_meta_site_title_display":false,"_swt_meta_sticky_header":false,"_swt_meta_transparent_header":false,"footnotes":""},"categories":[692,955],"tags":[],"coauthors":[2053],"class_list":["post-28746","post","type-post","status-publish","format-standard","has-post-thumbnail","hentry","category-actualitat","category-reportatges-i-novetats"],"acf":{"gallery":null,"home_date":{"home_begin_date":null,"home_end_date":null}},"yoast_head":"<!-- This site is optimized with the Yoast SEO plugin v27.4 - https:\/\/yoast.com\/product\/yoast-seo-wordpress\/ -->\n<title>L&#039;interior dels restaurants de Mallorca s&#039;obrir\u00e0 dia 23 de maig - Gastron\u00f2micament<\/title>\n<meta name=\"description\" content=\"L&#039;interior dels restaurants de Mallorca s&#039;obrir\u00e0 dia 23 de maig Actualitat, Reportatges i novetats La mesura s&#039;ha allargat per prevenci\u00f3, tot i que s&#039;ha perm\u00e8s mantenir les terrasses obertes tots els dies\" \/>\n<meta name=\"robots\" content=\"index, follow, max-snippet:-1, max-image-preview:large, max-video-preview:-1\" \/>\n<link rel=\"canonical\" href=\"https:\/\/gastronomicament.cat\/ca\/linterior-dels-restaurants-de-mallorca-sobrira-dia-23-de-maig\" \/>\n<meta property=\"og:locale\" content=\"ca_ES\" \/>\n<meta property=\"og:type\" content=\"article\" \/>\n<meta property=\"og:title\" content=\"L&#039;interior dels restaurants de Mallorca s&#039;obrir\u00e0 dia 23 de maig - Gastron\u00f2micament\" \/>\n<meta property=\"og:description\" content=\"L&#039;interior dels restaurants de Mallorca s&#039;obrir\u00e0 dia 23 de maig Actualitat, Reportatges i novetats La mesura s&#039;ha allargat per prevenci\u00f3, tot i que s&#039;ha perm\u00e8s mantenir les terrasses obertes tots els dies\" \/>\n<meta property=\"og:url\" content=\"https:\/\/gastronomicament.cat\/ca\/linterior-dels-restaurants-de-mallorca-sobrira-dia-23-de-maig\" \/>\n<meta property=\"og:site_name\" content=\"Gastron\u00f2micament\" \/>\n<meta property=\"article:published_time\" content=\"2021-05-13T09:56:48+00:00\" \/>\n<meta property=\"article:modified_time\" content=\"2024-10-17T09:02:07+00:00\" \/>\n<meta property=\"og:image\" content=\"https:\/\/gastronomicament.cat\/wp-content\/uploads\/2021\/05\/Interior-restaurant-Mallorca.jpg\" \/>\n\t<meta property=\"og:image:width\" content=\"1526\" \/>\n\t<meta property=\"og:image:height\" content=\"842\" \/>\n\t<meta property=\"og:image:type\" content=\"image\/jpeg\" \/>\n<meta name=\"author\" content=\"Redacci\u00f3\" \/>\n<meta name=\"twitter:card\" content=\"summary_large_image\" \/>\n<meta name=\"twitter:creator\" content=\"@gastronomicamen\" \/>\n<meta name=\"twitter:site\" content=\"@gastronomicamen\" \/>\n<meta name=\"twitter:label1\" content=\"Written by\" \/>\n\t<meta name=\"twitter:data1\" content=\"Redacci\u00f3\" \/>\n\t<meta name=\"twitter:label2\" content=\"Est. reading time\" \/>\n\t<meta name=\"twitter:data2\" content=\"1 minute\" \/>\n<script type=\"application\/ld+json\" class=\"yoast-schema-graph\">{\"@context\":\"https:\\\/\\\/schema.org\",\"@graph\":[{\"@type\":\"Article\",\"@id\":\"https:\\\/\\\/gastronomicament.cat\\\/ca\\\/linterior-dels-restaurants-de-mallorca-sobrira-dia-23-de-maig#article\",\"isPartOf\":{\"@id\":\"https:\\\/\\\/gastronomicament.cat\\\/ca\\\/linterior-dels-restaurants-de-mallorca-sobrira-dia-23-de-maig\"},\"author\":{\"name\":\"Redacci\u00f3\",\"@id\":\"https:\\\/\\\/gastronomicament.cat\\\/ca\\\/#\\\/schema\\\/person\\\/a7c85c537a1ed62799a5b8e0f686a37f\"},\"headline\":\"L&#8217;interior dels restaurants de Mallorca s&#8217;obrir\u00e0 dia 23 de maig\",\"datePublished\":\"2021-05-13T09:56:48+00:00\",\"dateModified\":\"2024-10-17T09:02:07+00:00\",\"mainEntityOfPage\":{\"@id\":\"https:\\\/\\\/gastronomicament.cat\\\/ca\\\/linterior-dels-restaurants-de-mallorca-sobrira-dia-23-de-maig\"},\"wordCount\":123,\"commentCount\":0,\"publisher\":{\"@id\":\"https:\\\/\\\/gastronomicament.cat\\\/ca\\\/#organization\"},\"image\":{\"@id\":\"https:\\\/\\\/gastronomicament.cat\\\/ca\\\/linterior-dels-restaurants-de-mallorca-sobrira-dia-23-de-maig#primaryimage\"},\"thumbnailUrl\":\"https:\\\/\\\/gastronomicament.cat\\\/wp-content\\\/uploads\\\/2021\\\/05\\\/Interior-restaurant-Mallorca.jpg\",\"articleSection\":[\"Actualitat\",\"Reportatges i novetats\"],\"inLanguage\":\"ca-ES\",\"potentialAction\":[{\"@type\":\"CommentAction\",\"name\":\"Comment\",\"target\":[\"https:\\\/\\\/gastronomicament.cat\\\/ca\\\/linterior-dels-restaurants-de-mallorca-sobrira-dia-23-de-maig#respond\"]}]},{\"@type\":\"WebPage\",\"@id\":\"https:\\\/\\\/gastronomicament.cat\\\/ca\\\/linterior-dels-restaurants-de-mallorca-sobrira-dia-23-de-maig\",\"url\":\"https:\\\/\\\/gastronomicament.cat\\\/ca\\\/linterior-dels-restaurants-de-mallorca-sobrira-dia-23-de-maig\",\"name\":\"L'interior dels restaurants de Mallorca s'obrir\u00e0 dia 23 de maig - Gastron\u00f2micament\",\"isPartOf\":{\"@id\":\"https:\\\/\\\/gastronomicament.cat\\\/ca\\\/#website\"},\"primaryImageOfPage\":{\"@id\":\"https:\\\/\\\/gastronomicament.cat\\\/ca\\\/linterior-dels-restaurants-de-mallorca-sobrira-dia-23-de-maig#primaryimage\"},\"image\":{\"@id\":\"https:\\\/\\\/gastronomicament.cat\\\/ca\\\/linterior-dels-restaurants-de-mallorca-sobrira-dia-23-de-maig#primaryimage\"},\"thumbnailUrl\":\"https:\\\/\\\/gastronomicament.cat\\\/wp-content\\\/uploads\\\/2021\\\/05\\\/Interior-restaurant-Mallorca.jpg\",\"datePublished\":\"2021-05-13T09:56:48+00:00\",\"dateModified\":\"2024-10-17T09:02:07+00:00\",\"description\":\"L'interior dels restaurants de Mallorca s'obrir\u00e0 dia 23 de maig Actualitat, Reportatges i novetats La mesura s'ha allargat per prevenci\u00f3, tot i que s'ha perm\u00e8s mantenir les terrasses obertes tots els dies\",\"inLanguage\":\"ca-ES\",\"potentialAction\":[{\"@type\":\"ReadAction\",\"target\":[\"https:\\\/\\\/gastronomicament.cat\\\/ca\\\/linterior-dels-restaurants-de-mallorca-sobrira-dia-23-de-maig\"]}]},{\"@type\":\"ImageObject\",\"inLanguage\":\"ca-ES\",\"@id\":\"https:\\\/\\\/gastronomicament.cat\\\/ca\\\/linterior-dels-restaurants-de-mallorca-sobrira-dia-23-de-maig#primaryimage\",\"url\":\"https:\\\/\\\/gastronomicament.cat\\\/wp-content\\\/uploads\\\/2021\\\/05\\\/Interior-restaurant-Mallorca.jpg\",\"contentUrl\":\"https:\\\/\\\/gastronomicament.cat\\\/wp-content\\\/uploads\\\/2021\\\/05\\\/Interior-restaurant-Mallorca.jpg\",\"width\":1526,\"height\":842},{\"@type\":\"WebSite\",\"@id\":\"https:\\\/\\\/gastronomicament.cat\\\/ca\\\/#website\",\"url\":\"https:\\\/\\\/gastronomicament.cat\\\/ca\\\/\",\"name\":\"Gastron\u00f2micament\",\"description\":\"Portal de restaurants, receptes i actualitat gastron\u00f2mica\",\"publisher\":{\"@id\":\"https:\\\/\\\/gastronomicament.cat\\\/ca\\\/#organization\"},\"potentialAction\":[{\"@type\":\"SearchAction\",\"target\":{\"@type\":\"EntryPoint\",\"urlTemplate\":\"https:\\\/\\\/gastronomicament.cat\\\/ca\\\/?s={search_term_string}\"},\"query-input\":{\"@type\":\"PropertyValueSpecification\",\"valueRequired\":true,\"valueName\":\"search_term_string\"}}],\"inLanguage\":\"ca-ES\"},{\"@type\":\"Organization\",\"@id\":\"https:\\\/\\\/gastronomicament.cat\\\/ca\\\/#organization\",\"name\":\"Gastron\u00f2micament\",\"url\":\"https:\\\/\\\/gastronomicament.cat\\\/ca\\\/\",\"logo\":{\"@type\":\"ImageObject\",\"inLanguage\":\"ca-ES\",\"@id\":\"https:\\\/\\\/gastronomicament.cat\\\/ca\\\/#\\\/schema\\\/logo\\\/image\\\/\",\"url\":\"https:\\\/\\\/gastronomicament.cat\\\/wp-content\\\/uploads\\\/2016\\\/09\\\/header-logo.jpg\",\"contentUrl\":\"https:\\\/\\\/gastronomicament.cat\\\/wp-content\\\/uploads\\\/2016\\\/09\\\/header-logo.jpg\",\"width\":277,\"height\":39,\"caption\":\"Gastron\u00f2micament\"},\"image\":{\"@id\":\"https:\\\/\\\/gastronomicament.cat\\\/ca\\\/#\\\/schema\\\/logo\\\/image\\\/\"},\"sameAs\":[\"https:\\\/\\\/x.com\\\/gastronomicamen\"]},{\"@type\":\"Person\",\"@id\":\"https:\\\/\\\/gastronomicament.cat\\\/ca\\\/#\\\/schema\\\/person\\\/a7c85c537a1ed62799a5b8e0f686a37f\",\"name\":\"Redacci\u00f3\",\"image\":{\"@type\":\"ImageObject\",\"inLanguage\":\"ca-ES\",\"@id\":\"https:\\\/\\\/secure.gravatar.com\\\/avatar\\\/9489a485c464fd611d33825daae651d13db70c4e74c65c94937a15a9d4c3ee14?s=96&d=mm&r=g69fea3cce3645dfa2166e7293e22955e\",\"url\":\"https:\\\/\\\/secure.gravatar.com\\\/avatar\\\/9489a485c464fd611d33825daae651d13db70c4e74c65c94937a15a9d4c3ee14?s=96&d=mm&r=g\",\"contentUrl\":\"https:\\\/\\\/secure.gravatar.com\\\/avatar\\\/9489a485c464fd611d33825daae651d13db70c4e74c65c94937a15a9d4c3ee14?s=96&d=mm&r=g\",\"caption\":\"Redacci\u00f3\"},\"sameAs\":[\"http:\\\/\\\/gastronomicament.cat\"],\"url\":\"https:\\\/\\\/gastronomicament.cat\\\/ca\\\/author\\\/admin\"}]}<\/script>\n<!-- \/ Yoast SEO plugin. -->","yoast_head_json":{"title":"L'interior dels restaurants de Mallorca s'obrir\u00e0 dia 23 de maig - Gastron\u00f2micament","description":"L'interior dels restaurants de Mallorca s'obrir\u00e0 dia 23 de maig Actualitat, Reportatges i novetats La mesura s'ha allargat per prevenci\u00f3, tot i que s'ha perm\u00e8s mantenir les terrasses obertes tots els dies","robots":{"index":"index","follow":"follow","max-snippet":"max-snippet:-1","max-image-preview":"max-image-preview:large","max-video-preview":"max-video-preview:-1"},"canonical":"https:\/\/gastronomicament.cat\/ca\/linterior-dels-restaurants-de-mallorca-sobrira-dia-23-de-maig","og_locale":"ca_ES","og_type":"article","og_title":"L'interior dels restaurants de Mallorca s'obrir\u00e0 dia 23 de maig - Gastron\u00f2micament","og_description":"L'interior dels restaurants de Mallorca s'obrir\u00e0 dia 23 de maig Actualitat, Reportatges i novetats La mesura s'ha allargat per prevenci\u00f3, tot i que s'ha perm\u00e8s mantenir les terrasses obertes tots els dies","og_url":"https:\/\/gastronomicament.cat\/ca\/linterior-dels-restaurants-de-mallorca-sobrira-dia-23-de-maig","og_site_name":"Gastron\u00f2micament","article_published_time":"2021-05-13T09:56:48+00:00","article_modified_time":"2024-10-17T09:02:07+00:00","og_image":[{"width":1526,"height":842,"url":"https:\/\/gastronomicament.cat\/wp-content\/uploads\/2021\/05\/Interior-restaurant-Mallorca.jpg","type":"image\/jpeg"}],"author":"Redacci\u00f3","twitter_card":"summary_large_image","twitter_creator":"@gastronomicamen","twitter_site":"@gastronomicamen","twitter_misc":{"Written by":"Redacci\u00f3","Est. reading time":"1 minute"},"schema":{"@context":"https:\/\/schema.org","@graph":[{"@type":"Article","@id":"https:\/\/gastronomicament.cat\/ca\/linterior-dels-restaurants-de-mallorca-sobrira-dia-23-de-maig#article","isPartOf":{"@id":"https:\/\/gastronomicament.cat\/ca\/linterior-dels-restaurants-de-mallorca-sobrira-dia-23-de-maig"},"author":{"name":"Redacci\u00f3","@id":"https:\/\/gastronomicament.cat\/ca\/#\/schema\/person\/a7c85c537a1ed62799a5b8e0f686a37f"},"headline":"L&#8217;interior dels restaurants de Mallorca s&#8217;obrir\u00e0 dia 23 de maig","datePublished":"2021-05-13T09:56:48+00:00","dateModified":"2024-10-17T09:02:07+00:00","mainEntityOfPage":{"@id":"https:\/\/gastronomicament.cat\/ca\/linterior-dels-restaurants-de-mallorca-sobrira-dia-23-de-maig"},"wordCount":123,"commentCount":0,"publisher":{"@id":"https:\/\/gastronomicament.cat\/ca\/#organization"},"image":{"@id":"https:\/\/gastronomicament.cat\/ca\/linterior-dels-restaurants-de-mallorca-sobrira-dia-23-de-maig#primaryimage"},"thumbnailUrl":"https:\/\/gastronomicament.cat\/wp-content\/uploads\/2021\/05\/Interior-restaurant-Mallorca.jpg","articleSection":["Actualitat","Reportatges i novetats"],"inLanguage":"ca-ES","potentialAction":[{"@type":"CommentAction","name":"Comment","target":["https:\/\/gastronomicament.cat\/ca\/linterior-dels-restaurants-de-mallorca-sobrira-dia-23-de-maig#respond"]}]},{"@type":"WebPage","@id":"https:\/\/gastronomicament.cat\/ca\/linterior-dels-restaurants-de-mallorca-sobrira-dia-23-de-maig","url":"https:\/\/gastronomicament.cat\/ca\/linterior-dels-restaurants-de-mallorca-sobrira-dia-23-de-maig","name":"L'interior dels restaurants de Mallorca s'obrir\u00e0 dia 23 de maig - Gastron\u00f2micament","isPartOf":{"@id":"https:\/\/gastronomicament.cat\/ca\/#website"},"primaryImageOfPage":{"@id":"https:\/\/gastronomicament.cat\/ca\/linterior-dels-restaurants-de-mallorca-sobrira-dia-23-de-maig#primaryimage"},"image":{"@id":"https:\/\/gastronomicament.cat\/ca\/linterior-dels-restaurants-de-mallorca-sobrira-dia-23-de-maig#primaryimage"},"thumbnailUrl":"https:\/\/gastronomicament.cat\/wp-content\/uploads\/2021\/05\/Interior-restaurant-Mallorca.jpg","datePublished":"2021-05-13T09:56:48+00:00","dateModified":"2024-10-17T09:02:07+00:00","description":"L'interior dels restaurants de Mallorca s'obrir\u00e0 dia 23 de maig Actualitat, Reportatges i novetats La mesura s'ha allargat per prevenci\u00f3, tot i que s'ha perm\u00e8s mantenir les terrasses obertes tots els dies","inLanguage":"ca-ES","potentialAction":[{"@type":"ReadAction","target":["https:\/\/gastronomicament.cat\/ca\/linterior-dels-restaurants-de-mallorca-sobrira-dia-23-de-maig"]}]},{"@type":"ImageObject","inLanguage":"ca-ES","@id":"https:\/\/gastronomicament.cat\/ca\/linterior-dels-restaurants-de-mallorca-sobrira-dia-23-de-maig#primaryimage","url":"https:\/\/gastronomicament.cat\/wp-content\/uploads\/2021\/05\/Interior-restaurant-Mallorca.jpg","contentUrl":"https:\/\/gastronomicament.cat\/wp-content\/uploads\/2021\/05\/Interior-restaurant-Mallorca.jpg","width":1526,"height":842},{"@type":"WebSite","@id":"https:\/\/gastronomicament.cat\/ca\/#website","url":"https:\/\/gastronomicament.cat\/ca\/","name":"Gastron\u00f2micament","description":"Portal de restaurants, receptes i actualitat gastron\u00f2mica","publisher":{"@id":"https:\/\/gastronomicament.cat\/ca\/#organization"},"potentialAction":[{"@type":"SearchAction","target":{"@type":"EntryPoint","urlTemplate":"https:\/\/gastronomicament.cat\/ca\/?s={search_term_string}"},"query-input":{"@type":"PropertyValueSpecification","valueRequired":true,"valueName":"search_term_string"}}],"inLanguage":"ca-ES"},{"@type":"Organization","@id":"https:\/\/gastronomicament.cat\/ca\/#organization","name":"Gastron\u00f2micament","url":"https:\/\/gastronomicament.cat\/ca\/","logo":{"@type":"ImageObject","inLanguage":"ca-ES","@id":"https:\/\/gastronomicament.cat\/ca\/#\/schema\/logo\/image\/","url":"https:\/\/gastronomicament.cat\/wp-content\/uploads\/2016\/09\/header-logo.jpg","contentUrl":"https:\/\/gastronomicament.cat\/wp-content\/uploads\/2016\/09\/header-logo.jpg","width":277,"height":39,"caption":"Gastron\u00f2micament"},"image":{"@id":"https:\/\/gastronomicament.cat\/ca\/#\/schema\/logo\/image\/"},"sameAs":["https:\/\/x.com\/gastronomicamen"]},{"@type":"Person","@id":"https:\/\/gastronomicament.cat\/ca\/#\/schema\/person\/a7c85c537a1ed62799a5b8e0f686a37f","name":"Redacci\u00f3","image":{"@type":"ImageObject","inLanguage":"ca-ES","@id":"https:\/\/secure.gravatar.com\/avatar\/9489a485c464fd611d33825daae651d13db70c4e74c65c94937a15a9d4c3ee14?s=96&d=mm&r=g69fea3cce3645dfa2166e7293e22955e","url":"https:\/\/secure.gravatar.com\/avatar\/9489a485c464fd611d33825daae651d13db70c4e74c65c94937a15a9d4c3ee14?s=96&d=mm&r=g","contentUrl":"https:\/\/secure.gravatar.com\/avatar\/9489a485c464fd611d33825daae651d13db70c4e74c65c94937a15a9d4c3ee14?s=96&d=mm&r=g","caption":"Redacci\u00f3"},"sameAs":["http:\/\/gastronomicament.cat"],"url":"https:\/\/gastronomicament.cat\/ca\/author\/admin"}]}},"_links":{"self":[{"href":"https:\/\/gastronomicament.cat\/ca\/wp-json\/wp\/v2\/posts\/28746","targetHints":{"allow":["GET"]}}],"collection":[{"href":"https:\/\/gastronomicament.cat\/ca\/wp-json\/wp\/v2\/posts"}],"about":[{"href":"https:\/\/gastronomicament.cat\/ca\/wp-json\/wp\/v2\/types\/post"}],"author":[{"embeddable":true,"href":"https:\/\/gastronomicament.cat\/ca\/wp-json\/wp\/v2\/users\/1"}],"replies":[{"embeddable":true,"href":"https:\/\/gastronomicament.cat\/ca\/wp-json\/wp\/v2\/comments?post=28746"}],"version-history":[{"count":0,"href":"https:\/\/gastronomicament.cat\/ca\/wp-json\/wp\/v2\/posts\/28746\/revisions"}],"wp:featuredmedia":[{"embeddable":true,"href":"https:\/\/gastronomicament.cat\/ca\/wp-json\/wp\/v2\/media\/28748"}],"wp:attachment":[{"href":"https:\/\/gastronomicament.cat\/ca\/wp-json\/wp\/v2\/media?parent=28746"}],"wp:term":[{"taxonomy":"category","embeddable":true,"href":"https:\/\/gastronomicament.cat\/ca\/wp-json\/wp\/v2\/categories?post=28746"},{"taxonomy":"post_tag","embeddable":true,"href":"https:\/\/gastronomicament.cat\/ca\/wp-json\/wp\/v2\/tags?post=28746"},{"taxonomy":"author","embeddable":true,"href":"https:\/\/gastronomicament.cat\/ca\/wp-json\/wp\/v2\/coauthors?post=28746"}],"curies":[{"name":"wp","href":"https:\/\/api.w.org\/{rel}","templated":true}]}}