{"id":29376,"date":"2021-07-08T10:46:27","date_gmt":"2021-07-08T08:46:27","guid":{"rendered":"https:\/\/gastronomicament.cat\/?p=29376"},"modified":"2022-04-07T11:15:55","modified_gmt":"2022-04-07T09:15:55","slug":"pinyol-vermell-2016-es-pujol-de-maria-2017-brescat-2019","status":"publish","type":"post","link":"https:\/\/gastronomicament.cat\/ca\/pinyol-vermell-2016-es-pujol-de-maria-2017-brescat-2019","title":{"rendered":"Pinyol Vermell 2016 &#8211; Es Pujol de Maria 2017 &#8211; Brescat 2019"},"content":{"rendered":"<p><b>Pinyol Vermell 2016<\/b><\/p>\n<p><a href=\"https:\/\/gastronomicament.cat\/wp-content\/uploads\/2021\/07\/Pinyol-Vermell-Eroski-Mallorca-2016.png\"><img decoding=\"async\" class=\"alignleft wp-image-29377 size-medium\" src=\"https:\/\/gastronomicament.cat\/wp-content\/uploads\/2021\/07\/Pinyol-Vermell-Eroski-Mallorca-2016-300x300.png\" alt=\"\" width=\"300\" height=\"300\" srcset=\"https:\/\/gastronomicament.cat\/wp-content\/uploads\/2021\/07\/Pinyol-Vermell-Eroski-Mallorca-2016-300x300.png 300w, https:\/\/gastronomicament.cat\/wp-content\/uploads\/2021\/07\/Pinyol-Vermell-Eroski-Mallorca-2016-150x150.png 150w, https:\/\/gastronomicament.cat\/wp-content\/uploads\/2021\/07\/Pinyol-Vermell-Eroski-Mallorca-2016-768x768.png 768w, https:\/\/gastronomicament.cat\/wp-content\/uploads\/2021\/07\/Pinyol-Vermell-Eroski-Mallorca-2016-50x50.png 50w, https:\/\/gastronomicament.cat\/wp-content\/uploads\/2021\/07\/Pinyol-Vermell-Eroski-Mallorca-2016-650x650.png 650w, https:\/\/gastronomicament.cat\/wp-content\/uploads\/2021\/07\/Pinyol-Vermell-Eroski-Mallorca-2016-60x60.png 60w, https:\/\/gastronomicament.cat\/wp-content\/uploads\/2021\/07\/Pinyol-Vermell-Eroski-Mallorca-2016.png 800w\" sizes=\"(max-width: 300px) 100vw, 300px\" \/><\/a><\/p>\n<div>\n<p>\u00c9s el primer vi de la marca<strong>\u00a0Eroski fet a Mallorca<\/strong>\u00a0i, seguint la filosofia d&#8217;aquest supermercat, \u00e9s la manera que tenen de donar\u00a0<strong>suport al producte local<\/strong>. \u00c9s un vi\u00a0<strong>negre de crian\u00e7a de l&#8217;anyada 2016<\/strong>, elaborat amb un cupatge de les varietats\u00a0dels ra\u00efms Mantonegro, Ull de Llebre, Cabernet, Sir\u00e0, Merlot i Callet. Destaca per un\u00a0<strong>color vermell intens, notes bals\u00e0miques i de fruita vermella<\/strong>, a m\u00e9s d&#8217;un pas en boca un punt intens i agradable. Per potenciar el producte local de Mallorca Eroski ha apostat per la\u00a0<strong>denominaci\u00f3 d&#8217;origen<\/strong>\u00a0m\u00e9s antiga de l&#8217;illa, la de\u00a0<strong>Binissalem<\/strong>.<\/p>\n<p>Preu: 5,9 euros<\/p>\n<\/div>\n<p>&nbsp;<\/p>\n<p>&nbsp;<\/p>\n<p><strong>Es Pujol de Maria 2017<\/strong><\/p>\n<p><a href=\"https:\/\/gastronomicament.cat\/wp-content\/uploads\/2021\/07\/Es-Pujol-de-Maria-2017-Galmes-i-Ferrer-Petra.jpg\"><img decoding=\"async\" class=\"alignleft wp-image-29378 size-medium\" src=\"https:\/\/gastronomicament.cat\/wp-content\/uploads\/2021\/07\/Es-Pujol-de-Maria-2017-Galmes-i-Ferrer-Petra-300x300.jpg\" alt=\"\" width=\"300\" height=\"300\" srcset=\"https:\/\/gastronomicament.cat\/wp-content\/uploads\/2021\/07\/Es-Pujol-de-Maria-2017-Galmes-i-Ferrer-Petra-300x300.jpg 300w, https:\/\/gastronomicament.cat\/wp-content\/uploads\/2021\/07\/Es-Pujol-de-Maria-2017-Galmes-i-Ferrer-Petra-150x150.jpg 150w, https:\/\/gastronomicament.cat\/wp-content\/uploads\/2021\/07\/Es-Pujol-de-Maria-2017-Galmes-i-Ferrer-Petra-768x768.jpg 768w, https:\/\/gastronomicament.cat\/wp-content\/uploads\/2021\/07\/Es-Pujol-de-Maria-2017-Galmes-i-Ferrer-Petra-50x50.jpg 50w, https:\/\/gastronomicament.cat\/wp-content\/uploads\/2021\/07\/Es-Pujol-de-Maria-2017-Galmes-i-Ferrer-Petra-650x650.jpg 650w, https:\/\/gastronomicament.cat\/wp-content\/uploads\/2021\/07\/Es-Pujol-de-Maria-2017-Galmes-i-Ferrer-Petra-60x60.jpg 60w, https:\/\/gastronomicament.cat\/wp-content\/uploads\/2021\/07\/Es-Pujol-de-Maria-2017-Galmes-i-Ferrer-Petra.jpg 800w\" sizes=\"(max-width: 300px) 100vw, 300px\" \/><\/a><\/p>\n<p>El celler\u00a0<strong>Galm\u00e9s i Ferrer\u00a0<\/strong>de\u00a0<strong>Petra\u00a0<\/strong>elabora aquest gran vi de Mallorca.\u00a0<strong>Arnau Galm\u00e9s<\/strong>\u00a0n&#8217;\u00e9s el propietari i un dels grans en\u00f2legs de Mallorca amb una tradici\u00f3 vinetera que es remunta a l&#8217;any 1938, amb el seu padr\u00ed Joan i son pare, Guillem.<\/p>\n<p>El vi\u00a0<strong>Es Pujol de Maria de l&#8217;anyada 2017<\/strong>\u00a0\u00e9s un cupatge de Cabernet Sauvignon (40%), Merlot (40%) i Sir\u00e0 (20%)<strong>. Es verema manualment i se&#8217;n fa una selecci\u00f3 molt acurada<\/strong>. Al celler, es premsa i passa\u00a0<strong>6 mesos en dip\u00f2sit d&#8217;\u00e0cer inoxidable i despr\u00e9s reposa 14 mesos en botes de roure franc\u00e8s<\/strong>. \u00c9s un vi de color grana de capa alta, amb aromes de pruna confitada i pas molt estructurat i agradable en boca.<\/p>\n<p>Preu: 15 euros<\/p>\n<p>&nbsp;<\/p>\n<p>&nbsp;<\/p>\n<p><strong>Brescat 2019<\/strong><\/p>\n<p><a href=\"https:\/\/gastronomicament.cat\/wp-content\/uploads\/2021\/07\/Brescat-2019-Dalt-Turo-Campos.jpg\"><img decoding=\"async\" class=\"alignleft wp-image-26079 size-medium\" src=\"https:\/\/gastronomicament.cat\/wp-content\/uploads\/2021\/07\/Brescat-2019-Dalt-Turo-Campos-300x300.jpg\" alt=\"\" width=\"300\" height=\"300\" \/><\/a><\/p>\n<p><strong>Dalt Tur\u00f3<\/strong>, de Campos, \u00e9s un dels cellers de recent creaci\u00f3 a\u00a0<strong>Mallorca<\/strong>. La\u00a0<strong>fam\u00edlia de Can Neo<\/strong>\u00a0s&#8217;encarrega de fer un vi caracter\u00edstic i molt mineral ja que la vinya est\u00e0 sembrada a zones de recuperaci\u00f3 de pedreres. Els seus vins duen nom dels tipus de mar\u00e8s. De fet, el brescat \u00e9s un tipus de pedra amb forats i petits gorgs que s&#8217;usa per decorar l&#8217;interior i exterior de les llars.<\/p>\n<p>Brescat de l&#8217;anyada 2019 \u00e9s un vi negre de capa mitjana, de vermell rob\u00ed, amb aromes de fruita vermella i un\u00a0<strong>pas suau en boca<\/strong>. Per fer-lo, descansa durant\u00a0<strong>10 mesos en bota de roure franc\u00e8s<\/strong>\u00a0i est\u00e0 elaborat amb Callet (35%), Cabernet Sauvignon (25%), Merlot (20%), Sir\u00e0 (15%) i Mantonegro (5%).<\/p>\n<p>Preu: 15 euros<\/p>\n<p>&nbsp;<\/p>\n<p>&nbsp;<\/p>\n<p>&nbsp;<\/p>\n","protected":false},"excerpt":{"rendered":"<p>Vin\u00edcola, la secci\u00f3 de vins i licors de Gastron\u00f2micament us ofereix una tria seleccionada de les&hellip;<\/p>\n","protected":false},"author":1,"featured_media":29380,"comment_status":"open","ping_status":"closed","sticky":false,"template":"","format":"standard","meta":{"_acf_changed":false,"_swt_meta_header_display":false,"_swt_meta_footer_display":false,"_swt_meta_site_title_display":false,"_swt_meta_sticky_header":false,"_swt_meta_transparent_header":false,"footnotes":""},"categories":[692,963],"tags":[],"coauthors":[],"class_list":["post-29376","post","type-post","status-publish","format-standard","has-post-thumbnail","hentry","category-actualitat","category-vinicola-actualitat"],"acf":{"gallery":null,"home_date":{"home_begin_date":null,"home_end_date":null}},"yoast_head":"<!-- This site is optimized with the Yoast SEO plugin v27.4 - https:\/\/yoast.com\/product\/yoast-seo-wordpress\/ -->\n<title>Pinyol Vermell 2016 - Es Pujol de Maria 2017 - Brescat 2019 - Gastron\u00f2micament<\/title>\n<meta name=\"description\" content=\"Pinyol Vermell 2016 - Es Pujol de Maria 2017 - Brescat 2019 Actualitat, Vin\u00edcola Vin\u00edcola, la secci\u00f3 de vins i licors de Gastron\u00f2micament us ofereix una tria seleccionada de les novetats i propotes m\u00e9s destacades de l&#039;actualitat\" \/>\n<meta name=\"robots\" content=\"index, follow, max-snippet:-1, max-image-preview:large, max-video-preview:-1\" \/>\n<link rel=\"canonical\" href=\"https:\/\/gastronomicament.cat\/ca\/pinyol-vermell-2016-es-pujol-de-maria-2017-brescat-2019\" \/>\n<meta property=\"og:locale\" content=\"ca_ES\" \/>\n<meta property=\"og:type\" content=\"article\" \/>\n<meta property=\"og:title\" content=\"Pinyol Vermell 2016 - Es Pujol de Maria 2017 - Brescat 2019 - Gastron\u00f2micament\" \/>\n<meta property=\"og:description\" content=\"Pinyol Vermell 2016 - Es Pujol de Maria 2017 - Brescat 2019 Actualitat, Vin\u00edcola Vin\u00edcola, la secci\u00f3 de vins i licors de Gastron\u00f2micament us ofereix una tria seleccionada de les novetats i propotes m\u00e9s destacades de l&#039;actualitat\" \/>\n<meta property=\"og:url\" content=\"https:\/\/gastronomicament.cat\/ca\/pinyol-vermell-2016-es-pujol-de-maria-2017-brescat-2019\" \/>\n<meta property=\"og:site_name\" content=\"Gastron\u00f2micament\" \/>\n<meta property=\"article:published_time\" content=\"2021-07-08T08:46:27+00:00\" \/>\n<meta property=\"article:modified_time\" content=\"2022-04-07T09:15:55+00:00\" \/>\n<meta property=\"og:image\" content=\"https:\/\/gastronomicament.cat\/wp-content\/uploads\/2021\/07\/vinicola-juliol-2021.jpg\" \/>\n\t<meta property=\"og:image:width\" content=\"850\" \/>\n\t<meta property=\"og:image:height\" content=\"400\" \/>\n\t<meta property=\"og:image:type\" content=\"image\/jpeg\" \/>\n<meta name=\"author\" content=\"Redacci\u00f3\" \/>\n<meta name=\"twitter:card\" content=\"summary_large_image\" \/>\n<meta name=\"twitter:creator\" content=\"@gastronomicamen\" \/>\n<meta name=\"twitter:site\" content=\"@gastronomicamen\" \/>\n<meta name=\"twitter:label1\" content=\"Written by\" \/>\n\t<meta name=\"twitter:data1\" content=\"Redacci\u00f3\" \/>\n\t<meta name=\"twitter:label2\" content=\"Est. reading time\" \/>\n\t<meta name=\"twitter:data2\" content=\"3 minutes\" \/>\n<script type=\"application\/ld+json\" class=\"yoast-schema-graph\">{\"@context\":\"https:\\\/\\\/schema.org\",\"@graph\":[{\"@type\":\"Article\",\"@id\":\"https:\\\/\\\/gastronomicament.cat\\\/ca\\\/pinyol-vermell-2016-es-pujol-de-maria-2017-brescat-2019#article\",\"isPartOf\":{\"@id\":\"https:\\\/\\\/gastronomicament.cat\\\/ca\\\/pinyol-vermell-2016-es-pujol-de-maria-2017-brescat-2019\"},\"author\":{\"name\":\"Redacci\u00f3\",\"@id\":\"https:\\\/\\\/gastronomicament.cat\\\/ca\\\/#\\\/schema\\\/person\\\/a7c85c537a1ed62799a5b8e0f686a37f\"},\"headline\":\"Pinyol Vermell 2016 &#8211; Es Pujol de Maria 2017 &#8211; Brescat 2019\",\"datePublished\":\"2021-07-08T08:46:27+00:00\",\"dateModified\":\"2022-04-07T09:15:55+00:00\",\"mainEntityOfPage\":{\"@id\":\"https:\\\/\\\/gastronomicament.cat\\\/ca\\\/pinyol-vermell-2016-es-pujol-de-maria-2017-brescat-2019\"},\"wordCount\":373,\"commentCount\":0,\"publisher\":{\"@id\":\"https:\\\/\\\/gastronomicament.cat\\\/ca\\\/#organization\"},\"image\":{\"@id\":\"https:\\\/\\\/gastronomicament.cat\\\/ca\\\/pinyol-vermell-2016-es-pujol-de-maria-2017-brescat-2019#primaryimage\"},\"thumbnailUrl\":\"https:\\\/\\\/gastronomicament.cat\\\/wp-content\\\/uploads\\\/2021\\\/07\\\/vinicola-juliol-2021.jpg\",\"articleSection\":[\"Actualitat\",\"Vin\u00edcola\"],\"inLanguage\":\"ca-ES\",\"potentialAction\":[{\"@type\":\"CommentAction\",\"name\":\"Comment\",\"target\":[\"https:\\\/\\\/gastronomicament.cat\\\/ca\\\/pinyol-vermell-2016-es-pujol-de-maria-2017-brescat-2019#respond\"]}]},{\"@type\":\"WebPage\",\"@id\":\"https:\\\/\\\/gastronomicament.cat\\\/ca\\\/pinyol-vermell-2016-es-pujol-de-maria-2017-brescat-2019\",\"url\":\"https:\\\/\\\/gastronomicament.cat\\\/ca\\\/pinyol-vermell-2016-es-pujol-de-maria-2017-brescat-2019\",\"name\":\"Pinyol Vermell 2016 - Es Pujol de Maria 2017 - Brescat 2019 - Gastron\u00f2micament\",\"isPartOf\":{\"@id\":\"https:\\\/\\\/gastronomicament.cat\\\/ca\\\/#website\"},\"primaryImageOfPage\":{\"@id\":\"https:\\\/\\\/gastronomicament.cat\\\/ca\\\/pinyol-vermell-2016-es-pujol-de-maria-2017-brescat-2019#primaryimage\"},\"image\":{\"@id\":\"https:\\\/\\\/gastronomicament.cat\\\/ca\\\/pinyol-vermell-2016-es-pujol-de-maria-2017-brescat-2019#primaryimage\"},\"thumbnailUrl\":\"https:\\\/\\\/gastronomicament.cat\\\/wp-content\\\/uploads\\\/2021\\\/07\\\/vinicola-juliol-2021.jpg\",\"datePublished\":\"2021-07-08T08:46:27+00:00\",\"dateModified\":\"2022-04-07T09:15:55+00:00\",\"description\":\"Pinyol Vermell 2016 - Es Pujol de Maria 2017 - Brescat 2019 Actualitat, Vin\u00edcola Vin\u00edcola, la secci\u00f3 de vins i licors de Gastron\u00f2micament us ofereix una tria seleccionada de les novetats i propotes m\u00e9s destacades de l'actualitat\",\"inLanguage\":\"ca-ES\",\"potentialAction\":[{\"@type\":\"ReadAction\",\"target\":[\"https:\\\/\\\/gastronomicament.cat\\\/ca\\\/pinyol-vermell-2016-es-pujol-de-maria-2017-brescat-2019\"]}]},{\"@type\":\"ImageObject\",\"inLanguage\":\"ca-ES\",\"@id\":\"https:\\\/\\\/gastronomicament.cat\\\/ca\\\/pinyol-vermell-2016-es-pujol-de-maria-2017-brescat-2019#primaryimage\",\"url\":\"https:\\\/\\\/gastronomicament.cat\\\/wp-content\\\/uploads\\\/2021\\\/07\\\/vinicola-juliol-2021.jpg\",\"contentUrl\":\"https:\\\/\\\/gastronomicament.cat\\\/wp-content\\\/uploads\\\/2021\\\/07\\\/vinicola-juliol-2021.jpg\",\"width\":850,\"height\":400},{\"@type\":\"WebSite\",\"@id\":\"https:\\\/\\\/gastronomicament.cat\\\/ca\\\/#website\",\"url\":\"https:\\\/\\\/gastronomicament.cat\\\/ca\\\/\",\"name\":\"Gastron\u00f2micament\",\"description\":\"Portal de restaurants, receptes i actualitat gastron\u00f2mica\",\"publisher\":{\"@id\":\"https:\\\/\\\/gastronomicament.cat\\\/ca\\\/#organization\"},\"potentialAction\":[{\"@type\":\"SearchAction\",\"target\":{\"@type\":\"EntryPoint\",\"urlTemplate\":\"https:\\\/\\\/gastronomicament.cat\\\/ca\\\/?s={search_term_string}\"},\"query-input\":{\"@type\":\"PropertyValueSpecification\",\"valueRequired\":true,\"valueName\":\"search_term_string\"}}],\"inLanguage\":\"ca-ES\"},{\"@type\":\"Organization\",\"@id\":\"https:\\\/\\\/gastronomicament.cat\\\/ca\\\/#organization\",\"name\":\"Gastron\u00f2micament\",\"url\":\"https:\\\/\\\/gastronomicament.cat\\\/ca\\\/\",\"logo\":{\"@type\":\"ImageObject\",\"inLanguage\":\"ca-ES\",\"@id\":\"https:\\\/\\\/gastronomicament.cat\\\/ca\\\/#\\\/schema\\\/logo\\\/image\\\/\",\"url\":\"https:\\\/\\\/gastronomicament.cat\\\/wp-content\\\/uploads\\\/2016\\\/09\\\/header-logo.jpg\",\"contentUrl\":\"https:\\\/\\\/gastronomicament.cat\\\/wp-content\\\/uploads\\\/2016\\\/09\\\/header-logo.jpg\",\"width\":277,\"height\":39,\"caption\":\"Gastron\u00f2micament\"},\"image\":{\"@id\":\"https:\\\/\\\/gastronomicament.cat\\\/ca\\\/#\\\/schema\\\/logo\\\/image\\\/\"},\"sameAs\":[\"https:\\\/\\\/x.com\\\/gastronomicamen\"]},{\"@type\":\"Person\",\"@id\":\"https:\\\/\\\/gastronomicament.cat\\\/ca\\\/#\\\/schema\\\/person\\\/a7c85c537a1ed62799a5b8e0f686a37f\",\"name\":\"Redacci\u00f3\",\"image\":{\"@type\":\"ImageObject\",\"inLanguage\":\"ca-ES\",\"@id\":\"https:\\\/\\\/secure.gravatar.com\\\/avatar\\\/9489a485c464fd611d33825daae651d13db70c4e74c65c94937a15a9d4c3ee14?s=96&d=mm&r=g69fea3cce3645dfa2166e7293e22955e\",\"url\":\"https:\\\/\\\/secure.gravatar.com\\\/avatar\\\/9489a485c464fd611d33825daae651d13db70c4e74c65c94937a15a9d4c3ee14?s=96&d=mm&r=g\",\"contentUrl\":\"https:\\\/\\\/secure.gravatar.com\\\/avatar\\\/9489a485c464fd611d33825daae651d13db70c4e74c65c94937a15a9d4c3ee14?s=96&d=mm&r=g\",\"caption\":\"Redacci\u00f3\"},\"sameAs\":[\"http:\\\/\\\/gastronomicament.cat\"],\"url\":\"https:\\\/\\\/gastronomicament.cat\\\/ca\\\/author\\\/admin\"}]}<\/script>\n<!-- \/ Yoast SEO plugin. -->","yoast_head_json":{"title":"Pinyol Vermell 2016 - Es Pujol de Maria 2017 - Brescat 2019 - Gastron\u00f2micament","description":"Pinyol Vermell 2016 - Es Pujol de Maria 2017 - Brescat 2019 Actualitat, Vin\u00edcola Vin\u00edcola, la secci\u00f3 de vins i licors de Gastron\u00f2micament us ofereix una tria seleccionada de les novetats i propotes m\u00e9s destacades de l'actualitat","robots":{"index":"index","follow":"follow","max-snippet":"max-snippet:-1","max-image-preview":"max-image-preview:large","max-video-preview":"max-video-preview:-1"},"canonical":"https:\/\/gastronomicament.cat\/ca\/pinyol-vermell-2016-es-pujol-de-maria-2017-brescat-2019","og_locale":"ca_ES","og_type":"article","og_title":"Pinyol Vermell 2016 - Es Pujol de Maria 2017 - Brescat 2019 - Gastron\u00f2micament","og_description":"Pinyol Vermell 2016 - Es Pujol de Maria 2017 - Brescat 2019 Actualitat, Vin\u00edcola Vin\u00edcola, la secci\u00f3 de vins i licors de Gastron\u00f2micament us ofereix una tria seleccionada de les novetats i propotes m\u00e9s destacades de l'actualitat","og_url":"https:\/\/gastronomicament.cat\/ca\/pinyol-vermell-2016-es-pujol-de-maria-2017-brescat-2019","og_site_name":"Gastron\u00f2micament","article_published_time":"2021-07-08T08:46:27+00:00","article_modified_time":"2022-04-07T09:15:55+00:00","og_image":[{"width":850,"height":400,"url":"https:\/\/gastronomicament.cat\/wp-content\/uploads\/2021\/07\/vinicola-juliol-2021.jpg","type":"image\/jpeg"}],"author":"Redacci\u00f3","twitter_card":"summary_large_image","twitter_creator":"@gastronomicamen","twitter_site":"@gastronomicamen","twitter_misc":{"Written by":"Redacci\u00f3","Est. reading time":"3 minutes"},"schema":{"@context":"https:\/\/schema.org","@graph":[{"@type":"Article","@id":"https:\/\/gastronomicament.cat\/ca\/pinyol-vermell-2016-es-pujol-de-maria-2017-brescat-2019#article","isPartOf":{"@id":"https:\/\/gastronomicament.cat\/ca\/pinyol-vermell-2016-es-pujol-de-maria-2017-brescat-2019"},"author":{"name":"Redacci\u00f3","@id":"https:\/\/gastronomicament.cat\/ca\/#\/schema\/person\/a7c85c537a1ed62799a5b8e0f686a37f"},"headline":"Pinyol Vermell 2016 &#8211; Es Pujol de Maria 2017 &#8211; Brescat 2019","datePublished":"2021-07-08T08:46:27+00:00","dateModified":"2022-04-07T09:15:55+00:00","mainEntityOfPage":{"@id":"https:\/\/gastronomicament.cat\/ca\/pinyol-vermell-2016-es-pujol-de-maria-2017-brescat-2019"},"wordCount":373,"commentCount":0,"publisher":{"@id":"https:\/\/gastronomicament.cat\/ca\/#organization"},"image":{"@id":"https:\/\/gastronomicament.cat\/ca\/pinyol-vermell-2016-es-pujol-de-maria-2017-brescat-2019#primaryimage"},"thumbnailUrl":"https:\/\/gastronomicament.cat\/wp-content\/uploads\/2021\/07\/vinicola-juliol-2021.jpg","articleSection":["Actualitat","Vin\u00edcola"],"inLanguage":"ca-ES","potentialAction":[{"@type":"CommentAction","name":"Comment","target":["https:\/\/gastronomicament.cat\/ca\/pinyol-vermell-2016-es-pujol-de-maria-2017-brescat-2019#respond"]}]},{"@type":"WebPage","@id":"https:\/\/gastronomicament.cat\/ca\/pinyol-vermell-2016-es-pujol-de-maria-2017-brescat-2019","url":"https:\/\/gastronomicament.cat\/ca\/pinyol-vermell-2016-es-pujol-de-maria-2017-brescat-2019","name":"Pinyol Vermell 2016 - Es Pujol de Maria 2017 - Brescat 2019 - Gastron\u00f2micament","isPartOf":{"@id":"https:\/\/gastronomicament.cat\/ca\/#website"},"primaryImageOfPage":{"@id":"https:\/\/gastronomicament.cat\/ca\/pinyol-vermell-2016-es-pujol-de-maria-2017-brescat-2019#primaryimage"},"image":{"@id":"https:\/\/gastronomicament.cat\/ca\/pinyol-vermell-2016-es-pujol-de-maria-2017-brescat-2019#primaryimage"},"thumbnailUrl":"https:\/\/gastronomicament.cat\/wp-content\/uploads\/2021\/07\/vinicola-juliol-2021.jpg","datePublished":"2021-07-08T08:46:27+00:00","dateModified":"2022-04-07T09:15:55+00:00","description":"Pinyol Vermell 2016 - Es Pujol de Maria 2017 - Brescat 2019 Actualitat, Vin\u00edcola Vin\u00edcola, la secci\u00f3 de vins i licors de Gastron\u00f2micament us ofereix una tria seleccionada de les novetats i propotes m\u00e9s destacades de l'actualitat","inLanguage":"ca-ES","potentialAction":[{"@type":"ReadAction","target":["https:\/\/gastronomicament.cat\/ca\/pinyol-vermell-2016-es-pujol-de-maria-2017-brescat-2019"]}]},{"@type":"ImageObject","inLanguage":"ca-ES","@id":"https:\/\/gastronomicament.cat\/ca\/pinyol-vermell-2016-es-pujol-de-maria-2017-brescat-2019#primaryimage","url":"https:\/\/gastronomicament.cat\/wp-content\/uploads\/2021\/07\/vinicola-juliol-2021.jpg","contentUrl":"https:\/\/gastronomicament.cat\/wp-content\/uploads\/2021\/07\/vinicola-juliol-2021.jpg","width":850,"height":400},{"@type":"WebSite","@id":"https:\/\/gastronomicament.cat\/ca\/#website","url":"https:\/\/gastronomicament.cat\/ca\/","name":"Gastron\u00f2micament","description":"Portal de restaurants, receptes i actualitat gastron\u00f2mica","publisher":{"@id":"https:\/\/gastronomicament.cat\/ca\/#organization"},"potentialAction":[{"@type":"SearchAction","target":{"@type":"EntryPoint","urlTemplate":"https:\/\/gastronomicament.cat\/ca\/?s={search_term_string}"},"query-input":{"@type":"PropertyValueSpecification","valueRequired":true,"valueName":"search_term_string"}}],"inLanguage":"ca-ES"},{"@type":"Organization","@id":"https:\/\/gastronomicament.cat\/ca\/#organization","name":"Gastron\u00f2micament","url":"https:\/\/gastronomicament.cat\/ca\/","logo":{"@type":"ImageObject","inLanguage":"ca-ES","@id":"https:\/\/gastronomicament.cat\/ca\/#\/schema\/logo\/image\/","url":"https:\/\/gastronomicament.cat\/wp-content\/uploads\/2016\/09\/header-logo.jpg","contentUrl":"https:\/\/gastronomicament.cat\/wp-content\/uploads\/2016\/09\/header-logo.jpg","width":277,"height":39,"caption":"Gastron\u00f2micament"},"image":{"@id":"https:\/\/gastronomicament.cat\/ca\/#\/schema\/logo\/image\/"},"sameAs":["https:\/\/x.com\/gastronomicamen"]},{"@type":"Person","@id":"https:\/\/gastronomicament.cat\/ca\/#\/schema\/person\/a7c85c537a1ed62799a5b8e0f686a37f","name":"Redacci\u00f3","image":{"@type":"ImageObject","inLanguage":"ca-ES","@id":"https:\/\/secure.gravatar.com\/avatar\/9489a485c464fd611d33825daae651d13db70c4e74c65c94937a15a9d4c3ee14?s=96&d=mm&r=g69fea3cce3645dfa2166e7293e22955e","url":"https:\/\/secure.gravatar.com\/avatar\/9489a485c464fd611d33825daae651d13db70c4e74c65c94937a15a9d4c3ee14?s=96&d=mm&r=g","contentUrl":"https:\/\/secure.gravatar.com\/avatar\/9489a485c464fd611d33825daae651d13db70c4e74c65c94937a15a9d4c3ee14?s=96&d=mm&r=g","caption":"Redacci\u00f3"},"sameAs":["http:\/\/gastronomicament.cat"],"url":"https:\/\/gastronomicament.cat\/ca\/author\/admin"}]}},"_links":{"self":[{"href":"https:\/\/gastronomicament.cat\/ca\/wp-json\/wp\/v2\/posts\/29376","targetHints":{"allow":["GET"]}}],"collection":[{"href":"https:\/\/gastronomicament.cat\/ca\/wp-json\/wp\/v2\/posts"}],"about":[{"href":"https:\/\/gastronomicament.cat\/ca\/wp-json\/wp\/v2\/types\/post"}],"author":[{"embeddable":true,"href":"https:\/\/gastronomicament.cat\/ca\/wp-json\/wp\/v2\/users\/1"}],"replies":[{"embeddable":true,"href":"https:\/\/gastronomicament.cat\/ca\/wp-json\/wp\/v2\/comments?post=29376"}],"version-history":[{"count":0,"href":"https:\/\/gastronomicament.cat\/ca\/wp-json\/wp\/v2\/posts\/29376\/revisions"}],"wp:featuredmedia":[{"embeddable":true,"href":"https:\/\/gastronomicament.cat\/ca\/wp-json\/wp\/v2\/media\/29380"}],"wp:attachment":[{"href":"https:\/\/gastronomicament.cat\/ca\/wp-json\/wp\/v2\/media?parent=29376"}],"wp:term":[{"taxonomy":"category","embeddable":true,"href":"https:\/\/gastronomicament.cat\/ca\/wp-json\/wp\/v2\/categories?post=29376"},{"taxonomy":"post_tag","embeddable":true,"href":"https:\/\/gastronomicament.cat\/ca\/wp-json\/wp\/v2\/tags?post=29376"},{"taxonomy":"author","embeddable":true,"href":"https:\/\/gastronomicament.cat\/ca\/wp-json\/wp\/v2\/coauthors?post=29376"}],"curies":[{"name":"wp","href":"https:\/\/api.w.org\/{rel}","templated":true}]}}