{"id":30141,"date":"2021-11-17T11:22:08","date_gmt":"2021-11-17T10:22:08","guid":{"rendered":"https:\/\/gastronomicament.cat\/?p=30141"},"modified":"2022-04-07T11:16:14","modified_gmt":"2022-04-07T09:16:14","slug":"detingudes-tres-persones-per-adulterar-oli-doliva-a-mallorca","status":"publish","type":"post","link":"https:\/\/gastronomicament.cat\/ca\/detingudes-tres-persones-per-adulterar-oli-doliva-a-mallorca","title":{"rendered":"Detingudes tres persones per adulterar oli d&#8217;oliva a Mallorca"},"content":{"rendered":"<p>La Gu\u00e0rdia Civil ha detingut a Mallorca tres persones com a presumptes autors dels delictes d&#8217;estafa, contra la propietat industrial i falsificaci\u00f3 de certificat, tot aix\u00f2 relacionat amb l&#8217;envasament, la distribuci\u00f3 i la venda d&#8217;oli d&#8217;oliva.<\/p>\n<p>La den\u00fancia inicial la va interposar a final de 2020 el Consell Balear de la Producci\u00f3 Agr\u00e0ria Ecol\u00f2gica (CBPAE) despr\u00e9s de les visites de control que varen fer a les instal\u00b7lacions de les persones detingudes.\u00a0Despr\u00e9s, el passat mes de gener<strong> la Conselleria d&#8217;Agricultura, Pesca i Alimentaci\u00f3 del Govern de les Illes Balears<\/strong>, a trav\u00e9s de la Direcci\u00f3 General de Pol\u00edtiques de Sobirania Aliment\u00e0ria, <strong>va sol\u00b7licitar la col\u00b7laboraci\u00f3<\/strong>\u00a0del Servei de Protecci\u00f3 de la Natura de la Gu\u00e0rdia Civil (<strong>SEPRONA<\/strong>) a les Balears,\u00a0<strong>per seguir l&#8217;activitat que duien a terme les persones que s&#8217;han detingut<\/strong>, ja que es\u00a0tenien indicis d&#8217;una manipulaci\u00f3 fraudulenta de l&#8217;envasament, la distribuci\u00f3 i la venda d&#8217;oli d&#8217;oliva verge extra i de l&#8217;oli d&#8217;oliva verge extra ecol\u00f2gic.<\/p>\n<p>A partir d&#8217;aquest moment es va iniciar una investigaci\u00f3 per part del SEPRONA, en la qual s&#8217;han controlat de manera exhaustiva les activitats dels suposats autors. Aquests darrers tenien establerta una xarxa de clients als quals distribu\u00efen i comercialitzaven oli d&#8217;oliva en les modalitats verge i ecol\u00f2gic, i afirmaven que el seu producte procedia \u00edntegrament d&#8217;oliverars de les Illes Balears.<\/p>\n<p>Com a resultat de les investigacions i les inspeccions realitzades juntament amb inspectors del Govern de les Illes Balears,\u00a0<strong>s&#8217;ha demostrat que el producte final distribu\u00eft pels arrestats no provenia \u00edntegrament del producte local<\/strong>, fet que provocava que el client final es pens\u00e0s que comprava un oli d&#8217;alta qualitat i exclusiu, quan l<strong>a realitat era que aquest producte tenia una qualitat molt inferior, fins i tot es\u00a0barrejava amb oli de gira-sol i amb altres de menor qualitat.<\/strong><\/p>\n<p>Durant la investigaci\u00f3 s&#8217;han dut a terme inspeccions a Ja\u00e9n i Cadis, com tamb\u00e9 a Eivissa. Com a resultat d&#8217;aquesta operaci\u00f3,\u00a0<strong>s&#8217;han confiscat devers 4.000 litres d&#8217;oli, i se n&#8217;ha impedit la distribuci\u00f3 entre els consumidors finals, aix\u00ed s&#8217;ha evitat continuar l&#8217;engany<\/strong>.<\/p>\n<p>Des del consell regulador de la denominaci\u00f3 Oli de Mallorca han em\u00e8s un comunicat en el qual aplaudeixen les dilig\u00e8ncies policials per acabar amb aquest frau i recorda que la denominaci\u00f3 \u2018oli d\u2019oliva\u00a0verge extra\u2019 \u00fanicament pot ser aplicada als sucs d\u2019oliva de la m\u00e0xima qualitat.<\/p>\n","protected":false},"excerpt":{"rendered":"<p>La Gu\u00e0rdia Civil ha detingut a Mallorca tres persones com a presumptes autors dels delictes d&#8217;estafa,&hellip;<\/p>\n","protected":false},"author":1,"featured_media":30142,"comment_status":"open","ping_status":"closed","sticky":false,"template":"","format":"standard","meta":{"_acf_changed":false,"_swt_meta_header_display":false,"_swt_meta_footer_display":false,"_swt_meta_site_title_display":false,"_swt_meta_sticky_header":false,"_swt_meta_transparent_header":false,"footnotes":""},"categories":[692,955],"tags":[],"coauthors":[],"class_list":["post-30141","post","type-post","status-publish","format-standard","has-post-thumbnail","hentry","category-actualitat","category-reportatges-i-novetats"],"acf":{"gallery":null,"home_date":{"home_begin_date":null,"home_end_date":null}},"yoast_head":"<!-- This site is optimized with the Yoast SEO plugin v27.4 - https:\/\/yoast.com\/product\/yoast-seo-wordpress\/ -->\n<title>Detingudes tres persones per adulterar oli d&#039;oliva a Mallorca - Gastron\u00f2micament<\/title>\n<meta name=\"description\" content=\"Detingudes tres persones per adulterar oli d&#039;oliva a Mallorca Actualitat, Reportatges i novetats La Gu\u00e0rdia Civil ha detingut a Mallorca tres persones com a presumptes autors dels delictes d&#039;estafa, contra la propietat industrial i falsificaci\u00f3 de certificat\" \/>\n<meta name=\"robots\" content=\"index, follow, max-snippet:-1, max-image-preview:large, max-video-preview:-1\" \/>\n<link rel=\"canonical\" href=\"https:\/\/gastronomicament.cat\/ca\/detingudes-tres-persones-per-adulterar-oli-doliva-a-mallorca\" \/>\n<meta property=\"og:locale\" content=\"ca_ES\" \/>\n<meta property=\"og:type\" content=\"article\" \/>\n<meta property=\"og:title\" content=\"Detingudes tres persones per adulterar oli d&#039;oliva a Mallorca - Gastron\u00f2micament\" \/>\n<meta property=\"og:description\" content=\"Detingudes tres persones per adulterar oli d&#039;oliva a Mallorca Actualitat, Reportatges i novetats La Gu\u00e0rdia Civil ha detingut a Mallorca tres persones com a presumptes autors dels delictes d&#039;estafa, contra la propietat industrial i falsificaci\u00f3 de certificat\" \/>\n<meta property=\"og:url\" content=\"https:\/\/gastronomicament.cat\/ca\/detingudes-tres-persones-per-adulterar-oli-doliva-a-mallorca\" \/>\n<meta property=\"og:site_name\" content=\"Gastron\u00f2micament\" \/>\n<meta property=\"article:published_time\" content=\"2021-11-17T10:22:08+00:00\" \/>\n<meta property=\"article:modified_time\" content=\"2022-04-07T09:16:14+00:00\" \/>\n<meta property=\"og:image\" content=\"https:\/\/gastronomicament.cat\/wp-content\/uploads\/2021\/11\/estafa-oli-Mallorca.jpg\" \/>\n\t<meta property=\"og:image:width\" content=\"1200\" \/>\n\t<meta property=\"og:image:height\" content=\"788\" \/>\n\t<meta property=\"og:image:type\" content=\"image\/jpeg\" \/>\n<meta name=\"author\" content=\"Redacci\u00f3\" \/>\n<meta name=\"twitter:card\" content=\"summary_large_image\" \/>\n<meta name=\"twitter:creator\" content=\"@gastronomicamen\" \/>\n<meta name=\"twitter:site\" content=\"@gastronomicamen\" \/>\n<meta name=\"twitter:label1\" content=\"Written by\" \/>\n\t<meta name=\"twitter:data1\" content=\"Redacci\u00f3\" \/>\n\t<meta name=\"twitter:label2\" content=\"Est. reading time\" \/>\n\t<meta name=\"twitter:data2\" content=\"2 minutes\" \/>\n<script type=\"application\/ld+json\" class=\"yoast-schema-graph\">{\"@context\":\"https:\\\/\\\/schema.org\",\"@graph\":[{\"@type\":\"Article\",\"@id\":\"https:\\\/\\\/gastronomicament.cat\\\/ca\\\/detingudes-tres-persones-per-adulterar-oli-doliva-a-mallorca#article\",\"isPartOf\":{\"@id\":\"https:\\\/\\\/gastronomicament.cat\\\/ca\\\/detingudes-tres-persones-per-adulterar-oli-doliva-a-mallorca\"},\"author\":{\"name\":\"Redacci\u00f3\",\"@id\":\"https:\\\/\\\/gastronomicament.cat\\\/ca\\\/#\\\/schema\\\/person\\\/a7c85c537a1ed62799a5b8e0f686a37f\"},\"headline\":\"Detingudes tres persones per adulterar oli d&#8217;oliva a Mallorca\",\"datePublished\":\"2021-11-17T10:22:08+00:00\",\"dateModified\":\"2022-04-07T09:16:14+00:00\",\"mainEntityOfPage\":{\"@id\":\"https:\\\/\\\/gastronomicament.cat\\\/ca\\\/detingudes-tres-persones-per-adulterar-oli-doliva-a-mallorca\"},\"wordCount\":414,\"commentCount\":0,\"publisher\":{\"@id\":\"https:\\\/\\\/gastronomicament.cat\\\/ca\\\/#organization\"},\"image\":{\"@id\":\"https:\\\/\\\/gastronomicament.cat\\\/ca\\\/detingudes-tres-persones-per-adulterar-oli-doliva-a-mallorca#primaryimage\"},\"thumbnailUrl\":\"https:\\\/\\\/gastronomicament.cat\\\/wp-content\\\/uploads\\\/2021\\\/11\\\/estafa-oli-Mallorca.jpg\",\"articleSection\":[\"Actualitat\",\"Reportatges i novetats\"],\"inLanguage\":\"ca-ES\",\"potentialAction\":[{\"@type\":\"CommentAction\",\"name\":\"Comment\",\"target\":[\"https:\\\/\\\/gastronomicament.cat\\\/ca\\\/detingudes-tres-persones-per-adulterar-oli-doliva-a-mallorca#respond\"]}]},{\"@type\":\"WebPage\",\"@id\":\"https:\\\/\\\/gastronomicament.cat\\\/ca\\\/detingudes-tres-persones-per-adulterar-oli-doliva-a-mallorca\",\"url\":\"https:\\\/\\\/gastronomicament.cat\\\/ca\\\/detingudes-tres-persones-per-adulterar-oli-doliva-a-mallorca\",\"name\":\"Detingudes tres persones per adulterar oli d'oliva a Mallorca - Gastron\u00f2micament\",\"isPartOf\":{\"@id\":\"https:\\\/\\\/gastronomicament.cat\\\/ca\\\/#website\"},\"primaryImageOfPage\":{\"@id\":\"https:\\\/\\\/gastronomicament.cat\\\/ca\\\/detingudes-tres-persones-per-adulterar-oli-doliva-a-mallorca#primaryimage\"},\"image\":{\"@id\":\"https:\\\/\\\/gastronomicament.cat\\\/ca\\\/detingudes-tres-persones-per-adulterar-oli-doliva-a-mallorca#primaryimage\"},\"thumbnailUrl\":\"https:\\\/\\\/gastronomicament.cat\\\/wp-content\\\/uploads\\\/2021\\\/11\\\/estafa-oli-Mallorca.jpg\",\"datePublished\":\"2021-11-17T10:22:08+00:00\",\"dateModified\":\"2022-04-07T09:16:14+00:00\",\"description\":\"Detingudes tres persones per adulterar oli d'oliva a Mallorca Actualitat, Reportatges i novetats La Gu\u00e0rdia Civil ha detingut a Mallorca tres persones com a presumptes autors dels delictes d'estafa, contra la propietat industrial i falsificaci\u00f3 de certificat\",\"inLanguage\":\"ca-ES\",\"potentialAction\":[{\"@type\":\"ReadAction\",\"target\":[\"https:\\\/\\\/gastronomicament.cat\\\/ca\\\/detingudes-tres-persones-per-adulterar-oli-doliva-a-mallorca\"]}]},{\"@type\":\"ImageObject\",\"inLanguage\":\"ca-ES\",\"@id\":\"https:\\\/\\\/gastronomicament.cat\\\/ca\\\/detingudes-tres-persones-per-adulterar-oli-doliva-a-mallorca#primaryimage\",\"url\":\"https:\\\/\\\/gastronomicament.cat\\\/wp-content\\\/uploads\\\/2021\\\/11\\\/estafa-oli-Mallorca.jpg\",\"contentUrl\":\"https:\\\/\\\/gastronomicament.cat\\\/wp-content\\\/uploads\\\/2021\\\/11\\\/estafa-oli-Mallorca.jpg\",\"width\":1200,\"height\":788},{\"@type\":\"WebSite\",\"@id\":\"https:\\\/\\\/gastronomicament.cat\\\/ca\\\/#website\",\"url\":\"https:\\\/\\\/gastronomicament.cat\\\/ca\\\/\",\"name\":\"Gastron\u00f2micament\",\"description\":\"Portal de restaurants, receptes i actualitat gastron\u00f2mica\",\"publisher\":{\"@id\":\"https:\\\/\\\/gastronomicament.cat\\\/ca\\\/#organization\"},\"potentialAction\":[{\"@type\":\"SearchAction\",\"target\":{\"@type\":\"EntryPoint\",\"urlTemplate\":\"https:\\\/\\\/gastronomicament.cat\\\/ca\\\/?s={search_term_string}\"},\"query-input\":{\"@type\":\"PropertyValueSpecification\",\"valueRequired\":true,\"valueName\":\"search_term_string\"}}],\"inLanguage\":\"ca-ES\"},{\"@type\":\"Organization\",\"@id\":\"https:\\\/\\\/gastronomicament.cat\\\/ca\\\/#organization\",\"name\":\"Gastron\u00f2micament\",\"url\":\"https:\\\/\\\/gastronomicament.cat\\\/ca\\\/\",\"logo\":{\"@type\":\"ImageObject\",\"inLanguage\":\"ca-ES\",\"@id\":\"https:\\\/\\\/gastronomicament.cat\\\/ca\\\/#\\\/schema\\\/logo\\\/image\\\/\",\"url\":\"https:\\\/\\\/gastronomicament.cat\\\/wp-content\\\/uploads\\\/2016\\\/09\\\/header-logo.jpg\",\"contentUrl\":\"https:\\\/\\\/gastronomicament.cat\\\/wp-content\\\/uploads\\\/2016\\\/09\\\/header-logo.jpg\",\"width\":277,\"height\":39,\"caption\":\"Gastron\u00f2micament\"},\"image\":{\"@id\":\"https:\\\/\\\/gastronomicament.cat\\\/ca\\\/#\\\/schema\\\/logo\\\/image\\\/\"},\"sameAs\":[\"https:\\\/\\\/x.com\\\/gastronomicamen\"]},{\"@type\":\"Person\",\"@id\":\"https:\\\/\\\/gastronomicament.cat\\\/ca\\\/#\\\/schema\\\/person\\\/a7c85c537a1ed62799a5b8e0f686a37f\",\"name\":\"Redacci\u00f3\",\"image\":{\"@type\":\"ImageObject\",\"inLanguage\":\"ca-ES\",\"@id\":\"https:\\\/\\\/secure.gravatar.com\\\/avatar\\\/9489a485c464fd611d33825daae651d13db70c4e74c65c94937a15a9d4c3ee14?s=96&d=mm&r=g69fea3cce3645dfa2166e7293e22955e\",\"url\":\"https:\\\/\\\/secure.gravatar.com\\\/avatar\\\/9489a485c464fd611d33825daae651d13db70c4e74c65c94937a15a9d4c3ee14?s=96&d=mm&r=g\",\"contentUrl\":\"https:\\\/\\\/secure.gravatar.com\\\/avatar\\\/9489a485c464fd611d33825daae651d13db70c4e74c65c94937a15a9d4c3ee14?s=96&d=mm&r=g\",\"caption\":\"Redacci\u00f3\"},\"sameAs\":[\"http:\\\/\\\/gastronomicament.cat\"],\"url\":\"https:\\\/\\\/gastronomicament.cat\\\/ca\\\/author\\\/admin\"}]}<\/script>\n<!-- \/ Yoast SEO plugin. -->","yoast_head_json":{"title":"Detingudes tres persones per adulterar oli d'oliva a Mallorca - Gastron\u00f2micament","description":"Detingudes tres persones per adulterar oli d'oliva a Mallorca Actualitat, Reportatges i novetats La Gu\u00e0rdia Civil ha detingut a Mallorca tres persones com a presumptes autors dels delictes d'estafa, contra la propietat industrial i falsificaci\u00f3 de certificat","robots":{"index":"index","follow":"follow","max-snippet":"max-snippet:-1","max-image-preview":"max-image-preview:large","max-video-preview":"max-video-preview:-1"},"canonical":"https:\/\/gastronomicament.cat\/ca\/detingudes-tres-persones-per-adulterar-oli-doliva-a-mallorca","og_locale":"ca_ES","og_type":"article","og_title":"Detingudes tres persones per adulterar oli d'oliva a Mallorca - Gastron\u00f2micament","og_description":"Detingudes tres persones per adulterar oli d'oliva a Mallorca Actualitat, Reportatges i novetats La Gu\u00e0rdia Civil ha detingut a Mallorca tres persones com a presumptes autors dels delictes d'estafa, contra la propietat industrial i falsificaci\u00f3 de certificat","og_url":"https:\/\/gastronomicament.cat\/ca\/detingudes-tres-persones-per-adulterar-oli-doliva-a-mallorca","og_site_name":"Gastron\u00f2micament","article_published_time":"2021-11-17T10:22:08+00:00","article_modified_time":"2022-04-07T09:16:14+00:00","og_image":[{"width":1200,"height":788,"url":"https:\/\/gastronomicament.cat\/wp-content\/uploads\/2021\/11\/estafa-oli-Mallorca.jpg","type":"image\/jpeg"}],"author":"Redacci\u00f3","twitter_card":"summary_large_image","twitter_creator":"@gastronomicamen","twitter_site":"@gastronomicamen","twitter_misc":{"Written by":"Redacci\u00f3","Est. reading time":"2 minutes"},"schema":{"@context":"https:\/\/schema.org","@graph":[{"@type":"Article","@id":"https:\/\/gastronomicament.cat\/ca\/detingudes-tres-persones-per-adulterar-oli-doliva-a-mallorca#article","isPartOf":{"@id":"https:\/\/gastronomicament.cat\/ca\/detingudes-tres-persones-per-adulterar-oli-doliva-a-mallorca"},"author":{"name":"Redacci\u00f3","@id":"https:\/\/gastronomicament.cat\/ca\/#\/schema\/person\/a7c85c537a1ed62799a5b8e0f686a37f"},"headline":"Detingudes tres persones per adulterar oli d&#8217;oliva a Mallorca","datePublished":"2021-11-17T10:22:08+00:00","dateModified":"2022-04-07T09:16:14+00:00","mainEntityOfPage":{"@id":"https:\/\/gastronomicament.cat\/ca\/detingudes-tres-persones-per-adulterar-oli-doliva-a-mallorca"},"wordCount":414,"commentCount":0,"publisher":{"@id":"https:\/\/gastronomicament.cat\/ca\/#organization"},"image":{"@id":"https:\/\/gastronomicament.cat\/ca\/detingudes-tres-persones-per-adulterar-oli-doliva-a-mallorca#primaryimage"},"thumbnailUrl":"https:\/\/gastronomicament.cat\/wp-content\/uploads\/2021\/11\/estafa-oli-Mallorca.jpg","articleSection":["Actualitat","Reportatges i novetats"],"inLanguage":"ca-ES","potentialAction":[{"@type":"CommentAction","name":"Comment","target":["https:\/\/gastronomicament.cat\/ca\/detingudes-tres-persones-per-adulterar-oli-doliva-a-mallorca#respond"]}]},{"@type":"WebPage","@id":"https:\/\/gastronomicament.cat\/ca\/detingudes-tres-persones-per-adulterar-oli-doliva-a-mallorca","url":"https:\/\/gastronomicament.cat\/ca\/detingudes-tres-persones-per-adulterar-oli-doliva-a-mallorca","name":"Detingudes tres persones per adulterar oli d'oliva a Mallorca - Gastron\u00f2micament","isPartOf":{"@id":"https:\/\/gastronomicament.cat\/ca\/#website"},"primaryImageOfPage":{"@id":"https:\/\/gastronomicament.cat\/ca\/detingudes-tres-persones-per-adulterar-oli-doliva-a-mallorca#primaryimage"},"image":{"@id":"https:\/\/gastronomicament.cat\/ca\/detingudes-tres-persones-per-adulterar-oli-doliva-a-mallorca#primaryimage"},"thumbnailUrl":"https:\/\/gastronomicament.cat\/wp-content\/uploads\/2021\/11\/estafa-oli-Mallorca.jpg","datePublished":"2021-11-17T10:22:08+00:00","dateModified":"2022-04-07T09:16:14+00:00","description":"Detingudes tres persones per adulterar oli d'oliva a Mallorca Actualitat, Reportatges i novetats La Gu\u00e0rdia Civil ha detingut a Mallorca tres persones com a presumptes autors dels delictes d'estafa, contra la propietat industrial i falsificaci\u00f3 de certificat","inLanguage":"ca-ES","potentialAction":[{"@type":"ReadAction","target":["https:\/\/gastronomicament.cat\/ca\/detingudes-tres-persones-per-adulterar-oli-doliva-a-mallorca"]}]},{"@type":"ImageObject","inLanguage":"ca-ES","@id":"https:\/\/gastronomicament.cat\/ca\/detingudes-tres-persones-per-adulterar-oli-doliva-a-mallorca#primaryimage","url":"https:\/\/gastronomicament.cat\/wp-content\/uploads\/2021\/11\/estafa-oli-Mallorca.jpg","contentUrl":"https:\/\/gastronomicament.cat\/wp-content\/uploads\/2021\/11\/estafa-oli-Mallorca.jpg","width":1200,"height":788},{"@type":"WebSite","@id":"https:\/\/gastronomicament.cat\/ca\/#website","url":"https:\/\/gastronomicament.cat\/ca\/","name":"Gastron\u00f2micament","description":"Portal de restaurants, receptes i actualitat gastron\u00f2mica","publisher":{"@id":"https:\/\/gastronomicament.cat\/ca\/#organization"},"potentialAction":[{"@type":"SearchAction","target":{"@type":"EntryPoint","urlTemplate":"https:\/\/gastronomicament.cat\/ca\/?s={search_term_string}"},"query-input":{"@type":"PropertyValueSpecification","valueRequired":true,"valueName":"search_term_string"}}],"inLanguage":"ca-ES"},{"@type":"Organization","@id":"https:\/\/gastronomicament.cat\/ca\/#organization","name":"Gastron\u00f2micament","url":"https:\/\/gastronomicament.cat\/ca\/","logo":{"@type":"ImageObject","inLanguage":"ca-ES","@id":"https:\/\/gastronomicament.cat\/ca\/#\/schema\/logo\/image\/","url":"https:\/\/gastronomicament.cat\/wp-content\/uploads\/2016\/09\/header-logo.jpg","contentUrl":"https:\/\/gastronomicament.cat\/wp-content\/uploads\/2016\/09\/header-logo.jpg","width":277,"height":39,"caption":"Gastron\u00f2micament"},"image":{"@id":"https:\/\/gastronomicament.cat\/ca\/#\/schema\/logo\/image\/"},"sameAs":["https:\/\/x.com\/gastronomicamen"]},{"@type":"Person","@id":"https:\/\/gastronomicament.cat\/ca\/#\/schema\/person\/a7c85c537a1ed62799a5b8e0f686a37f","name":"Redacci\u00f3","image":{"@type":"ImageObject","inLanguage":"ca-ES","@id":"https:\/\/secure.gravatar.com\/avatar\/9489a485c464fd611d33825daae651d13db70c4e74c65c94937a15a9d4c3ee14?s=96&d=mm&r=g69fea3cce3645dfa2166e7293e22955e","url":"https:\/\/secure.gravatar.com\/avatar\/9489a485c464fd611d33825daae651d13db70c4e74c65c94937a15a9d4c3ee14?s=96&d=mm&r=g","contentUrl":"https:\/\/secure.gravatar.com\/avatar\/9489a485c464fd611d33825daae651d13db70c4e74c65c94937a15a9d4c3ee14?s=96&d=mm&r=g","caption":"Redacci\u00f3"},"sameAs":["http:\/\/gastronomicament.cat"],"url":"https:\/\/gastronomicament.cat\/ca\/author\/admin"}]}},"_links":{"self":[{"href":"https:\/\/gastronomicament.cat\/ca\/wp-json\/wp\/v2\/posts\/30141","targetHints":{"allow":["GET"]}}],"collection":[{"href":"https:\/\/gastronomicament.cat\/ca\/wp-json\/wp\/v2\/posts"}],"about":[{"href":"https:\/\/gastronomicament.cat\/ca\/wp-json\/wp\/v2\/types\/post"}],"author":[{"embeddable":true,"href":"https:\/\/gastronomicament.cat\/ca\/wp-json\/wp\/v2\/users\/1"}],"replies":[{"embeddable":true,"href":"https:\/\/gastronomicament.cat\/ca\/wp-json\/wp\/v2\/comments?post=30141"}],"version-history":[{"count":0,"href":"https:\/\/gastronomicament.cat\/ca\/wp-json\/wp\/v2\/posts\/30141\/revisions"}],"wp:featuredmedia":[{"embeddable":true,"href":"https:\/\/gastronomicament.cat\/ca\/wp-json\/wp\/v2\/media\/30142"}],"wp:attachment":[{"href":"https:\/\/gastronomicament.cat\/ca\/wp-json\/wp\/v2\/media?parent=30141"}],"wp:term":[{"taxonomy":"category","embeddable":true,"href":"https:\/\/gastronomicament.cat\/ca\/wp-json\/wp\/v2\/categories?post=30141"},{"taxonomy":"post_tag","embeddable":true,"href":"https:\/\/gastronomicament.cat\/ca\/wp-json\/wp\/v2\/tags?post=30141"},{"taxonomy":"author","embeddable":true,"href":"https:\/\/gastronomicament.cat\/ca\/wp-json\/wp\/v2\/coauthors?post=30141"}],"curies":[{"name":"wp","href":"https:\/\/api.w.org\/{rel}","templated":true}]}}