{"id":30844,"date":"2022-03-17T10:03:23","date_gmt":"2022-03-17T09:03:23","guid":{"rendered":"https:\/\/gastronomicament.cat\/?p=30844"},"modified":"2022-04-07T11:16:31","modified_gmt":"2022-04-07T09:16:31","slug":"alvaro-salazar-voro-es-unic-no-sassembla-a-cap-restaurnt-de-les-balears","status":"publish","type":"post","link":"https:\/\/gastronomicament.cat\/ca\/alvaro-salazar-voro-es-unic-no-sassembla-a-cap-restaurnt-de-les-balears","title":{"rendered":"\u00c1lvaro Salazar: &#8220;Voro \u00e9s \u00fanic, no s&#8217;assembla a cap restaurnt de les Balears&#8221;"},"content":{"rendered":"<p>Tot \u00e9s a punt perqu\u00e8 el<strong>\u00a0restaurant Voro<\/strong>\u00a0de Canyamel\u00a0<strong>reobre les portes el proper 24 de mar\u00e7<\/strong>. Es tracta de l<strong>&#8216;\u00fanic restaurant amb dues estrelles Michelin de Mallorca<\/strong>, que tamb\u00e9 t\u00e9 un Sol de la Guia Repsol.<\/p>\n<p>El seu xef i creador,\u00a0<strong>\u00c1lvaro Salazar<\/strong>, es mostra molt il\u00b7lusionat amb la temporada 2022. &#8220;Aquesta temporada continuarem apostant pel nostre discurs gastron\u00f2mic basat en la creativitat, la mem\u00f2ria i l&#8217;entorn, amb una ampliaci\u00f3 dels dos men\u00fas, Voro i Devoro&#8221;, apunta el cuiner.<\/p>\n<p>Amb una seguretat aclaparadora per\u00f2, alhora, una humilitat que el caracteritza als fogons, \u00c1lvaro Salazar es troba ultimant els detalls d&#8217;una obertura molt esperada i que oferir\u00e0 a Cap Vermell Grand Hotel.<\/p>\n<p>&#8220;Voro \u00e9s \u00fanic, que no s&#8217;assembla a cap restaurant de les Balear&#8221;, remarca \u00c1lvaro Salazar. L&#8217;\u00e8xit de la seva cuina es basa en els sabors i les aromes de la seva Andalusia natal, com ara el com\u00ed torrat i l&#8217;olivera, per\u00f2 remarca que sempre &#8220;hi aposta pel producte local de la terra que ens acull, Mallorca, perqu\u00e8 ens agrada sentir-nos lliures i rendir homenatge a la immensa riquesa gastron\u00f2mica que ens envolta\u201d.<\/p>\n","protected":false},"excerpt":{"rendered":"<p>Es tracta de l&#8217;\u00fanic restaurant amb dues estrelles Michelin de Mallorca, que tamb\u00e9 t\u00e9 un Sol&hellip;<\/p>\n","protected":false},"author":1,"featured_media":30845,"comment_status":"open","ping_status":"closed","sticky":false,"template":"","format":"standard","meta":{"_acf_changed":false,"_swt_meta_header_display":false,"_swt_meta_footer_display":false,"_swt_meta_site_title_display":false,"_swt_meta_sticky_header":false,"_swt_meta_transparent_header":false,"footnotes":""},"categories":[692,955],"tags":[],"coauthors":[],"class_list":["post-30844","post","type-post","status-publish","format-standard","has-post-thumbnail","hentry","category-actualitat","category-reportatges-i-novetats"],"acf":{"gallery":null,"home_date":{"home_begin_date":null,"home_end_date":null}},"yoast_head":"<!-- This site is optimized with the Yoast SEO plugin v27.4 - https:\/\/yoast.com\/product\/yoast-seo-wordpress\/ -->\n<title>\u00c1lvaro Salazar: &quot;Voro \u00e9s \u00fanic, no s&#039;assembla a cap restaurnt de les Balears&quot; - Gastron\u00f2micament<\/title>\n<meta name=\"description\" content=\"\u00c1lvaro Salazar: &quot;Voro \u00e9s \u00fanic, no s&#039;assembla a cap restaurnt de les Balears&quot; Actualitat, Reportatges i novetats Es tracta de l&#039;\u00fanic restaurant amb dues estrelles Michelin de Mallorca, que tamb\u00e9 t\u00e9 un Sol de la Guia Repsol\" \/>\n<meta name=\"robots\" content=\"index, follow, max-snippet:-1, max-image-preview:large, max-video-preview:-1\" \/>\n<link rel=\"canonical\" href=\"https:\/\/gastronomicament.cat\/ca\/alvaro-salazar-voro-es-unic-no-sassembla-a-cap-restaurnt-de-les-balears\" \/>\n<meta property=\"og:locale\" content=\"ca_ES\" \/>\n<meta property=\"og:type\" content=\"article\" \/>\n<meta property=\"og:title\" content=\"\u00c1lvaro Salazar: &quot;Voro \u00e9s \u00fanic, no s&#039;assembla a cap restaurnt de les Balears&quot; - Gastron\u00f2micament\" \/>\n<meta property=\"og:description\" content=\"\u00c1lvaro Salazar: &quot;Voro \u00e9s \u00fanic, no s&#039;assembla a cap restaurnt de les Balears&quot; Actualitat, Reportatges i novetats Es tracta de l&#039;\u00fanic restaurant amb dues estrelles Michelin de Mallorca, que tamb\u00e9 t\u00e9 un Sol de la Guia Repsol\" \/>\n<meta property=\"og:url\" content=\"https:\/\/gastronomicament.cat\/ca\/alvaro-salazar-voro-es-unic-no-sassembla-a-cap-restaurnt-de-les-balears\" \/>\n<meta property=\"og:site_name\" content=\"Gastron\u00f2micament\" \/>\n<meta property=\"article:published_time\" content=\"2022-03-17T09:03:23+00:00\" \/>\n<meta property=\"article:modified_time\" content=\"2022-04-07T09:16:31+00:00\" \/>\n<meta property=\"og:image\" content=\"https:\/\/gastronomicament.cat\/wp-content\/uploads\/2022\/03\/Alvaro-Salazar-Voro-Restaurant-Mallorca.jpg\" \/>\n\t<meta property=\"og:image:width\" content=\"1200\" \/>\n\t<meta property=\"og:image:height\" content=\"730\" \/>\n\t<meta property=\"og:image:type\" content=\"image\/jpeg\" \/>\n<meta name=\"author\" content=\"Redacci\u00f3\" \/>\n<meta name=\"twitter:card\" content=\"summary_large_image\" \/>\n<meta name=\"twitter:creator\" content=\"@gastronomicamen\" \/>\n<meta name=\"twitter:site\" content=\"@gastronomicamen\" \/>\n<meta name=\"twitter:label1\" content=\"Written by\" \/>\n\t<meta name=\"twitter:data1\" content=\"Redacci\u00f3\" \/>\n\t<meta name=\"twitter:label2\" content=\"Est. reading time\" \/>\n\t<meta name=\"twitter:data2\" content=\"2 minutes\" \/>\n<script type=\"application\/ld+json\" class=\"yoast-schema-graph\">{\"@context\":\"https:\\\/\\\/schema.org\",\"@graph\":[{\"@type\":\"Article\",\"@id\":\"https:\\\/\\\/gastronomicament.cat\\\/ca\\\/alvaro-salazar-voro-es-unic-no-sassembla-a-cap-restaurnt-de-les-balears#article\",\"isPartOf\":{\"@id\":\"https:\\\/\\\/gastronomicament.cat\\\/ca\\\/alvaro-salazar-voro-es-unic-no-sassembla-a-cap-restaurnt-de-les-balears\"},\"author\":{\"name\":\"Redacci\u00f3\",\"@id\":\"https:\\\/\\\/gastronomicament.cat\\\/ca\\\/#\\\/schema\\\/person\\\/a7c85c537a1ed62799a5b8e0f686a37f\"},\"headline\":\"\u00c1lvaro Salazar: &#8220;Voro \u00e9s \u00fanic, no s&#8217;assembla a cap restaurnt de les Balears&#8221;\",\"datePublished\":\"2022-03-17T09:03:23+00:00\",\"dateModified\":\"2022-04-07T09:16:31+00:00\",\"mainEntityOfPage\":{\"@id\":\"https:\\\/\\\/gastronomicament.cat\\\/ca\\\/alvaro-salazar-voro-es-unic-no-sassembla-a-cap-restaurnt-de-les-balears\"},\"wordCount\":203,\"commentCount\":0,\"publisher\":{\"@id\":\"https:\\\/\\\/gastronomicament.cat\\\/ca\\\/#organization\"},\"image\":{\"@id\":\"https:\\\/\\\/gastronomicament.cat\\\/ca\\\/alvaro-salazar-voro-es-unic-no-sassembla-a-cap-restaurnt-de-les-balears#primaryimage\"},\"thumbnailUrl\":\"https:\\\/\\\/gastronomicament.cat\\\/wp-content\\\/uploads\\\/2022\\\/03\\\/Alvaro-Salazar-Voro-Restaurant-Mallorca.jpg\",\"articleSection\":[\"Actualitat\",\"Reportatges i novetats\"],\"inLanguage\":\"ca-ES\",\"potentialAction\":[{\"@type\":\"CommentAction\",\"name\":\"Comment\",\"target\":[\"https:\\\/\\\/gastronomicament.cat\\\/ca\\\/alvaro-salazar-voro-es-unic-no-sassembla-a-cap-restaurnt-de-les-balears#respond\"]}]},{\"@type\":\"WebPage\",\"@id\":\"https:\\\/\\\/gastronomicament.cat\\\/ca\\\/alvaro-salazar-voro-es-unic-no-sassembla-a-cap-restaurnt-de-les-balears\",\"url\":\"https:\\\/\\\/gastronomicament.cat\\\/ca\\\/alvaro-salazar-voro-es-unic-no-sassembla-a-cap-restaurnt-de-les-balears\",\"name\":\"\u00c1lvaro Salazar: \\\"Voro \u00e9s \u00fanic, no s'assembla a cap restaurnt de les Balears\\\" - Gastron\u00f2micament\",\"isPartOf\":{\"@id\":\"https:\\\/\\\/gastronomicament.cat\\\/ca\\\/#website\"},\"primaryImageOfPage\":{\"@id\":\"https:\\\/\\\/gastronomicament.cat\\\/ca\\\/alvaro-salazar-voro-es-unic-no-sassembla-a-cap-restaurnt-de-les-balears#primaryimage\"},\"image\":{\"@id\":\"https:\\\/\\\/gastronomicament.cat\\\/ca\\\/alvaro-salazar-voro-es-unic-no-sassembla-a-cap-restaurnt-de-les-balears#primaryimage\"},\"thumbnailUrl\":\"https:\\\/\\\/gastronomicament.cat\\\/wp-content\\\/uploads\\\/2022\\\/03\\\/Alvaro-Salazar-Voro-Restaurant-Mallorca.jpg\",\"datePublished\":\"2022-03-17T09:03:23+00:00\",\"dateModified\":\"2022-04-07T09:16:31+00:00\",\"description\":\"\u00c1lvaro Salazar: \\\"Voro \u00e9s \u00fanic, no s'assembla a cap restaurnt de les Balears\\\" Actualitat, Reportatges i novetats Es tracta de l'\u00fanic restaurant amb dues estrelles Michelin de Mallorca, que tamb\u00e9 t\u00e9 un Sol de la Guia Repsol\",\"inLanguage\":\"ca-ES\",\"potentialAction\":[{\"@type\":\"ReadAction\",\"target\":[\"https:\\\/\\\/gastronomicament.cat\\\/ca\\\/alvaro-salazar-voro-es-unic-no-sassembla-a-cap-restaurnt-de-les-balears\"]}]},{\"@type\":\"ImageObject\",\"inLanguage\":\"ca-ES\",\"@id\":\"https:\\\/\\\/gastronomicament.cat\\\/ca\\\/alvaro-salazar-voro-es-unic-no-sassembla-a-cap-restaurnt-de-les-balears#primaryimage\",\"url\":\"https:\\\/\\\/gastronomicament.cat\\\/wp-content\\\/uploads\\\/2022\\\/03\\\/Alvaro-Salazar-Voro-Restaurant-Mallorca.jpg\",\"contentUrl\":\"https:\\\/\\\/gastronomicament.cat\\\/wp-content\\\/uploads\\\/2022\\\/03\\\/Alvaro-Salazar-Voro-Restaurant-Mallorca.jpg\",\"width\":1200,\"height\":730},{\"@type\":\"WebSite\",\"@id\":\"https:\\\/\\\/gastronomicament.cat\\\/ca\\\/#website\",\"url\":\"https:\\\/\\\/gastronomicament.cat\\\/ca\\\/\",\"name\":\"Gastron\u00f2micament\",\"description\":\"Portal de restaurants, receptes i actualitat gastron\u00f2mica\",\"publisher\":{\"@id\":\"https:\\\/\\\/gastronomicament.cat\\\/ca\\\/#organization\"},\"potentialAction\":[{\"@type\":\"SearchAction\",\"target\":{\"@type\":\"EntryPoint\",\"urlTemplate\":\"https:\\\/\\\/gastronomicament.cat\\\/ca\\\/?s={search_term_string}\"},\"query-input\":{\"@type\":\"PropertyValueSpecification\",\"valueRequired\":true,\"valueName\":\"search_term_string\"}}],\"inLanguage\":\"ca-ES\"},{\"@type\":\"Organization\",\"@id\":\"https:\\\/\\\/gastronomicament.cat\\\/ca\\\/#organization\",\"name\":\"Gastron\u00f2micament\",\"url\":\"https:\\\/\\\/gastronomicament.cat\\\/ca\\\/\",\"logo\":{\"@type\":\"ImageObject\",\"inLanguage\":\"ca-ES\",\"@id\":\"https:\\\/\\\/gastronomicament.cat\\\/ca\\\/#\\\/schema\\\/logo\\\/image\\\/\",\"url\":\"https:\\\/\\\/gastronomicament.cat\\\/wp-content\\\/uploads\\\/2016\\\/09\\\/header-logo.jpg\",\"contentUrl\":\"https:\\\/\\\/gastronomicament.cat\\\/wp-content\\\/uploads\\\/2016\\\/09\\\/header-logo.jpg\",\"width\":277,\"height\":39,\"caption\":\"Gastron\u00f2micament\"},\"image\":{\"@id\":\"https:\\\/\\\/gastronomicament.cat\\\/ca\\\/#\\\/schema\\\/logo\\\/image\\\/\"},\"sameAs\":[\"https:\\\/\\\/x.com\\\/gastronomicamen\"]},{\"@type\":\"Person\",\"@id\":\"https:\\\/\\\/gastronomicament.cat\\\/ca\\\/#\\\/schema\\\/person\\\/a7c85c537a1ed62799a5b8e0f686a37f\",\"name\":\"Redacci\u00f3\",\"image\":{\"@type\":\"ImageObject\",\"inLanguage\":\"ca-ES\",\"@id\":\"https:\\\/\\\/secure.gravatar.com\\\/avatar\\\/9489a485c464fd611d33825daae651d13db70c4e74c65c94937a15a9d4c3ee14?s=96&d=mm&r=g69fea3cce3645dfa2166e7293e22955e\",\"url\":\"https:\\\/\\\/secure.gravatar.com\\\/avatar\\\/9489a485c464fd611d33825daae651d13db70c4e74c65c94937a15a9d4c3ee14?s=96&d=mm&r=g\",\"contentUrl\":\"https:\\\/\\\/secure.gravatar.com\\\/avatar\\\/9489a485c464fd611d33825daae651d13db70c4e74c65c94937a15a9d4c3ee14?s=96&d=mm&r=g\",\"caption\":\"Redacci\u00f3\"},\"sameAs\":[\"http:\\\/\\\/gastronomicament.cat\"],\"url\":\"https:\\\/\\\/gastronomicament.cat\\\/ca\\\/author\\\/admin\"}]}<\/script>\n<!-- \/ Yoast SEO plugin. -->","yoast_head_json":{"title":"\u00c1lvaro Salazar: \"Voro \u00e9s \u00fanic, no s'assembla a cap restaurnt de les Balears\" - Gastron\u00f2micament","description":"\u00c1lvaro Salazar: \"Voro \u00e9s \u00fanic, no s'assembla a cap restaurnt de les Balears\" Actualitat, Reportatges i novetats Es tracta de l'\u00fanic restaurant amb dues estrelles Michelin de Mallorca, que tamb\u00e9 t\u00e9 un Sol de la Guia Repsol","robots":{"index":"index","follow":"follow","max-snippet":"max-snippet:-1","max-image-preview":"max-image-preview:large","max-video-preview":"max-video-preview:-1"},"canonical":"https:\/\/gastronomicament.cat\/ca\/alvaro-salazar-voro-es-unic-no-sassembla-a-cap-restaurnt-de-les-balears","og_locale":"ca_ES","og_type":"article","og_title":"\u00c1lvaro Salazar: \"Voro \u00e9s \u00fanic, no s'assembla a cap restaurnt de les Balears\" - Gastron\u00f2micament","og_description":"\u00c1lvaro Salazar: \"Voro \u00e9s \u00fanic, no s'assembla a cap restaurnt de les Balears\" Actualitat, Reportatges i novetats Es tracta de l'\u00fanic restaurant amb dues estrelles Michelin de Mallorca, que tamb\u00e9 t\u00e9 un Sol de la Guia Repsol","og_url":"https:\/\/gastronomicament.cat\/ca\/alvaro-salazar-voro-es-unic-no-sassembla-a-cap-restaurnt-de-les-balears","og_site_name":"Gastron\u00f2micament","article_published_time":"2022-03-17T09:03:23+00:00","article_modified_time":"2022-04-07T09:16:31+00:00","og_image":[{"width":1200,"height":730,"url":"https:\/\/gastronomicament.cat\/wp-content\/uploads\/2022\/03\/Alvaro-Salazar-Voro-Restaurant-Mallorca.jpg","type":"image\/jpeg"}],"author":"Redacci\u00f3","twitter_card":"summary_large_image","twitter_creator":"@gastronomicamen","twitter_site":"@gastronomicamen","twitter_misc":{"Written by":"Redacci\u00f3","Est. reading time":"2 minutes"},"schema":{"@context":"https:\/\/schema.org","@graph":[{"@type":"Article","@id":"https:\/\/gastronomicament.cat\/ca\/alvaro-salazar-voro-es-unic-no-sassembla-a-cap-restaurnt-de-les-balears#article","isPartOf":{"@id":"https:\/\/gastronomicament.cat\/ca\/alvaro-salazar-voro-es-unic-no-sassembla-a-cap-restaurnt-de-les-balears"},"author":{"name":"Redacci\u00f3","@id":"https:\/\/gastronomicament.cat\/ca\/#\/schema\/person\/a7c85c537a1ed62799a5b8e0f686a37f"},"headline":"\u00c1lvaro Salazar: &#8220;Voro \u00e9s \u00fanic, no s&#8217;assembla a cap restaurnt de les Balears&#8221;","datePublished":"2022-03-17T09:03:23+00:00","dateModified":"2022-04-07T09:16:31+00:00","mainEntityOfPage":{"@id":"https:\/\/gastronomicament.cat\/ca\/alvaro-salazar-voro-es-unic-no-sassembla-a-cap-restaurnt-de-les-balears"},"wordCount":203,"commentCount":0,"publisher":{"@id":"https:\/\/gastronomicament.cat\/ca\/#organization"},"image":{"@id":"https:\/\/gastronomicament.cat\/ca\/alvaro-salazar-voro-es-unic-no-sassembla-a-cap-restaurnt-de-les-balears#primaryimage"},"thumbnailUrl":"https:\/\/gastronomicament.cat\/wp-content\/uploads\/2022\/03\/Alvaro-Salazar-Voro-Restaurant-Mallorca.jpg","articleSection":["Actualitat","Reportatges i novetats"],"inLanguage":"ca-ES","potentialAction":[{"@type":"CommentAction","name":"Comment","target":["https:\/\/gastronomicament.cat\/ca\/alvaro-salazar-voro-es-unic-no-sassembla-a-cap-restaurnt-de-les-balears#respond"]}]},{"@type":"WebPage","@id":"https:\/\/gastronomicament.cat\/ca\/alvaro-salazar-voro-es-unic-no-sassembla-a-cap-restaurnt-de-les-balears","url":"https:\/\/gastronomicament.cat\/ca\/alvaro-salazar-voro-es-unic-no-sassembla-a-cap-restaurnt-de-les-balears","name":"\u00c1lvaro Salazar: \"Voro \u00e9s \u00fanic, no s'assembla a cap restaurnt de les Balears\" - Gastron\u00f2micament","isPartOf":{"@id":"https:\/\/gastronomicament.cat\/ca\/#website"},"primaryImageOfPage":{"@id":"https:\/\/gastronomicament.cat\/ca\/alvaro-salazar-voro-es-unic-no-sassembla-a-cap-restaurnt-de-les-balears#primaryimage"},"image":{"@id":"https:\/\/gastronomicament.cat\/ca\/alvaro-salazar-voro-es-unic-no-sassembla-a-cap-restaurnt-de-les-balears#primaryimage"},"thumbnailUrl":"https:\/\/gastronomicament.cat\/wp-content\/uploads\/2022\/03\/Alvaro-Salazar-Voro-Restaurant-Mallorca.jpg","datePublished":"2022-03-17T09:03:23+00:00","dateModified":"2022-04-07T09:16:31+00:00","description":"\u00c1lvaro Salazar: \"Voro \u00e9s \u00fanic, no s'assembla a cap restaurnt de les Balears\" Actualitat, Reportatges i novetats Es tracta de l'\u00fanic restaurant amb dues estrelles Michelin de Mallorca, que tamb\u00e9 t\u00e9 un Sol de la Guia Repsol","inLanguage":"ca-ES","potentialAction":[{"@type":"ReadAction","target":["https:\/\/gastronomicament.cat\/ca\/alvaro-salazar-voro-es-unic-no-sassembla-a-cap-restaurnt-de-les-balears"]}]},{"@type":"ImageObject","inLanguage":"ca-ES","@id":"https:\/\/gastronomicament.cat\/ca\/alvaro-salazar-voro-es-unic-no-sassembla-a-cap-restaurnt-de-les-balears#primaryimage","url":"https:\/\/gastronomicament.cat\/wp-content\/uploads\/2022\/03\/Alvaro-Salazar-Voro-Restaurant-Mallorca.jpg","contentUrl":"https:\/\/gastronomicament.cat\/wp-content\/uploads\/2022\/03\/Alvaro-Salazar-Voro-Restaurant-Mallorca.jpg","width":1200,"height":730},{"@type":"WebSite","@id":"https:\/\/gastronomicament.cat\/ca\/#website","url":"https:\/\/gastronomicament.cat\/ca\/","name":"Gastron\u00f2micament","description":"Portal de restaurants, receptes i actualitat gastron\u00f2mica","publisher":{"@id":"https:\/\/gastronomicament.cat\/ca\/#organization"},"potentialAction":[{"@type":"SearchAction","target":{"@type":"EntryPoint","urlTemplate":"https:\/\/gastronomicament.cat\/ca\/?s={search_term_string}"},"query-input":{"@type":"PropertyValueSpecification","valueRequired":true,"valueName":"search_term_string"}}],"inLanguage":"ca-ES"},{"@type":"Organization","@id":"https:\/\/gastronomicament.cat\/ca\/#organization","name":"Gastron\u00f2micament","url":"https:\/\/gastronomicament.cat\/ca\/","logo":{"@type":"ImageObject","inLanguage":"ca-ES","@id":"https:\/\/gastronomicament.cat\/ca\/#\/schema\/logo\/image\/","url":"https:\/\/gastronomicament.cat\/wp-content\/uploads\/2016\/09\/header-logo.jpg","contentUrl":"https:\/\/gastronomicament.cat\/wp-content\/uploads\/2016\/09\/header-logo.jpg","width":277,"height":39,"caption":"Gastron\u00f2micament"},"image":{"@id":"https:\/\/gastronomicament.cat\/ca\/#\/schema\/logo\/image\/"},"sameAs":["https:\/\/x.com\/gastronomicamen"]},{"@type":"Person","@id":"https:\/\/gastronomicament.cat\/ca\/#\/schema\/person\/a7c85c537a1ed62799a5b8e0f686a37f","name":"Redacci\u00f3","image":{"@type":"ImageObject","inLanguage":"ca-ES","@id":"https:\/\/secure.gravatar.com\/avatar\/9489a485c464fd611d33825daae651d13db70c4e74c65c94937a15a9d4c3ee14?s=96&d=mm&r=g69fea3cce3645dfa2166e7293e22955e","url":"https:\/\/secure.gravatar.com\/avatar\/9489a485c464fd611d33825daae651d13db70c4e74c65c94937a15a9d4c3ee14?s=96&d=mm&r=g","contentUrl":"https:\/\/secure.gravatar.com\/avatar\/9489a485c464fd611d33825daae651d13db70c4e74c65c94937a15a9d4c3ee14?s=96&d=mm&r=g","caption":"Redacci\u00f3"},"sameAs":["http:\/\/gastronomicament.cat"],"url":"https:\/\/gastronomicament.cat\/ca\/author\/admin"}]}},"_links":{"self":[{"href":"https:\/\/gastronomicament.cat\/ca\/wp-json\/wp\/v2\/posts\/30844","targetHints":{"allow":["GET"]}}],"collection":[{"href":"https:\/\/gastronomicament.cat\/ca\/wp-json\/wp\/v2\/posts"}],"about":[{"href":"https:\/\/gastronomicament.cat\/ca\/wp-json\/wp\/v2\/types\/post"}],"author":[{"embeddable":true,"href":"https:\/\/gastronomicament.cat\/ca\/wp-json\/wp\/v2\/users\/1"}],"replies":[{"embeddable":true,"href":"https:\/\/gastronomicament.cat\/ca\/wp-json\/wp\/v2\/comments?post=30844"}],"version-history":[{"count":0,"href":"https:\/\/gastronomicament.cat\/ca\/wp-json\/wp\/v2\/posts\/30844\/revisions"}],"wp:featuredmedia":[{"embeddable":true,"href":"https:\/\/gastronomicament.cat\/ca\/wp-json\/wp\/v2\/media\/30845"}],"wp:attachment":[{"href":"https:\/\/gastronomicament.cat\/ca\/wp-json\/wp\/v2\/media?parent=30844"}],"wp:term":[{"taxonomy":"category","embeddable":true,"href":"https:\/\/gastronomicament.cat\/ca\/wp-json\/wp\/v2\/categories?post=30844"},{"taxonomy":"post_tag","embeddable":true,"href":"https:\/\/gastronomicament.cat\/ca\/wp-json\/wp\/v2\/tags?post=30844"},{"taxonomy":"author","embeddable":true,"href":"https:\/\/gastronomicament.cat\/ca\/wp-json\/wp\/v2\/coauthors?post=30844"}],"curies":[{"name":"wp","href":"https:\/\/api.w.org\/{rel}","templated":true}]}}