{"id":75473,"date":"2022-04-20T23:12:15","date_gmt":"2022-04-20T21:12:15","guid":{"rendered":"https:\/\/gastronomicament.cat\/?p=75473"},"modified":"2024-08-22T13:34:22","modified_gmt":"2024-08-22T11:34:22","slug":"avantatges-i-inconvenients-de-les-fregidores-daire","status":"publish","type":"post","link":"https:\/\/gastronomicament.cat\/ca\/avantatges-i-inconvenients-de-les-fregidores-daire","title":{"rendered":"Avantatges i inconvenients de les fregidores d&#8217;aire"},"content":{"rendered":"<p>Les<strong>\u00a0fregidores d&#8217;aire<\/strong>\u00a0o\u00a0<strong><em>air fryer<\/em><\/strong>\u00a0s\u00f3n un petit electrodom\u00e8stic de funcionament similar al d&#8217;un petit forn de convicci\u00f3 i que permet fregir aliments sense haver de submergir els aliments en grans quantitats d&#8217;oli com ocorre amb altres fregidores.<\/p>\n<p>Per\u00f2 no solament permeten fregir, sin\u00f3 que tamb\u00e9 couen i fins i tot hi ha models que enfornen.<\/p>\n<p>Els <strong>avantatges\u00a0<\/strong>que ofereixen aquests aparells s\u00f3n nombrosos:<\/p>\n<ul>\n<li>L&#8217;<strong>oli que necessiten \u00e9s m\u00ednim<\/strong>, concretament fins a un 75% menys que les convencionals, per la qual cosa l&#8217;estalvi de diners \u00e9s significatiu.<\/li>\n<li>Els aliments cuinats s\u00f3n m\u00e9s saludables, perqu\u00e8 no cal usar tant d&#8217;oli.<\/li>\n<li>Tenen una est\u00e8tica m\u00e9s moderna.<\/li>\n<li>S\u00f3n senzilles d&#8217;utilitzar.<\/li>\n<li><strong>Es poden programar<\/strong>, i incl\u00fas algunes marques ofereixen models amb connexi\u00f3 wifi o que poden activar-se amb el tel\u00e8fon intel\u00b7ligent o per veu, amb assistents com el de Google o Alexa, pel que no s&#8217;ha d&#8217;estar pendents de la cocci\u00f3.<\/li>\n<li><strong>No esquitxen oli<\/strong>.<\/li>\n<li>No hi ha risc de que el menjar es cremi.<\/li>\n<li>Eliminen l&#8217;olor i el fum en la cuina.<\/li>\n<li>S&#8217;escalfen autom\u00e0ticament, per la qual cosa no \u00e9s necessari esperar un temps al fet que l&#8217;oli estigui a punt.<\/li>\n<li>Els aliments es couen de manera homog\u00e8nia.<\/li>\n<\/ul>\n<p>No obstant aix\u00f2, tamb\u00e9 presenten algun\u00a0<strong>inconvenient<\/strong>:<\/p>\n<ul>\n<li><strong>Ocupen espai<\/strong>.<\/li>\n<li>Solen ser de mida m\u00e9s aviat petita, motiu pel qual, segons el model que tinguem,\u00a0<strong>no permet fer grans quantitats de menjar<\/strong>.<\/li>\n<li><strong>El sabor i la textura dels aliments no \u00e9s el mateix<\/strong>que el d&#8217;altres fregidores convencionals o paelles, perqu\u00e8 no deixa de ser una cocci\u00f3 i no un fregit com a tal.<\/li>\n<li>Requereix per a fregir de major temps, per la qual cosa poden arribar a produir-se acrilamides, que s\u00f3n unes subst\u00e0ncies qu\u00edmiques que es formen a partir d&#8217;alguns aliments que contenen mid\u00f3 (com \u00e9s el cas de les patates) quan aquests arriben a temperatures elevades.<\/li>\n<\/ul>\n<p>Malgrat aix\u00f2, les utilitats i beneficis de les\u00a0<em>air fryer\u00a0<\/em>s\u00f3n inq\u00fcestionables, per la qual cosa no \u00e9s d&#8217;estranyar que s&#8217;hagin convertit en un dels electrodom\u00e8stics m\u00e9s demandats en els \u00faltims anys.<\/p>\n<pre>Fotografia: Getty Image<\/pre>\n","protected":false},"excerpt":{"rendered":"<p>Les\u00a0fregidores d&#8217;aire\u00a0o\u00a0air fryer\u00a0s\u00f3n un petit electrodom\u00e8stic de funcionament similar al d&#8217;un petit forn de convicci\u00f3 i&hellip;<\/p>\n","protected":false},"author":98,"featured_media":75474,"comment_status":"open","ping_status":"closed","sticky":false,"template":"","format":"standard","meta":{"_acf_changed":false,"_swt_meta_header_display":false,"_swt_meta_footer_display":false,"_swt_meta_site_title_display":false,"_swt_meta_sticky_header":false,"_swt_meta_transparent_header":false,"footnotes":""},"categories":[692,973],"tags":[],"coauthors":[2152,2055],"class_list":["post-75473","post","type-post","status-publish","format-standard","has-post-thumbnail","hentry","category-actualitat","category-alimentacio-actualitat"],"acf":{"gallery":null,"home_date":{"home_begin_date":null,"home_end_date":null}},"yoast_head":"<!-- This site is optimized with the Yoast SEO plugin v27.4 - https:\/\/yoast.com\/product\/yoast-seo-wordpress\/ -->\n<title>Avantatges i inconvenients de les fregidores d&#039;aire - Gastron\u00f2micament<\/title>\n<meta name=\"description\" content=\"Avantatges i inconvenients de les fregidores d&#039;aire Actualitat, Alimentaci\u00f3 Les\u00a0fregidores d&#039;aire\u00a0o\u00a0air fryer\u00a0s\u00f3n un petit electrodom\u00e8stic de funcionament similar al d&#039;un petit forn de convicci\u00f3 i que permet fregir aliments sense haver de submergir els aliments en grans quantitats d&#039;oli com ocorre amb altres fregidores\" \/>\n<meta name=\"robots\" content=\"index, follow, max-snippet:-1, max-image-preview:large, max-video-preview:-1\" \/>\n<link rel=\"canonical\" href=\"https:\/\/gastronomicament.cat\/ca\/avantatges-i-inconvenients-de-les-fregidores-daire\" \/>\n<meta property=\"og:locale\" content=\"ca_ES\" \/>\n<meta property=\"og:type\" content=\"article\" \/>\n<meta property=\"og:title\" content=\"Avantatges i inconvenients de les fregidores d&#039;aire - Gastron\u00f2micament\" \/>\n<meta property=\"og:description\" content=\"Avantatges i inconvenients de les fregidores d&#039;aire Actualitat, Alimentaci\u00f3 Les\u00a0fregidores d&#039;aire\u00a0o\u00a0air fryer\u00a0s\u00f3n un petit electrodom\u00e8stic de funcionament similar al d&#039;un petit forn de convicci\u00f3 i que permet fregir aliments sense haver de submergir els aliments en grans quantitats d&#039;oli com ocorre amb altres fregidores\" \/>\n<meta property=\"og:url\" content=\"https:\/\/gastronomicament.cat\/ca\/avantatges-i-inconvenients-de-les-fregidores-daire\" \/>\n<meta property=\"og:site_name\" content=\"Gastron\u00f2micament\" \/>\n<meta property=\"article:published_time\" content=\"2022-04-20T21:12:15+00:00\" \/>\n<meta property=\"article:modified_time\" content=\"2024-08-22T11:34:22+00:00\" \/>\n<meta property=\"og:image\" content=\"https:\/\/gastronomicament.cat\/wp-content\/uploads\/2022\/04\/fregidores-aire-Air-fryer.jpg\" \/>\n\t<meta property=\"og:image:width\" content=\"1200\" \/>\n\t<meta property=\"og:image:height\" content=\"828\" \/>\n\t<meta property=\"og:image:type\" content=\"image\/jpeg\" \/>\n<meta name=\"author\" content=\"Eva Remolina, AMIC\" \/>\n<meta name=\"twitter:card\" content=\"summary_large_image\" \/>\n<meta name=\"twitter:creator\" content=\"@gastronomicamen\" \/>\n<meta name=\"twitter:site\" content=\"@gastronomicamen\" \/>\n<meta name=\"twitter:label1\" content=\"Written by\" \/>\n\t<meta name=\"twitter:data1\" content=\"Eva Remolina, AMIC\" \/>\n\t<meta name=\"twitter:label2\" content=\"Est. reading time\" \/>\n\t<meta name=\"twitter:data2\" content=\"3 minutes\" \/>\n<script type=\"application\/ld+json\" class=\"yoast-schema-graph\">{\"@context\":\"https:\\\/\\\/schema.org\",\"@graph\":[{\"@type\":\"Article\",\"@id\":\"https:\\\/\\\/gastronomicament.cat\\\/ca\\\/avantatges-i-inconvenients-de-les-fregidores-daire#article\",\"isPartOf\":{\"@id\":\"https:\\\/\\\/gastronomicament.cat\\\/ca\\\/avantatges-i-inconvenients-de-les-fregidores-daire\"},\"author\":{\"name\":\"Eva Remolina\",\"@id\":\"https:\\\/\\\/gastronomicament.cat\\\/ca\\\/#\\\/schema\\\/person\\\/5bffe11f72571a25f3b216a1a5d057f6\"},\"headline\":\"Avantatges i inconvenients de les fregidores d&#8217;aire\",\"datePublished\":\"2022-04-20T21:12:15+00:00\",\"dateModified\":\"2024-08-22T11:34:22+00:00\",\"mainEntityOfPage\":{\"@id\":\"https:\\\/\\\/gastronomicament.cat\\\/ca\\\/avantatges-i-inconvenients-de-les-fregidores-daire\"},\"wordCount\":361,\"commentCount\":0,\"publisher\":{\"@id\":\"https:\\\/\\\/gastronomicament.cat\\\/ca\\\/#organization\"},\"image\":{\"@id\":\"https:\\\/\\\/gastronomicament.cat\\\/ca\\\/avantatges-i-inconvenients-de-les-fregidores-daire#primaryimage\"},\"thumbnailUrl\":\"https:\\\/\\\/gastronomicament.cat\\\/wp-content\\\/uploads\\\/2022\\\/04\\\/fregidores-aire-Air-fryer.jpg\",\"articleSection\":[\"Actualitat\",\"Alimentaci\u00f3\"],\"inLanguage\":\"ca-ES\",\"potentialAction\":[{\"@type\":\"CommentAction\",\"name\":\"Comment\",\"target\":[\"https:\\\/\\\/gastronomicament.cat\\\/ca\\\/avantatges-i-inconvenients-de-les-fregidores-daire#respond\"]}]},{\"@type\":\"WebPage\",\"@id\":\"https:\\\/\\\/gastronomicament.cat\\\/ca\\\/avantatges-i-inconvenients-de-les-fregidores-daire\",\"url\":\"https:\\\/\\\/gastronomicament.cat\\\/ca\\\/avantatges-i-inconvenients-de-les-fregidores-daire\",\"name\":\"Avantatges i inconvenients de les fregidores d'aire - Gastron\u00f2micament\",\"isPartOf\":{\"@id\":\"https:\\\/\\\/gastronomicament.cat\\\/ca\\\/#website\"},\"primaryImageOfPage\":{\"@id\":\"https:\\\/\\\/gastronomicament.cat\\\/ca\\\/avantatges-i-inconvenients-de-les-fregidores-daire#primaryimage\"},\"image\":{\"@id\":\"https:\\\/\\\/gastronomicament.cat\\\/ca\\\/avantatges-i-inconvenients-de-les-fregidores-daire#primaryimage\"},\"thumbnailUrl\":\"https:\\\/\\\/gastronomicament.cat\\\/wp-content\\\/uploads\\\/2022\\\/04\\\/fregidores-aire-Air-fryer.jpg\",\"datePublished\":\"2022-04-20T21:12:15+00:00\",\"dateModified\":\"2024-08-22T11:34:22+00:00\",\"description\":\"Avantatges i inconvenients de les fregidores d'aire Actualitat, Alimentaci\u00f3 Les\u00a0fregidores d'aire\u00a0o\u00a0air fryer\u00a0s\u00f3n un petit electrodom\u00e8stic de funcionament similar al d'un petit forn de convicci\u00f3 i que permet fregir aliments sense haver de submergir els aliments en grans quantitats d'oli com ocorre amb altres fregidores\",\"inLanguage\":\"ca-ES\",\"potentialAction\":[{\"@type\":\"ReadAction\",\"target\":[\"https:\\\/\\\/gastronomicament.cat\\\/ca\\\/avantatges-i-inconvenients-de-les-fregidores-daire\"]}]},{\"@type\":\"ImageObject\",\"inLanguage\":\"ca-ES\",\"@id\":\"https:\\\/\\\/gastronomicament.cat\\\/ca\\\/avantatges-i-inconvenients-de-les-fregidores-daire#primaryimage\",\"url\":\"https:\\\/\\\/gastronomicament.cat\\\/wp-content\\\/uploads\\\/2022\\\/04\\\/fregidores-aire-Air-fryer.jpg\",\"contentUrl\":\"https:\\\/\\\/gastronomicament.cat\\\/wp-content\\\/uploads\\\/2022\\\/04\\\/fregidores-aire-Air-fryer.jpg\",\"width\":1200,\"height\":828},{\"@type\":\"WebSite\",\"@id\":\"https:\\\/\\\/gastronomicament.cat\\\/ca\\\/#website\",\"url\":\"https:\\\/\\\/gastronomicament.cat\\\/ca\\\/\",\"name\":\"Gastron\u00f2micament\",\"description\":\"Portal de restaurants, receptes i actualitat gastron\u00f2mica\",\"publisher\":{\"@id\":\"https:\\\/\\\/gastronomicament.cat\\\/ca\\\/#organization\"},\"potentialAction\":[{\"@type\":\"SearchAction\",\"target\":{\"@type\":\"EntryPoint\",\"urlTemplate\":\"https:\\\/\\\/gastronomicament.cat\\\/ca\\\/?s={search_term_string}\"},\"query-input\":{\"@type\":\"PropertyValueSpecification\",\"valueRequired\":true,\"valueName\":\"search_term_string\"}}],\"inLanguage\":\"ca-ES\"},{\"@type\":\"Organization\",\"@id\":\"https:\\\/\\\/gastronomicament.cat\\\/ca\\\/#organization\",\"name\":\"Gastron\u00f2micament\",\"url\":\"https:\\\/\\\/gastronomicament.cat\\\/ca\\\/\",\"logo\":{\"@type\":\"ImageObject\",\"inLanguage\":\"ca-ES\",\"@id\":\"https:\\\/\\\/gastronomicament.cat\\\/ca\\\/#\\\/schema\\\/logo\\\/image\\\/\",\"url\":\"https:\\\/\\\/gastronomicament.cat\\\/wp-content\\\/uploads\\\/2016\\\/09\\\/header-logo.jpg\",\"contentUrl\":\"https:\\\/\\\/gastronomicament.cat\\\/wp-content\\\/uploads\\\/2016\\\/09\\\/header-logo.jpg\",\"width\":277,\"height\":39,\"caption\":\"Gastron\u00f2micament\"},\"image\":{\"@id\":\"https:\\\/\\\/gastronomicament.cat\\\/ca\\\/#\\\/schema\\\/logo\\\/image\\\/\"},\"sameAs\":[\"https:\\\/\\\/x.com\\\/gastronomicamen\"]},{\"@type\":\"Person\",\"@id\":\"https:\\\/\\\/gastronomicament.cat\\\/ca\\\/#\\\/schema\\\/person\\\/5bffe11f72571a25f3b216a1a5d057f6\",\"name\":\"Eva Remolina\",\"image\":{\"@type\":\"ImageObject\",\"inLanguage\":\"ca-ES\",\"@id\":\"https:\\\/\\\/secure.gravatar.com\\\/avatar\\\/6ca6a2c7dda8545fe199b4c2cf1e4971d694a0450a833d6cb60cb3aa80354d61?s=96&d=mm&r=g514822e3edc78b127dbfd819db170c43\",\"url\":\"https:\\\/\\\/secure.gravatar.com\\\/avatar\\\/6ca6a2c7dda8545fe199b4c2cf1e4971d694a0450a833d6cb60cb3aa80354d61?s=96&d=mm&r=g\",\"contentUrl\":\"https:\\\/\\\/secure.gravatar.com\\\/avatar\\\/6ca6a2c7dda8545fe199b4c2cf1e4971d694a0450a833d6cb60cb3aa80354d61?s=96&d=mm&r=g\",\"caption\":\"Eva Remolina\"},\"url\":\"https:\\\/\\\/gastronomicament.cat\\\/ca\\\/author\\\/eva-remolina-amic\"}]}<\/script>\n<!-- \/ Yoast SEO plugin. -->","yoast_head_json":{"title":"Avantatges i inconvenients de les fregidores d'aire - Gastron\u00f2micament","description":"Avantatges i inconvenients de les fregidores d'aire Actualitat, Alimentaci\u00f3 Les\u00a0fregidores d'aire\u00a0o\u00a0air fryer\u00a0s\u00f3n un petit electrodom\u00e8stic de funcionament similar al d'un petit forn de convicci\u00f3 i que permet fregir aliments sense haver de submergir els aliments en grans quantitats d'oli com ocorre amb altres fregidores","robots":{"index":"index","follow":"follow","max-snippet":"max-snippet:-1","max-image-preview":"max-image-preview:large","max-video-preview":"max-video-preview:-1"},"canonical":"https:\/\/gastronomicament.cat\/ca\/avantatges-i-inconvenients-de-les-fregidores-daire","og_locale":"ca_ES","og_type":"article","og_title":"Avantatges i inconvenients de les fregidores d'aire - Gastron\u00f2micament","og_description":"Avantatges i inconvenients de les fregidores d'aire Actualitat, Alimentaci\u00f3 Les\u00a0fregidores d'aire\u00a0o\u00a0air fryer\u00a0s\u00f3n un petit electrodom\u00e8stic de funcionament similar al d'un petit forn de convicci\u00f3 i que permet fregir aliments sense haver de submergir els aliments en grans quantitats d'oli com ocorre amb altres fregidores","og_url":"https:\/\/gastronomicament.cat\/ca\/avantatges-i-inconvenients-de-les-fregidores-daire","og_site_name":"Gastron\u00f2micament","article_published_time":"2022-04-20T21:12:15+00:00","article_modified_time":"2024-08-22T11:34:22+00:00","og_image":[{"width":1200,"height":828,"url":"https:\/\/gastronomicament.cat\/wp-content\/uploads\/2022\/04\/fregidores-aire-Air-fryer.jpg","type":"image\/jpeg"}],"author":"Eva Remolina, AMIC","twitter_card":"summary_large_image","twitter_creator":"@gastronomicamen","twitter_site":"@gastronomicamen","twitter_misc":{"Written by":"Eva Remolina, AMIC","Est. reading time":"3 minutes"},"schema":{"@context":"https:\/\/schema.org","@graph":[{"@type":"Article","@id":"https:\/\/gastronomicament.cat\/ca\/avantatges-i-inconvenients-de-les-fregidores-daire#article","isPartOf":{"@id":"https:\/\/gastronomicament.cat\/ca\/avantatges-i-inconvenients-de-les-fregidores-daire"},"author":{"name":"Eva Remolina","@id":"https:\/\/gastronomicament.cat\/ca\/#\/schema\/person\/5bffe11f72571a25f3b216a1a5d057f6"},"headline":"Avantatges i inconvenients de les fregidores d&#8217;aire","datePublished":"2022-04-20T21:12:15+00:00","dateModified":"2024-08-22T11:34:22+00:00","mainEntityOfPage":{"@id":"https:\/\/gastronomicament.cat\/ca\/avantatges-i-inconvenients-de-les-fregidores-daire"},"wordCount":361,"commentCount":0,"publisher":{"@id":"https:\/\/gastronomicament.cat\/ca\/#organization"},"image":{"@id":"https:\/\/gastronomicament.cat\/ca\/avantatges-i-inconvenients-de-les-fregidores-daire#primaryimage"},"thumbnailUrl":"https:\/\/gastronomicament.cat\/wp-content\/uploads\/2022\/04\/fregidores-aire-Air-fryer.jpg","articleSection":["Actualitat","Alimentaci\u00f3"],"inLanguage":"ca-ES","potentialAction":[{"@type":"CommentAction","name":"Comment","target":["https:\/\/gastronomicament.cat\/ca\/avantatges-i-inconvenients-de-les-fregidores-daire#respond"]}]},{"@type":"WebPage","@id":"https:\/\/gastronomicament.cat\/ca\/avantatges-i-inconvenients-de-les-fregidores-daire","url":"https:\/\/gastronomicament.cat\/ca\/avantatges-i-inconvenients-de-les-fregidores-daire","name":"Avantatges i inconvenients de les fregidores d'aire - Gastron\u00f2micament","isPartOf":{"@id":"https:\/\/gastronomicament.cat\/ca\/#website"},"primaryImageOfPage":{"@id":"https:\/\/gastronomicament.cat\/ca\/avantatges-i-inconvenients-de-les-fregidores-daire#primaryimage"},"image":{"@id":"https:\/\/gastronomicament.cat\/ca\/avantatges-i-inconvenients-de-les-fregidores-daire#primaryimage"},"thumbnailUrl":"https:\/\/gastronomicament.cat\/wp-content\/uploads\/2022\/04\/fregidores-aire-Air-fryer.jpg","datePublished":"2022-04-20T21:12:15+00:00","dateModified":"2024-08-22T11:34:22+00:00","description":"Avantatges i inconvenients de les fregidores d'aire Actualitat, Alimentaci\u00f3 Les\u00a0fregidores d'aire\u00a0o\u00a0air fryer\u00a0s\u00f3n un petit electrodom\u00e8stic de funcionament similar al d'un petit forn de convicci\u00f3 i que permet fregir aliments sense haver de submergir els aliments en grans quantitats d'oli com ocorre amb altres fregidores","inLanguage":"ca-ES","potentialAction":[{"@type":"ReadAction","target":["https:\/\/gastronomicament.cat\/ca\/avantatges-i-inconvenients-de-les-fregidores-daire"]}]},{"@type":"ImageObject","inLanguage":"ca-ES","@id":"https:\/\/gastronomicament.cat\/ca\/avantatges-i-inconvenients-de-les-fregidores-daire#primaryimage","url":"https:\/\/gastronomicament.cat\/wp-content\/uploads\/2022\/04\/fregidores-aire-Air-fryer.jpg","contentUrl":"https:\/\/gastronomicament.cat\/wp-content\/uploads\/2022\/04\/fregidores-aire-Air-fryer.jpg","width":1200,"height":828},{"@type":"WebSite","@id":"https:\/\/gastronomicament.cat\/ca\/#website","url":"https:\/\/gastronomicament.cat\/ca\/","name":"Gastron\u00f2micament","description":"Portal de restaurants, receptes i actualitat gastron\u00f2mica","publisher":{"@id":"https:\/\/gastronomicament.cat\/ca\/#organization"},"potentialAction":[{"@type":"SearchAction","target":{"@type":"EntryPoint","urlTemplate":"https:\/\/gastronomicament.cat\/ca\/?s={search_term_string}"},"query-input":{"@type":"PropertyValueSpecification","valueRequired":true,"valueName":"search_term_string"}}],"inLanguage":"ca-ES"},{"@type":"Organization","@id":"https:\/\/gastronomicament.cat\/ca\/#organization","name":"Gastron\u00f2micament","url":"https:\/\/gastronomicament.cat\/ca\/","logo":{"@type":"ImageObject","inLanguage":"ca-ES","@id":"https:\/\/gastronomicament.cat\/ca\/#\/schema\/logo\/image\/","url":"https:\/\/gastronomicament.cat\/wp-content\/uploads\/2016\/09\/header-logo.jpg","contentUrl":"https:\/\/gastronomicament.cat\/wp-content\/uploads\/2016\/09\/header-logo.jpg","width":277,"height":39,"caption":"Gastron\u00f2micament"},"image":{"@id":"https:\/\/gastronomicament.cat\/ca\/#\/schema\/logo\/image\/"},"sameAs":["https:\/\/x.com\/gastronomicamen"]},{"@type":"Person","@id":"https:\/\/gastronomicament.cat\/ca\/#\/schema\/person\/5bffe11f72571a25f3b216a1a5d057f6","name":"Eva Remolina","image":{"@type":"ImageObject","inLanguage":"ca-ES","@id":"https:\/\/secure.gravatar.com\/avatar\/6ca6a2c7dda8545fe199b4c2cf1e4971d694a0450a833d6cb60cb3aa80354d61?s=96&d=mm&r=g514822e3edc78b127dbfd819db170c43","url":"https:\/\/secure.gravatar.com\/avatar\/6ca6a2c7dda8545fe199b4c2cf1e4971d694a0450a833d6cb60cb3aa80354d61?s=96&d=mm&r=g","contentUrl":"https:\/\/secure.gravatar.com\/avatar\/6ca6a2c7dda8545fe199b4c2cf1e4971d694a0450a833d6cb60cb3aa80354d61?s=96&d=mm&r=g","caption":"Eva Remolina"},"url":"https:\/\/gastronomicament.cat\/ca\/author\/eva-remolina-amic"}]}},"_links":{"self":[{"href":"https:\/\/gastronomicament.cat\/ca\/wp-json\/wp\/v2\/posts\/75473","targetHints":{"allow":["GET"]}}],"collection":[{"href":"https:\/\/gastronomicament.cat\/ca\/wp-json\/wp\/v2\/posts"}],"about":[{"href":"https:\/\/gastronomicament.cat\/ca\/wp-json\/wp\/v2\/types\/post"}],"author":[{"embeddable":true,"href":"https:\/\/gastronomicament.cat\/ca\/wp-json\/wp\/v2\/users\/98"}],"replies":[{"embeddable":true,"href":"https:\/\/gastronomicament.cat\/ca\/wp-json\/wp\/v2\/comments?post=75473"}],"version-history":[{"count":0,"href":"https:\/\/gastronomicament.cat\/ca\/wp-json\/wp\/v2\/posts\/75473\/revisions"}],"wp:featuredmedia":[{"embeddable":true,"href":"https:\/\/gastronomicament.cat\/ca\/wp-json\/wp\/v2\/media\/75474"}],"wp:attachment":[{"href":"https:\/\/gastronomicament.cat\/ca\/wp-json\/wp\/v2\/media?parent=75473"}],"wp:term":[{"taxonomy":"category","embeddable":true,"href":"https:\/\/gastronomicament.cat\/ca\/wp-json\/wp\/v2\/categories?post=75473"},{"taxonomy":"post_tag","embeddable":true,"href":"https:\/\/gastronomicament.cat\/ca\/wp-json\/wp\/v2\/tags?post=75473"},{"taxonomy":"author","embeddable":true,"href":"https:\/\/gastronomicament.cat\/ca\/wp-json\/wp\/v2\/coauthors?post=75473"}],"curies":[{"name":"wp","href":"https:\/\/api.w.org\/{rel}","templated":true}]}}