{"id":76156,"date":"2022-05-26T09:34:18","date_gmt":"2022-05-26T07:34:18","guid":{"rendered":"https:\/\/gastronomicament.cat\/?p=76156"},"modified":"2022-06-02T09:58:35","modified_gmt":"2022-06-02T07:58:35","slug":"tot-a-punt-per-a-la-9-edicio-de-wine-days-mallorca","status":"publish","type":"post","link":"https:\/\/gastronomicament.cat\/ca\/tot-a-punt-per-a-la-9-edicio-de-wine-days-mallorca","title":{"rendered":"Tot a punt per a la 9 edici\u00f3 de Wine Days Mallorca"},"content":{"rendered":"<p>El celler Can Fumat acull aquest dijous la presentaci\u00f3 dels\u00a0<strong>Wine Days Mallorca<\/strong>, una cita organitzada per la\u00a0<strong>denominaci\u00f3 d&#8217;origen Binissale<\/strong>m que torna amb for\u00e7a aquest 2022.<\/p>\n<p><strong>Nombroses activitats<br \/>\n<\/strong>La<strong>\u00a09a edici\u00f3 de Wine Days inclou<\/strong>\u00a0<strong>una extensa programaci\u00f3 d\u2019activitats relacionades amb el vi i la vinya<\/strong>, com a fils conductors, la gastronomia, el paisatge, el patrimoni, la cultura, l\u2019esport i salut, la m\u00fasica&#8230;. que tindran lloc en els municipis de la comarca de la DO Binissalem, del 2 al 12 de juny, i que es realitzaran amb la m\u00e0xima responsabilitat i seguretat.<\/p>\n<p><strong>Visites i tasts teatralitzats<\/strong>\u00a0als cellers, vols en globus i rutes en bicicleta, mindfulness, a m\u00e9s de l&#8217;espectacle<strong>\u00a0Poesia i tast<\/strong>, una catarsi a la que ens conduir\u00e0 el poeta\u00a0<strong>Sion Cap\u00e7ana<\/strong>, en el jard\u00ed de la Casa Museu Lloren\u00e7 Villalonga; maridatge de vins i flors&#8230; activitats noves que es sumen a les ja cl\u00e0ssiques, visites a cellers amb\u00a0<strong>tast de\u00a0vins, wine &amp; rice, vins i formatges, excursi<\/strong>\u00f3 a Santa Eugenia i\u00a0<strong>torrada<\/strong>, o la marxa n\u00f2rdica, que en la seva quarta edici\u00f3 tra\u00e7ar\u00e0 un recorregut de 9 km entre Sencelles i Binissalem.<\/p>\n<p><strong>Acte central a Palma<br \/>\n<\/strong>S\u00f3n nombroses les activitats que s&#8217;ha preparat. De fet, com a acte inaugural de Wine Days 2022 hi ha la\u00a0<strong>Festa Wine Days<\/strong><strong>\u2010<\/strong><strong>DO Binissalem,\u00a0<\/strong>en el Claustre de\u00a0<strong>Sant Francesc de Palma<\/strong>, que tindr\u00e0 lloc\u00a0<strong>divendres 3 de juny<\/strong>\u00a0a partir de les\u00a0<strong>18:30 h<\/strong>. L\u2019esdeveniment comptar\u00e0 amb la participaci\u00f3 de\u00a0<strong>10 cellers de la DO Binissalem<\/strong>\u00a0(Antonio Nadal Ros B&amp;V, Bodegas Jos\u00e9 L. Ferrer, Celler Jaume de Puntir\u00f3, Vins Nadal, Celler Ca Sa Padrina, Can Ramis, Vinya Taujana, Celler Sebasti\u00e0 Pastor, Bodega Santa Catarina i Can Fumat ); 5 reconeguts\u00a0<strong>xefs locals (Cati Pons, Marta Rossell\u00f3, Juan Pinel, Koldo Royo &amp; Pinxo)<\/strong>\u00a0que elaboraran 4 tapes d\u2019autor amb 6 productes de qualitat de les Illes Balears: DO Oli de Mallorca, DO Oliva de Mallorca, IGP Ensa\u00efmada de Mallorca, IGP Sobrassada de Mallorca, IGP Ametlla de Mallorca i DOP Formatge Ma\u00f3\u2010 Menorca. L\u2019acte comptar\u00e0 amb l\u2019<strong>actuaci\u00f3\u00a0de Lost in Translation Film Songs<\/strong>. I com ja \u00e9s habitual, 1 euro per copa recaptat en aquesta festa, es destinar\u00e0 a la Fundaci\u00f3 Banc d\u2019Aliments de Mallorca.<\/p>\n<p><strong>Implicaci\u00f3 p\u00fablica i privada<br \/>\n<\/strong>Els cellers, els seus productes i la cultura enol\u00f2gica seran els protagonistes d&#8217;aquesta cita imprescindible per als amants del bon vi. Wine Days DO Binissalem, continua comptant amb la col\u2219laboraci\u00f3 i suport de m\u00faltiples agents p\u00fablics i privats, com ara\u00a0 coneguts xefs locals, els productes de qualitat de les Illes Balears amb DOP i IGP, els ajuntaments dels 5 municipis de la DO, Binissalem, Consell, Santa Maria del Cam\u00ed, Santa Eug\u00e8nia i Sencelles, agents tur\u00edstics, oficines d&#8217;informaci\u00f3 tur\u00edstica de Mallorca, la Fundaci\u00f3 Casa Museu Lloren\u00e7 Villalonga, la Federaci\u00f3 Balear de Muntanya i Escalada, Comit\u00e8 de Marxa N\u00f2rdica, entre altres. A m\u00e9s, cada any incorporem nous partners com Myotragus Teatre, Ess\u00e8ncia Pilates, Rental Bikes, Mallorca Balloons o l&#8217;experta en flors comestibles Carmen P\u00e9rez, persones o empreses que participen en les activitats i que enriqueixen la nostra oferta enotur\u00edstica.<\/p>\n<p>Amb aquest esperit va n\u00e9ixer Wine Days, al 2014, com un projecte per a potenciar\u00a0<strong>l\u2019enoturisme\u00a0<\/strong>i crear sin\u00e8rgies i col\u2219laboracions entre diferents agents. Tots ells faran possible aquesta nova edici\u00f3 de Wine Days.<\/p>\n<p><strong>Una proposta interessant i variada<br \/>\n<\/strong>Wine Days DO Binissalem \u00e9s una proposta experiencial rica i variada, en torn a la cultura del vi, en un territori vitivin\u00edcola de gran riquesa patrimonial.\u00a0<strong>Wine Days \u00e9s enoturisme km 0 en la comarca de la DO Binissalem.<\/strong>\u00a0Wine Days va dirigit a residents i a visitants, a joves i grans, als que pretenem enamorar amb el nostre paisatge, cultura, gastronomia, els nostres pobles, la nostra gent i els nostres vins, especialment, els nostres vins. Vins de qualitat, amb car\u00e0cter, elaborats amb varietats aut\u00f2ctones i que, sense dubte, s\u00f3n el reflex de la cura i amor que, dia a dia, viticultors i bodeguers apliquen a aquesta terra.<\/p>\n<p>Consultau tota la programaci\u00f3 a\u00a0<a href=\"https:\/\/winedaysmallorca.com\/ca\/\" target=\"_blank\" rel=\"nofollow noopener\">https:\/\/winedaysmallorca.com\/ca\/<\/a><\/p>\n","protected":false},"excerpt":{"rendered":"<p>Es far\u00e0 del 2 al 12 de juny i hi haur\u00e0 visites i tasts teatralitzats als&hellip;<\/p>\n","protected":false},"author":1,"featured_media":76169,"comment_status":"open","ping_status":"closed","sticky":false,"template":"","format":"gallery","meta":{"_acf_changed":false,"_swt_meta_header_display":false,"_swt_meta_footer_display":false,"_swt_meta_site_title_display":false,"_swt_meta_sticky_header":false,"_swt_meta_transparent_header":false,"footnotes":""},"categories":[692,954],"tags":[],"coauthors":[2053],"class_list":["post-76156","post","type-post","status-publish","format-gallery","has-post-thumbnail","hentry","category-actualitat","category-fires-i-rutes","post_format-post-format-gallery"],"acf":{"gallery":null,"home_date":{"home_begin_date":null,"home_end_date":null}},"yoast_head":"<!-- This site is optimized with the Yoast SEO plugin v27.4 - https:\/\/yoast.com\/product\/yoast-seo-wordpress\/ -->\n<title>Tot a punt per a la 9 edici\u00f3 de Wine Days Mallorca - Gastron\u00f2micament<\/title>\n<meta name=\"description\" content=\"Tot a punt per a la 9 edici\u00f3 de Wine Days Mallorca Actualitat, Fires i rutes Es far\u00e0 del 2 al 12 de juny i hi haur\u00e0 visites i tasts teatralitzats als cellers, vols en globus i rutes en bicicleta, mindfulness, poesia i molt m\u00e9s\" \/>\n<meta name=\"robots\" content=\"index, follow, max-snippet:-1, max-image-preview:large, max-video-preview:-1\" \/>\n<link rel=\"canonical\" href=\"https:\/\/gastronomicament.cat\/ca\/tot-a-punt-per-a-la-9-edicio-de-wine-days-mallorca\" \/>\n<meta property=\"og:locale\" content=\"ca_ES\" \/>\n<meta property=\"og:type\" content=\"article\" \/>\n<meta property=\"og:title\" content=\"Tot a punt per a la 9 edici\u00f3 de Wine Days Mallorca - Gastron\u00f2micament\" \/>\n<meta property=\"og:description\" content=\"Tot a punt per a la 9 edici\u00f3 de Wine Days Mallorca Actualitat, Fires i rutes Es far\u00e0 del 2 al 12 de juny i hi haur\u00e0 visites i tasts teatralitzats als cellers, vols en globus i rutes en bicicleta, mindfulness, poesia i molt m\u00e9s\" \/>\n<meta property=\"og:url\" content=\"https:\/\/gastronomicament.cat\/ca\/tot-a-punt-per-a-la-9-edicio-de-wine-days-mallorca\" \/>\n<meta property=\"og:site_name\" content=\"Gastron\u00f2micament\" \/>\n<meta property=\"article:published_time\" content=\"2022-05-26T07:34:18+00:00\" \/>\n<meta property=\"article:modified_time\" content=\"2022-06-02T07:58:35+00:00\" \/>\n<meta property=\"og:image\" content=\"https:\/\/gastronomicament.cat\/wp-content\/uploads\/2022\/05\/Sant-Francesc-Wine-Days-Mallorca.jpg\" \/>\n\t<meta property=\"og:image:width\" content=\"1200\" \/>\n\t<meta property=\"og:image:height\" content=\"800\" \/>\n\t<meta property=\"og:image:type\" content=\"image\/jpeg\" \/>\n<meta name=\"author\" content=\"Redacci\u00f3\" \/>\n<meta name=\"twitter:card\" content=\"summary_large_image\" \/>\n<meta name=\"twitter:creator\" content=\"@gastronomicamen\" \/>\n<meta name=\"twitter:site\" content=\"@gastronomicamen\" \/>\n<meta name=\"twitter:label1\" content=\"Written by\" \/>\n\t<meta name=\"twitter:data1\" content=\"Redacci\u00f3\" \/>\n\t<meta name=\"twitter:label2\" content=\"Est. reading time\" \/>\n\t<meta name=\"twitter:data2\" content=\"3 minutes\" \/>\n<script type=\"application\/ld+json\" class=\"yoast-schema-graph\">{\"@context\":\"https:\\\/\\\/schema.org\",\"@graph\":[{\"@type\":\"Article\",\"@id\":\"https:\\\/\\\/gastronomicament.cat\\\/ca\\\/tot-a-punt-per-a-la-9-edicio-de-wine-days-mallorca#article\",\"isPartOf\":{\"@id\":\"https:\\\/\\\/gastronomicament.cat\\\/ca\\\/tot-a-punt-per-a-la-9-edicio-de-wine-days-mallorca\"},\"author\":{\"name\":\"Redacci\u00f3\",\"@id\":\"https:\\\/\\\/gastronomicament.cat\\\/ca\\\/#\\\/schema\\\/person\\\/a7c85c537a1ed62799a5b8e0f686a37f\"},\"headline\":\"Tot a punt per a la 9 edici\u00f3 de Wine Days Mallorca\",\"datePublished\":\"2022-05-26T07:34:18+00:00\",\"dateModified\":\"2022-06-02T07:58:35+00:00\",\"mainEntityOfPage\":{\"@id\":\"https:\\\/\\\/gastronomicament.cat\\\/ca\\\/tot-a-punt-per-a-la-9-edicio-de-wine-days-mallorca\"},\"wordCount\":698,\"commentCount\":0,\"publisher\":{\"@id\":\"https:\\\/\\\/gastronomicament.cat\\\/ca\\\/#organization\"},\"image\":{\"@id\":\"https:\\\/\\\/gastronomicament.cat\\\/ca\\\/tot-a-punt-per-a-la-9-edicio-de-wine-days-mallorca#primaryimage\"},\"thumbnailUrl\":\"https:\\\/\\\/gastronomicament.cat\\\/wp-content\\\/uploads\\\/2022\\\/05\\\/Sant-Francesc-Wine-Days-Mallorca.jpg\",\"articleSection\":[\"Actualitat\",\"Fires i rutes\"],\"inLanguage\":\"ca-ES\",\"potentialAction\":[{\"@type\":\"CommentAction\",\"name\":\"Comment\",\"target\":[\"https:\\\/\\\/gastronomicament.cat\\\/ca\\\/tot-a-punt-per-a-la-9-edicio-de-wine-days-mallorca#respond\"]}]},{\"@type\":\"WebPage\",\"@id\":\"https:\\\/\\\/gastronomicament.cat\\\/ca\\\/tot-a-punt-per-a-la-9-edicio-de-wine-days-mallorca\",\"url\":\"https:\\\/\\\/gastronomicament.cat\\\/ca\\\/tot-a-punt-per-a-la-9-edicio-de-wine-days-mallorca\",\"name\":\"Tot a punt per a la 9 edici\u00f3 de Wine Days Mallorca - Gastron\u00f2micament\",\"isPartOf\":{\"@id\":\"https:\\\/\\\/gastronomicament.cat\\\/ca\\\/#website\"},\"primaryImageOfPage\":{\"@id\":\"https:\\\/\\\/gastronomicament.cat\\\/ca\\\/tot-a-punt-per-a-la-9-edicio-de-wine-days-mallorca#primaryimage\"},\"image\":{\"@id\":\"https:\\\/\\\/gastronomicament.cat\\\/ca\\\/tot-a-punt-per-a-la-9-edicio-de-wine-days-mallorca#primaryimage\"},\"thumbnailUrl\":\"https:\\\/\\\/gastronomicament.cat\\\/wp-content\\\/uploads\\\/2022\\\/05\\\/Sant-Francesc-Wine-Days-Mallorca.jpg\",\"datePublished\":\"2022-05-26T07:34:18+00:00\",\"dateModified\":\"2022-06-02T07:58:35+00:00\",\"description\":\"Tot a punt per a la 9 edici\u00f3 de Wine Days Mallorca Actualitat, Fires i rutes Es far\u00e0 del 2 al 12 de juny i hi haur\u00e0 visites i tasts teatralitzats als cellers, vols en globus i rutes en bicicleta, mindfulness, poesia i molt m\u00e9s\",\"inLanguage\":\"ca-ES\",\"potentialAction\":[{\"@type\":\"ReadAction\",\"target\":[\"https:\\\/\\\/gastronomicament.cat\\\/ca\\\/tot-a-punt-per-a-la-9-edicio-de-wine-days-mallorca\"]}]},{\"@type\":\"ImageObject\",\"inLanguage\":\"ca-ES\",\"@id\":\"https:\\\/\\\/gastronomicament.cat\\\/ca\\\/tot-a-punt-per-a-la-9-edicio-de-wine-days-mallorca#primaryimage\",\"url\":\"https:\\\/\\\/gastronomicament.cat\\\/wp-content\\\/uploads\\\/2022\\\/05\\\/Sant-Francesc-Wine-Days-Mallorca.jpg\",\"contentUrl\":\"https:\\\/\\\/gastronomicament.cat\\\/wp-content\\\/uploads\\\/2022\\\/05\\\/Sant-Francesc-Wine-Days-Mallorca.jpg\",\"width\":1200,\"height\":800},{\"@type\":\"WebSite\",\"@id\":\"https:\\\/\\\/gastronomicament.cat\\\/ca\\\/#website\",\"url\":\"https:\\\/\\\/gastronomicament.cat\\\/ca\\\/\",\"name\":\"Gastron\u00f2micament\",\"description\":\"Portal de restaurants, receptes i actualitat gastron\u00f2mica\",\"publisher\":{\"@id\":\"https:\\\/\\\/gastronomicament.cat\\\/ca\\\/#organization\"},\"potentialAction\":[{\"@type\":\"SearchAction\",\"target\":{\"@type\":\"EntryPoint\",\"urlTemplate\":\"https:\\\/\\\/gastronomicament.cat\\\/ca\\\/?s={search_term_string}\"},\"query-input\":{\"@type\":\"PropertyValueSpecification\",\"valueRequired\":true,\"valueName\":\"search_term_string\"}}],\"inLanguage\":\"ca-ES\"},{\"@type\":\"Organization\",\"@id\":\"https:\\\/\\\/gastronomicament.cat\\\/ca\\\/#organization\",\"name\":\"Gastron\u00f2micament\",\"url\":\"https:\\\/\\\/gastronomicament.cat\\\/ca\\\/\",\"logo\":{\"@type\":\"ImageObject\",\"inLanguage\":\"ca-ES\",\"@id\":\"https:\\\/\\\/gastronomicament.cat\\\/ca\\\/#\\\/schema\\\/logo\\\/image\\\/\",\"url\":\"https:\\\/\\\/gastronomicament.cat\\\/wp-content\\\/uploads\\\/2016\\\/09\\\/header-logo.jpg\",\"contentUrl\":\"https:\\\/\\\/gastronomicament.cat\\\/wp-content\\\/uploads\\\/2016\\\/09\\\/header-logo.jpg\",\"width\":277,\"height\":39,\"caption\":\"Gastron\u00f2micament\"},\"image\":{\"@id\":\"https:\\\/\\\/gastronomicament.cat\\\/ca\\\/#\\\/schema\\\/logo\\\/image\\\/\"},\"sameAs\":[\"https:\\\/\\\/x.com\\\/gastronomicamen\"]},{\"@type\":\"Person\",\"@id\":\"https:\\\/\\\/gastronomicament.cat\\\/ca\\\/#\\\/schema\\\/person\\\/a7c85c537a1ed62799a5b8e0f686a37f\",\"name\":\"Redacci\u00f3\",\"image\":{\"@type\":\"ImageObject\",\"inLanguage\":\"ca-ES\",\"@id\":\"https:\\\/\\\/secure.gravatar.com\\\/avatar\\\/9489a485c464fd611d33825daae651d13db70c4e74c65c94937a15a9d4c3ee14?s=96&d=mm&r=g69fea3cce3645dfa2166e7293e22955e\",\"url\":\"https:\\\/\\\/secure.gravatar.com\\\/avatar\\\/9489a485c464fd611d33825daae651d13db70c4e74c65c94937a15a9d4c3ee14?s=96&d=mm&r=g\",\"contentUrl\":\"https:\\\/\\\/secure.gravatar.com\\\/avatar\\\/9489a485c464fd611d33825daae651d13db70c4e74c65c94937a15a9d4c3ee14?s=96&d=mm&r=g\",\"caption\":\"Redacci\u00f3\"},\"sameAs\":[\"http:\\\/\\\/gastronomicament.cat\"],\"url\":\"https:\\\/\\\/gastronomicament.cat\\\/ca\\\/author\\\/admin\"}]}<\/script>\n<!-- \/ Yoast SEO plugin. -->","yoast_head_json":{"title":"Tot a punt per a la 9 edici\u00f3 de Wine Days Mallorca - Gastron\u00f2micament","description":"Tot a punt per a la 9 edici\u00f3 de Wine Days Mallorca Actualitat, Fires i rutes Es far\u00e0 del 2 al 12 de juny i hi haur\u00e0 visites i tasts teatralitzats als cellers, vols en globus i rutes en bicicleta, mindfulness, poesia i molt m\u00e9s","robots":{"index":"index","follow":"follow","max-snippet":"max-snippet:-1","max-image-preview":"max-image-preview:large","max-video-preview":"max-video-preview:-1"},"canonical":"https:\/\/gastronomicament.cat\/ca\/tot-a-punt-per-a-la-9-edicio-de-wine-days-mallorca","og_locale":"ca_ES","og_type":"article","og_title":"Tot a punt per a la 9 edici\u00f3 de Wine Days Mallorca - Gastron\u00f2micament","og_description":"Tot a punt per a la 9 edici\u00f3 de Wine Days Mallorca Actualitat, Fires i rutes Es far\u00e0 del 2 al 12 de juny i hi haur\u00e0 visites i tasts teatralitzats als cellers, vols en globus i rutes en bicicleta, mindfulness, poesia i molt m\u00e9s","og_url":"https:\/\/gastronomicament.cat\/ca\/tot-a-punt-per-a-la-9-edicio-de-wine-days-mallorca","og_site_name":"Gastron\u00f2micament","article_published_time":"2022-05-26T07:34:18+00:00","article_modified_time":"2022-06-02T07:58:35+00:00","og_image":[{"width":1200,"height":800,"url":"https:\/\/gastronomicament.cat\/wp-content\/uploads\/2022\/05\/Sant-Francesc-Wine-Days-Mallorca.jpg","type":"image\/jpeg"}],"author":"Redacci\u00f3","twitter_card":"summary_large_image","twitter_creator":"@gastronomicamen","twitter_site":"@gastronomicamen","twitter_misc":{"Written by":"Redacci\u00f3","Est. reading time":"3 minutes"},"schema":{"@context":"https:\/\/schema.org","@graph":[{"@type":"Article","@id":"https:\/\/gastronomicament.cat\/ca\/tot-a-punt-per-a-la-9-edicio-de-wine-days-mallorca#article","isPartOf":{"@id":"https:\/\/gastronomicament.cat\/ca\/tot-a-punt-per-a-la-9-edicio-de-wine-days-mallorca"},"author":{"name":"Redacci\u00f3","@id":"https:\/\/gastronomicament.cat\/ca\/#\/schema\/person\/a7c85c537a1ed62799a5b8e0f686a37f"},"headline":"Tot a punt per a la 9 edici\u00f3 de Wine Days Mallorca","datePublished":"2022-05-26T07:34:18+00:00","dateModified":"2022-06-02T07:58:35+00:00","mainEntityOfPage":{"@id":"https:\/\/gastronomicament.cat\/ca\/tot-a-punt-per-a-la-9-edicio-de-wine-days-mallorca"},"wordCount":698,"commentCount":0,"publisher":{"@id":"https:\/\/gastronomicament.cat\/ca\/#organization"},"image":{"@id":"https:\/\/gastronomicament.cat\/ca\/tot-a-punt-per-a-la-9-edicio-de-wine-days-mallorca#primaryimage"},"thumbnailUrl":"https:\/\/gastronomicament.cat\/wp-content\/uploads\/2022\/05\/Sant-Francesc-Wine-Days-Mallorca.jpg","articleSection":["Actualitat","Fires i rutes"],"inLanguage":"ca-ES","potentialAction":[{"@type":"CommentAction","name":"Comment","target":["https:\/\/gastronomicament.cat\/ca\/tot-a-punt-per-a-la-9-edicio-de-wine-days-mallorca#respond"]}]},{"@type":"WebPage","@id":"https:\/\/gastronomicament.cat\/ca\/tot-a-punt-per-a-la-9-edicio-de-wine-days-mallorca","url":"https:\/\/gastronomicament.cat\/ca\/tot-a-punt-per-a-la-9-edicio-de-wine-days-mallorca","name":"Tot a punt per a la 9 edici\u00f3 de Wine Days Mallorca - Gastron\u00f2micament","isPartOf":{"@id":"https:\/\/gastronomicament.cat\/ca\/#website"},"primaryImageOfPage":{"@id":"https:\/\/gastronomicament.cat\/ca\/tot-a-punt-per-a-la-9-edicio-de-wine-days-mallorca#primaryimage"},"image":{"@id":"https:\/\/gastronomicament.cat\/ca\/tot-a-punt-per-a-la-9-edicio-de-wine-days-mallorca#primaryimage"},"thumbnailUrl":"https:\/\/gastronomicament.cat\/wp-content\/uploads\/2022\/05\/Sant-Francesc-Wine-Days-Mallorca.jpg","datePublished":"2022-05-26T07:34:18+00:00","dateModified":"2022-06-02T07:58:35+00:00","description":"Tot a punt per a la 9 edici\u00f3 de Wine Days Mallorca Actualitat, Fires i rutes Es far\u00e0 del 2 al 12 de juny i hi haur\u00e0 visites i tasts teatralitzats als cellers, vols en globus i rutes en bicicleta, mindfulness, poesia i molt m\u00e9s","inLanguage":"ca-ES","potentialAction":[{"@type":"ReadAction","target":["https:\/\/gastronomicament.cat\/ca\/tot-a-punt-per-a-la-9-edicio-de-wine-days-mallorca"]}]},{"@type":"ImageObject","inLanguage":"ca-ES","@id":"https:\/\/gastronomicament.cat\/ca\/tot-a-punt-per-a-la-9-edicio-de-wine-days-mallorca#primaryimage","url":"https:\/\/gastronomicament.cat\/wp-content\/uploads\/2022\/05\/Sant-Francesc-Wine-Days-Mallorca.jpg","contentUrl":"https:\/\/gastronomicament.cat\/wp-content\/uploads\/2022\/05\/Sant-Francesc-Wine-Days-Mallorca.jpg","width":1200,"height":800},{"@type":"WebSite","@id":"https:\/\/gastronomicament.cat\/ca\/#website","url":"https:\/\/gastronomicament.cat\/ca\/","name":"Gastron\u00f2micament","description":"Portal de restaurants, receptes i actualitat gastron\u00f2mica","publisher":{"@id":"https:\/\/gastronomicament.cat\/ca\/#organization"},"potentialAction":[{"@type":"SearchAction","target":{"@type":"EntryPoint","urlTemplate":"https:\/\/gastronomicament.cat\/ca\/?s={search_term_string}"},"query-input":{"@type":"PropertyValueSpecification","valueRequired":true,"valueName":"search_term_string"}}],"inLanguage":"ca-ES"},{"@type":"Organization","@id":"https:\/\/gastronomicament.cat\/ca\/#organization","name":"Gastron\u00f2micament","url":"https:\/\/gastronomicament.cat\/ca\/","logo":{"@type":"ImageObject","inLanguage":"ca-ES","@id":"https:\/\/gastronomicament.cat\/ca\/#\/schema\/logo\/image\/","url":"https:\/\/gastronomicament.cat\/wp-content\/uploads\/2016\/09\/header-logo.jpg","contentUrl":"https:\/\/gastronomicament.cat\/wp-content\/uploads\/2016\/09\/header-logo.jpg","width":277,"height":39,"caption":"Gastron\u00f2micament"},"image":{"@id":"https:\/\/gastronomicament.cat\/ca\/#\/schema\/logo\/image\/"},"sameAs":["https:\/\/x.com\/gastronomicamen"]},{"@type":"Person","@id":"https:\/\/gastronomicament.cat\/ca\/#\/schema\/person\/a7c85c537a1ed62799a5b8e0f686a37f","name":"Redacci\u00f3","image":{"@type":"ImageObject","inLanguage":"ca-ES","@id":"https:\/\/secure.gravatar.com\/avatar\/9489a485c464fd611d33825daae651d13db70c4e74c65c94937a15a9d4c3ee14?s=96&d=mm&r=g69fea3cce3645dfa2166e7293e22955e","url":"https:\/\/secure.gravatar.com\/avatar\/9489a485c464fd611d33825daae651d13db70c4e74c65c94937a15a9d4c3ee14?s=96&d=mm&r=g","contentUrl":"https:\/\/secure.gravatar.com\/avatar\/9489a485c464fd611d33825daae651d13db70c4e74c65c94937a15a9d4c3ee14?s=96&d=mm&r=g","caption":"Redacci\u00f3"},"sameAs":["http:\/\/gastronomicament.cat"],"url":"https:\/\/gastronomicament.cat\/ca\/author\/admin"}]}},"_links":{"self":[{"href":"https:\/\/gastronomicament.cat\/ca\/wp-json\/wp\/v2\/posts\/76156","targetHints":{"allow":["GET"]}}],"collection":[{"href":"https:\/\/gastronomicament.cat\/ca\/wp-json\/wp\/v2\/posts"}],"about":[{"href":"https:\/\/gastronomicament.cat\/ca\/wp-json\/wp\/v2\/types\/post"}],"author":[{"embeddable":true,"href":"https:\/\/gastronomicament.cat\/ca\/wp-json\/wp\/v2\/users\/1"}],"replies":[{"embeddable":true,"href":"https:\/\/gastronomicament.cat\/ca\/wp-json\/wp\/v2\/comments?post=76156"}],"version-history":[{"count":0,"href":"https:\/\/gastronomicament.cat\/ca\/wp-json\/wp\/v2\/posts\/76156\/revisions"}],"wp:featuredmedia":[{"embeddable":true,"href":"https:\/\/gastronomicament.cat\/ca\/wp-json\/wp\/v2\/media\/76169"}],"wp:attachment":[{"href":"https:\/\/gastronomicament.cat\/ca\/wp-json\/wp\/v2\/media?parent=76156"}],"wp:term":[{"taxonomy":"category","embeddable":true,"href":"https:\/\/gastronomicament.cat\/ca\/wp-json\/wp\/v2\/categories?post=76156"},{"taxonomy":"post_tag","embeddable":true,"href":"https:\/\/gastronomicament.cat\/ca\/wp-json\/wp\/v2\/tags?post=76156"},{"taxonomy":"author","embeddable":true,"href":"https:\/\/gastronomicament.cat\/ca\/wp-json\/wp\/v2\/coauthors?post=76156"}],"curies":[{"name":"wp","href":"https:\/\/api.w.org\/{rel}","templated":true}]}}