{"id":77975,"date":"2022-08-25T10:16:11","date_gmt":"2022-08-25T08:16:11","guid":{"rendered":"https:\/\/gastronomicament.cat\/?p=77975"},"modified":"2022-08-25T10:16:11","modified_gmt":"2022-08-25T08:16:11","slug":"nou-protocol-per-vendre-garrova-a-les-balears-i-evitar-ne-el-robatoris","status":"publish","type":"post","link":"https:\/\/gastronomicament.cat\/ca\/nou-protocol-per-vendre-garrova-a-les-balears-i-evitar-ne-el-robatoris","title":{"rendered":"Nou protocol per vendre garrova a les Balears i evitar-ne el robatoris"},"content":{"rendered":"<p>La Conselleria d\u2019Agricultura, Pesca i Alimentaci\u00f3 ha actualitzat el protocol d\u2019actuaci\u00f3 contra els robatoris de garrova a les explotacions agr\u00e0ries i magatzems d\u2019empreses d\u2019aquest subsector.<\/p>\n<p>Des que es van avisar els primers robatoris en la campanya 2019, la conselleria ha mantingut contactes permanents tant amb la Delegaci\u00f3 de Govern com amb el Grup ROCA de la Gu\u00e0rdia Civil i la FELIB, per articular un mecanisme de coordinaci\u00f3 que sigui efectiu per a evitar-los. En aquest sentit, la consellera Mae de la Concha ha volgut destacar que des de la seva posada en marxa, s\u2019ha fet un seguiment i s\u2019ha constatat que s\u2019ha aconseguir reduir els robatoris i furts.<\/p>\n<p><strong>En qu\u00e8 consisteix el nou protocol?<\/strong><\/p>\n<p>El protocol nou consisteix en diversos documents:\u00a0<strong>en primer lloc<\/strong>, un certificat que s\u2019expedeix des de les delegacions comarcals per a cada un dels titulars d&#8217;explotacions que cultiven garrova, on hi apareixen totes les parcel\u00b7les i que est\u00e0 firmat per la pr\u00f2pia delegaci\u00f3 i per la persona que recull la garrova en nom del titular;\u00a0<strong>en segon lloc<\/strong>, una declaraci\u00f3 responsable per a tots els propietaris de garrovers solts, o d&#8217;explotacions d&#8217;oci i autoconsum que no siguin professionals; i\u00a0<strong>en tercer lloc<\/strong>, el contracte alimentari, que s\u2019aplica a partir d\u2019una operaci\u00f3 de m\u00e9s de 1.000 euros o b\u00e9 que no es pagui al comptat, com exigeix la Llei de la cadena aliment\u00e0ria.<\/p>\n<p>Fernando Fern\u00e1ndez, director general d\u2019Agricultura, incidit en el fet que\u00a0<strong>un dels objectius del nou protocol \u00e9s el compliment de la llei de la cadena aliment\u00e0ria en la cadena de valor de la garrova<\/strong>\u00a0i que les transaccions econ\u00f2miques entre les diverses baules i operadors comercials \u201cquedin clares, a m\u00e9s d\u2019evitar robatoris i furts i controlar la tra\u00e7abilitat sanit\u00e0ria, ja que \u00e9s un producte que tamb\u00e9 es dedica a pinsos\u201d. Aix\u00ed mateix, ha recordat que la llei de la cadena aliment\u00e0ria marca l&#8217;obligatorietat de formalitzar per escrit els contractes alimentaris. Entre els requisits que han de complir els contractes tamb\u00e9 figura el preu, que haur\u00e0 de ser, en tot cas, superior al total de costos assumits pel productor o cost efectiu de producci\u00f3.<\/p>\n<p>La garrova \u00e9s un dels cultius que aporta major valor i rendibilitat al sector primari de les Illes Balears. De fet, la consellera de la Concha ha valorat molt aquest producte: \u201cLa garrova en aquests darrers anys s\u2019ha revaloritzat enormement, i aix\u00f2 \u00e9s una gran not\u00edcia, perqu\u00e8 aquest valor afegit augmenta la renda agr\u00e0ria i fa possible que el sector primari segueixi endavant\u201d.<\/p>\n","protected":false},"excerpt":{"rendered":"<p>El garrover \u00e9s un dels cultius que aporta major valor i rendibilitat al sector primari<\/p>\n","protected":false},"author":1,"featured_media":77979,"comment_status":"open","ping_status":"closed","sticky":false,"template":"","format":"standard","meta":{"_acf_changed":false,"_swt_meta_header_display":false,"_swt_meta_footer_display":false,"_swt_meta_site_title_display":false,"_swt_meta_sticky_header":false,"_swt_meta_transparent_header":false,"footnotes":""},"categories":[692,955],"tags":[],"coauthors":[2053],"class_list":["post-77975","post","type-post","status-publish","format-standard","has-post-thumbnail","hentry","category-actualitat","category-reportatges-i-novetats"],"acf":{"gallery":null,"home_date":{"home_begin_date":null,"home_end_date":null}},"yoast_head":"<!-- This site is optimized with the Yoast SEO plugin v27.4 - https:\/\/yoast.com\/product\/yoast-seo-wordpress\/ -->\n<title>Nou protocol per vendre garrova a les Balears i evitar-ne el robatoris - Gastron\u00f2micament<\/title>\n<meta name=\"description\" content=\"Nou protocol per vendre garrova a les Balears i evitar-ne el robatoris Actualitat, Reportatges i novetats El garrover \u00e9s un dels cultius que aporta major valor i rendibilitat al sector primari\" \/>\n<meta name=\"robots\" content=\"index, follow, max-snippet:-1, max-image-preview:large, max-video-preview:-1\" \/>\n<link rel=\"canonical\" href=\"https:\/\/gastronomicament.cat\/ca\/nou-protocol-per-vendre-garrova-a-les-balears-i-evitar-ne-el-robatoris\" \/>\n<meta property=\"og:locale\" content=\"ca_ES\" \/>\n<meta property=\"og:type\" content=\"article\" \/>\n<meta property=\"og:title\" content=\"Nou protocol per vendre garrova a les Balears i evitar-ne el robatoris - Gastron\u00f2micament\" \/>\n<meta property=\"og:description\" content=\"Nou protocol per vendre garrova a les Balears i evitar-ne el robatoris Actualitat, Reportatges i novetats El garrover \u00e9s un dels cultius que aporta major valor i rendibilitat al sector primari\" \/>\n<meta property=\"og:url\" content=\"https:\/\/gastronomicament.cat\/ca\/nou-protocol-per-vendre-garrova-a-les-balears-i-evitar-ne-el-robatoris\" \/>\n<meta property=\"og:site_name\" content=\"Gastron\u00f2micament\" \/>\n<meta property=\"article:published_time\" content=\"2022-08-25T08:16:11+00:00\" \/>\n<meta property=\"og:image\" content=\"https:\/\/gastronomicament.cat\/wp-content\/uploads\/2022\/08\/Fernando-Fernandez-i-Mae-de-la-Concha.jpg\" \/>\n\t<meta property=\"og:image:width\" content=\"1045\" \/>\n\t<meta property=\"og:image:height\" content=\"769\" \/>\n\t<meta property=\"og:image:type\" content=\"image\/jpeg\" \/>\n<meta name=\"author\" content=\"Redacci\u00f3\" \/>\n<meta name=\"twitter:card\" content=\"summary_large_image\" \/>\n<meta name=\"twitter:creator\" content=\"@gastronomicamen\" \/>\n<meta name=\"twitter:site\" content=\"@gastronomicamen\" \/>\n<meta name=\"twitter:label1\" content=\"Written by\" \/>\n\t<meta name=\"twitter:data1\" content=\"Redacci\u00f3\" \/>\n\t<meta name=\"twitter:label2\" content=\"Est. reading time\" \/>\n\t<meta name=\"twitter:data2\" content=\"3 minutes\" \/>\n<script type=\"application\/ld+json\" class=\"yoast-schema-graph\">{\"@context\":\"https:\\\/\\\/schema.org\",\"@graph\":[{\"@type\":\"Article\",\"@id\":\"https:\\\/\\\/gastronomicament.cat\\\/ca\\\/nou-protocol-per-vendre-garrova-a-les-balears-i-evitar-ne-el-robatoris#article\",\"isPartOf\":{\"@id\":\"https:\\\/\\\/gastronomicament.cat\\\/ca\\\/nou-protocol-per-vendre-garrova-a-les-balears-i-evitar-ne-el-robatoris\"},\"author\":{\"name\":\"Redacci\u00f3\",\"@id\":\"https:\\\/\\\/gastronomicament.cat\\\/ca\\\/#\\\/schema\\\/person\\\/a7c85c537a1ed62799a5b8e0f686a37f\"},\"headline\":\"Nou protocol per vendre garrova a les Balears i evitar-ne el robatoris\",\"datePublished\":\"2022-08-25T08:16:11+00:00\",\"mainEntityOfPage\":{\"@id\":\"https:\\\/\\\/gastronomicament.cat\\\/ca\\\/nou-protocol-per-vendre-garrova-a-les-balears-i-evitar-ne-el-robatoris\"},\"wordCount\":450,\"commentCount\":0,\"publisher\":{\"@id\":\"https:\\\/\\\/gastronomicament.cat\\\/ca\\\/#organization\"},\"image\":{\"@id\":\"https:\\\/\\\/gastronomicament.cat\\\/ca\\\/nou-protocol-per-vendre-garrova-a-les-balears-i-evitar-ne-el-robatoris#primaryimage\"},\"thumbnailUrl\":\"https:\\\/\\\/gastronomicament.cat\\\/wp-content\\\/uploads\\\/2022\\\/08\\\/Fernando-Fernandez-i-Mae-de-la-Concha.jpg\",\"articleSection\":[\"Actualitat\",\"Reportatges i novetats\"],\"inLanguage\":\"ca-ES\",\"potentialAction\":[{\"@type\":\"CommentAction\",\"name\":\"Comment\",\"target\":[\"https:\\\/\\\/gastronomicament.cat\\\/ca\\\/nou-protocol-per-vendre-garrova-a-les-balears-i-evitar-ne-el-robatoris#respond\"]}]},{\"@type\":\"WebPage\",\"@id\":\"https:\\\/\\\/gastronomicament.cat\\\/ca\\\/nou-protocol-per-vendre-garrova-a-les-balears-i-evitar-ne-el-robatoris\",\"url\":\"https:\\\/\\\/gastronomicament.cat\\\/ca\\\/nou-protocol-per-vendre-garrova-a-les-balears-i-evitar-ne-el-robatoris\",\"name\":\"Nou protocol per vendre garrova a les Balears i evitar-ne el robatoris - Gastron\u00f2micament\",\"isPartOf\":{\"@id\":\"https:\\\/\\\/gastronomicament.cat\\\/ca\\\/#website\"},\"primaryImageOfPage\":{\"@id\":\"https:\\\/\\\/gastronomicament.cat\\\/ca\\\/nou-protocol-per-vendre-garrova-a-les-balears-i-evitar-ne-el-robatoris#primaryimage\"},\"image\":{\"@id\":\"https:\\\/\\\/gastronomicament.cat\\\/ca\\\/nou-protocol-per-vendre-garrova-a-les-balears-i-evitar-ne-el-robatoris#primaryimage\"},\"thumbnailUrl\":\"https:\\\/\\\/gastronomicament.cat\\\/wp-content\\\/uploads\\\/2022\\\/08\\\/Fernando-Fernandez-i-Mae-de-la-Concha.jpg\",\"datePublished\":\"2022-08-25T08:16:11+00:00\",\"description\":\"Nou protocol per vendre garrova a les Balears i evitar-ne el robatoris Actualitat, Reportatges i novetats El garrover \u00e9s un dels cultius que aporta major valor i rendibilitat al sector primari\",\"inLanguage\":\"ca-ES\",\"potentialAction\":[{\"@type\":\"ReadAction\",\"target\":[\"https:\\\/\\\/gastronomicament.cat\\\/ca\\\/nou-protocol-per-vendre-garrova-a-les-balears-i-evitar-ne-el-robatoris\"]}]},{\"@type\":\"ImageObject\",\"inLanguage\":\"ca-ES\",\"@id\":\"https:\\\/\\\/gastronomicament.cat\\\/ca\\\/nou-protocol-per-vendre-garrova-a-les-balears-i-evitar-ne-el-robatoris#primaryimage\",\"url\":\"https:\\\/\\\/gastronomicament.cat\\\/wp-content\\\/uploads\\\/2022\\\/08\\\/Fernando-Fernandez-i-Mae-de-la-Concha.jpg\",\"contentUrl\":\"https:\\\/\\\/gastronomicament.cat\\\/wp-content\\\/uploads\\\/2022\\\/08\\\/Fernando-Fernandez-i-Mae-de-la-Concha.jpg\",\"width\":1045,\"height\":769},{\"@type\":\"WebSite\",\"@id\":\"https:\\\/\\\/gastronomicament.cat\\\/ca\\\/#website\",\"url\":\"https:\\\/\\\/gastronomicament.cat\\\/ca\\\/\",\"name\":\"Gastron\u00f2micament\",\"description\":\"Portal de restaurants, receptes i actualitat gastron\u00f2mica\",\"publisher\":{\"@id\":\"https:\\\/\\\/gastronomicament.cat\\\/ca\\\/#organization\"},\"potentialAction\":[{\"@type\":\"SearchAction\",\"target\":{\"@type\":\"EntryPoint\",\"urlTemplate\":\"https:\\\/\\\/gastronomicament.cat\\\/ca\\\/?s={search_term_string}\"},\"query-input\":{\"@type\":\"PropertyValueSpecification\",\"valueRequired\":true,\"valueName\":\"search_term_string\"}}],\"inLanguage\":\"ca-ES\"},{\"@type\":\"Organization\",\"@id\":\"https:\\\/\\\/gastronomicament.cat\\\/ca\\\/#organization\",\"name\":\"Gastron\u00f2micament\",\"url\":\"https:\\\/\\\/gastronomicament.cat\\\/ca\\\/\",\"logo\":{\"@type\":\"ImageObject\",\"inLanguage\":\"ca-ES\",\"@id\":\"https:\\\/\\\/gastronomicament.cat\\\/ca\\\/#\\\/schema\\\/logo\\\/image\\\/\",\"url\":\"https:\\\/\\\/gastronomicament.cat\\\/wp-content\\\/uploads\\\/2016\\\/09\\\/header-logo.jpg\",\"contentUrl\":\"https:\\\/\\\/gastronomicament.cat\\\/wp-content\\\/uploads\\\/2016\\\/09\\\/header-logo.jpg\",\"width\":277,\"height\":39,\"caption\":\"Gastron\u00f2micament\"},\"image\":{\"@id\":\"https:\\\/\\\/gastronomicament.cat\\\/ca\\\/#\\\/schema\\\/logo\\\/image\\\/\"},\"sameAs\":[\"https:\\\/\\\/x.com\\\/gastronomicamen\"]},{\"@type\":\"Person\",\"@id\":\"https:\\\/\\\/gastronomicament.cat\\\/ca\\\/#\\\/schema\\\/person\\\/a7c85c537a1ed62799a5b8e0f686a37f\",\"name\":\"Redacci\u00f3\",\"image\":{\"@type\":\"ImageObject\",\"inLanguage\":\"ca-ES\",\"@id\":\"https:\\\/\\\/secure.gravatar.com\\\/avatar\\\/9489a485c464fd611d33825daae651d13db70c4e74c65c94937a15a9d4c3ee14?s=96&d=mm&r=g69fea3cce3645dfa2166e7293e22955e\",\"url\":\"https:\\\/\\\/secure.gravatar.com\\\/avatar\\\/9489a485c464fd611d33825daae651d13db70c4e74c65c94937a15a9d4c3ee14?s=96&d=mm&r=g\",\"contentUrl\":\"https:\\\/\\\/secure.gravatar.com\\\/avatar\\\/9489a485c464fd611d33825daae651d13db70c4e74c65c94937a15a9d4c3ee14?s=96&d=mm&r=g\",\"caption\":\"Redacci\u00f3\"},\"sameAs\":[\"http:\\\/\\\/gastronomicament.cat\"],\"url\":\"https:\\\/\\\/gastronomicament.cat\\\/ca\\\/author\\\/admin\"}]}<\/script>\n<!-- \/ Yoast SEO plugin. -->","yoast_head_json":{"title":"Nou protocol per vendre garrova a les Balears i evitar-ne el robatoris - Gastron\u00f2micament","description":"Nou protocol per vendre garrova a les Balears i evitar-ne el robatoris Actualitat, Reportatges i novetats El garrover \u00e9s un dels cultius que aporta major valor i rendibilitat al sector primari","robots":{"index":"index","follow":"follow","max-snippet":"max-snippet:-1","max-image-preview":"max-image-preview:large","max-video-preview":"max-video-preview:-1"},"canonical":"https:\/\/gastronomicament.cat\/ca\/nou-protocol-per-vendre-garrova-a-les-balears-i-evitar-ne-el-robatoris","og_locale":"ca_ES","og_type":"article","og_title":"Nou protocol per vendre garrova a les Balears i evitar-ne el robatoris - Gastron\u00f2micament","og_description":"Nou protocol per vendre garrova a les Balears i evitar-ne el robatoris Actualitat, Reportatges i novetats El garrover \u00e9s un dels cultius que aporta major valor i rendibilitat al sector primari","og_url":"https:\/\/gastronomicament.cat\/ca\/nou-protocol-per-vendre-garrova-a-les-balears-i-evitar-ne-el-robatoris","og_site_name":"Gastron\u00f2micament","article_published_time":"2022-08-25T08:16:11+00:00","og_image":[{"width":1045,"height":769,"url":"https:\/\/gastronomicament.cat\/wp-content\/uploads\/2022\/08\/Fernando-Fernandez-i-Mae-de-la-Concha.jpg","type":"image\/jpeg"}],"author":"Redacci\u00f3","twitter_card":"summary_large_image","twitter_creator":"@gastronomicamen","twitter_site":"@gastronomicamen","twitter_misc":{"Written by":"Redacci\u00f3","Est. reading time":"3 minutes"},"schema":{"@context":"https:\/\/schema.org","@graph":[{"@type":"Article","@id":"https:\/\/gastronomicament.cat\/ca\/nou-protocol-per-vendre-garrova-a-les-balears-i-evitar-ne-el-robatoris#article","isPartOf":{"@id":"https:\/\/gastronomicament.cat\/ca\/nou-protocol-per-vendre-garrova-a-les-balears-i-evitar-ne-el-robatoris"},"author":{"name":"Redacci\u00f3","@id":"https:\/\/gastronomicament.cat\/ca\/#\/schema\/person\/a7c85c537a1ed62799a5b8e0f686a37f"},"headline":"Nou protocol per vendre garrova a les Balears i evitar-ne el robatoris","datePublished":"2022-08-25T08:16:11+00:00","mainEntityOfPage":{"@id":"https:\/\/gastronomicament.cat\/ca\/nou-protocol-per-vendre-garrova-a-les-balears-i-evitar-ne-el-robatoris"},"wordCount":450,"commentCount":0,"publisher":{"@id":"https:\/\/gastronomicament.cat\/ca\/#organization"},"image":{"@id":"https:\/\/gastronomicament.cat\/ca\/nou-protocol-per-vendre-garrova-a-les-balears-i-evitar-ne-el-robatoris#primaryimage"},"thumbnailUrl":"https:\/\/gastronomicament.cat\/wp-content\/uploads\/2022\/08\/Fernando-Fernandez-i-Mae-de-la-Concha.jpg","articleSection":["Actualitat","Reportatges i novetats"],"inLanguage":"ca-ES","potentialAction":[{"@type":"CommentAction","name":"Comment","target":["https:\/\/gastronomicament.cat\/ca\/nou-protocol-per-vendre-garrova-a-les-balears-i-evitar-ne-el-robatoris#respond"]}]},{"@type":"WebPage","@id":"https:\/\/gastronomicament.cat\/ca\/nou-protocol-per-vendre-garrova-a-les-balears-i-evitar-ne-el-robatoris","url":"https:\/\/gastronomicament.cat\/ca\/nou-protocol-per-vendre-garrova-a-les-balears-i-evitar-ne-el-robatoris","name":"Nou protocol per vendre garrova a les Balears i evitar-ne el robatoris - Gastron\u00f2micament","isPartOf":{"@id":"https:\/\/gastronomicament.cat\/ca\/#website"},"primaryImageOfPage":{"@id":"https:\/\/gastronomicament.cat\/ca\/nou-protocol-per-vendre-garrova-a-les-balears-i-evitar-ne-el-robatoris#primaryimage"},"image":{"@id":"https:\/\/gastronomicament.cat\/ca\/nou-protocol-per-vendre-garrova-a-les-balears-i-evitar-ne-el-robatoris#primaryimage"},"thumbnailUrl":"https:\/\/gastronomicament.cat\/wp-content\/uploads\/2022\/08\/Fernando-Fernandez-i-Mae-de-la-Concha.jpg","datePublished":"2022-08-25T08:16:11+00:00","description":"Nou protocol per vendre garrova a les Balears i evitar-ne el robatoris Actualitat, Reportatges i novetats El garrover \u00e9s un dels cultius que aporta major valor i rendibilitat al sector primari","inLanguage":"ca-ES","potentialAction":[{"@type":"ReadAction","target":["https:\/\/gastronomicament.cat\/ca\/nou-protocol-per-vendre-garrova-a-les-balears-i-evitar-ne-el-robatoris"]}]},{"@type":"ImageObject","inLanguage":"ca-ES","@id":"https:\/\/gastronomicament.cat\/ca\/nou-protocol-per-vendre-garrova-a-les-balears-i-evitar-ne-el-robatoris#primaryimage","url":"https:\/\/gastronomicament.cat\/wp-content\/uploads\/2022\/08\/Fernando-Fernandez-i-Mae-de-la-Concha.jpg","contentUrl":"https:\/\/gastronomicament.cat\/wp-content\/uploads\/2022\/08\/Fernando-Fernandez-i-Mae-de-la-Concha.jpg","width":1045,"height":769},{"@type":"WebSite","@id":"https:\/\/gastronomicament.cat\/ca\/#website","url":"https:\/\/gastronomicament.cat\/ca\/","name":"Gastron\u00f2micament","description":"Portal de restaurants, receptes i actualitat gastron\u00f2mica","publisher":{"@id":"https:\/\/gastronomicament.cat\/ca\/#organization"},"potentialAction":[{"@type":"SearchAction","target":{"@type":"EntryPoint","urlTemplate":"https:\/\/gastronomicament.cat\/ca\/?s={search_term_string}"},"query-input":{"@type":"PropertyValueSpecification","valueRequired":true,"valueName":"search_term_string"}}],"inLanguage":"ca-ES"},{"@type":"Organization","@id":"https:\/\/gastronomicament.cat\/ca\/#organization","name":"Gastron\u00f2micament","url":"https:\/\/gastronomicament.cat\/ca\/","logo":{"@type":"ImageObject","inLanguage":"ca-ES","@id":"https:\/\/gastronomicament.cat\/ca\/#\/schema\/logo\/image\/","url":"https:\/\/gastronomicament.cat\/wp-content\/uploads\/2016\/09\/header-logo.jpg","contentUrl":"https:\/\/gastronomicament.cat\/wp-content\/uploads\/2016\/09\/header-logo.jpg","width":277,"height":39,"caption":"Gastron\u00f2micament"},"image":{"@id":"https:\/\/gastronomicament.cat\/ca\/#\/schema\/logo\/image\/"},"sameAs":["https:\/\/x.com\/gastronomicamen"]},{"@type":"Person","@id":"https:\/\/gastronomicament.cat\/ca\/#\/schema\/person\/a7c85c537a1ed62799a5b8e0f686a37f","name":"Redacci\u00f3","image":{"@type":"ImageObject","inLanguage":"ca-ES","@id":"https:\/\/secure.gravatar.com\/avatar\/9489a485c464fd611d33825daae651d13db70c4e74c65c94937a15a9d4c3ee14?s=96&d=mm&r=g69fea3cce3645dfa2166e7293e22955e","url":"https:\/\/secure.gravatar.com\/avatar\/9489a485c464fd611d33825daae651d13db70c4e74c65c94937a15a9d4c3ee14?s=96&d=mm&r=g","contentUrl":"https:\/\/secure.gravatar.com\/avatar\/9489a485c464fd611d33825daae651d13db70c4e74c65c94937a15a9d4c3ee14?s=96&d=mm&r=g","caption":"Redacci\u00f3"},"sameAs":["http:\/\/gastronomicament.cat"],"url":"https:\/\/gastronomicament.cat\/ca\/author\/admin"}]}},"_links":{"self":[{"href":"https:\/\/gastronomicament.cat\/ca\/wp-json\/wp\/v2\/posts\/77975","targetHints":{"allow":["GET"]}}],"collection":[{"href":"https:\/\/gastronomicament.cat\/ca\/wp-json\/wp\/v2\/posts"}],"about":[{"href":"https:\/\/gastronomicament.cat\/ca\/wp-json\/wp\/v2\/types\/post"}],"author":[{"embeddable":true,"href":"https:\/\/gastronomicament.cat\/ca\/wp-json\/wp\/v2\/users\/1"}],"replies":[{"embeddable":true,"href":"https:\/\/gastronomicament.cat\/ca\/wp-json\/wp\/v2\/comments?post=77975"}],"version-history":[{"count":0,"href":"https:\/\/gastronomicament.cat\/ca\/wp-json\/wp\/v2\/posts\/77975\/revisions"}],"wp:featuredmedia":[{"embeddable":true,"href":"https:\/\/gastronomicament.cat\/ca\/wp-json\/wp\/v2\/media\/77979"}],"wp:attachment":[{"href":"https:\/\/gastronomicament.cat\/ca\/wp-json\/wp\/v2\/media?parent=77975"}],"wp:term":[{"taxonomy":"category","embeddable":true,"href":"https:\/\/gastronomicament.cat\/ca\/wp-json\/wp\/v2\/categories?post=77975"},{"taxonomy":"post_tag","embeddable":true,"href":"https:\/\/gastronomicament.cat\/ca\/wp-json\/wp\/v2\/tags?post=77975"},{"taxonomy":"author","embeddable":true,"href":"https:\/\/gastronomicament.cat\/ca\/wp-json\/wp\/v2\/coauthors?post=77975"}],"curies":[{"name":"wp","href":"https:\/\/api.w.org\/{rel}","templated":true}]}}