{"id":80384,"date":"2023-01-11T10:12:29","date_gmt":"2023-01-11T09:12:29","guid":{"rendered":"https:\/\/gastronomicament.cat\/?p=80384"},"modified":"2023-01-11T10:21:13","modified_gmt":"2023-01-11T09:21:13","slug":"trasmed-patrocinara-tapalma-2023","status":"publish","type":"post","link":"https:\/\/gastronomicament.cat\/ca\/trasmed-patrocinara-tapalma-2023","title":{"rendered":"Trasmed patrocinar\u00e0 TaPalma 2023"},"content":{"rendered":"<p>TaPalma 2023 ja s&#8217;ha posat en marxa i en l&#8217;edici\u00f3 d&#8217;enguany tendr\u00e0 amb un nou patrocinador.\u00a0<strong>Trasmed<\/strong>, la naviliera del<strong>\u00a0Grup Grimaldi<\/strong>\u00a0fa una passa m\u00e9s en la seva aposta per la gastronomia, el producte local, de proximitat i de qualitat i es converteix en el nou patrocinador d&#8217;aquest concurs i ruta de tapes i c\u00f2ctels.<\/p>\n<p>L&#8217;esdeveniment gastron\u00f2mic m\u00e9s important de les Balears est\u00e0 organitzat per AgenciaCom i l&#8217;Associaci\u00f3 de Bars, Restaurants i Cafeteries, Restauraci\u00f3 CAEB i t\u00e9 com a objectiu posicionar Mallorca, i molt concretament la seva capital, <strong>com a punt neur\u00e0lgic de la gastronomia<\/strong>, com tamb\u00e9 dinamitzar la ciutat a trav\u00e9s dels seus restaurants i el petit comer\u00e7.<\/p>\n<p>Per al director Comercial de Trasmed, Miguel Pardo, formar part d&#8217;aquest esdeveniment gastron\u00f2mic suposa \u201cuna aposta clara de Trasmed, no solament per oferir un servei i valor afegit de qualitat als nostres passatgers, sin\u00f3 per la destinaci\u00f3 que \u00e9s, i perqu\u00e8 donam suport a la societat balear a temporada baixa i convidant a residents i turistes que surtin al carrer i gaudeixin del magn\u00edfic nivell de tapes i c\u00f2ctels que trobem als establiments del sector de la restauraci\u00f3 balear\u201d.<\/p>\n<p>Aquesta <strong>cita gastron\u00f2mica<\/strong>\u00a0es divideix en dues: primer el concurs de tapes i c\u00f2ctels, que se celebra a l&#8217;auditori Illes Balears del Palau de Congressos de Palma, davant d&#8217;un aforament de 2.000 persones i, dos dies despr\u00e9s, es fa la ruta de tapes i c\u00f2ctels que t\u00e9 lloc per diferents establiments de Palma.<\/p>\n<p>La propera edici\u00f3 de TaPalma 2023 se celebrar\u00e0 tamb\u00e9 durant el mes de novembre en lloc i dates que es donaran a con\u00e8ixer en una presentaci\u00f3 que tindr\u00e0 lloc el proper dimecres 18 de gener a FITUR, a l&#8217;estand de Trasmed ubicat al pavell\u00f3 10 (10E10).<\/p>\n","protected":false},"excerpt":{"rendered":"<p>La cita gastron\u00f2mica es far\u00e0 el proper mes de novembre<\/p>\n","protected":false},"author":1,"featured_media":80405,"comment_status":"open","ping_status":"closed","sticky":false,"template":"","format":"standard","meta":{"_acf_changed":false,"_swt_meta_header_display":false,"_swt_meta_footer_display":false,"_swt_meta_site_title_display":false,"_swt_meta_sticky_header":false,"_swt_meta_transparent_header":false,"footnotes":""},"categories":[692,955],"tags":[],"coauthors":[2053],"class_list":["post-80384","post","type-post","status-publish","format-standard","has-post-thumbnail","hentry","category-actualitat","category-reportatges-i-novetats"],"acf":{"gallery":null,"home_date":{"home_begin_date":null,"home_end_date":null}},"yoast_head":"<!-- This site is optimized with the Yoast SEO plugin v27.4 - https:\/\/yoast.com\/product\/yoast-seo-wordpress\/ -->\n<title>Trasmed patrocinar\u00e0 TaPalma 2023 - Gastron\u00f2micament<\/title>\n<meta name=\"description\" content=\"Trasmed patrocinar\u00e0 TaPalma 2023 Actualitat, Reportatges i novetats La cita gastron\u00f2mica es far\u00e0 el proper mes de novembre\" \/>\n<meta name=\"robots\" content=\"index, follow, max-snippet:-1, max-image-preview:large, max-video-preview:-1\" \/>\n<link rel=\"canonical\" href=\"https:\/\/gastronomicament.cat\/ca\/trasmed-patrocinara-tapalma-2023\" \/>\n<meta property=\"og:locale\" content=\"ca_ES\" \/>\n<meta property=\"og:type\" content=\"article\" \/>\n<meta property=\"og:title\" content=\"Trasmed patrocinar\u00e0 TaPalma 2023 - Gastron\u00f2micament\" \/>\n<meta property=\"og:description\" content=\"Trasmed patrocinar\u00e0 TaPalma 2023 Actualitat, Reportatges i novetats La cita gastron\u00f2mica es far\u00e0 el proper mes de novembre\" \/>\n<meta property=\"og:url\" content=\"https:\/\/gastronomicament.cat\/ca\/trasmed-patrocinara-tapalma-2023\" \/>\n<meta property=\"og:site_name\" content=\"Gastron\u00f2micament\" \/>\n<meta property=\"article:published_time\" content=\"2023-01-11T09:12:29+00:00\" \/>\n<meta property=\"article:modified_time\" content=\"2023-01-11T09:21:13+00:00\" \/>\n<meta property=\"og:image\" content=\"https:\/\/gastronomicament.cat\/wp-content\/uploads\/2023\/01\/Tapalma2022.jpg\" \/>\n\t<meta property=\"og:image:width\" content=\"1284\" \/>\n\t<meta property=\"og:image:height\" content=\"815\" \/>\n\t<meta property=\"og:image:type\" content=\"image\/jpeg\" \/>\n<meta name=\"author\" content=\"Redacci\u00f3\" \/>\n<meta name=\"twitter:card\" content=\"summary_large_image\" \/>\n<meta name=\"twitter:creator\" content=\"@gastronomicamen\" \/>\n<meta name=\"twitter:site\" content=\"@gastronomicamen\" \/>\n<meta name=\"twitter:label1\" content=\"Written by\" \/>\n\t<meta name=\"twitter:data1\" content=\"Redacci\u00f3\" \/>\n\t<meta name=\"twitter:label2\" content=\"Est. reading time\" \/>\n\t<meta name=\"twitter:data2\" content=\"2 minutes\" \/>\n<script type=\"application\/ld+json\" class=\"yoast-schema-graph\">{\"@context\":\"https:\\\/\\\/schema.org\",\"@graph\":[{\"@type\":\"Article\",\"@id\":\"https:\\\/\\\/gastronomicament.cat\\\/ca\\\/trasmed-patrocinara-tapalma-2023#article\",\"isPartOf\":{\"@id\":\"https:\\\/\\\/gastronomicament.cat\\\/ca\\\/trasmed-patrocinara-tapalma-2023\"},\"author\":{\"name\":\"Redacci\u00f3\",\"@id\":\"https:\\\/\\\/gastronomicament.cat\\\/ca\\\/#\\\/schema\\\/person\\\/a7c85c537a1ed62799a5b8e0f686a37f\"},\"headline\":\"Trasmed patrocinar\u00e0 TaPalma 2023\",\"datePublished\":\"2023-01-11T09:12:29+00:00\",\"dateModified\":\"2023-01-11T09:21:13+00:00\",\"mainEntityOfPage\":{\"@id\":\"https:\\\/\\\/gastronomicament.cat\\\/ca\\\/trasmed-patrocinara-tapalma-2023\"},\"wordCount\":300,\"commentCount\":0,\"publisher\":{\"@id\":\"https:\\\/\\\/gastronomicament.cat\\\/ca\\\/#organization\"},\"image\":{\"@id\":\"https:\\\/\\\/gastronomicament.cat\\\/ca\\\/trasmed-patrocinara-tapalma-2023#primaryimage\"},\"thumbnailUrl\":\"https:\\\/\\\/gastronomicament.cat\\\/wp-content\\\/uploads\\\/2023\\\/01\\\/Tapalma2022.jpg\",\"articleSection\":[\"Actualitat\",\"Reportatges i novetats\"],\"inLanguage\":\"ca-ES\",\"potentialAction\":[{\"@type\":\"CommentAction\",\"name\":\"Comment\",\"target\":[\"https:\\\/\\\/gastronomicament.cat\\\/ca\\\/trasmed-patrocinara-tapalma-2023#respond\"]}]},{\"@type\":\"WebPage\",\"@id\":\"https:\\\/\\\/gastronomicament.cat\\\/ca\\\/trasmed-patrocinara-tapalma-2023\",\"url\":\"https:\\\/\\\/gastronomicament.cat\\\/ca\\\/trasmed-patrocinara-tapalma-2023\",\"name\":\"Trasmed patrocinar\u00e0 TaPalma 2023 - Gastron\u00f2micament\",\"isPartOf\":{\"@id\":\"https:\\\/\\\/gastronomicament.cat\\\/ca\\\/#website\"},\"primaryImageOfPage\":{\"@id\":\"https:\\\/\\\/gastronomicament.cat\\\/ca\\\/trasmed-patrocinara-tapalma-2023#primaryimage\"},\"image\":{\"@id\":\"https:\\\/\\\/gastronomicament.cat\\\/ca\\\/trasmed-patrocinara-tapalma-2023#primaryimage\"},\"thumbnailUrl\":\"https:\\\/\\\/gastronomicament.cat\\\/wp-content\\\/uploads\\\/2023\\\/01\\\/Tapalma2022.jpg\",\"datePublished\":\"2023-01-11T09:12:29+00:00\",\"dateModified\":\"2023-01-11T09:21:13+00:00\",\"description\":\"Trasmed patrocinar\u00e0 TaPalma 2023 Actualitat, Reportatges i novetats La cita gastron\u00f2mica es far\u00e0 el proper mes de novembre\",\"inLanguage\":\"ca-ES\",\"potentialAction\":[{\"@type\":\"ReadAction\",\"target\":[\"https:\\\/\\\/gastronomicament.cat\\\/ca\\\/trasmed-patrocinara-tapalma-2023\"]}]},{\"@type\":\"ImageObject\",\"inLanguage\":\"ca-ES\",\"@id\":\"https:\\\/\\\/gastronomicament.cat\\\/ca\\\/trasmed-patrocinara-tapalma-2023#primaryimage\",\"url\":\"https:\\\/\\\/gastronomicament.cat\\\/wp-content\\\/uploads\\\/2023\\\/01\\\/Tapalma2022.jpg\",\"contentUrl\":\"https:\\\/\\\/gastronomicament.cat\\\/wp-content\\\/uploads\\\/2023\\\/01\\\/Tapalma2022.jpg\",\"width\":1284,\"height\":815},{\"@type\":\"WebSite\",\"@id\":\"https:\\\/\\\/gastronomicament.cat\\\/ca\\\/#website\",\"url\":\"https:\\\/\\\/gastronomicament.cat\\\/ca\\\/\",\"name\":\"Gastron\u00f2micament\",\"description\":\"Portal de restaurants, receptes i actualitat gastron\u00f2mica\",\"publisher\":{\"@id\":\"https:\\\/\\\/gastronomicament.cat\\\/ca\\\/#organization\"},\"potentialAction\":[{\"@type\":\"SearchAction\",\"target\":{\"@type\":\"EntryPoint\",\"urlTemplate\":\"https:\\\/\\\/gastronomicament.cat\\\/ca\\\/?s={search_term_string}\"},\"query-input\":{\"@type\":\"PropertyValueSpecification\",\"valueRequired\":true,\"valueName\":\"search_term_string\"}}],\"inLanguage\":\"ca-ES\"},{\"@type\":\"Organization\",\"@id\":\"https:\\\/\\\/gastronomicament.cat\\\/ca\\\/#organization\",\"name\":\"Gastron\u00f2micament\",\"url\":\"https:\\\/\\\/gastronomicament.cat\\\/ca\\\/\",\"logo\":{\"@type\":\"ImageObject\",\"inLanguage\":\"ca-ES\",\"@id\":\"https:\\\/\\\/gastronomicament.cat\\\/ca\\\/#\\\/schema\\\/logo\\\/image\\\/\",\"url\":\"https:\\\/\\\/gastronomicament.cat\\\/wp-content\\\/uploads\\\/2016\\\/09\\\/header-logo.jpg\",\"contentUrl\":\"https:\\\/\\\/gastronomicament.cat\\\/wp-content\\\/uploads\\\/2016\\\/09\\\/header-logo.jpg\",\"width\":277,\"height\":39,\"caption\":\"Gastron\u00f2micament\"},\"image\":{\"@id\":\"https:\\\/\\\/gastronomicament.cat\\\/ca\\\/#\\\/schema\\\/logo\\\/image\\\/\"},\"sameAs\":[\"https:\\\/\\\/x.com\\\/gastronomicamen\"]},{\"@type\":\"Person\",\"@id\":\"https:\\\/\\\/gastronomicament.cat\\\/ca\\\/#\\\/schema\\\/person\\\/a7c85c537a1ed62799a5b8e0f686a37f\",\"name\":\"Redacci\u00f3\",\"image\":{\"@type\":\"ImageObject\",\"inLanguage\":\"ca-ES\",\"@id\":\"https:\\\/\\\/secure.gravatar.com\\\/avatar\\\/9489a485c464fd611d33825daae651d13db70c4e74c65c94937a15a9d4c3ee14?s=96&d=mm&r=g69fea3cce3645dfa2166e7293e22955e\",\"url\":\"https:\\\/\\\/secure.gravatar.com\\\/avatar\\\/9489a485c464fd611d33825daae651d13db70c4e74c65c94937a15a9d4c3ee14?s=96&d=mm&r=g\",\"contentUrl\":\"https:\\\/\\\/secure.gravatar.com\\\/avatar\\\/9489a485c464fd611d33825daae651d13db70c4e74c65c94937a15a9d4c3ee14?s=96&d=mm&r=g\",\"caption\":\"Redacci\u00f3\"},\"sameAs\":[\"http:\\\/\\\/gastronomicament.cat\"],\"url\":\"https:\\\/\\\/gastronomicament.cat\\\/ca\\\/author\\\/admin\"}]}<\/script>\n<!-- \/ Yoast SEO plugin. -->","yoast_head_json":{"title":"Trasmed patrocinar\u00e0 TaPalma 2023 - Gastron\u00f2micament","description":"Trasmed patrocinar\u00e0 TaPalma 2023 Actualitat, Reportatges i novetats La cita gastron\u00f2mica es far\u00e0 el proper mes de novembre","robots":{"index":"index","follow":"follow","max-snippet":"max-snippet:-1","max-image-preview":"max-image-preview:large","max-video-preview":"max-video-preview:-1"},"canonical":"https:\/\/gastronomicament.cat\/ca\/trasmed-patrocinara-tapalma-2023","og_locale":"ca_ES","og_type":"article","og_title":"Trasmed patrocinar\u00e0 TaPalma 2023 - Gastron\u00f2micament","og_description":"Trasmed patrocinar\u00e0 TaPalma 2023 Actualitat, Reportatges i novetats La cita gastron\u00f2mica es far\u00e0 el proper mes de novembre","og_url":"https:\/\/gastronomicament.cat\/ca\/trasmed-patrocinara-tapalma-2023","og_site_name":"Gastron\u00f2micament","article_published_time":"2023-01-11T09:12:29+00:00","article_modified_time":"2023-01-11T09:21:13+00:00","og_image":[{"width":1284,"height":815,"url":"https:\/\/gastronomicament.cat\/wp-content\/uploads\/2023\/01\/Tapalma2022.jpg","type":"image\/jpeg"}],"author":"Redacci\u00f3","twitter_card":"summary_large_image","twitter_creator":"@gastronomicamen","twitter_site":"@gastronomicamen","twitter_misc":{"Written by":"Redacci\u00f3","Est. reading time":"2 minutes"},"schema":{"@context":"https:\/\/schema.org","@graph":[{"@type":"Article","@id":"https:\/\/gastronomicament.cat\/ca\/trasmed-patrocinara-tapalma-2023#article","isPartOf":{"@id":"https:\/\/gastronomicament.cat\/ca\/trasmed-patrocinara-tapalma-2023"},"author":{"name":"Redacci\u00f3","@id":"https:\/\/gastronomicament.cat\/ca\/#\/schema\/person\/a7c85c537a1ed62799a5b8e0f686a37f"},"headline":"Trasmed patrocinar\u00e0 TaPalma 2023","datePublished":"2023-01-11T09:12:29+00:00","dateModified":"2023-01-11T09:21:13+00:00","mainEntityOfPage":{"@id":"https:\/\/gastronomicament.cat\/ca\/trasmed-patrocinara-tapalma-2023"},"wordCount":300,"commentCount":0,"publisher":{"@id":"https:\/\/gastronomicament.cat\/ca\/#organization"},"image":{"@id":"https:\/\/gastronomicament.cat\/ca\/trasmed-patrocinara-tapalma-2023#primaryimage"},"thumbnailUrl":"https:\/\/gastronomicament.cat\/wp-content\/uploads\/2023\/01\/Tapalma2022.jpg","articleSection":["Actualitat","Reportatges i novetats"],"inLanguage":"ca-ES","potentialAction":[{"@type":"CommentAction","name":"Comment","target":["https:\/\/gastronomicament.cat\/ca\/trasmed-patrocinara-tapalma-2023#respond"]}]},{"@type":"WebPage","@id":"https:\/\/gastronomicament.cat\/ca\/trasmed-patrocinara-tapalma-2023","url":"https:\/\/gastronomicament.cat\/ca\/trasmed-patrocinara-tapalma-2023","name":"Trasmed patrocinar\u00e0 TaPalma 2023 - Gastron\u00f2micament","isPartOf":{"@id":"https:\/\/gastronomicament.cat\/ca\/#website"},"primaryImageOfPage":{"@id":"https:\/\/gastronomicament.cat\/ca\/trasmed-patrocinara-tapalma-2023#primaryimage"},"image":{"@id":"https:\/\/gastronomicament.cat\/ca\/trasmed-patrocinara-tapalma-2023#primaryimage"},"thumbnailUrl":"https:\/\/gastronomicament.cat\/wp-content\/uploads\/2023\/01\/Tapalma2022.jpg","datePublished":"2023-01-11T09:12:29+00:00","dateModified":"2023-01-11T09:21:13+00:00","description":"Trasmed patrocinar\u00e0 TaPalma 2023 Actualitat, Reportatges i novetats La cita gastron\u00f2mica es far\u00e0 el proper mes de novembre","inLanguage":"ca-ES","potentialAction":[{"@type":"ReadAction","target":["https:\/\/gastronomicament.cat\/ca\/trasmed-patrocinara-tapalma-2023"]}]},{"@type":"ImageObject","inLanguage":"ca-ES","@id":"https:\/\/gastronomicament.cat\/ca\/trasmed-patrocinara-tapalma-2023#primaryimage","url":"https:\/\/gastronomicament.cat\/wp-content\/uploads\/2023\/01\/Tapalma2022.jpg","contentUrl":"https:\/\/gastronomicament.cat\/wp-content\/uploads\/2023\/01\/Tapalma2022.jpg","width":1284,"height":815},{"@type":"WebSite","@id":"https:\/\/gastronomicament.cat\/ca\/#website","url":"https:\/\/gastronomicament.cat\/ca\/","name":"Gastron\u00f2micament","description":"Portal de restaurants, receptes i actualitat gastron\u00f2mica","publisher":{"@id":"https:\/\/gastronomicament.cat\/ca\/#organization"},"potentialAction":[{"@type":"SearchAction","target":{"@type":"EntryPoint","urlTemplate":"https:\/\/gastronomicament.cat\/ca\/?s={search_term_string}"},"query-input":{"@type":"PropertyValueSpecification","valueRequired":true,"valueName":"search_term_string"}}],"inLanguage":"ca-ES"},{"@type":"Organization","@id":"https:\/\/gastronomicament.cat\/ca\/#organization","name":"Gastron\u00f2micament","url":"https:\/\/gastronomicament.cat\/ca\/","logo":{"@type":"ImageObject","inLanguage":"ca-ES","@id":"https:\/\/gastronomicament.cat\/ca\/#\/schema\/logo\/image\/","url":"https:\/\/gastronomicament.cat\/wp-content\/uploads\/2016\/09\/header-logo.jpg","contentUrl":"https:\/\/gastronomicament.cat\/wp-content\/uploads\/2016\/09\/header-logo.jpg","width":277,"height":39,"caption":"Gastron\u00f2micament"},"image":{"@id":"https:\/\/gastronomicament.cat\/ca\/#\/schema\/logo\/image\/"},"sameAs":["https:\/\/x.com\/gastronomicamen"]},{"@type":"Person","@id":"https:\/\/gastronomicament.cat\/ca\/#\/schema\/person\/a7c85c537a1ed62799a5b8e0f686a37f","name":"Redacci\u00f3","image":{"@type":"ImageObject","inLanguage":"ca-ES","@id":"https:\/\/secure.gravatar.com\/avatar\/9489a485c464fd611d33825daae651d13db70c4e74c65c94937a15a9d4c3ee14?s=96&d=mm&r=g69fea3cce3645dfa2166e7293e22955e","url":"https:\/\/secure.gravatar.com\/avatar\/9489a485c464fd611d33825daae651d13db70c4e74c65c94937a15a9d4c3ee14?s=96&d=mm&r=g","contentUrl":"https:\/\/secure.gravatar.com\/avatar\/9489a485c464fd611d33825daae651d13db70c4e74c65c94937a15a9d4c3ee14?s=96&d=mm&r=g","caption":"Redacci\u00f3"},"sameAs":["http:\/\/gastronomicament.cat"],"url":"https:\/\/gastronomicament.cat\/ca\/author\/admin"}]}},"_links":{"self":[{"href":"https:\/\/gastronomicament.cat\/ca\/wp-json\/wp\/v2\/posts\/80384","targetHints":{"allow":["GET"]}}],"collection":[{"href":"https:\/\/gastronomicament.cat\/ca\/wp-json\/wp\/v2\/posts"}],"about":[{"href":"https:\/\/gastronomicament.cat\/ca\/wp-json\/wp\/v2\/types\/post"}],"author":[{"embeddable":true,"href":"https:\/\/gastronomicament.cat\/ca\/wp-json\/wp\/v2\/users\/1"}],"replies":[{"embeddable":true,"href":"https:\/\/gastronomicament.cat\/ca\/wp-json\/wp\/v2\/comments?post=80384"}],"version-history":[{"count":0,"href":"https:\/\/gastronomicament.cat\/ca\/wp-json\/wp\/v2\/posts\/80384\/revisions"}],"wp:featuredmedia":[{"embeddable":true,"href":"https:\/\/gastronomicament.cat\/ca\/wp-json\/wp\/v2\/media\/80405"}],"wp:attachment":[{"href":"https:\/\/gastronomicament.cat\/ca\/wp-json\/wp\/v2\/media?parent=80384"}],"wp:term":[{"taxonomy":"category","embeddable":true,"href":"https:\/\/gastronomicament.cat\/ca\/wp-json\/wp\/v2\/categories?post=80384"},{"taxonomy":"post_tag","embeddable":true,"href":"https:\/\/gastronomicament.cat\/ca\/wp-json\/wp\/v2\/tags?post=80384"},{"taxonomy":"author","embeddable":true,"href":"https:\/\/gastronomicament.cat\/ca\/wp-json\/wp\/v2\/coauthors?post=80384"}],"curies":[{"name":"wp","href":"https:\/\/api.w.org\/{rel}","templated":true}]}}