{"id":80955,"date":"2023-02-15T19:33:26","date_gmt":"2023-02-15T18:33:26","guid":{"rendered":"https:\/\/gastronomicament.cat\/?p=80955"},"modified":"2023-02-15T19:33:26","modified_gmt":"2023-02-15T18:33:26","slug":"la-mostra-de-cuina-mallorquina-2023-escalfa-motors","status":"publish","type":"post","link":"https:\/\/gastronomicament.cat\/ca\/la-mostra-de-cuina-mallorquina-2023-escalfa-motors","title":{"rendered":"La Mostra de Cuina Mallorquina 2023 escalfa motors"},"content":{"rendered":"<p>El celler Maci\u00e0 Batle va acollir la presentaci\u00f3 de la\u00a0<strong>Mostra de Cuina Mallorquina 2023<\/strong>, una cita que es far\u00e0\u00a0<strong>del 9 de mar\u00e7 al 2 d&#8217;abril<\/strong>\u00a0arreu de Mallorca.<\/p>\n<p>La Mostra de Cuina de Mallorca \u00e9s oberta a tots els restaurants, en funci\u00f3 de la ruta en la qual pertanyen. Durant els quatre dies que dura la Mostra (de dijous a diumenge),<strong>\u00a0els restaurants participants hauran d\u2019oferir per a l\u2019ocasi\u00f3<\/strong>:<\/p>\n<ul>\n<li>Un<strong>Men\u00fa Mostra\u00a0<\/strong>(a un preu fix de 25 \u20ac, IVA incl\u00f2s) que inclour\u00e0\u00a0un entrant, un plat principal, unes postres i beguda.<\/li>\n<li>Un\u00a0<strong>Men\u00fa Gastron\u00f2mic\u00a0<\/strong>(a preu i format lliure) que consistir\u00e0 en plats basats en producte local.<\/li>\n<\/ul>\n<p>La inscripci\u00f3 dels restaurants \u00e9s oberta fins al divendres anterior a la celebraci\u00f3 de la ruta i suposa una inversi\u00f3 de 70\u20ac (IVA incl\u00f2s).<\/p>\n<p>La Mostra de Cuina Mallorquina 2023 \u00e9s\u00a0<strong>organitzada\u00a0<\/strong>per\u00a0<strong>CAEB Restauraci\u00f3<\/strong>\u00a0i\u00a0<strong>Ag\u00e8ncia Com<\/strong>, i t\u00e9 el\u00a0<strong>suport\u00a0<\/strong>del\u00a0<strong>Consell de Mallorca<\/strong>, com tamb\u00e9\u00a0de MercaPalma, Destil\u00b7leries Antonio Nadal i Juvimar.<\/p>\n<p>Les quatre rutes previstes a la Mostra s\u00f3n:<\/p>\n<p><strong>Ruta Palma: del 9 al 12 de mar\u00e7<br \/>\n<\/strong>Inclou el terme municipal de la capital de les Illes Balears.<\/p>\n<p><strong>Ruta Serra i Nord: del 16 al 19 de mar\u00e7<br \/>\n<\/strong>Calvi\u00e0, Andratx, Estellencs, Puigpunyent, Banyalbufar, Escorca, Fornalutx, S\u00f3ller, Bunyola, Dei\u00e0, Valldemossa, Esporles, Pollen\u00e7a, Muro, Sa Pobla, Alc\u00fadia i Santa Margalida<\/p>\n<p><strong>Ruta Llevant i Migjorn: del 23 al 26 de mar\u00e7<br \/>\n<\/strong>Art\u00e0, Capdepera, Son Servera, Sant Lloren\u00e7, Manacor, Llucmajor, Campos, Ses Salines, Santany\u00ed i Felanitx<\/p>\n<p><strong>Ruta Pla i Raiguer: del 30 de mar\u00e7 al 2 d\u2019abril<br \/>\n<\/strong>Santa Eug\u00e8nia, Algaida, Sencelles, Montu\u00efri, Lloret, Costitx, Sant Joan, Porreres, Sineu, Llub\u00ed, Maria, Ariany, Petra, Vilafranca, Alar\u00f3, Binissalem, B\u00fager, Campanet, Consell, Lloseta, Inca, Mancor de la Vall, Marratx\u00ed, Santa Maria del Cam\u00ed i Selva.<\/p>\n<p>Aviat podreu consultar la llista de restaurants que hi participen a:\u00a0<a href=\"https:\/\/mostradecuinademallorca.com\/rutas-y-restaurantes\/\" target=\"_blank\" rel=\"nofollow noopener\">https:\/\/mostradecuinademallorca.com\/rutas-y-restaurantes\/<\/a><\/p>\n","protected":false},"excerpt":{"rendered":"<p>Se celebrar\u00e0 del 9 de mar\u00e7 al 2 d&#8217;abril<\/p>\n","protected":false},"author":1,"featured_media":80956,"comment_status":"open","ping_status":"closed","sticky":false,"template":"","format":"standard","meta":{"_acf_changed":false,"_swt_meta_header_display":false,"_swt_meta_footer_display":false,"_swt_meta_site_title_display":false,"_swt_meta_sticky_header":false,"_swt_meta_transparent_header":false,"footnotes":""},"categories":[692,954],"tags":[],"coauthors":[2053],"class_list":["post-80955","post","type-post","status-publish","format-standard","has-post-thumbnail","hentry","category-actualitat","category-fires-i-rutes"],"acf":{"gallery":null,"home_date":{"home_begin_date":null,"home_end_date":null}},"yoast_head":"<!-- This site is optimized with the Yoast SEO plugin v27.4 - https:\/\/yoast.com\/product\/yoast-seo-wordpress\/ -->\n<title>La Mostra de Cuina Mallorquina 2023 escalfa motors - Gastron\u00f2micament<\/title>\n<meta name=\"description\" content=\"La Mostra de Cuina Mallorquina 2023 escalfa motors Actualitat, Fires i rutes Se celebrar\u00e0 del 9 de mar\u00e7 al 2 d&#039;abril\" \/>\n<meta name=\"robots\" content=\"index, follow, max-snippet:-1, max-image-preview:large, max-video-preview:-1\" \/>\n<link rel=\"canonical\" href=\"https:\/\/gastronomicament.cat\/ca\/la-mostra-de-cuina-mallorquina-2023-escalfa-motors\" \/>\n<meta property=\"og:locale\" content=\"ca_ES\" \/>\n<meta property=\"og:type\" content=\"article\" \/>\n<meta property=\"og:title\" content=\"La Mostra de Cuina Mallorquina 2023 escalfa motors - Gastron\u00f2micament\" \/>\n<meta property=\"og:description\" content=\"La Mostra de Cuina Mallorquina 2023 escalfa motors Actualitat, Fires i rutes Se celebrar\u00e0 del 9 de mar\u00e7 al 2 d&#039;abril\" \/>\n<meta property=\"og:url\" content=\"https:\/\/gastronomicament.cat\/ca\/la-mostra-de-cuina-mallorquina-2023-escalfa-motors\" \/>\n<meta property=\"og:site_name\" content=\"Gastron\u00f2micament\" \/>\n<meta property=\"article:published_time\" content=\"2023-02-15T18:33:26+00:00\" \/>\n<meta property=\"og:image\" content=\"https:\/\/gastronomicament.cat\/wp-content\/uploads\/2023\/02\/Presentacio-Mostra-de-Cuina-Mallorca-2023.jpg\" \/>\n\t<meta property=\"og:image:width\" content=\"1200\" \/>\n\t<meta property=\"og:image:height\" content=\"909\" \/>\n\t<meta property=\"og:image:type\" content=\"image\/jpeg\" \/>\n<meta name=\"author\" content=\"Redacci\u00f3\" \/>\n<meta name=\"twitter:card\" content=\"summary_large_image\" \/>\n<meta name=\"twitter:creator\" content=\"@gastronomicamen\" \/>\n<meta name=\"twitter:site\" content=\"@gastronomicamen\" \/>\n<meta name=\"twitter:label1\" content=\"Written by\" \/>\n\t<meta name=\"twitter:data1\" content=\"Redacci\u00f3\" \/>\n\t<meta name=\"twitter:label2\" content=\"Est. reading time\" \/>\n\t<meta name=\"twitter:data2\" content=\"2 minutes\" \/>\n<script type=\"application\/ld+json\" class=\"yoast-schema-graph\">{\"@context\":\"https:\\\/\\\/schema.org\",\"@graph\":[{\"@type\":\"Article\",\"@id\":\"https:\\\/\\\/gastronomicament.cat\\\/ca\\\/la-mostra-de-cuina-mallorquina-2023-escalfa-motors#article\",\"isPartOf\":{\"@id\":\"https:\\\/\\\/gastronomicament.cat\\\/ca\\\/la-mostra-de-cuina-mallorquina-2023-escalfa-motors\"},\"author\":{\"name\":\"Redacci\u00f3\",\"@id\":\"https:\\\/\\\/gastronomicament.cat\\\/ca\\\/#\\\/schema\\\/person\\\/a7c85c537a1ed62799a5b8e0f686a37f\"},\"headline\":\"La Mostra de Cuina Mallorquina 2023 escalfa motors\",\"datePublished\":\"2023-02-15T18:33:26+00:00\",\"mainEntityOfPage\":{\"@id\":\"https:\\\/\\\/gastronomicament.cat\\\/ca\\\/la-mostra-de-cuina-mallorquina-2023-escalfa-motors\"},\"wordCount\":312,\"commentCount\":0,\"publisher\":{\"@id\":\"https:\\\/\\\/gastronomicament.cat\\\/ca\\\/#organization\"},\"image\":{\"@id\":\"https:\\\/\\\/gastronomicament.cat\\\/ca\\\/la-mostra-de-cuina-mallorquina-2023-escalfa-motors#primaryimage\"},\"thumbnailUrl\":\"https:\\\/\\\/gastronomicament.cat\\\/wp-content\\\/uploads\\\/2023\\\/02\\\/Presentacio-Mostra-de-Cuina-Mallorca-2023.jpg\",\"articleSection\":[\"Actualitat\",\"Fires i rutes\"],\"inLanguage\":\"ca-ES\",\"potentialAction\":[{\"@type\":\"CommentAction\",\"name\":\"Comment\",\"target\":[\"https:\\\/\\\/gastronomicament.cat\\\/ca\\\/la-mostra-de-cuina-mallorquina-2023-escalfa-motors#respond\"]}]},{\"@type\":\"WebPage\",\"@id\":\"https:\\\/\\\/gastronomicament.cat\\\/ca\\\/la-mostra-de-cuina-mallorquina-2023-escalfa-motors\",\"url\":\"https:\\\/\\\/gastronomicament.cat\\\/ca\\\/la-mostra-de-cuina-mallorquina-2023-escalfa-motors\",\"name\":\"La Mostra de Cuina Mallorquina 2023 escalfa motors - Gastron\u00f2micament\",\"isPartOf\":{\"@id\":\"https:\\\/\\\/gastronomicament.cat\\\/ca\\\/#website\"},\"primaryImageOfPage\":{\"@id\":\"https:\\\/\\\/gastronomicament.cat\\\/ca\\\/la-mostra-de-cuina-mallorquina-2023-escalfa-motors#primaryimage\"},\"image\":{\"@id\":\"https:\\\/\\\/gastronomicament.cat\\\/ca\\\/la-mostra-de-cuina-mallorquina-2023-escalfa-motors#primaryimage\"},\"thumbnailUrl\":\"https:\\\/\\\/gastronomicament.cat\\\/wp-content\\\/uploads\\\/2023\\\/02\\\/Presentacio-Mostra-de-Cuina-Mallorca-2023.jpg\",\"datePublished\":\"2023-02-15T18:33:26+00:00\",\"description\":\"La Mostra de Cuina Mallorquina 2023 escalfa motors Actualitat, Fires i rutes Se celebrar\u00e0 del 9 de mar\u00e7 al 2 d'abril\",\"inLanguage\":\"ca-ES\",\"potentialAction\":[{\"@type\":\"ReadAction\",\"target\":[\"https:\\\/\\\/gastronomicament.cat\\\/ca\\\/la-mostra-de-cuina-mallorquina-2023-escalfa-motors\"]}]},{\"@type\":\"ImageObject\",\"inLanguage\":\"ca-ES\",\"@id\":\"https:\\\/\\\/gastronomicament.cat\\\/ca\\\/la-mostra-de-cuina-mallorquina-2023-escalfa-motors#primaryimage\",\"url\":\"https:\\\/\\\/gastronomicament.cat\\\/wp-content\\\/uploads\\\/2023\\\/02\\\/Presentacio-Mostra-de-Cuina-Mallorca-2023.jpg\",\"contentUrl\":\"https:\\\/\\\/gastronomicament.cat\\\/wp-content\\\/uploads\\\/2023\\\/02\\\/Presentacio-Mostra-de-Cuina-Mallorca-2023.jpg\",\"width\":1200,\"height\":909},{\"@type\":\"WebSite\",\"@id\":\"https:\\\/\\\/gastronomicament.cat\\\/ca\\\/#website\",\"url\":\"https:\\\/\\\/gastronomicament.cat\\\/ca\\\/\",\"name\":\"Gastron\u00f2micament\",\"description\":\"Portal de restaurants, receptes i actualitat gastron\u00f2mica\",\"publisher\":{\"@id\":\"https:\\\/\\\/gastronomicament.cat\\\/ca\\\/#organization\"},\"potentialAction\":[{\"@type\":\"SearchAction\",\"target\":{\"@type\":\"EntryPoint\",\"urlTemplate\":\"https:\\\/\\\/gastronomicament.cat\\\/ca\\\/?s={search_term_string}\"},\"query-input\":{\"@type\":\"PropertyValueSpecification\",\"valueRequired\":true,\"valueName\":\"search_term_string\"}}],\"inLanguage\":\"ca-ES\"},{\"@type\":\"Organization\",\"@id\":\"https:\\\/\\\/gastronomicament.cat\\\/ca\\\/#organization\",\"name\":\"Gastron\u00f2micament\",\"url\":\"https:\\\/\\\/gastronomicament.cat\\\/ca\\\/\",\"logo\":{\"@type\":\"ImageObject\",\"inLanguage\":\"ca-ES\",\"@id\":\"https:\\\/\\\/gastronomicament.cat\\\/ca\\\/#\\\/schema\\\/logo\\\/image\\\/\",\"url\":\"https:\\\/\\\/gastronomicament.cat\\\/wp-content\\\/uploads\\\/2016\\\/09\\\/header-logo.jpg\",\"contentUrl\":\"https:\\\/\\\/gastronomicament.cat\\\/wp-content\\\/uploads\\\/2016\\\/09\\\/header-logo.jpg\",\"width\":277,\"height\":39,\"caption\":\"Gastron\u00f2micament\"},\"image\":{\"@id\":\"https:\\\/\\\/gastronomicament.cat\\\/ca\\\/#\\\/schema\\\/logo\\\/image\\\/\"},\"sameAs\":[\"https:\\\/\\\/x.com\\\/gastronomicamen\"]},{\"@type\":\"Person\",\"@id\":\"https:\\\/\\\/gastronomicament.cat\\\/ca\\\/#\\\/schema\\\/person\\\/a7c85c537a1ed62799a5b8e0f686a37f\",\"name\":\"Redacci\u00f3\",\"image\":{\"@type\":\"ImageObject\",\"inLanguage\":\"ca-ES\",\"@id\":\"https:\\\/\\\/secure.gravatar.com\\\/avatar\\\/9489a485c464fd611d33825daae651d13db70c4e74c65c94937a15a9d4c3ee14?s=96&d=mm&r=g69fea3cce3645dfa2166e7293e22955e\",\"url\":\"https:\\\/\\\/secure.gravatar.com\\\/avatar\\\/9489a485c464fd611d33825daae651d13db70c4e74c65c94937a15a9d4c3ee14?s=96&d=mm&r=g\",\"contentUrl\":\"https:\\\/\\\/secure.gravatar.com\\\/avatar\\\/9489a485c464fd611d33825daae651d13db70c4e74c65c94937a15a9d4c3ee14?s=96&d=mm&r=g\",\"caption\":\"Redacci\u00f3\"},\"sameAs\":[\"http:\\\/\\\/gastronomicament.cat\"],\"url\":\"https:\\\/\\\/gastronomicament.cat\\\/ca\\\/author\\\/admin\"}]}<\/script>\n<!-- \/ Yoast SEO plugin. -->","yoast_head_json":{"title":"La Mostra de Cuina Mallorquina 2023 escalfa motors - Gastron\u00f2micament","description":"La Mostra de Cuina Mallorquina 2023 escalfa motors Actualitat, Fires i rutes Se celebrar\u00e0 del 9 de mar\u00e7 al 2 d'abril","robots":{"index":"index","follow":"follow","max-snippet":"max-snippet:-1","max-image-preview":"max-image-preview:large","max-video-preview":"max-video-preview:-1"},"canonical":"https:\/\/gastronomicament.cat\/ca\/la-mostra-de-cuina-mallorquina-2023-escalfa-motors","og_locale":"ca_ES","og_type":"article","og_title":"La Mostra de Cuina Mallorquina 2023 escalfa motors - Gastron\u00f2micament","og_description":"La Mostra de Cuina Mallorquina 2023 escalfa motors Actualitat, Fires i rutes Se celebrar\u00e0 del 9 de mar\u00e7 al 2 d'abril","og_url":"https:\/\/gastronomicament.cat\/ca\/la-mostra-de-cuina-mallorquina-2023-escalfa-motors","og_site_name":"Gastron\u00f2micament","article_published_time":"2023-02-15T18:33:26+00:00","og_image":[{"width":1200,"height":909,"url":"https:\/\/gastronomicament.cat\/wp-content\/uploads\/2023\/02\/Presentacio-Mostra-de-Cuina-Mallorca-2023.jpg","type":"image\/jpeg"}],"author":"Redacci\u00f3","twitter_card":"summary_large_image","twitter_creator":"@gastronomicamen","twitter_site":"@gastronomicamen","twitter_misc":{"Written by":"Redacci\u00f3","Est. reading time":"2 minutes"},"schema":{"@context":"https:\/\/schema.org","@graph":[{"@type":"Article","@id":"https:\/\/gastronomicament.cat\/ca\/la-mostra-de-cuina-mallorquina-2023-escalfa-motors#article","isPartOf":{"@id":"https:\/\/gastronomicament.cat\/ca\/la-mostra-de-cuina-mallorquina-2023-escalfa-motors"},"author":{"name":"Redacci\u00f3","@id":"https:\/\/gastronomicament.cat\/ca\/#\/schema\/person\/a7c85c537a1ed62799a5b8e0f686a37f"},"headline":"La Mostra de Cuina Mallorquina 2023 escalfa motors","datePublished":"2023-02-15T18:33:26+00:00","mainEntityOfPage":{"@id":"https:\/\/gastronomicament.cat\/ca\/la-mostra-de-cuina-mallorquina-2023-escalfa-motors"},"wordCount":312,"commentCount":0,"publisher":{"@id":"https:\/\/gastronomicament.cat\/ca\/#organization"},"image":{"@id":"https:\/\/gastronomicament.cat\/ca\/la-mostra-de-cuina-mallorquina-2023-escalfa-motors#primaryimage"},"thumbnailUrl":"https:\/\/gastronomicament.cat\/wp-content\/uploads\/2023\/02\/Presentacio-Mostra-de-Cuina-Mallorca-2023.jpg","articleSection":["Actualitat","Fires i rutes"],"inLanguage":"ca-ES","potentialAction":[{"@type":"CommentAction","name":"Comment","target":["https:\/\/gastronomicament.cat\/ca\/la-mostra-de-cuina-mallorquina-2023-escalfa-motors#respond"]}]},{"@type":"WebPage","@id":"https:\/\/gastronomicament.cat\/ca\/la-mostra-de-cuina-mallorquina-2023-escalfa-motors","url":"https:\/\/gastronomicament.cat\/ca\/la-mostra-de-cuina-mallorquina-2023-escalfa-motors","name":"La Mostra de Cuina Mallorquina 2023 escalfa motors - Gastron\u00f2micament","isPartOf":{"@id":"https:\/\/gastronomicament.cat\/ca\/#website"},"primaryImageOfPage":{"@id":"https:\/\/gastronomicament.cat\/ca\/la-mostra-de-cuina-mallorquina-2023-escalfa-motors#primaryimage"},"image":{"@id":"https:\/\/gastronomicament.cat\/ca\/la-mostra-de-cuina-mallorquina-2023-escalfa-motors#primaryimage"},"thumbnailUrl":"https:\/\/gastronomicament.cat\/wp-content\/uploads\/2023\/02\/Presentacio-Mostra-de-Cuina-Mallorca-2023.jpg","datePublished":"2023-02-15T18:33:26+00:00","description":"La Mostra de Cuina Mallorquina 2023 escalfa motors Actualitat, Fires i rutes Se celebrar\u00e0 del 9 de mar\u00e7 al 2 d'abril","inLanguage":"ca-ES","potentialAction":[{"@type":"ReadAction","target":["https:\/\/gastronomicament.cat\/ca\/la-mostra-de-cuina-mallorquina-2023-escalfa-motors"]}]},{"@type":"ImageObject","inLanguage":"ca-ES","@id":"https:\/\/gastronomicament.cat\/ca\/la-mostra-de-cuina-mallorquina-2023-escalfa-motors#primaryimage","url":"https:\/\/gastronomicament.cat\/wp-content\/uploads\/2023\/02\/Presentacio-Mostra-de-Cuina-Mallorca-2023.jpg","contentUrl":"https:\/\/gastronomicament.cat\/wp-content\/uploads\/2023\/02\/Presentacio-Mostra-de-Cuina-Mallorca-2023.jpg","width":1200,"height":909},{"@type":"WebSite","@id":"https:\/\/gastronomicament.cat\/ca\/#website","url":"https:\/\/gastronomicament.cat\/ca\/","name":"Gastron\u00f2micament","description":"Portal de restaurants, receptes i actualitat gastron\u00f2mica","publisher":{"@id":"https:\/\/gastronomicament.cat\/ca\/#organization"},"potentialAction":[{"@type":"SearchAction","target":{"@type":"EntryPoint","urlTemplate":"https:\/\/gastronomicament.cat\/ca\/?s={search_term_string}"},"query-input":{"@type":"PropertyValueSpecification","valueRequired":true,"valueName":"search_term_string"}}],"inLanguage":"ca-ES"},{"@type":"Organization","@id":"https:\/\/gastronomicament.cat\/ca\/#organization","name":"Gastron\u00f2micament","url":"https:\/\/gastronomicament.cat\/ca\/","logo":{"@type":"ImageObject","inLanguage":"ca-ES","@id":"https:\/\/gastronomicament.cat\/ca\/#\/schema\/logo\/image\/","url":"https:\/\/gastronomicament.cat\/wp-content\/uploads\/2016\/09\/header-logo.jpg","contentUrl":"https:\/\/gastronomicament.cat\/wp-content\/uploads\/2016\/09\/header-logo.jpg","width":277,"height":39,"caption":"Gastron\u00f2micament"},"image":{"@id":"https:\/\/gastronomicament.cat\/ca\/#\/schema\/logo\/image\/"},"sameAs":["https:\/\/x.com\/gastronomicamen"]},{"@type":"Person","@id":"https:\/\/gastronomicament.cat\/ca\/#\/schema\/person\/a7c85c537a1ed62799a5b8e0f686a37f","name":"Redacci\u00f3","image":{"@type":"ImageObject","inLanguage":"ca-ES","@id":"https:\/\/secure.gravatar.com\/avatar\/9489a485c464fd611d33825daae651d13db70c4e74c65c94937a15a9d4c3ee14?s=96&d=mm&r=g69fea3cce3645dfa2166e7293e22955e","url":"https:\/\/secure.gravatar.com\/avatar\/9489a485c464fd611d33825daae651d13db70c4e74c65c94937a15a9d4c3ee14?s=96&d=mm&r=g","contentUrl":"https:\/\/secure.gravatar.com\/avatar\/9489a485c464fd611d33825daae651d13db70c4e74c65c94937a15a9d4c3ee14?s=96&d=mm&r=g","caption":"Redacci\u00f3"},"sameAs":["http:\/\/gastronomicament.cat"],"url":"https:\/\/gastronomicament.cat\/ca\/author\/admin"}]}},"_links":{"self":[{"href":"https:\/\/gastronomicament.cat\/ca\/wp-json\/wp\/v2\/posts\/80955","targetHints":{"allow":["GET"]}}],"collection":[{"href":"https:\/\/gastronomicament.cat\/ca\/wp-json\/wp\/v2\/posts"}],"about":[{"href":"https:\/\/gastronomicament.cat\/ca\/wp-json\/wp\/v2\/types\/post"}],"author":[{"embeddable":true,"href":"https:\/\/gastronomicament.cat\/ca\/wp-json\/wp\/v2\/users\/1"}],"replies":[{"embeddable":true,"href":"https:\/\/gastronomicament.cat\/ca\/wp-json\/wp\/v2\/comments?post=80955"}],"version-history":[{"count":0,"href":"https:\/\/gastronomicament.cat\/ca\/wp-json\/wp\/v2\/posts\/80955\/revisions"}],"wp:featuredmedia":[{"embeddable":true,"href":"https:\/\/gastronomicament.cat\/ca\/wp-json\/wp\/v2\/media\/80956"}],"wp:attachment":[{"href":"https:\/\/gastronomicament.cat\/ca\/wp-json\/wp\/v2\/media?parent=80955"}],"wp:term":[{"taxonomy":"category","embeddable":true,"href":"https:\/\/gastronomicament.cat\/ca\/wp-json\/wp\/v2\/categories?post=80955"},{"taxonomy":"post_tag","embeddable":true,"href":"https:\/\/gastronomicament.cat\/ca\/wp-json\/wp\/v2\/tags?post=80955"},{"taxonomy":"author","embeddable":true,"href":"https:\/\/gastronomicament.cat\/ca\/wp-json\/wp\/v2\/coauthors?post=80955"}],"curies":[{"name":"wp","href":"https:\/\/api.w.org\/{rel}","templated":true}]}}