{"id":81439,"date":"2023-03-15T15:07:02","date_gmt":"2023-03-15T14:07:02","guid":{"rendered":"https:\/\/gastronomicament.cat\/?p=81439"},"modified":"2023-03-15T15:08:03","modified_gmt":"2023-03-15T14:08:03","slug":"coneix-els-restaurants-de-la-ruta-serra-i-nord-de-la-mostra-de-cuina-de-mallorca","status":"publish","type":"post","link":"https:\/\/gastronomicament.cat\/ca\/coneix-els-restaurants-de-la-ruta-serra-i-nord-de-la-mostra-de-cuina-de-mallorca","title":{"rendered":"Coneix els restaurants de la  Ruta Serra i Nord de la Mostra de Cuina de Mallorca"},"content":{"rendered":"<p>L&#8217;Ajuntament de Pollen\u00e7a ha acollit la presentaci\u00f3 de la\u00a0<strong>Ruta Serra i Nord\u00a0<\/strong>de la\u00a0<strong>Mostra de Cuina de Mallorca,<\/strong>\u00a0presentada aquest dilluns 13 de mar\u00e7.<\/p>\n<p>Aquesta segona etapa, tendr\u00e0 la participaci\u00f3 de\u00a0<strong>49 restaurants<\/strong>\u00a0que oferiran men\u00fas especials\u00a0<strong>del dijous 16 al diumenge 19 de mar\u00e7<\/strong>.<\/p>\n<p>La Mostra de Cuina de Mallorca \u00e9s un projecte de Restauraci\u00f3 Mallorca CAEB que consisteix en la confecci\u00f3 de quatre rutes gastron\u00f2miques per diverses zones de l&#8217;illa de Mallorca, per promocionar el sector de la restauraci\u00f3 i el consum de productes locals.<\/p>\n<p>A m\u00e9s, en aquesta ruta compta amb el patrocini de l&#8217;Ajuntament de Pollen\u00e7a i amb la col\u00b7laboraci\u00f3 dels ajuntaments d&#8217;Estellencs, Banyalbufar, S\u00f3ller, Bunyola, Esporles i Muro.<\/p>\n<p>El batle de Pollen\u00e7a, Andr\u00e9s Nevado, ha declarat que &#8220;estem encantats de ser la capital de la segona ruta de la Mostra de Cuina de Mallorca i destacar que vuit dels 49 restaurants que participen en aquesta ruta s\u00f3n de Pollen\u00e7a, la qual cosa \u00e9s molt positiva per donar un impuls als restaurants en aquest inici de temporada&#8221;.<\/p>\n<p>Tamb\u00e9 ha parlat el regidor de Comer\u00e7 de l&#8217;Ajuntament de Pollen\u00e7a, Miquel Llobeta, qui ha destacat que &#8220;\u00e9s una iniciativa que hem volgut donar suport, ja que \u00e9s molt interessat per promocionar el producte de quil\u00f2metre zero i tamb\u00e9 per promocionar el sector de la restauraci\u00f3 en temporada baixa, i donar a con\u00e8ixer la gastronomia local&#8221;.<\/p>\n<p>Per la seva banda, el director de la Fundaci\u00f3 Mallorca Turisme, Miquel Pastor, ha explicat que &#8220;per segon any consecutiu mostrem el nostre suport en aquest tipus d&#8217;iniciatives, que enguany s&#8217;ha duit a terme en temporada baixa, i tamb\u00e9 donar a con\u00e8ixer tant a visitants com a residents els restaurants que hi participen i els diferents municipis de l&#8217;illa&#8221;.<\/p>\n<p>Finalment, president de Restauraci\u00f3 Mallorca Caeb, Alfonso Robledo ha remarcat que &#8220;la ruta de Palma ha estat un \u00e8xit i ara presentam aquesta segona etapa amb un total de 49 restaurants inscrits, per la qual cosa esperam que tamb\u00e9 sigui tot un \u00e8xit i convidam tothom que visiti els restaurants que hi participen i que coneguin la nostra gastronomia i el producte local&#8221;.<\/p>\n<p>Els <strong>49 restaurants \u00a0de la Ruta Serra i Nord<\/strong>\u00a0s\u00f3n: Antic Es Garrig\u00f3 (Bunyola), Bar Nou (Pollen\u00e7a), Bar Restaurant Sa Fona (Sa Pobla), Boet Gastrobar (Sa Pobla), Bugambilia Street (Andratx), Ca&#8217;l Bisbe (S\u00f3ller), Ca&#8217;n Pantina (Alc\u00fadia), Can Polit (Alc\u00fadia), Can Toni Moreno (Banyalbufar), Cas Cotxer (Sa Pobla), Celler La Parra (Port de Pollen\u00e7a), Club Pollen\u00e7a (Pollen\u00e7a), Dos Kanallas by Tothom (Port de Pollen\u00e7a), E-Cosi Brases (Sa Pobla), Es Brollador (Esporles), Es Forn des Casino (Banyalbufar), Espai 34 (Muro), Eu Monument (Pollen\u00e7a), Gaikan by Fusi\u00f3n19 (Platges de Muro), Honoris Fusi\u00f3n (Bunyola), Intensiu (Muro), Junior&#8217;s Caf\u00e9 (Santa Margalida), La Braseria (Pollen\u00e7a), La Caba\u00f1a (Port d&#8217;Alc\u00fadia), La Merceria (Pollen\u00e7a), Marisco Restaurante (Ca&#8217;n Picafort), Mes\u00f3n del Rey (Santa Pon\u00e7a), Mes\u00f3n Son Caliu (Palmanova), Mes\u00f3n Son Ferrer (Calvi\u00e0), Montimar (Estellencs), Petit San Remo (Ca&#8217;n Picafort), Pizzer\u00eda Vivaldi (Andratx), Restaurant Ca&#8217;n Boqueta (S\u00f3ller), Restaurant El Cruce (Palmanova), Restaurant Sa Llenya (Port d&#8217;Alc\u00fadia), Restaurante Bruno (Calanova), Restaurante Ciro&#8217;s (Palmanova), Restaurante Quay (Esporles), Restaurante Sa Fonda (Muro), Restaurante Can Llu\u00eds (S\u00f3ller), S&#8217;Arcada (Muro), Sa Figuera (Port de S\u00f3ller), Sa Granja (Santa Margalida), Sa Mossegada (Alc\u00fadia), Sa Picada (Sa Pobla), Sa Tanca (Estellencs), San Remo Beach (Ca&#8217;n Picafort), Son Moro (Muro) i Tolo&#8217;s (Port de Pollen\u00e7a).<\/p>\n<p>Podeu consultar-ne els men\u00fas a\u00a0<a href=\"https:\/\/mostradecuinademallorca.com\/rutas-y-restaurantes\/\" target=\"_blank\" rel=\"noopener nofollow\">https:\/\/mostradecuinademallorca.com\/<\/a><\/p>\n","protected":false},"excerpt":{"rendered":"<p>Podeu consultar tots els restaurants que hi participen del 16 al 19 de mar\u00e7<\/p>\n","protected":false},"author":1,"featured_media":81441,"comment_status":"open","ping_status":"closed","sticky":false,"template":"","format":"standard","meta":{"_acf_changed":false,"_swt_meta_header_display":false,"_swt_meta_footer_display":false,"_swt_meta_site_title_display":false,"_swt_meta_sticky_header":false,"_swt_meta_transparent_header":false,"footnotes":""},"categories":[692,954],"tags":[],"coauthors":[2053],"class_list":["post-81439","post","type-post","status-publish","format-standard","has-post-thumbnail","hentry","category-actualitat","category-fires-i-rutes"],"acf":{"gallery":null,"home_date":{"home_begin_date":null,"home_end_date":null}},"yoast_head":"<!-- This site is optimized with the Yoast SEO plugin v27.4 - https:\/\/yoast.com\/product\/yoast-seo-wordpress\/ -->\n<title>Coneix els restaurants de la Ruta Serra i Nord de la Mostra de Cuina de Mallorca - Gastron\u00f2micament<\/title>\n<meta name=\"description\" content=\"Coneix els restaurants de la Ruta Serra i Nord de la Mostra de Cuina de Mallorca Actualitat, Fires i rutes Podeu consultar tots els restaurants que hi participen del 16 al 19 de mar\u00e7\" \/>\n<meta name=\"robots\" content=\"index, follow, max-snippet:-1, max-image-preview:large, max-video-preview:-1\" \/>\n<link rel=\"canonical\" href=\"https:\/\/gastronomicament.cat\/ca\/coneix-els-restaurants-de-la-ruta-serra-i-nord-de-la-mostra-de-cuina-de-mallorca\" \/>\n<meta property=\"og:locale\" content=\"ca_ES\" \/>\n<meta property=\"og:type\" content=\"article\" \/>\n<meta property=\"og:title\" content=\"Coneix els restaurants de la Ruta Serra i Nord de la Mostra de Cuina de Mallorca - Gastron\u00f2micament\" \/>\n<meta property=\"og:description\" content=\"Coneix els restaurants de la Ruta Serra i Nord de la Mostra de Cuina de Mallorca Actualitat, Fires i rutes Podeu consultar tots els restaurants que hi participen del 16 al 19 de mar\u00e7\" \/>\n<meta property=\"og:url\" content=\"https:\/\/gastronomicament.cat\/ca\/coneix-els-restaurants-de-la-ruta-serra-i-nord-de-la-mostra-de-cuina-de-mallorca\" \/>\n<meta property=\"og:site_name\" content=\"Gastron\u00f2micament\" \/>\n<meta property=\"article:published_time\" content=\"2023-03-15T14:07:02+00:00\" \/>\n<meta property=\"article:modified_time\" content=\"2023-03-15T14:08:03+00:00\" \/>\n<meta property=\"og:image\" content=\"https:\/\/gastronomicament.cat\/wp-content\/uploads\/2023\/03\/Presentacio-Ruta-Serra-i-Nord-Mostra-Cuina-de-Mallorca-2023.jpg\" \/>\n\t<meta property=\"og:image:width\" content=\"2048\" \/>\n\t<meta property=\"og:image:height\" content=\"1536\" \/>\n\t<meta property=\"og:image:type\" content=\"image\/jpeg\" \/>\n<meta name=\"author\" content=\"Redacci\u00f3\" \/>\n<meta name=\"twitter:card\" content=\"summary_large_image\" \/>\n<meta name=\"twitter:creator\" content=\"@gastronomicamen\" \/>\n<meta name=\"twitter:site\" content=\"@gastronomicamen\" \/>\n<meta name=\"twitter:label1\" content=\"Written by\" \/>\n\t<meta name=\"twitter:data1\" content=\"Redacci\u00f3\" \/>\n\t<meta name=\"twitter:label2\" content=\"Est. reading time\" \/>\n\t<meta name=\"twitter:data2\" content=\"4 minutes\" \/>\n<script type=\"application\/ld+json\" class=\"yoast-schema-graph\">{\"@context\":\"https:\\\/\\\/schema.org\",\"@graph\":[{\"@type\":\"Article\",\"@id\":\"https:\\\/\\\/gastronomicament.cat\\\/ca\\\/coneix-els-restaurants-de-la-ruta-serra-i-nord-de-la-mostra-de-cuina-de-mallorca#article\",\"isPartOf\":{\"@id\":\"https:\\\/\\\/gastronomicament.cat\\\/ca\\\/coneix-els-restaurants-de-la-ruta-serra-i-nord-de-la-mostra-de-cuina-de-mallorca\"},\"author\":{\"name\":\"Redacci\u00f3\",\"@id\":\"https:\\\/\\\/gastronomicament.cat\\\/ca\\\/#\\\/schema\\\/person\\\/a7c85c537a1ed62799a5b8e0f686a37f\"},\"headline\":\"Coneix els restaurants de la Ruta Serra i Nord de la Mostra de Cuina de Mallorca\",\"datePublished\":\"2023-03-15T14:07:02+00:00\",\"dateModified\":\"2023-03-15T14:08:03+00:00\",\"mainEntityOfPage\":{\"@id\":\"https:\\\/\\\/gastronomicament.cat\\\/ca\\\/coneix-els-restaurants-de-la-ruta-serra-i-nord-de-la-mostra-de-cuina-de-mallorca\"},\"wordCount\":608,\"commentCount\":0,\"publisher\":{\"@id\":\"https:\\\/\\\/gastronomicament.cat\\\/ca\\\/#organization\"},\"image\":{\"@id\":\"https:\\\/\\\/gastronomicament.cat\\\/ca\\\/coneix-els-restaurants-de-la-ruta-serra-i-nord-de-la-mostra-de-cuina-de-mallorca#primaryimage\"},\"thumbnailUrl\":\"https:\\\/\\\/gastronomicament.cat\\\/wp-content\\\/uploads\\\/2023\\\/03\\\/Presentacio-Ruta-Serra-i-Nord-Mostra-Cuina-de-Mallorca-2023.jpg\",\"articleSection\":[\"Actualitat\",\"Fires i rutes\"],\"inLanguage\":\"ca-ES\",\"potentialAction\":[{\"@type\":\"CommentAction\",\"name\":\"Comment\",\"target\":[\"https:\\\/\\\/gastronomicament.cat\\\/ca\\\/coneix-els-restaurants-de-la-ruta-serra-i-nord-de-la-mostra-de-cuina-de-mallorca#respond\"]}]},{\"@type\":\"WebPage\",\"@id\":\"https:\\\/\\\/gastronomicament.cat\\\/ca\\\/coneix-els-restaurants-de-la-ruta-serra-i-nord-de-la-mostra-de-cuina-de-mallorca\",\"url\":\"https:\\\/\\\/gastronomicament.cat\\\/ca\\\/coneix-els-restaurants-de-la-ruta-serra-i-nord-de-la-mostra-de-cuina-de-mallorca\",\"name\":\"Coneix els restaurants de la Ruta Serra i Nord de la Mostra de Cuina de Mallorca - Gastron\u00f2micament\",\"isPartOf\":{\"@id\":\"https:\\\/\\\/gastronomicament.cat\\\/ca\\\/#website\"},\"primaryImageOfPage\":{\"@id\":\"https:\\\/\\\/gastronomicament.cat\\\/ca\\\/coneix-els-restaurants-de-la-ruta-serra-i-nord-de-la-mostra-de-cuina-de-mallorca#primaryimage\"},\"image\":{\"@id\":\"https:\\\/\\\/gastronomicament.cat\\\/ca\\\/coneix-els-restaurants-de-la-ruta-serra-i-nord-de-la-mostra-de-cuina-de-mallorca#primaryimage\"},\"thumbnailUrl\":\"https:\\\/\\\/gastronomicament.cat\\\/wp-content\\\/uploads\\\/2023\\\/03\\\/Presentacio-Ruta-Serra-i-Nord-Mostra-Cuina-de-Mallorca-2023.jpg\",\"datePublished\":\"2023-03-15T14:07:02+00:00\",\"dateModified\":\"2023-03-15T14:08:03+00:00\",\"description\":\"Coneix els restaurants de la Ruta Serra i Nord de la Mostra de Cuina de Mallorca Actualitat, Fires i rutes Podeu consultar tots els restaurants que hi participen del 16 al 19 de mar\u00e7\",\"inLanguage\":\"ca-ES\",\"potentialAction\":[{\"@type\":\"ReadAction\",\"target\":[\"https:\\\/\\\/gastronomicament.cat\\\/ca\\\/coneix-els-restaurants-de-la-ruta-serra-i-nord-de-la-mostra-de-cuina-de-mallorca\"]}]},{\"@type\":\"ImageObject\",\"inLanguage\":\"ca-ES\",\"@id\":\"https:\\\/\\\/gastronomicament.cat\\\/ca\\\/coneix-els-restaurants-de-la-ruta-serra-i-nord-de-la-mostra-de-cuina-de-mallorca#primaryimage\",\"url\":\"https:\\\/\\\/gastronomicament.cat\\\/wp-content\\\/uploads\\\/2023\\\/03\\\/Presentacio-Ruta-Serra-i-Nord-Mostra-Cuina-de-Mallorca-2023.jpg\",\"contentUrl\":\"https:\\\/\\\/gastronomicament.cat\\\/wp-content\\\/uploads\\\/2023\\\/03\\\/Presentacio-Ruta-Serra-i-Nord-Mostra-Cuina-de-Mallorca-2023.jpg\",\"width\":2048,\"height\":1536},{\"@type\":\"WebSite\",\"@id\":\"https:\\\/\\\/gastronomicament.cat\\\/ca\\\/#website\",\"url\":\"https:\\\/\\\/gastronomicament.cat\\\/ca\\\/\",\"name\":\"Gastron\u00f2micament\",\"description\":\"Portal de restaurants, receptes i actualitat gastron\u00f2mica\",\"publisher\":{\"@id\":\"https:\\\/\\\/gastronomicament.cat\\\/ca\\\/#organization\"},\"potentialAction\":[{\"@type\":\"SearchAction\",\"target\":{\"@type\":\"EntryPoint\",\"urlTemplate\":\"https:\\\/\\\/gastronomicament.cat\\\/ca\\\/?s={search_term_string}\"},\"query-input\":{\"@type\":\"PropertyValueSpecification\",\"valueRequired\":true,\"valueName\":\"search_term_string\"}}],\"inLanguage\":\"ca-ES\"},{\"@type\":\"Organization\",\"@id\":\"https:\\\/\\\/gastronomicament.cat\\\/ca\\\/#organization\",\"name\":\"Gastron\u00f2micament\",\"url\":\"https:\\\/\\\/gastronomicament.cat\\\/ca\\\/\",\"logo\":{\"@type\":\"ImageObject\",\"inLanguage\":\"ca-ES\",\"@id\":\"https:\\\/\\\/gastronomicament.cat\\\/ca\\\/#\\\/schema\\\/logo\\\/image\\\/\",\"url\":\"https:\\\/\\\/gastronomicament.cat\\\/wp-content\\\/uploads\\\/2016\\\/09\\\/header-logo.jpg\",\"contentUrl\":\"https:\\\/\\\/gastronomicament.cat\\\/wp-content\\\/uploads\\\/2016\\\/09\\\/header-logo.jpg\",\"width\":277,\"height\":39,\"caption\":\"Gastron\u00f2micament\"},\"image\":{\"@id\":\"https:\\\/\\\/gastronomicament.cat\\\/ca\\\/#\\\/schema\\\/logo\\\/image\\\/\"},\"sameAs\":[\"https:\\\/\\\/x.com\\\/gastronomicamen\"]},{\"@type\":\"Person\",\"@id\":\"https:\\\/\\\/gastronomicament.cat\\\/ca\\\/#\\\/schema\\\/person\\\/a7c85c537a1ed62799a5b8e0f686a37f\",\"name\":\"Redacci\u00f3\",\"image\":{\"@type\":\"ImageObject\",\"inLanguage\":\"ca-ES\",\"@id\":\"https:\\\/\\\/secure.gravatar.com\\\/avatar\\\/9489a485c464fd611d33825daae651d13db70c4e74c65c94937a15a9d4c3ee14?s=96&d=mm&r=g69fea3cce3645dfa2166e7293e22955e\",\"url\":\"https:\\\/\\\/secure.gravatar.com\\\/avatar\\\/9489a485c464fd611d33825daae651d13db70c4e74c65c94937a15a9d4c3ee14?s=96&d=mm&r=g\",\"contentUrl\":\"https:\\\/\\\/secure.gravatar.com\\\/avatar\\\/9489a485c464fd611d33825daae651d13db70c4e74c65c94937a15a9d4c3ee14?s=96&d=mm&r=g\",\"caption\":\"Redacci\u00f3\"},\"sameAs\":[\"http:\\\/\\\/gastronomicament.cat\"],\"url\":\"https:\\\/\\\/gastronomicament.cat\\\/ca\\\/author\\\/admin\"}]}<\/script>\n<!-- \/ Yoast SEO plugin. -->","yoast_head_json":{"title":"Coneix els restaurants de la Ruta Serra i Nord de la Mostra de Cuina de Mallorca - Gastron\u00f2micament","description":"Coneix els restaurants de la Ruta Serra i Nord de la Mostra de Cuina de Mallorca Actualitat, Fires i rutes Podeu consultar tots els restaurants que hi participen del 16 al 19 de mar\u00e7","robots":{"index":"index","follow":"follow","max-snippet":"max-snippet:-1","max-image-preview":"max-image-preview:large","max-video-preview":"max-video-preview:-1"},"canonical":"https:\/\/gastronomicament.cat\/ca\/coneix-els-restaurants-de-la-ruta-serra-i-nord-de-la-mostra-de-cuina-de-mallorca","og_locale":"ca_ES","og_type":"article","og_title":"Coneix els restaurants de la Ruta Serra i Nord de la Mostra de Cuina de Mallorca - Gastron\u00f2micament","og_description":"Coneix els restaurants de la Ruta Serra i Nord de la Mostra de Cuina de Mallorca Actualitat, Fires i rutes Podeu consultar tots els restaurants que hi participen del 16 al 19 de mar\u00e7","og_url":"https:\/\/gastronomicament.cat\/ca\/coneix-els-restaurants-de-la-ruta-serra-i-nord-de-la-mostra-de-cuina-de-mallorca","og_site_name":"Gastron\u00f2micament","article_published_time":"2023-03-15T14:07:02+00:00","article_modified_time":"2023-03-15T14:08:03+00:00","og_image":[{"width":2048,"height":1536,"url":"https:\/\/gastronomicament.cat\/wp-content\/uploads\/2023\/03\/Presentacio-Ruta-Serra-i-Nord-Mostra-Cuina-de-Mallorca-2023.jpg","type":"image\/jpeg"}],"author":"Redacci\u00f3","twitter_card":"summary_large_image","twitter_creator":"@gastronomicamen","twitter_site":"@gastronomicamen","twitter_misc":{"Written by":"Redacci\u00f3","Est. reading time":"4 minutes"},"schema":{"@context":"https:\/\/schema.org","@graph":[{"@type":"Article","@id":"https:\/\/gastronomicament.cat\/ca\/coneix-els-restaurants-de-la-ruta-serra-i-nord-de-la-mostra-de-cuina-de-mallorca#article","isPartOf":{"@id":"https:\/\/gastronomicament.cat\/ca\/coneix-els-restaurants-de-la-ruta-serra-i-nord-de-la-mostra-de-cuina-de-mallorca"},"author":{"name":"Redacci\u00f3","@id":"https:\/\/gastronomicament.cat\/ca\/#\/schema\/person\/a7c85c537a1ed62799a5b8e0f686a37f"},"headline":"Coneix els restaurants de la Ruta Serra i Nord de la Mostra de Cuina de Mallorca","datePublished":"2023-03-15T14:07:02+00:00","dateModified":"2023-03-15T14:08:03+00:00","mainEntityOfPage":{"@id":"https:\/\/gastronomicament.cat\/ca\/coneix-els-restaurants-de-la-ruta-serra-i-nord-de-la-mostra-de-cuina-de-mallorca"},"wordCount":608,"commentCount":0,"publisher":{"@id":"https:\/\/gastronomicament.cat\/ca\/#organization"},"image":{"@id":"https:\/\/gastronomicament.cat\/ca\/coneix-els-restaurants-de-la-ruta-serra-i-nord-de-la-mostra-de-cuina-de-mallorca#primaryimage"},"thumbnailUrl":"https:\/\/gastronomicament.cat\/wp-content\/uploads\/2023\/03\/Presentacio-Ruta-Serra-i-Nord-Mostra-Cuina-de-Mallorca-2023.jpg","articleSection":["Actualitat","Fires i rutes"],"inLanguage":"ca-ES","potentialAction":[{"@type":"CommentAction","name":"Comment","target":["https:\/\/gastronomicament.cat\/ca\/coneix-els-restaurants-de-la-ruta-serra-i-nord-de-la-mostra-de-cuina-de-mallorca#respond"]}]},{"@type":"WebPage","@id":"https:\/\/gastronomicament.cat\/ca\/coneix-els-restaurants-de-la-ruta-serra-i-nord-de-la-mostra-de-cuina-de-mallorca","url":"https:\/\/gastronomicament.cat\/ca\/coneix-els-restaurants-de-la-ruta-serra-i-nord-de-la-mostra-de-cuina-de-mallorca","name":"Coneix els restaurants de la Ruta Serra i Nord de la Mostra de Cuina de Mallorca - Gastron\u00f2micament","isPartOf":{"@id":"https:\/\/gastronomicament.cat\/ca\/#website"},"primaryImageOfPage":{"@id":"https:\/\/gastronomicament.cat\/ca\/coneix-els-restaurants-de-la-ruta-serra-i-nord-de-la-mostra-de-cuina-de-mallorca#primaryimage"},"image":{"@id":"https:\/\/gastronomicament.cat\/ca\/coneix-els-restaurants-de-la-ruta-serra-i-nord-de-la-mostra-de-cuina-de-mallorca#primaryimage"},"thumbnailUrl":"https:\/\/gastronomicament.cat\/wp-content\/uploads\/2023\/03\/Presentacio-Ruta-Serra-i-Nord-Mostra-Cuina-de-Mallorca-2023.jpg","datePublished":"2023-03-15T14:07:02+00:00","dateModified":"2023-03-15T14:08:03+00:00","description":"Coneix els restaurants de la Ruta Serra i Nord de la Mostra de Cuina de Mallorca Actualitat, Fires i rutes Podeu consultar tots els restaurants que hi participen del 16 al 19 de mar\u00e7","inLanguage":"ca-ES","potentialAction":[{"@type":"ReadAction","target":["https:\/\/gastronomicament.cat\/ca\/coneix-els-restaurants-de-la-ruta-serra-i-nord-de-la-mostra-de-cuina-de-mallorca"]}]},{"@type":"ImageObject","inLanguage":"ca-ES","@id":"https:\/\/gastronomicament.cat\/ca\/coneix-els-restaurants-de-la-ruta-serra-i-nord-de-la-mostra-de-cuina-de-mallorca#primaryimage","url":"https:\/\/gastronomicament.cat\/wp-content\/uploads\/2023\/03\/Presentacio-Ruta-Serra-i-Nord-Mostra-Cuina-de-Mallorca-2023.jpg","contentUrl":"https:\/\/gastronomicament.cat\/wp-content\/uploads\/2023\/03\/Presentacio-Ruta-Serra-i-Nord-Mostra-Cuina-de-Mallorca-2023.jpg","width":2048,"height":1536},{"@type":"WebSite","@id":"https:\/\/gastronomicament.cat\/ca\/#website","url":"https:\/\/gastronomicament.cat\/ca\/","name":"Gastron\u00f2micament","description":"Portal de restaurants, receptes i actualitat gastron\u00f2mica","publisher":{"@id":"https:\/\/gastronomicament.cat\/ca\/#organization"},"potentialAction":[{"@type":"SearchAction","target":{"@type":"EntryPoint","urlTemplate":"https:\/\/gastronomicament.cat\/ca\/?s={search_term_string}"},"query-input":{"@type":"PropertyValueSpecification","valueRequired":true,"valueName":"search_term_string"}}],"inLanguage":"ca-ES"},{"@type":"Organization","@id":"https:\/\/gastronomicament.cat\/ca\/#organization","name":"Gastron\u00f2micament","url":"https:\/\/gastronomicament.cat\/ca\/","logo":{"@type":"ImageObject","inLanguage":"ca-ES","@id":"https:\/\/gastronomicament.cat\/ca\/#\/schema\/logo\/image\/","url":"https:\/\/gastronomicament.cat\/wp-content\/uploads\/2016\/09\/header-logo.jpg","contentUrl":"https:\/\/gastronomicament.cat\/wp-content\/uploads\/2016\/09\/header-logo.jpg","width":277,"height":39,"caption":"Gastron\u00f2micament"},"image":{"@id":"https:\/\/gastronomicament.cat\/ca\/#\/schema\/logo\/image\/"},"sameAs":["https:\/\/x.com\/gastronomicamen"]},{"@type":"Person","@id":"https:\/\/gastronomicament.cat\/ca\/#\/schema\/person\/a7c85c537a1ed62799a5b8e0f686a37f","name":"Redacci\u00f3","image":{"@type":"ImageObject","inLanguage":"ca-ES","@id":"https:\/\/secure.gravatar.com\/avatar\/9489a485c464fd611d33825daae651d13db70c4e74c65c94937a15a9d4c3ee14?s=96&d=mm&r=g69fea3cce3645dfa2166e7293e22955e","url":"https:\/\/secure.gravatar.com\/avatar\/9489a485c464fd611d33825daae651d13db70c4e74c65c94937a15a9d4c3ee14?s=96&d=mm&r=g","contentUrl":"https:\/\/secure.gravatar.com\/avatar\/9489a485c464fd611d33825daae651d13db70c4e74c65c94937a15a9d4c3ee14?s=96&d=mm&r=g","caption":"Redacci\u00f3"},"sameAs":["http:\/\/gastronomicament.cat"],"url":"https:\/\/gastronomicament.cat\/ca\/author\/admin"}]}},"_links":{"self":[{"href":"https:\/\/gastronomicament.cat\/ca\/wp-json\/wp\/v2\/posts\/81439","targetHints":{"allow":["GET"]}}],"collection":[{"href":"https:\/\/gastronomicament.cat\/ca\/wp-json\/wp\/v2\/posts"}],"about":[{"href":"https:\/\/gastronomicament.cat\/ca\/wp-json\/wp\/v2\/types\/post"}],"author":[{"embeddable":true,"href":"https:\/\/gastronomicament.cat\/ca\/wp-json\/wp\/v2\/users\/1"}],"replies":[{"embeddable":true,"href":"https:\/\/gastronomicament.cat\/ca\/wp-json\/wp\/v2\/comments?post=81439"}],"version-history":[{"count":0,"href":"https:\/\/gastronomicament.cat\/ca\/wp-json\/wp\/v2\/posts\/81439\/revisions"}],"wp:featuredmedia":[{"embeddable":true,"href":"https:\/\/gastronomicament.cat\/ca\/wp-json\/wp\/v2\/media\/81441"}],"wp:attachment":[{"href":"https:\/\/gastronomicament.cat\/ca\/wp-json\/wp\/v2\/media?parent=81439"}],"wp:term":[{"taxonomy":"category","embeddable":true,"href":"https:\/\/gastronomicament.cat\/ca\/wp-json\/wp\/v2\/categories?post=81439"},{"taxonomy":"post_tag","embeddable":true,"href":"https:\/\/gastronomicament.cat\/ca\/wp-json\/wp\/v2\/tags?post=81439"},{"taxonomy":"author","embeddable":true,"href":"https:\/\/gastronomicament.cat\/ca\/wp-json\/wp\/v2\/coauthors?post=81439"}],"curies":[{"name":"wp","href":"https:\/\/api.w.org\/{rel}","templated":true}]}}