{"id":82041,"date":"2023-04-28T12:48:27","date_gmt":"2023-04-28T10:48:27","guid":{"rendered":"https:\/\/gastronomicament.cat\/?p=82041"},"modified":"2023-04-28T12:50:55","modified_gmt":"2023-04-28T10:50:55","slug":"arriba-vins-a-biniamar-aquest-diumenge-una-iniciativa-que-mescla-vins-i-musica","status":"publish","type":"post","link":"https:\/\/gastronomicament.cat\/ca\/arriba-vins-a-biniamar-aquest-diumenge-una-iniciativa-que-mescla-vins-i-musica","title":{"rendered":"Arriba &#8216;Vins a Biniamar&#8217; aquest diumenge: una iniciativa que mescla vins i m\u00fasica"},"content":{"rendered":"<p>L&#8217;esgl\u00e9sia nova de\u00a0Biniamar\u00a0acollir\u00e0 aquest diumenge\u00a0dia\u00a030 d&#8217;abril la segona edici\u00f3 de &#8216;Vins a\u00a0Biniamar&#8217; que maridar\u00e0 tasts de vins i m\u00fasica.<\/p>\n<p>Aquest esdeveniment s&#8217;emmarca en la voluntat de<strong>\u00a0l&#8217;Ajuntament de Selva<\/strong>\u00a0de dur a terme iniciatives destinades a estimular la vida social a tots els pobles del municipi, a promocionar-los i tamb\u00e9 a donar suport al producte local de Mallorca. Despr\u00e9s de l&#8217;\u00e8xit de la primera edici\u00f3, enguany s&#8217;espera amb expectaci\u00f3 aquesta nova cita.<\/p>\n<p>&#8216;Vins a Biniamar&#8217; es dur\u00e0 a terme en horari d&#8217;horabaixa de 16 a 23,30 hores i hi participaran un total de vuit bodegues diferents de diferents zones de Mallorca. Les bodegues participants ser\u00e0n:\u00a0<strong>Can Gelat, Bodega Vins\u00a0Binibona, Vins Ripoll, Castell Miquel, Vidal Serra,\u00a0Los\u00a0dos\u00a0Caballeros, Bodega Son Alegre i\u00a0Sangr\u00eda\u00a0Rita.<\/strong><\/p>\n<p>A m\u00e9s, hi haur\u00e0 una actuaci\u00f3 musical a c\u00e0rrec del conegut artista mallorqu\u00ed <strong>Jaume Anglada, acompanyat a la percussi\u00f3 de\u00a0Benji\u00a0Habichuela.\u00a0<\/strong>Al mateix recinte\u00a0es serviran\u00a0tapes a preus populars.<\/p>\n<p>L&#8217;entrada, que <strong>te\u00a0un preu de 15 euros<\/strong>\u00a0inclou una copa commemorativa, cinc tasts de vins i un descompte de\u00a05\u20ac\u00a0en la compra de vi. A m\u00e9s,\u00a0es podran\u00a0adquirir tiquets extra de vi al mateix recinte per\u00a01\u20ac. Les entrades es poden adquirir ja per avan\u00e7at a Vins a\u00a0Biniamar\u00a02023 a\u00a0Ticket\u00a0Ib\u00a0<strong>(<a href=\"https:\/\/ticketib.com\/events\/vins-a-biniamar-2023?utm_source=PREMSA&amp;utm_campaign=f374026954-EMAIL_CAMPAIGN_2018_05_02_COPY_01&amp;utm_medium=email&amp;utm_term=0_138078a752-f374026954-409589978\" target=\"_blank\" rel=\"nofollow noopener\" data-saferedirecturl=\"https:\/\/www.google.com\/url?q=https:\/\/agenciacomic.us13.list-manage.com\/track\/click?u%3Da6c8802806635c6164edb460e%26id%3D7324f1aea3%26e%3Dd3e2fb9e3f&amp;source=gmail&amp;ust=1682764982620000&amp;usg=AOvVaw1QYCdUKqqaACUYmP7FvXlY\">Vins a\u00a0Biniamar\u00a02023 en Ticket Ib<\/a>).<\/strong>\u00a0Tamb\u00e9 hi haur\u00e0 venda f\u00edsica d&#8217;entrades al mateix recinte.<\/p>\n<p>Des de l&#8217;Ajuntament de Selva, es reitera que aquesta \u00e9s una ocasi\u00f3 excepcional de gaudir de bons vins mallorquins en un indret molt especial i amb encant. Amb aquest tipus d&#8217;esdeveniments pretenem promocionar el producte local i, a la vegada, que la gent descobreixi la bellesa dels pobles del municipi de Selva com \u00e9s el cas de Biniamar&#8221;.<\/p>\n","protected":false},"excerpt":{"rendered":"<p>L&#8217;Esgl\u00e9sia Vella acollir\u00e0 aquest esdeveniment amb la participaci\u00f3 de vuit bodegues en horari de 18 a&hellip;<\/p>\n","protected":false},"author":1,"featured_media":82042,"comment_status":"open","ping_status":"closed","sticky":false,"template":"","format":"standard","meta":{"_acf_changed":false,"_swt_meta_header_display":false,"_swt_meta_footer_display":false,"_swt_meta_site_title_display":false,"_swt_meta_sticky_header":false,"_swt_meta_transparent_header":false,"footnotes":""},"categories":[692,778],"tags":[],"coauthors":[2053],"class_list":["post-82041","post","type-post","status-publish","format-standard","has-post-thumbnail","hentry","category-actualitat","category-cursos-i-tallers"],"acf":{"gallery":null,"home_date":{"home_begin_date":null,"home_end_date":null}},"yoast_head":"<!-- This site is optimized with the Yoast SEO plugin v27.4 - https:\/\/yoast.com\/product\/yoast-seo-wordpress\/ -->\n<title>Arriba &#039;Vins a Biniamar&#039; aquest diumenge: una iniciativa que mescla vins i m\u00fasica - Gastron\u00f2micament<\/title>\n<meta name=\"description\" content=\"Arriba &#039;Vins a Biniamar&#039; aquest diumenge: una iniciativa que mescla vins i m\u00fasica Actualitat, Cursos i tallers L&#039;Esgl\u00e9sia Vella acollir\u00e0 aquest esdeveniment amb la participaci\u00f3 de vuit bodegues en horari de 18 a 23,30 h.\" \/>\n<meta name=\"robots\" content=\"index, follow, max-snippet:-1, max-image-preview:large, max-video-preview:-1\" \/>\n<link rel=\"canonical\" href=\"https:\/\/gastronomicament.cat\/ca\/arriba-vins-a-biniamar-aquest-diumenge-una-iniciativa-que-mescla-vins-i-musica\" \/>\n<meta property=\"og:locale\" content=\"ca_ES\" \/>\n<meta property=\"og:type\" content=\"article\" \/>\n<meta property=\"og:title\" content=\"Arriba &#039;Vins a Biniamar&#039; aquest diumenge: una iniciativa que mescla vins i m\u00fasica - Gastron\u00f2micament\" \/>\n<meta property=\"og:description\" content=\"Arriba &#039;Vins a Biniamar&#039; aquest diumenge: una iniciativa que mescla vins i m\u00fasica Actualitat, Cursos i tallers L&#039;Esgl\u00e9sia Vella acollir\u00e0 aquest esdeveniment amb la participaci\u00f3 de vuit bodegues en horari de 18 a 23,30 h.\" \/>\n<meta property=\"og:url\" content=\"https:\/\/gastronomicament.cat\/ca\/arriba-vins-a-biniamar-aquest-diumenge-una-iniciativa-que-mescla-vins-i-musica\" \/>\n<meta property=\"og:site_name\" content=\"Gastron\u00f2micament\" \/>\n<meta property=\"article:published_time\" content=\"2023-04-28T10:48:27+00:00\" \/>\n<meta property=\"article:modified_time\" content=\"2023-04-28T10:50:55+00:00\" \/>\n<meta property=\"og:image\" content=\"https:\/\/gastronomicament.cat\/wp-content\/uploads\/2023\/04\/Vins-a-Biniamar-2023.jpg\" \/>\n\t<meta property=\"og:image:width\" content=\"1080\" \/>\n\t<meta property=\"og:image:height\" content=\"607\" \/>\n\t<meta property=\"og:image:type\" content=\"image\/jpeg\" \/>\n<meta name=\"author\" content=\"Redacci\u00f3\" \/>\n<meta name=\"twitter:card\" content=\"summary_large_image\" \/>\n<meta name=\"twitter:creator\" content=\"@gastronomicamen\" \/>\n<meta name=\"twitter:site\" content=\"@gastronomicamen\" \/>\n<meta name=\"twitter:label1\" content=\"Written by\" \/>\n\t<meta name=\"twitter:data1\" content=\"Redacci\u00f3\" \/>\n\t<meta name=\"twitter:label2\" content=\"Est. reading time\" \/>\n\t<meta name=\"twitter:data2\" content=\"2 minutes\" \/>\n<script type=\"application\/ld+json\" class=\"yoast-schema-graph\">{\"@context\":\"https:\\\/\\\/schema.org\",\"@graph\":[{\"@type\":\"Article\",\"@id\":\"https:\\\/\\\/gastronomicament.cat\\\/ca\\\/arriba-vins-a-biniamar-aquest-diumenge-una-iniciativa-que-mescla-vins-i-musica#article\",\"isPartOf\":{\"@id\":\"https:\\\/\\\/gastronomicament.cat\\\/ca\\\/arriba-vins-a-biniamar-aquest-diumenge-una-iniciativa-que-mescla-vins-i-musica\"},\"author\":{\"name\":\"Redacci\u00f3\",\"@id\":\"https:\\\/\\\/gastronomicament.cat\\\/ca\\\/#\\\/schema\\\/person\\\/a7c85c537a1ed62799a5b8e0f686a37f\"},\"headline\":\"Arriba &#8216;Vins a Biniamar&#8217; aquest diumenge: una iniciativa que mescla vins i m\u00fasica\",\"datePublished\":\"2023-04-28T10:48:27+00:00\",\"dateModified\":\"2023-04-28T10:50:55+00:00\",\"mainEntityOfPage\":{\"@id\":\"https:\\\/\\\/gastronomicament.cat\\\/ca\\\/arriba-vins-a-biniamar-aquest-diumenge-una-iniciativa-que-mescla-vins-i-musica\"},\"wordCount\":308,\"commentCount\":0,\"publisher\":{\"@id\":\"https:\\\/\\\/gastronomicament.cat\\\/ca\\\/#organization\"},\"image\":{\"@id\":\"https:\\\/\\\/gastronomicament.cat\\\/ca\\\/arriba-vins-a-biniamar-aquest-diumenge-una-iniciativa-que-mescla-vins-i-musica#primaryimage\"},\"thumbnailUrl\":\"https:\\\/\\\/gastronomicament.cat\\\/wp-content\\\/uploads\\\/2023\\\/04\\\/Vins-a-Biniamar-2023.jpg\",\"articleSection\":[\"Actualitat\",\"Cursos i tallers\"],\"inLanguage\":\"ca-ES\",\"potentialAction\":[{\"@type\":\"CommentAction\",\"name\":\"Comment\",\"target\":[\"https:\\\/\\\/gastronomicament.cat\\\/ca\\\/arriba-vins-a-biniamar-aquest-diumenge-una-iniciativa-que-mescla-vins-i-musica#respond\"]}]},{\"@type\":\"WebPage\",\"@id\":\"https:\\\/\\\/gastronomicament.cat\\\/ca\\\/arriba-vins-a-biniamar-aquest-diumenge-una-iniciativa-que-mescla-vins-i-musica\",\"url\":\"https:\\\/\\\/gastronomicament.cat\\\/ca\\\/arriba-vins-a-biniamar-aquest-diumenge-una-iniciativa-que-mescla-vins-i-musica\",\"name\":\"Arriba 'Vins a Biniamar' aquest diumenge: una iniciativa que mescla vins i m\u00fasica - Gastron\u00f2micament\",\"isPartOf\":{\"@id\":\"https:\\\/\\\/gastronomicament.cat\\\/ca\\\/#website\"},\"primaryImageOfPage\":{\"@id\":\"https:\\\/\\\/gastronomicament.cat\\\/ca\\\/arriba-vins-a-biniamar-aquest-diumenge-una-iniciativa-que-mescla-vins-i-musica#primaryimage\"},\"image\":{\"@id\":\"https:\\\/\\\/gastronomicament.cat\\\/ca\\\/arriba-vins-a-biniamar-aquest-diumenge-una-iniciativa-que-mescla-vins-i-musica#primaryimage\"},\"thumbnailUrl\":\"https:\\\/\\\/gastronomicament.cat\\\/wp-content\\\/uploads\\\/2023\\\/04\\\/Vins-a-Biniamar-2023.jpg\",\"datePublished\":\"2023-04-28T10:48:27+00:00\",\"dateModified\":\"2023-04-28T10:50:55+00:00\",\"description\":\"Arriba 'Vins a Biniamar' aquest diumenge: una iniciativa que mescla vins i m\u00fasica Actualitat, Cursos i tallers L'Esgl\u00e9sia Vella acollir\u00e0 aquest esdeveniment amb la participaci\u00f3 de vuit bodegues en horari de 18 a 23,30 h.\",\"inLanguage\":\"ca-ES\",\"potentialAction\":[{\"@type\":\"ReadAction\",\"target\":[\"https:\\\/\\\/gastronomicament.cat\\\/ca\\\/arriba-vins-a-biniamar-aquest-diumenge-una-iniciativa-que-mescla-vins-i-musica\"]}]},{\"@type\":\"ImageObject\",\"inLanguage\":\"ca-ES\",\"@id\":\"https:\\\/\\\/gastronomicament.cat\\\/ca\\\/arriba-vins-a-biniamar-aquest-diumenge-una-iniciativa-que-mescla-vins-i-musica#primaryimage\",\"url\":\"https:\\\/\\\/gastronomicament.cat\\\/wp-content\\\/uploads\\\/2023\\\/04\\\/Vins-a-Biniamar-2023.jpg\",\"contentUrl\":\"https:\\\/\\\/gastronomicament.cat\\\/wp-content\\\/uploads\\\/2023\\\/04\\\/Vins-a-Biniamar-2023.jpg\",\"width\":1080,\"height\":607},{\"@type\":\"WebSite\",\"@id\":\"https:\\\/\\\/gastronomicament.cat\\\/ca\\\/#website\",\"url\":\"https:\\\/\\\/gastronomicament.cat\\\/ca\\\/\",\"name\":\"Gastron\u00f2micament\",\"description\":\"Portal de restaurants, receptes i actualitat gastron\u00f2mica\",\"publisher\":{\"@id\":\"https:\\\/\\\/gastronomicament.cat\\\/ca\\\/#organization\"},\"potentialAction\":[{\"@type\":\"SearchAction\",\"target\":{\"@type\":\"EntryPoint\",\"urlTemplate\":\"https:\\\/\\\/gastronomicament.cat\\\/ca\\\/?s={search_term_string}\"},\"query-input\":{\"@type\":\"PropertyValueSpecification\",\"valueRequired\":true,\"valueName\":\"search_term_string\"}}],\"inLanguage\":\"ca-ES\"},{\"@type\":\"Organization\",\"@id\":\"https:\\\/\\\/gastronomicament.cat\\\/ca\\\/#organization\",\"name\":\"Gastron\u00f2micament\",\"url\":\"https:\\\/\\\/gastronomicament.cat\\\/ca\\\/\",\"logo\":{\"@type\":\"ImageObject\",\"inLanguage\":\"ca-ES\",\"@id\":\"https:\\\/\\\/gastronomicament.cat\\\/ca\\\/#\\\/schema\\\/logo\\\/image\\\/\",\"url\":\"https:\\\/\\\/gastronomicament.cat\\\/wp-content\\\/uploads\\\/2016\\\/09\\\/header-logo.jpg\",\"contentUrl\":\"https:\\\/\\\/gastronomicament.cat\\\/wp-content\\\/uploads\\\/2016\\\/09\\\/header-logo.jpg\",\"width\":277,\"height\":39,\"caption\":\"Gastron\u00f2micament\"},\"image\":{\"@id\":\"https:\\\/\\\/gastronomicament.cat\\\/ca\\\/#\\\/schema\\\/logo\\\/image\\\/\"},\"sameAs\":[\"https:\\\/\\\/x.com\\\/gastronomicamen\"]},{\"@type\":\"Person\",\"@id\":\"https:\\\/\\\/gastronomicament.cat\\\/ca\\\/#\\\/schema\\\/person\\\/a7c85c537a1ed62799a5b8e0f686a37f\",\"name\":\"Redacci\u00f3\",\"image\":{\"@type\":\"ImageObject\",\"inLanguage\":\"ca-ES\",\"@id\":\"https:\\\/\\\/secure.gravatar.com\\\/avatar\\\/9489a485c464fd611d33825daae651d13db70c4e74c65c94937a15a9d4c3ee14?s=96&d=mm&r=g69fea3cce3645dfa2166e7293e22955e\",\"url\":\"https:\\\/\\\/secure.gravatar.com\\\/avatar\\\/9489a485c464fd611d33825daae651d13db70c4e74c65c94937a15a9d4c3ee14?s=96&d=mm&r=g\",\"contentUrl\":\"https:\\\/\\\/secure.gravatar.com\\\/avatar\\\/9489a485c464fd611d33825daae651d13db70c4e74c65c94937a15a9d4c3ee14?s=96&d=mm&r=g\",\"caption\":\"Redacci\u00f3\"},\"sameAs\":[\"http:\\\/\\\/gastronomicament.cat\"],\"url\":\"https:\\\/\\\/gastronomicament.cat\\\/ca\\\/author\\\/admin\"}]}<\/script>\n<!-- \/ Yoast SEO plugin. -->","yoast_head_json":{"title":"Arriba 'Vins a Biniamar' aquest diumenge: una iniciativa que mescla vins i m\u00fasica - Gastron\u00f2micament","description":"Arriba 'Vins a Biniamar' aquest diumenge: una iniciativa que mescla vins i m\u00fasica Actualitat, Cursos i tallers L'Esgl\u00e9sia Vella acollir\u00e0 aquest esdeveniment amb la participaci\u00f3 de vuit bodegues en horari de 18 a 23,30 h.","robots":{"index":"index","follow":"follow","max-snippet":"max-snippet:-1","max-image-preview":"max-image-preview:large","max-video-preview":"max-video-preview:-1"},"canonical":"https:\/\/gastronomicament.cat\/ca\/arriba-vins-a-biniamar-aquest-diumenge-una-iniciativa-que-mescla-vins-i-musica","og_locale":"ca_ES","og_type":"article","og_title":"Arriba 'Vins a Biniamar' aquest diumenge: una iniciativa que mescla vins i m\u00fasica - Gastron\u00f2micament","og_description":"Arriba 'Vins a Biniamar' aquest diumenge: una iniciativa que mescla vins i m\u00fasica Actualitat, Cursos i tallers L'Esgl\u00e9sia Vella acollir\u00e0 aquest esdeveniment amb la participaci\u00f3 de vuit bodegues en horari de 18 a 23,30 h.","og_url":"https:\/\/gastronomicament.cat\/ca\/arriba-vins-a-biniamar-aquest-diumenge-una-iniciativa-que-mescla-vins-i-musica","og_site_name":"Gastron\u00f2micament","article_published_time":"2023-04-28T10:48:27+00:00","article_modified_time":"2023-04-28T10:50:55+00:00","og_image":[{"width":1080,"height":607,"url":"https:\/\/gastronomicament.cat\/wp-content\/uploads\/2023\/04\/Vins-a-Biniamar-2023.jpg","type":"image\/jpeg"}],"author":"Redacci\u00f3","twitter_card":"summary_large_image","twitter_creator":"@gastronomicamen","twitter_site":"@gastronomicamen","twitter_misc":{"Written by":"Redacci\u00f3","Est. reading time":"2 minutes"},"schema":{"@context":"https:\/\/schema.org","@graph":[{"@type":"Article","@id":"https:\/\/gastronomicament.cat\/ca\/arriba-vins-a-biniamar-aquest-diumenge-una-iniciativa-que-mescla-vins-i-musica#article","isPartOf":{"@id":"https:\/\/gastronomicament.cat\/ca\/arriba-vins-a-biniamar-aquest-diumenge-una-iniciativa-que-mescla-vins-i-musica"},"author":{"name":"Redacci\u00f3","@id":"https:\/\/gastronomicament.cat\/ca\/#\/schema\/person\/a7c85c537a1ed62799a5b8e0f686a37f"},"headline":"Arriba &#8216;Vins a Biniamar&#8217; aquest diumenge: una iniciativa que mescla vins i m\u00fasica","datePublished":"2023-04-28T10:48:27+00:00","dateModified":"2023-04-28T10:50:55+00:00","mainEntityOfPage":{"@id":"https:\/\/gastronomicament.cat\/ca\/arriba-vins-a-biniamar-aquest-diumenge-una-iniciativa-que-mescla-vins-i-musica"},"wordCount":308,"commentCount":0,"publisher":{"@id":"https:\/\/gastronomicament.cat\/ca\/#organization"},"image":{"@id":"https:\/\/gastronomicament.cat\/ca\/arriba-vins-a-biniamar-aquest-diumenge-una-iniciativa-que-mescla-vins-i-musica#primaryimage"},"thumbnailUrl":"https:\/\/gastronomicament.cat\/wp-content\/uploads\/2023\/04\/Vins-a-Biniamar-2023.jpg","articleSection":["Actualitat","Cursos i tallers"],"inLanguage":"ca-ES","potentialAction":[{"@type":"CommentAction","name":"Comment","target":["https:\/\/gastronomicament.cat\/ca\/arriba-vins-a-biniamar-aquest-diumenge-una-iniciativa-que-mescla-vins-i-musica#respond"]}]},{"@type":"WebPage","@id":"https:\/\/gastronomicament.cat\/ca\/arriba-vins-a-biniamar-aquest-diumenge-una-iniciativa-que-mescla-vins-i-musica","url":"https:\/\/gastronomicament.cat\/ca\/arriba-vins-a-biniamar-aquest-diumenge-una-iniciativa-que-mescla-vins-i-musica","name":"Arriba 'Vins a Biniamar' aquest diumenge: una iniciativa que mescla vins i m\u00fasica - Gastron\u00f2micament","isPartOf":{"@id":"https:\/\/gastronomicament.cat\/ca\/#website"},"primaryImageOfPage":{"@id":"https:\/\/gastronomicament.cat\/ca\/arriba-vins-a-biniamar-aquest-diumenge-una-iniciativa-que-mescla-vins-i-musica#primaryimage"},"image":{"@id":"https:\/\/gastronomicament.cat\/ca\/arriba-vins-a-biniamar-aquest-diumenge-una-iniciativa-que-mescla-vins-i-musica#primaryimage"},"thumbnailUrl":"https:\/\/gastronomicament.cat\/wp-content\/uploads\/2023\/04\/Vins-a-Biniamar-2023.jpg","datePublished":"2023-04-28T10:48:27+00:00","dateModified":"2023-04-28T10:50:55+00:00","description":"Arriba 'Vins a Biniamar' aquest diumenge: una iniciativa que mescla vins i m\u00fasica Actualitat, Cursos i tallers L'Esgl\u00e9sia Vella acollir\u00e0 aquest esdeveniment amb la participaci\u00f3 de vuit bodegues en horari de 18 a 23,30 h.","inLanguage":"ca-ES","potentialAction":[{"@type":"ReadAction","target":["https:\/\/gastronomicament.cat\/ca\/arriba-vins-a-biniamar-aquest-diumenge-una-iniciativa-que-mescla-vins-i-musica"]}]},{"@type":"ImageObject","inLanguage":"ca-ES","@id":"https:\/\/gastronomicament.cat\/ca\/arriba-vins-a-biniamar-aquest-diumenge-una-iniciativa-que-mescla-vins-i-musica#primaryimage","url":"https:\/\/gastronomicament.cat\/wp-content\/uploads\/2023\/04\/Vins-a-Biniamar-2023.jpg","contentUrl":"https:\/\/gastronomicament.cat\/wp-content\/uploads\/2023\/04\/Vins-a-Biniamar-2023.jpg","width":1080,"height":607},{"@type":"WebSite","@id":"https:\/\/gastronomicament.cat\/ca\/#website","url":"https:\/\/gastronomicament.cat\/ca\/","name":"Gastron\u00f2micament","description":"Portal de restaurants, receptes i actualitat gastron\u00f2mica","publisher":{"@id":"https:\/\/gastronomicament.cat\/ca\/#organization"},"potentialAction":[{"@type":"SearchAction","target":{"@type":"EntryPoint","urlTemplate":"https:\/\/gastronomicament.cat\/ca\/?s={search_term_string}"},"query-input":{"@type":"PropertyValueSpecification","valueRequired":true,"valueName":"search_term_string"}}],"inLanguage":"ca-ES"},{"@type":"Organization","@id":"https:\/\/gastronomicament.cat\/ca\/#organization","name":"Gastron\u00f2micament","url":"https:\/\/gastronomicament.cat\/ca\/","logo":{"@type":"ImageObject","inLanguage":"ca-ES","@id":"https:\/\/gastronomicament.cat\/ca\/#\/schema\/logo\/image\/","url":"https:\/\/gastronomicament.cat\/wp-content\/uploads\/2016\/09\/header-logo.jpg","contentUrl":"https:\/\/gastronomicament.cat\/wp-content\/uploads\/2016\/09\/header-logo.jpg","width":277,"height":39,"caption":"Gastron\u00f2micament"},"image":{"@id":"https:\/\/gastronomicament.cat\/ca\/#\/schema\/logo\/image\/"},"sameAs":["https:\/\/x.com\/gastronomicamen"]},{"@type":"Person","@id":"https:\/\/gastronomicament.cat\/ca\/#\/schema\/person\/a7c85c537a1ed62799a5b8e0f686a37f","name":"Redacci\u00f3","image":{"@type":"ImageObject","inLanguage":"ca-ES","@id":"https:\/\/secure.gravatar.com\/avatar\/9489a485c464fd611d33825daae651d13db70c4e74c65c94937a15a9d4c3ee14?s=96&d=mm&r=g69fea3cce3645dfa2166e7293e22955e","url":"https:\/\/secure.gravatar.com\/avatar\/9489a485c464fd611d33825daae651d13db70c4e74c65c94937a15a9d4c3ee14?s=96&d=mm&r=g","contentUrl":"https:\/\/secure.gravatar.com\/avatar\/9489a485c464fd611d33825daae651d13db70c4e74c65c94937a15a9d4c3ee14?s=96&d=mm&r=g","caption":"Redacci\u00f3"},"sameAs":["http:\/\/gastronomicament.cat"],"url":"https:\/\/gastronomicament.cat\/ca\/author\/admin"}]}},"_links":{"self":[{"href":"https:\/\/gastronomicament.cat\/ca\/wp-json\/wp\/v2\/posts\/82041","targetHints":{"allow":["GET"]}}],"collection":[{"href":"https:\/\/gastronomicament.cat\/ca\/wp-json\/wp\/v2\/posts"}],"about":[{"href":"https:\/\/gastronomicament.cat\/ca\/wp-json\/wp\/v2\/types\/post"}],"author":[{"embeddable":true,"href":"https:\/\/gastronomicament.cat\/ca\/wp-json\/wp\/v2\/users\/1"}],"replies":[{"embeddable":true,"href":"https:\/\/gastronomicament.cat\/ca\/wp-json\/wp\/v2\/comments?post=82041"}],"version-history":[{"count":0,"href":"https:\/\/gastronomicament.cat\/ca\/wp-json\/wp\/v2\/posts\/82041\/revisions"}],"wp:featuredmedia":[{"embeddable":true,"href":"https:\/\/gastronomicament.cat\/ca\/wp-json\/wp\/v2\/media\/82042"}],"wp:attachment":[{"href":"https:\/\/gastronomicament.cat\/ca\/wp-json\/wp\/v2\/media?parent=82041"}],"wp:term":[{"taxonomy":"category","embeddable":true,"href":"https:\/\/gastronomicament.cat\/ca\/wp-json\/wp\/v2\/categories?post=82041"},{"taxonomy":"post_tag","embeddable":true,"href":"https:\/\/gastronomicament.cat\/ca\/wp-json\/wp\/v2\/tags?post=82041"},{"taxonomy":"author","embeddable":true,"href":"https:\/\/gastronomicament.cat\/ca\/wp-json\/wp\/v2\/coauthors?post=82041"}],"curies":[{"name":"wp","href":"https:\/\/api.w.org\/{rel}","templated":true}]}}