{"id":84191,"date":"2023-10-03T10:28:29","date_gmt":"2023-10-03T08:28:29","guid":{"rendered":"https:\/\/gastronomicament.cat\/?p=84191"},"modified":"2023-10-03T10:28:29","modified_gmt":"2023-10-03T08:28:29","slug":"una-tardor-de-bons-menus-amb-la-mostra-de-cuines-de-calvia","status":"publish","type":"post","link":"https:\/\/gastronomicament.cat\/ca\/una-tardor-de-bons-menus-amb-la-mostra-de-cuines-de-calvia","title":{"rendered":"Una tardor de bons men\u00fas amb la Mostra de Cuines de Calvi\u00e0"},"content":{"rendered":"<p>L&#8217;edici\u00f3 de tardor de la Mostra de Cuines de Calvi\u00e0 ja \u00e9s aqu\u00ed. Comen\u00e7a aquest cap de setmana i una desena de restaurants\u00a0de Peguera, Calvi\u00e0, es Capdell\u00e0, el Toro, Son Ferrer\u00a0oferiran men\u00fas especials per a l&#8217;ocasi\u00f3. L&#8217;activitat es far\u00e0 els dies 6, 7 i 8 d&#8217;octubre.<\/p>\n<p>Els restaurants que participen aquest cap de setmana s\u00f3n:<\/p>\n<p>&nbsp;<\/p>\n<div class=\"paper\"><strong>MY TRUE BURGER &amp; VEGAN \u2013 Port Adriano, s\/n (el Toro)<br \/>\n<\/strong>Reserves: \u00a0679 419 241<\/p>\n<ul>\n<li>Entrant: Duo de torrades cruixents: una d\u2019escalivada de verdures i l\u2019altra de pulled pork amb salsa Yankee Jack<\/li>\n<li>Plat principal: Bomba de patata farcida de vedella sucosa i bolets, acompanyada amb coleslaw<\/li>\n<li>Postres: Past\u00eds de formatge casol\u00e0 amb festucs<\/li>\n<li>Beguda: Refresc, canya, copa de vi o aigua<\/li>\n<\/ul>\n<p>Preu: 18 \u20ac<\/p>\n<\/div>\n<div class=\"paper\"><strong>VINO DEL MAR \u2013 Port Adriano, 3C (el Toro)<br \/>\n<\/strong>Reserves: 971 237 360<\/p>\n<ul>\n<li>Entrant: Gira-sol d\u2019end\u00edvies, salm\u00f3 fumat, cogombre, nous amb mel i mostassa<\/li>\n<li>Plat principal: Risotto de bolets i filet amb reducci\u00f3 de vi negre<\/li>\n<li>Postres: Brownie<\/li>\n<li>Beguda: Copa de vi, canya o refresc<\/li>\n<\/ul>\n<p>Preu: 18 \u20ac<\/p>\n<\/div>\n<div class=\"paper\"><strong>EL FARO DEL TORO \u2013 Port Adriano, 4. Lc. D (el Toro)<br \/>\n<\/strong>Reserves: 971 232 676<\/p>\n<ul>\n<li>Entrant: Mixt El Faro<\/li>\n<li>Plat principal: Gall amb ceba<\/li>\n<li>Postres: Past\u00eds de pastanaga o bolla de gelat<\/li>\n<li>Beguda: Copa de vi o aigua 5 dl<\/li>\n<\/ul>\n<p>Preu: 18 \u20ac<\/p>\n<\/div>\n<div class=\"paper\"><strong>MES\u00d3N SON FERRER \u2013 Mussol, 4 (Son Ferrer)<br \/>\n<\/strong>Reserves: 971 230 978<\/p>\n<ul>\n<li>Entrant: Fideu\u00e0 cega mixta especial mar i muntanya<\/li>\n<li>Plat principal: Rellom de porc amb salsa de rostes de S\u00f2ria i t\u00f2fona negra amb arr\u00f2s saltat<\/li>\n<li>Postres: Pastisset de poma teb amb gelat de vainilla<\/li>\n<li>Beguda: Copa de vi de Rioja, aigua, canya o refresc<\/li>\n<\/ul>\n<p>Preu: 18 \u20ac<\/p>\n<\/div>\n<div class=\"paper\"><strong>AROMES GASTROBAR \u2013 Juli\u00e0 Bujosa Sans, batle, 1, Bj. (Calvi\u00e0)<br \/>\n<\/strong>Reserves: 605 093 004<\/p>\n<ul>\n<li>Entrant: Assortiment de croquetes de la casa<\/li>\n<li>Plat principal: Burger ib\u00e8rica amb crema de t\u00f2fona, cuixot serr\u00e0 i ceba cruixent + patates<\/li>\n<li>Postres: Crep amb alm\u00edvar de llet i nata casolana<\/li>\n<li>Beguda: Aigua i copa de vi blanc o negre de la casa<\/li>\n<\/ul>\n<p>Preu: 18 \u20ac<\/p>\n<\/div>\n<div class=\"paper\"><strong>SA VINYA ES CAPDELL\u00c0 \u2013 Esgl\u00e9sia, 7 (Es Capdell\u00e0)<br \/>\n<\/strong>Reserves: 971 557 153<\/p>\n<ul>\n<li>Entrant: Arancini amb salsa de t\u00f2fona i brots de remolatxa o calamar andalusa amb all negre<\/li>\n<li>Plat principal: Secret ib\u00e8ric amb pur\u00e9 de moniato, ensalada de ravenet, ruca i xirivies cruixents o salm\u00f3 amb pesto verd, arr\u00f2s negre i verdures saltades<\/li>\n<li>Postres: Gat\u00f3 amb gelat d\u2019ametlla, bomb\u00f3 mallorqu\u00ed artes\u00e0 o past\u00eds de poma amb gelat de vainilla<\/li>\n<li>Beguda: Aigua 1\/2 copa de vi Rioja crian\u00e7a o blanc Verdejo o gerra de cervesa<\/li>\n<\/ul>\n<p>Preu: 18 \u20ac<\/p>\n<\/div>\n<div class=\"paper\"><strong>MONA\u00b4S RESTAURANTE \u2013 Bulevar de Peguera, 30 (Peguera)<br \/>\n<\/strong>Reserves: 600 607 677<\/p>\n<ul>\n<li>Entrant: Musclos a l\u2019estil Thai amb llet de coco i un toc de curri<\/li>\n<li>Plat principal: Pad thai de pollastre o gambes<\/li>\n<li>Postres: Tiramis\u00fa de m\u00e0nec<\/li>\n<li>Beguda: Aigua, copa de cervesa, copa de vi o refresc<\/li>\n<\/ul>\n<p>Preu: 18 \u20ac<\/p>\n<\/div>\n<div class=\"paper\"><strong>CAPRI PIZZERIA \u2013 Joan XXIII, 1 (Peguera)<br \/>\n<\/strong>Reserves: 631 480 542<\/p>\n<ul>\n<li>Entrant: Nachos<\/li>\n<li>Plat principal: Pizza o pasta (diverses opcions)<\/li>\n<li>Postres: Tiramis\u00fa<\/li>\n<li>Beguda: Cervesa, cola, vi<\/li>\n<\/ul>\n<p>Preu: 16 \u20ac<\/p>\n<\/div>\n<div class=\"paper\"><strong>Los MiMa\u2019Os \u2013 Les gavines, 4 (Peguera)<br \/>\n<\/strong>Reserves: 971 198 282<\/p>\n<ul>\n<li>Entrant: Ensalada caprese de cogombre amb alf\u00e0brega fregida<\/li>\n<li>Plat principal: Risotto negre de gambes amb carxofes<\/li>\n<li>Postres: Tiramis\u00fa de gerds<\/li>\n<li>Beguda: Aigua o refrescos<\/li>\n<\/ul>\n<p>Preu: 18 \u20ac<\/p>\n<\/div>\n<p>&nbsp;<\/p>\n<p><iframe src=\"https:\/\/www.google.com\/maps\/d\/embed?mid=1v5D-HLKgbqxMwOpip6GrPhU_Niolysw&amp;ehbc=2E312F\" width=\"640\" height=\"480\"><\/iframe><\/p>\n","protected":false},"excerpt":{"rendered":"<p>Una desena de restaurants de Peguera, Calvi\u00e0, es Capdell\u00e0, el Toro, Son Ferrer oferiran men\u00fas especials&hellip;<\/p>\n","protected":false},"author":1,"featured_media":84192,"comment_status":"open","ping_status":"closed","sticky":false,"template":"","format":"standard","meta":{"_acf_changed":false,"_swt_meta_header_display":false,"_swt_meta_footer_display":false,"_swt_meta_site_title_display":false,"_swt_meta_sticky_header":false,"_swt_meta_transparent_header":false,"footnotes":""},"categories":[692,954],"tags":[],"coauthors":[2053],"class_list":["post-84191","post","type-post","status-publish","format-standard","has-post-thumbnail","hentry","category-actualitat","category-fires-i-rutes"],"acf":{"gallery":null,"home_date":{"home_begin_date":null,"home_end_date":null}},"yoast_head":"<!-- This site is optimized with the Yoast SEO plugin v27.4 - https:\/\/yoast.com\/product\/yoast-seo-wordpress\/ -->\n<title>Una tardor de bons men\u00fas amb la Mostra de Cuines de Calvi\u00e0 - Gastron\u00f2micament<\/title>\n<meta name=\"description\" content=\"Una tardor de bons men\u00fas amb la Mostra de Cuines de Calvi\u00e0 Actualitat, Fires i rutes Una desena de restaurants de Peguera, Calvi\u00e0, es Capdell\u00e0, el Toro, Son Ferrer oferiran men\u00fas especials del 6 al 8 d\u2019octubre\" \/>\n<meta name=\"robots\" content=\"index, follow, max-snippet:-1, max-image-preview:large, max-video-preview:-1\" \/>\n<link rel=\"canonical\" href=\"https:\/\/gastronomicament.cat\/ca\/una-tardor-de-bons-menus-amb-la-mostra-de-cuines-de-calvia\" \/>\n<meta property=\"og:locale\" content=\"ca_ES\" \/>\n<meta property=\"og:type\" content=\"article\" \/>\n<meta property=\"og:title\" content=\"Una tardor de bons men\u00fas amb la Mostra de Cuines de Calvi\u00e0 - Gastron\u00f2micament\" \/>\n<meta property=\"og:description\" content=\"Una tardor de bons men\u00fas amb la Mostra de Cuines de Calvi\u00e0 Actualitat, Fires i rutes Una desena de restaurants de Peguera, Calvi\u00e0, es Capdell\u00e0, el Toro, Son Ferrer oferiran men\u00fas especials del 6 al 8 d\u2019octubre\" \/>\n<meta property=\"og:url\" content=\"https:\/\/gastronomicament.cat\/ca\/una-tardor-de-bons-menus-amb-la-mostra-de-cuines-de-calvia\" \/>\n<meta property=\"og:site_name\" content=\"Gastron\u00f2micament\" \/>\n<meta property=\"article:published_time\" content=\"2023-10-03T08:28:29+00:00\" \/>\n<meta property=\"og:image\" content=\"https:\/\/gastronomicament.cat\/wp-content\/uploads\/2023\/10\/Mostra-Cuines-Calvia-2023-octubre.jpg\" \/>\n\t<meta property=\"og:image:width\" content=\"1254\" \/>\n\t<meta property=\"og:image:height\" content=\"704\" \/>\n\t<meta property=\"og:image:type\" content=\"image\/jpeg\" \/>\n<meta name=\"author\" content=\"Redacci\u00f3\" \/>\n<meta name=\"twitter:card\" content=\"summary_large_image\" \/>\n<meta name=\"twitter:creator\" content=\"@gastronomicamen\" \/>\n<meta name=\"twitter:site\" content=\"@gastronomicamen\" \/>\n<meta name=\"twitter:label1\" content=\"Written by\" \/>\n\t<meta name=\"twitter:data1\" content=\"Redacci\u00f3\" \/>\n\t<meta name=\"twitter:label2\" content=\"Est. reading time\" \/>\n\t<meta name=\"twitter:data2\" content=\"3 minutes\" \/>\n<script type=\"application\/ld+json\" class=\"yoast-schema-graph\">{\"@context\":\"https:\\\/\\\/schema.org\",\"@graph\":[{\"@type\":\"Article\",\"@id\":\"https:\\\/\\\/gastronomicament.cat\\\/ca\\\/una-tardor-de-bons-menus-amb-la-mostra-de-cuines-de-calvia#article\",\"isPartOf\":{\"@id\":\"https:\\\/\\\/gastronomicament.cat\\\/ca\\\/una-tardor-de-bons-menus-amb-la-mostra-de-cuines-de-calvia\"},\"author\":{\"name\":\"Redacci\u00f3\",\"@id\":\"https:\\\/\\\/gastronomicament.cat\\\/ca\\\/#\\\/schema\\\/person\\\/a7c85c537a1ed62799a5b8e0f686a37f\"},\"headline\":\"Una tardor de bons men\u00fas amb la Mostra de Cuines de Calvi\u00e0\",\"datePublished\":\"2023-10-03T08:28:29+00:00\",\"mainEntityOfPage\":{\"@id\":\"https:\\\/\\\/gastronomicament.cat\\\/ca\\\/una-tardor-de-bons-menus-amb-la-mostra-de-cuines-de-calvia\"},\"wordCount\":516,\"commentCount\":0,\"publisher\":{\"@id\":\"https:\\\/\\\/gastronomicament.cat\\\/ca\\\/#organization\"},\"image\":{\"@id\":\"https:\\\/\\\/gastronomicament.cat\\\/ca\\\/una-tardor-de-bons-menus-amb-la-mostra-de-cuines-de-calvia#primaryimage\"},\"thumbnailUrl\":\"https:\\\/\\\/gastronomicament.cat\\\/wp-content\\\/uploads\\\/2023\\\/10\\\/Mostra-Cuines-Calvia-2023-octubre.jpg\",\"articleSection\":[\"Actualitat\",\"Fires i rutes\"],\"inLanguage\":\"ca-ES\",\"potentialAction\":[{\"@type\":\"CommentAction\",\"name\":\"Comment\",\"target\":[\"https:\\\/\\\/gastronomicament.cat\\\/ca\\\/una-tardor-de-bons-menus-amb-la-mostra-de-cuines-de-calvia#respond\"]}]},{\"@type\":\"WebPage\",\"@id\":\"https:\\\/\\\/gastronomicament.cat\\\/ca\\\/una-tardor-de-bons-menus-amb-la-mostra-de-cuines-de-calvia\",\"url\":\"https:\\\/\\\/gastronomicament.cat\\\/ca\\\/una-tardor-de-bons-menus-amb-la-mostra-de-cuines-de-calvia\",\"name\":\"Una tardor de bons men\u00fas amb la Mostra de Cuines de Calvi\u00e0 - Gastron\u00f2micament\",\"isPartOf\":{\"@id\":\"https:\\\/\\\/gastronomicament.cat\\\/ca\\\/#website\"},\"primaryImageOfPage\":{\"@id\":\"https:\\\/\\\/gastronomicament.cat\\\/ca\\\/una-tardor-de-bons-menus-amb-la-mostra-de-cuines-de-calvia#primaryimage\"},\"image\":{\"@id\":\"https:\\\/\\\/gastronomicament.cat\\\/ca\\\/una-tardor-de-bons-menus-amb-la-mostra-de-cuines-de-calvia#primaryimage\"},\"thumbnailUrl\":\"https:\\\/\\\/gastronomicament.cat\\\/wp-content\\\/uploads\\\/2023\\\/10\\\/Mostra-Cuines-Calvia-2023-octubre.jpg\",\"datePublished\":\"2023-10-03T08:28:29+00:00\",\"description\":\"Una tardor de bons men\u00fas amb la Mostra de Cuines de Calvi\u00e0 Actualitat, Fires i rutes Una desena de restaurants de Peguera, Calvi\u00e0, es Capdell\u00e0, el Toro, Son Ferrer oferiran men\u00fas especials del 6 al 8 d\u2019octubre\",\"inLanguage\":\"ca-ES\",\"potentialAction\":[{\"@type\":\"ReadAction\",\"target\":[\"https:\\\/\\\/gastronomicament.cat\\\/ca\\\/una-tardor-de-bons-menus-amb-la-mostra-de-cuines-de-calvia\"]}]},{\"@type\":\"ImageObject\",\"inLanguage\":\"ca-ES\",\"@id\":\"https:\\\/\\\/gastronomicament.cat\\\/ca\\\/una-tardor-de-bons-menus-amb-la-mostra-de-cuines-de-calvia#primaryimage\",\"url\":\"https:\\\/\\\/gastronomicament.cat\\\/wp-content\\\/uploads\\\/2023\\\/10\\\/Mostra-Cuines-Calvia-2023-octubre.jpg\",\"contentUrl\":\"https:\\\/\\\/gastronomicament.cat\\\/wp-content\\\/uploads\\\/2023\\\/10\\\/Mostra-Cuines-Calvia-2023-octubre.jpg\",\"width\":1254,\"height\":704},{\"@type\":\"WebSite\",\"@id\":\"https:\\\/\\\/gastronomicament.cat\\\/ca\\\/#website\",\"url\":\"https:\\\/\\\/gastronomicament.cat\\\/ca\\\/\",\"name\":\"Gastron\u00f2micament\",\"description\":\"Portal de restaurants, receptes i actualitat gastron\u00f2mica\",\"publisher\":{\"@id\":\"https:\\\/\\\/gastronomicament.cat\\\/ca\\\/#organization\"},\"potentialAction\":[{\"@type\":\"SearchAction\",\"target\":{\"@type\":\"EntryPoint\",\"urlTemplate\":\"https:\\\/\\\/gastronomicament.cat\\\/ca\\\/?s={search_term_string}\"},\"query-input\":{\"@type\":\"PropertyValueSpecification\",\"valueRequired\":true,\"valueName\":\"search_term_string\"}}],\"inLanguage\":\"ca-ES\"},{\"@type\":\"Organization\",\"@id\":\"https:\\\/\\\/gastronomicament.cat\\\/ca\\\/#organization\",\"name\":\"Gastron\u00f2micament\",\"url\":\"https:\\\/\\\/gastronomicament.cat\\\/ca\\\/\",\"logo\":{\"@type\":\"ImageObject\",\"inLanguage\":\"ca-ES\",\"@id\":\"https:\\\/\\\/gastronomicament.cat\\\/ca\\\/#\\\/schema\\\/logo\\\/image\\\/\",\"url\":\"https:\\\/\\\/gastronomicament.cat\\\/wp-content\\\/uploads\\\/2016\\\/09\\\/header-logo.jpg\",\"contentUrl\":\"https:\\\/\\\/gastronomicament.cat\\\/wp-content\\\/uploads\\\/2016\\\/09\\\/header-logo.jpg\",\"width\":277,\"height\":39,\"caption\":\"Gastron\u00f2micament\"},\"image\":{\"@id\":\"https:\\\/\\\/gastronomicament.cat\\\/ca\\\/#\\\/schema\\\/logo\\\/image\\\/\"},\"sameAs\":[\"https:\\\/\\\/x.com\\\/gastronomicamen\"]},{\"@type\":\"Person\",\"@id\":\"https:\\\/\\\/gastronomicament.cat\\\/ca\\\/#\\\/schema\\\/person\\\/a7c85c537a1ed62799a5b8e0f686a37f\",\"name\":\"Redacci\u00f3\",\"image\":{\"@type\":\"ImageObject\",\"inLanguage\":\"ca-ES\",\"@id\":\"https:\\\/\\\/secure.gravatar.com\\\/avatar\\\/9489a485c464fd611d33825daae651d13db70c4e74c65c94937a15a9d4c3ee14?s=96&d=mm&r=g69fea3cce3645dfa2166e7293e22955e\",\"url\":\"https:\\\/\\\/secure.gravatar.com\\\/avatar\\\/9489a485c464fd611d33825daae651d13db70c4e74c65c94937a15a9d4c3ee14?s=96&d=mm&r=g\",\"contentUrl\":\"https:\\\/\\\/secure.gravatar.com\\\/avatar\\\/9489a485c464fd611d33825daae651d13db70c4e74c65c94937a15a9d4c3ee14?s=96&d=mm&r=g\",\"caption\":\"Redacci\u00f3\"},\"sameAs\":[\"http:\\\/\\\/gastronomicament.cat\"],\"url\":\"https:\\\/\\\/gastronomicament.cat\\\/ca\\\/author\\\/admin\"}]}<\/script>\n<!-- \/ Yoast SEO plugin. -->","yoast_head_json":{"title":"Una tardor de bons men\u00fas amb la Mostra de Cuines de Calvi\u00e0 - Gastron\u00f2micament","description":"Una tardor de bons men\u00fas amb la Mostra de Cuines de Calvi\u00e0 Actualitat, Fires i rutes Una desena de restaurants de Peguera, Calvi\u00e0, es Capdell\u00e0, el Toro, Son Ferrer oferiran men\u00fas especials del 6 al 8 d\u2019octubre","robots":{"index":"index","follow":"follow","max-snippet":"max-snippet:-1","max-image-preview":"max-image-preview:large","max-video-preview":"max-video-preview:-1"},"canonical":"https:\/\/gastronomicament.cat\/ca\/una-tardor-de-bons-menus-amb-la-mostra-de-cuines-de-calvia","og_locale":"ca_ES","og_type":"article","og_title":"Una tardor de bons men\u00fas amb la Mostra de Cuines de Calvi\u00e0 - Gastron\u00f2micament","og_description":"Una tardor de bons men\u00fas amb la Mostra de Cuines de Calvi\u00e0 Actualitat, Fires i rutes Una desena de restaurants de Peguera, Calvi\u00e0, es Capdell\u00e0, el Toro, Son Ferrer oferiran men\u00fas especials del 6 al 8 d\u2019octubre","og_url":"https:\/\/gastronomicament.cat\/ca\/una-tardor-de-bons-menus-amb-la-mostra-de-cuines-de-calvia","og_site_name":"Gastron\u00f2micament","article_published_time":"2023-10-03T08:28:29+00:00","og_image":[{"width":1254,"height":704,"url":"https:\/\/gastronomicament.cat\/wp-content\/uploads\/2023\/10\/Mostra-Cuines-Calvia-2023-octubre.jpg","type":"image\/jpeg"}],"author":"Redacci\u00f3","twitter_card":"summary_large_image","twitter_creator":"@gastronomicamen","twitter_site":"@gastronomicamen","twitter_misc":{"Written by":"Redacci\u00f3","Est. reading time":"3 minutes"},"schema":{"@context":"https:\/\/schema.org","@graph":[{"@type":"Article","@id":"https:\/\/gastronomicament.cat\/ca\/una-tardor-de-bons-menus-amb-la-mostra-de-cuines-de-calvia#article","isPartOf":{"@id":"https:\/\/gastronomicament.cat\/ca\/una-tardor-de-bons-menus-amb-la-mostra-de-cuines-de-calvia"},"author":{"name":"Redacci\u00f3","@id":"https:\/\/gastronomicament.cat\/ca\/#\/schema\/person\/a7c85c537a1ed62799a5b8e0f686a37f"},"headline":"Una tardor de bons men\u00fas amb la Mostra de Cuines de Calvi\u00e0","datePublished":"2023-10-03T08:28:29+00:00","mainEntityOfPage":{"@id":"https:\/\/gastronomicament.cat\/ca\/una-tardor-de-bons-menus-amb-la-mostra-de-cuines-de-calvia"},"wordCount":516,"commentCount":0,"publisher":{"@id":"https:\/\/gastronomicament.cat\/ca\/#organization"},"image":{"@id":"https:\/\/gastronomicament.cat\/ca\/una-tardor-de-bons-menus-amb-la-mostra-de-cuines-de-calvia#primaryimage"},"thumbnailUrl":"https:\/\/gastronomicament.cat\/wp-content\/uploads\/2023\/10\/Mostra-Cuines-Calvia-2023-octubre.jpg","articleSection":["Actualitat","Fires i rutes"],"inLanguage":"ca-ES","potentialAction":[{"@type":"CommentAction","name":"Comment","target":["https:\/\/gastronomicament.cat\/ca\/una-tardor-de-bons-menus-amb-la-mostra-de-cuines-de-calvia#respond"]}]},{"@type":"WebPage","@id":"https:\/\/gastronomicament.cat\/ca\/una-tardor-de-bons-menus-amb-la-mostra-de-cuines-de-calvia","url":"https:\/\/gastronomicament.cat\/ca\/una-tardor-de-bons-menus-amb-la-mostra-de-cuines-de-calvia","name":"Una tardor de bons men\u00fas amb la Mostra de Cuines de Calvi\u00e0 - Gastron\u00f2micament","isPartOf":{"@id":"https:\/\/gastronomicament.cat\/ca\/#website"},"primaryImageOfPage":{"@id":"https:\/\/gastronomicament.cat\/ca\/una-tardor-de-bons-menus-amb-la-mostra-de-cuines-de-calvia#primaryimage"},"image":{"@id":"https:\/\/gastronomicament.cat\/ca\/una-tardor-de-bons-menus-amb-la-mostra-de-cuines-de-calvia#primaryimage"},"thumbnailUrl":"https:\/\/gastronomicament.cat\/wp-content\/uploads\/2023\/10\/Mostra-Cuines-Calvia-2023-octubre.jpg","datePublished":"2023-10-03T08:28:29+00:00","description":"Una tardor de bons men\u00fas amb la Mostra de Cuines de Calvi\u00e0 Actualitat, Fires i rutes Una desena de restaurants de Peguera, Calvi\u00e0, es Capdell\u00e0, el Toro, Son Ferrer oferiran men\u00fas especials del 6 al 8 d\u2019octubre","inLanguage":"ca-ES","potentialAction":[{"@type":"ReadAction","target":["https:\/\/gastronomicament.cat\/ca\/una-tardor-de-bons-menus-amb-la-mostra-de-cuines-de-calvia"]}]},{"@type":"ImageObject","inLanguage":"ca-ES","@id":"https:\/\/gastronomicament.cat\/ca\/una-tardor-de-bons-menus-amb-la-mostra-de-cuines-de-calvia#primaryimage","url":"https:\/\/gastronomicament.cat\/wp-content\/uploads\/2023\/10\/Mostra-Cuines-Calvia-2023-octubre.jpg","contentUrl":"https:\/\/gastronomicament.cat\/wp-content\/uploads\/2023\/10\/Mostra-Cuines-Calvia-2023-octubre.jpg","width":1254,"height":704},{"@type":"WebSite","@id":"https:\/\/gastronomicament.cat\/ca\/#website","url":"https:\/\/gastronomicament.cat\/ca\/","name":"Gastron\u00f2micament","description":"Portal de restaurants, receptes i actualitat gastron\u00f2mica","publisher":{"@id":"https:\/\/gastronomicament.cat\/ca\/#organization"},"potentialAction":[{"@type":"SearchAction","target":{"@type":"EntryPoint","urlTemplate":"https:\/\/gastronomicament.cat\/ca\/?s={search_term_string}"},"query-input":{"@type":"PropertyValueSpecification","valueRequired":true,"valueName":"search_term_string"}}],"inLanguage":"ca-ES"},{"@type":"Organization","@id":"https:\/\/gastronomicament.cat\/ca\/#organization","name":"Gastron\u00f2micament","url":"https:\/\/gastronomicament.cat\/ca\/","logo":{"@type":"ImageObject","inLanguage":"ca-ES","@id":"https:\/\/gastronomicament.cat\/ca\/#\/schema\/logo\/image\/","url":"https:\/\/gastronomicament.cat\/wp-content\/uploads\/2016\/09\/header-logo.jpg","contentUrl":"https:\/\/gastronomicament.cat\/wp-content\/uploads\/2016\/09\/header-logo.jpg","width":277,"height":39,"caption":"Gastron\u00f2micament"},"image":{"@id":"https:\/\/gastronomicament.cat\/ca\/#\/schema\/logo\/image\/"},"sameAs":["https:\/\/x.com\/gastronomicamen"]},{"@type":"Person","@id":"https:\/\/gastronomicament.cat\/ca\/#\/schema\/person\/a7c85c537a1ed62799a5b8e0f686a37f","name":"Redacci\u00f3","image":{"@type":"ImageObject","inLanguage":"ca-ES","@id":"https:\/\/secure.gravatar.com\/avatar\/9489a485c464fd611d33825daae651d13db70c4e74c65c94937a15a9d4c3ee14?s=96&d=mm&r=g69fea3cce3645dfa2166e7293e22955e","url":"https:\/\/secure.gravatar.com\/avatar\/9489a485c464fd611d33825daae651d13db70c4e74c65c94937a15a9d4c3ee14?s=96&d=mm&r=g","contentUrl":"https:\/\/secure.gravatar.com\/avatar\/9489a485c464fd611d33825daae651d13db70c4e74c65c94937a15a9d4c3ee14?s=96&d=mm&r=g","caption":"Redacci\u00f3"},"sameAs":["http:\/\/gastronomicament.cat"],"url":"https:\/\/gastronomicament.cat\/ca\/author\/admin"}]}},"_links":{"self":[{"href":"https:\/\/gastronomicament.cat\/ca\/wp-json\/wp\/v2\/posts\/84191","targetHints":{"allow":["GET"]}}],"collection":[{"href":"https:\/\/gastronomicament.cat\/ca\/wp-json\/wp\/v2\/posts"}],"about":[{"href":"https:\/\/gastronomicament.cat\/ca\/wp-json\/wp\/v2\/types\/post"}],"author":[{"embeddable":true,"href":"https:\/\/gastronomicament.cat\/ca\/wp-json\/wp\/v2\/users\/1"}],"replies":[{"embeddable":true,"href":"https:\/\/gastronomicament.cat\/ca\/wp-json\/wp\/v2\/comments?post=84191"}],"version-history":[{"count":0,"href":"https:\/\/gastronomicament.cat\/ca\/wp-json\/wp\/v2\/posts\/84191\/revisions"}],"wp:featuredmedia":[{"embeddable":true,"href":"https:\/\/gastronomicament.cat\/ca\/wp-json\/wp\/v2\/media\/84192"}],"wp:attachment":[{"href":"https:\/\/gastronomicament.cat\/ca\/wp-json\/wp\/v2\/media?parent=84191"}],"wp:term":[{"taxonomy":"category","embeddable":true,"href":"https:\/\/gastronomicament.cat\/ca\/wp-json\/wp\/v2\/categories?post=84191"},{"taxonomy":"post_tag","embeddable":true,"href":"https:\/\/gastronomicament.cat\/ca\/wp-json\/wp\/v2\/tags?post=84191"},{"taxonomy":"author","embeddable":true,"href":"https:\/\/gastronomicament.cat\/ca\/wp-json\/wp\/v2\/coauthors?post=84191"}],"curies":[{"name":"wp","href":"https:\/\/api.w.org\/{rel}","templated":true}]}}