{"id":85473,"date":"2023-10-12T09:37:47","date_gmt":"2023-10-12T07:37:47","guid":{"rendered":"https:\/\/gastronomicament.cat\/?p=85473"},"modified":"2023-10-12T09:37:47","modified_gmt":"2023-10-12T07:37:47","slug":"tunel-presenta-el-primer-licor-dherbes-sense-alcohol","status":"publish","type":"post","link":"https:\/\/gastronomicament.cat\/ca\/tunel-presenta-el-primer-licor-dherbes-sense-alcohol","title":{"rendered":"T\u00fanel presenta el primer licor d&#8217;herbes sense alcohol"},"content":{"rendered":"<p>Aquest mes d&#8217;octubre,\u00a0<strong>T\u00fanel<\/strong>\u00a0presenta un producte nou. Es tracta del primer licor d&#8217;<strong>herbes sense alcohol<\/strong>\u00a0que surt al mercat.<\/p>\n<p>La beguda ha estat elaborada pel mestre artes\u00e0 destil\u00b7lador\u00a0<strong>Josep Maria Natta<\/strong>\u00a0i es presentar\u00e0 en societat el proper 17 d&#8217;octubre a les Destil\u00b7leries Antonio Nadal de Marratx\u00ed, i hi participar\u00e0 el cuiner Andreu Genestra.<\/p>\n<p>La presentaci\u00f3 s&#8217;emmarca en el\u00a0<strong>125 aniversari de la marca T\u00fanel<\/strong>, tot un referent en l&#8217;<strong>elaboraci\u00f3 de licors artesanals de Mallorca<\/strong>. Amb aquest nou producte, T\u00fanel es posa a l&#8217;<strong>avantguarda en les tend\u00e8ncies internacionals<\/strong>, ja que les grans firmes internacionals estan apostant cada vegada m\u00e9s per fer els productes sense alcohol. D&#8217;una banda, per arribar a m\u00e9s consumidors i, d&#8217;altra banda, perqu\u00e8 els permet anunciar-se a diferents canals i plataformes on la publicitat d&#8217;alcohol no \u00e9s permesa.<\/p>\n","protected":false},"excerpt":{"rendered":"<p>La presentaci\u00f3 del nou producte es fa en motiu del 125 aniversari de l&#8217;empresa<\/p>\n","protected":false},"author":1,"featured_media":85474,"comment_status":"open","ping_status":"closed","sticky":false,"template":"","format":"standard","meta":{"_acf_changed":false,"_swt_meta_header_display":false,"_swt_meta_footer_display":false,"_swt_meta_site_title_display":false,"_swt_meta_sticky_header":false,"_swt_meta_transparent_header":false,"footnotes":""},"categories":[692,955],"tags":[],"coauthors":[2053],"class_list":["post-85473","post","type-post","status-publish","format-standard","has-post-thumbnail","hentry","category-actualitat","category-reportatges-i-novetats"],"acf":{"gallery":null,"home_date":{"home_begin_date":null,"home_end_date":null}},"yoast_head":"<!-- This site is optimized with the Yoast SEO plugin v27.4 - https:\/\/yoast.com\/product\/yoast-seo-wordpress\/ -->\n<title>T\u00fanel presenta el primer licor d&#039;herbes sense alcohol - Gastron\u00f2micament<\/title>\n<meta name=\"description\" content=\"T\u00fanel presenta el primer licor d&#039;herbes sense alcohol Actualitat, Reportatges i novetats La presentaci\u00f3 del nou producte es fa en motiu del 125 aniversari de l&#039;empresa\" \/>\n<meta name=\"robots\" content=\"index, follow, max-snippet:-1, max-image-preview:large, max-video-preview:-1\" \/>\n<link rel=\"canonical\" href=\"https:\/\/gastronomicament.cat\/ca\/tunel-presenta-el-primer-licor-dherbes-sense-alcohol\" \/>\n<meta property=\"og:locale\" content=\"ca_ES\" \/>\n<meta property=\"og:type\" content=\"article\" \/>\n<meta property=\"og:title\" content=\"T\u00fanel presenta el primer licor d&#039;herbes sense alcohol - Gastron\u00f2micament\" \/>\n<meta property=\"og:description\" content=\"T\u00fanel presenta el primer licor d&#039;herbes sense alcohol Actualitat, Reportatges i novetats La presentaci\u00f3 del nou producte es fa en motiu del 125 aniversari de l&#039;empresa\" \/>\n<meta property=\"og:url\" content=\"https:\/\/gastronomicament.cat\/ca\/tunel-presenta-el-primer-licor-dherbes-sense-alcohol\" \/>\n<meta property=\"og:site_name\" content=\"Gastron\u00f2micament\" \/>\n<meta property=\"article:published_time\" content=\"2023-10-12T07:37:47+00:00\" \/>\n<meta property=\"og:image\" content=\"https:\/\/gastronomicament.cat\/wp-content\/uploads\/2023\/10\/herbes-sense-alcohol-Mallorca.png\" \/>\n\t<meta property=\"og:image:width\" content=\"623\" \/>\n\t<meta property=\"og:image:height\" content=\"341\" \/>\n\t<meta property=\"og:image:type\" content=\"image\/png\" \/>\n<meta name=\"author\" content=\"Redacci\u00f3\" \/>\n<meta name=\"twitter:card\" content=\"summary_large_image\" \/>\n<meta name=\"twitter:creator\" content=\"@gastronomicamen\" \/>\n<meta name=\"twitter:site\" content=\"@gastronomicamen\" \/>\n<meta name=\"twitter:label1\" content=\"Written by\" \/>\n\t<meta name=\"twitter:data1\" content=\"Redacci\u00f3\" \/>\n\t<meta name=\"twitter:label2\" content=\"Est. reading time\" \/>\n\t<meta name=\"twitter:data2\" content=\"1 minute\" \/>\n<script type=\"application\/ld+json\" class=\"yoast-schema-graph\">{\"@context\":\"https:\\\/\\\/schema.org\",\"@graph\":[{\"@type\":\"Article\",\"@id\":\"https:\\\/\\\/gastronomicament.cat\\\/ca\\\/tunel-presenta-el-primer-licor-dherbes-sense-alcohol#article\",\"isPartOf\":{\"@id\":\"https:\\\/\\\/gastronomicament.cat\\\/ca\\\/tunel-presenta-el-primer-licor-dherbes-sense-alcohol\"},\"author\":{\"name\":\"Redacci\u00f3\",\"@id\":\"https:\\\/\\\/gastronomicament.cat\\\/ca\\\/#\\\/schema\\\/person\\\/a7c85c537a1ed62799a5b8e0f686a37f\"},\"headline\":\"T\u00fanel presenta el primer licor d&#8217;herbes sense alcohol\",\"datePublished\":\"2023-10-12T07:37:47+00:00\",\"mainEntityOfPage\":{\"@id\":\"https:\\\/\\\/gastronomicament.cat\\\/ca\\\/tunel-presenta-el-primer-licor-dherbes-sense-alcohol\"},\"wordCount\":147,\"commentCount\":0,\"publisher\":{\"@id\":\"https:\\\/\\\/gastronomicament.cat\\\/ca\\\/#organization\"},\"image\":{\"@id\":\"https:\\\/\\\/gastronomicament.cat\\\/ca\\\/tunel-presenta-el-primer-licor-dherbes-sense-alcohol#primaryimage\"},\"thumbnailUrl\":\"https:\\\/\\\/gastronomicament.cat\\\/wp-content\\\/uploads\\\/2023\\\/10\\\/herbes-sense-alcohol-Mallorca.png\",\"articleSection\":[\"Actualitat\",\"Reportatges i novetats\"],\"inLanguage\":\"ca-ES\",\"potentialAction\":[{\"@type\":\"CommentAction\",\"name\":\"Comment\",\"target\":[\"https:\\\/\\\/gastronomicament.cat\\\/ca\\\/tunel-presenta-el-primer-licor-dherbes-sense-alcohol#respond\"]}]},{\"@type\":\"WebPage\",\"@id\":\"https:\\\/\\\/gastronomicament.cat\\\/ca\\\/tunel-presenta-el-primer-licor-dherbes-sense-alcohol\",\"url\":\"https:\\\/\\\/gastronomicament.cat\\\/ca\\\/tunel-presenta-el-primer-licor-dherbes-sense-alcohol\",\"name\":\"T\u00fanel presenta el primer licor d'herbes sense alcohol - Gastron\u00f2micament\",\"isPartOf\":{\"@id\":\"https:\\\/\\\/gastronomicament.cat\\\/ca\\\/#website\"},\"primaryImageOfPage\":{\"@id\":\"https:\\\/\\\/gastronomicament.cat\\\/ca\\\/tunel-presenta-el-primer-licor-dherbes-sense-alcohol#primaryimage\"},\"image\":{\"@id\":\"https:\\\/\\\/gastronomicament.cat\\\/ca\\\/tunel-presenta-el-primer-licor-dherbes-sense-alcohol#primaryimage\"},\"thumbnailUrl\":\"https:\\\/\\\/gastronomicament.cat\\\/wp-content\\\/uploads\\\/2023\\\/10\\\/herbes-sense-alcohol-Mallorca.png\",\"datePublished\":\"2023-10-12T07:37:47+00:00\",\"description\":\"T\u00fanel presenta el primer licor d'herbes sense alcohol Actualitat, Reportatges i novetats La presentaci\u00f3 del nou producte es fa en motiu del 125 aniversari de l'empresa\",\"inLanguage\":\"ca-ES\",\"potentialAction\":[{\"@type\":\"ReadAction\",\"target\":[\"https:\\\/\\\/gastronomicament.cat\\\/ca\\\/tunel-presenta-el-primer-licor-dherbes-sense-alcohol\"]}]},{\"@type\":\"ImageObject\",\"inLanguage\":\"ca-ES\",\"@id\":\"https:\\\/\\\/gastronomicament.cat\\\/ca\\\/tunel-presenta-el-primer-licor-dherbes-sense-alcohol#primaryimage\",\"url\":\"https:\\\/\\\/gastronomicament.cat\\\/wp-content\\\/uploads\\\/2023\\\/10\\\/herbes-sense-alcohol-Mallorca.png\",\"contentUrl\":\"https:\\\/\\\/gastronomicament.cat\\\/wp-content\\\/uploads\\\/2023\\\/10\\\/herbes-sense-alcohol-Mallorca.png\",\"width\":623,\"height\":341},{\"@type\":\"WebSite\",\"@id\":\"https:\\\/\\\/gastronomicament.cat\\\/ca\\\/#website\",\"url\":\"https:\\\/\\\/gastronomicament.cat\\\/ca\\\/\",\"name\":\"Gastron\u00f2micament\",\"description\":\"Portal de restaurants, receptes i actualitat gastron\u00f2mica\",\"publisher\":{\"@id\":\"https:\\\/\\\/gastronomicament.cat\\\/ca\\\/#organization\"},\"potentialAction\":[{\"@type\":\"SearchAction\",\"target\":{\"@type\":\"EntryPoint\",\"urlTemplate\":\"https:\\\/\\\/gastronomicament.cat\\\/ca\\\/?s={search_term_string}\"},\"query-input\":{\"@type\":\"PropertyValueSpecification\",\"valueRequired\":true,\"valueName\":\"search_term_string\"}}],\"inLanguage\":\"ca-ES\"},{\"@type\":\"Organization\",\"@id\":\"https:\\\/\\\/gastronomicament.cat\\\/ca\\\/#organization\",\"name\":\"Gastron\u00f2micament\",\"url\":\"https:\\\/\\\/gastronomicament.cat\\\/ca\\\/\",\"logo\":{\"@type\":\"ImageObject\",\"inLanguage\":\"ca-ES\",\"@id\":\"https:\\\/\\\/gastronomicament.cat\\\/ca\\\/#\\\/schema\\\/logo\\\/image\\\/\",\"url\":\"https:\\\/\\\/gastronomicament.cat\\\/wp-content\\\/uploads\\\/2016\\\/09\\\/header-logo.jpg\",\"contentUrl\":\"https:\\\/\\\/gastronomicament.cat\\\/wp-content\\\/uploads\\\/2016\\\/09\\\/header-logo.jpg\",\"width\":277,\"height\":39,\"caption\":\"Gastron\u00f2micament\"},\"image\":{\"@id\":\"https:\\\/\\\/gastronomicament.cat\\\/ca\\\/#\\\/schema\\\/logo\\\/image\\\/\"},\"sameAs\":[\"https:\\\/\\\/x.com\\\/gastronomicamen\"]},{\"@type\":\"Person\",\"@id\":\"https:\\\/\\\/gastronomicament.cat\\\/ca\\\/#\\\/schema\\\/person\\\/a7c85c537a1ed62799a5b8e0f686a37f\",\"name\":\"Redacci\u00f3\",\"image\":{\"@type\":\"ImageObject\",\"inLanguage\":\"ca-ES\",\"@id\":\"https:\\\/\\\/secure.gravatar.com\\\/avatar\\\/9489a485c464fd611d33825daae651d13db70c4e74c65c94937a15a9d4c3ee14?s=96&d=mm&r=g69fea3cce3645dfa2166e7293e22955e\",\"url\":\"https:\\\/\\\/secure.gravatar.com\\\/avatar\\\/9489a485c464fd611d33825daae651d13db70c4e74c65c94937a15a9d4c3ee14?s=96&d=mm&r=g\",\"contentUrl\":\"https:\\\/\\\/secure.gravatar.com\\\/avatar\\\/9489a485c464fd611d33825daae651d13db70c4e74c65c94937a15a9d4c3ee14?s=96&d=mm&r=g\",\"caption\":\"Redacci\u00f3\"},\"sameAs\":[\"http:\\\/\\\/gastronomicament.cat\"],\"url\":\"https:\\\/\\\/gastronomicament.cat\\\/ca\\\/author\\\/admin\"}]}<\/script>\n<!-- \/ Yoast SEO plugin. -->","yoast_head_json":{"title":"T\u00fanel presenta el primer licor d'herbes sense alcohol - Gastron\u00f2micament","description":"T\u00fanel presenta el primer licor d'herbes sense alcohol Actualitat, Reportatges i novetats La presentaci\u00f3 del nou producte es fa en motiu del 125 aniversari de l'empresa","robots":{"index":"index","follow":"follow","max-snippet":"max-snippet:-1","max-image-preview":"max-image-preview:large","max-video-preview":"max-video-preview:-1"},"canonical":"https:\/\/gastronomicament.cat\/ca\/tunel-presenta-el-primer-licor-dherbes-sense-alcohol","og_locale":"ca_ES","og_type":"article","og_title":"T\u00fanel presenta el primer licor d'herbes sense alcohol - Gastron\u00f2micament","og_description":"T\u00fanel presenta el primer licor d'herbes sense alcohol Actualitat, Reportatges i novetats La presentaci\u00f3 del nou producte es fa en motiu del 125 aniversari de l'empresa","og_url":"https:\/\/gastronomicament.cat\/ca\/tunel-presenta-el-primer-licor-dherbes-sense-alcohol","og_site_name":"Gastron\u00f2micament","article_published_time":"2023-10-12T07:37:47+00:00","og_image":[{"width":623,"height":341,"url":"https:\/\/gastronomicament.cat\/wp-content\/uploads\/2023\/10\/herbes-sense-alcohol-Mallorca.png","type":"image\/png"}],"author":"Redacci\u00f3","twitter_card":"summary_large_image","twitter_creator":"@gastronomicamen","twitter_site":"@gastronomicamen","twitter_misc":{"Written by":"Redacci\u00f3","Est. reading time":"1 minute"},"schema":{"@context":"https:\/\/schema.org","@graph":[{"@type":"Article","@id":"https:\/\/gastronomicament.cat\/ca\/tunel-presenta-el-primer-licor-dherbes-sense-alcohol#article","isPartOf":{"@id":"https:\/\/gastronomicament.cat\/ca\/tunel-presenta-el-primer-licor-dherbes-sense-alcohol"},"author":{"name":"Redacci\u00f3","@id":"https:\/\/gastronomicament.cat\/ca\/#\/schema\/person\/a7c85c537a1ed62799a5b8e0f686a37f"},"headline":"T\u00fanel presenta el primer licor d&#8217;herbes sense alcohol","datePublished":"2023-10-12T07:37:47+00:00","mainEntityOfPage":{"@id":"https:\/\/gastronomicament.cat\/ca\/tunel-presenta-el-primer-licor-dherbes-sense-alcohol"},"wordCount":147,"commentCount":0,"publisher":{"@id":"https:\/\/gastronomicament.cat\/ca\/#organization"},"image":{"@id":"https:\/\/gastronomicament.cat\/ca\/tunel-presenta-el-primer-licor-dherbes-sense-alcohol#primaryimage"},"thumbnailUrl":"https:\/\/gastronomicament.cat\/wp-content\/uploads\/2023\/10\/herbes-sense-alcohol-Mallorca.png","articleSection":["Actualitat","Reportatges i novetats"],"inLanguage":"ca-ES","potentialAction":[{"@type":"CommentAction","name":"Comment","target":["https:\/\/gastronomicament.cat\/ca\/tunel-presenta-el-primer-licor-dherbes-sense-alcohol#respond"]}]},{"@type":"WebPage","@id":"https:\/\/gastronomicament.cat\/ca\/tunel-presenta-el-primer-licor-dherbes-sense-alcohol","url":"https:\/\/gastronomicament.cat\/ca\/tunel-presenta-el-primer-licor-dherbes-sense-alcohol","name":"T\u00fanel presenta el primer licor d'herbes sense alcohol - Gastron\u00f2micament","isPartOf":{"@id":"https:\/\/gastronomicament.cat\/ca\/#website"},"primaryImageOfPage":{"@id":"https:\/\/gastronomicament.cat\/ca\/tunel-presenta-el-primer-licor-dherbes-sense-alcohol#primaryimage"},"image":{"@id":"https:\/\/gastronomicament.cat\/ca\/tunel-presenta-el-primer-licor-dherbes-sense-alcohol#primaryimage"},"thumbnailUrl":"https:\/\/gastronomicament.cat\/wp-content\/uploads\/2023\/10\/herbes-sense-alcohol-Mallorca.png","datePublished":"2023-10-12T07:37:47+00:00","description":"T\u00fanel presenta el primer licor d'herbes sense alcohol Actualitat, Reportatges i novetats La presentaci\u00f3 del nou producte es fa en motiu del 125 aniversari de l'empresa","inLanguage":"ca-ES","potentialAction":[{"@type":"ReadAction","target":["https:\/\/gastronomicament.cat\/ca\/tunel-presenta-el-primer-licor-dherbes-sense-alcohol"]}]},{"@type":"ImageObject","inLanguage":"ca-ES","@id":"https:\/\/gastronomicament.cat\/ca\/tunel-presenta-el-primer-licor-dherbes-sense-alcohol#primaryimage","url":"https:\/\/gastronomicament.cat\/wp-content\/uploads\/2023\/10\/herbes-sense-alcohol-Mallorca.png","contentUrl":"https:\/\/gastronomicament.cat\/wp-content\/uploads\/2023\/10\/herbes-sense-alcohol-Mallorca.png","width":623,"height":341},{"@type":"WebSite","@id":"https:\/\/gastronomicament.cat\/ca\/#website","url":"https:\/\/gastronomicament.cat\/ca\/","name":"Gastron\u00f2micament","description":"Portal de restaurants, receptes i actualitat gastron\u00f2mica","publisher":{"@id":"https:\/\/gastronomicament.cat\/ca\/#organization"},"potentialAction":[{"@type":"SearchAction","target":{"@type":"EntryPoint","urlTemplate":"https:\/\/gastronomicament.cat\/ca\/?s={search_term_string}"},"query-input":{"@type":"PropertyValueSpecification","valueRequired":true,"valueName":"search_term_string"}}],"inLanguage":"ca-ES"},{"@type":"Organization","@id":"https:\/\/gastronomicament.cat\/ca\/#organization","name":"Gastron\u00f2micament","url":"https:\/\/gastronomicament.cat\/ca\/","logo":{"@type":"ImageObject","inLanguage":"ca-ES","@id":"https:\/\/gastronomicament.cat\/ca\/#\/schema\/logo\/image\/","url":"https:\/\/gastronomicament.cat\/wp-content\/uploads\/2016\/09\/header-logo.jpg","contentUrl":"https:\/\/gastronomicament.cat\/wp-content\/uploads\/2016\/09\/header-logo.jpg","width":277,"height":39,"caption":"Gastron\u00f2micament"},"image":{"@id":"https:\/\/gastronomicament.cat\/ca\/#\/schema\/logo\/image\/"},"sameAs":["https:\/\/x.com\/gastronomicamen"]},{"@type":"Person","@id":"https:\/\/gastronomicament.cat\/ca\/#\/schema\/person\/a7c85c537a1ed62799a5b8e0f686a37f","name":"Redacci\u00f3","image":{"@type":"ImageObject","inLanguage":"ca-ES","@id":"https:\/\/secure.gravatar.com\/avatar\/9489a485c464fd611d33825daae651d13db70c4e74c65c94937a15a9d4c3ee14?s=96&d=mm&r=g69fea3cce3645dfa2166e7293e22955e","url":"https:\/\/secure.gravatar.com\/avatar\/9489a485c464fd611d33825daae651d13db70c4e74c65c94937a15a9d4c3ee14?s=96&d=mm&r=g","contentUrl":"https:\/\/secure.gravatar.com\/avatar\/9489a485c464fd611d33825daae651d13db70c4e74c65c94937a15a9d4c3ee14?s=96&d=mm&r=g","caption":"Redacci\u00f3"},"sameAs":["http:\/\/gastronomicament.cat"],"url":"https:\/\/gastronomicament.cat\/ca\/author\/admin"}]}},"_links":{"self":[{"href":"https:\/\/gastronomicament.cat\/ca\/wp-json\/wp\/v2\/posts\/85473","targetHints":{"allow":["GET"]}}],"collection":[{"href":"https:\/\/gastronomicament.cat\/ca\/wp-json\/wp\/v2\/posts"}],"about":[{"href":"https:\/\/gastronomicament.cat\/ca\/wp-json\/wp\/v2\/types\/post"}],"author":[{"embeddable":true,"href":"https:\/\/gastronomicament.cat\/ca\/wp-json\/wp\/v2\/users\/1"}],"replies":[{"embeddable":true,"href":"https:\/\/gastronomicament.cat\/ca\/wp-json\/wp\/v2\/comments?post=85473"}],"version-history":[{"count":0,"href":"https:\/\/gastronomicament.cat\/ca\/wp-json\/wp\/v2\/posts\/85473\/revisions"}],"wp:featuredmedia":[{"embeddable":true,"href":"https:\/\/gastronomicament.cat\/ca\/wp-json\/wp\/v2\/media\/85474"}],"wp:attachment":[{"href":"https:\/\/gastronomicament.cat\/ca\/wp-json\/wp\/v2\/media?parent=85473"}],"wp:term":[{"taxonomy":"category","embeddable":true,"href":"https:\/\/gastronomicament.cat\/ca\/wp-json\/wp\/v2\/categories?post=85473"},{"taxonomy":"post_tag","embeddable":true,"href":"https:\/\/gastronomicament.cat\/ca\/wp-json\/wp\/v2\/tags?post=85473"},{"taxonomy":"author","embeddable":true,"href":"https:\/\/gastronomicament.cat\/ca\/wp-json\/wp\/v2\/coauthors?post=85473"}],"curies":[{"name":"wp","href":"https:\/\/api.w.org\/{rel}","templated":true}]}}