{"id":8573,"date":"2013-09-01T11:58:48","date_gmt":"2013-09-01T09:58:48","guid":{"rendered":"http:\/\/gastronomicament.cat\/?p=8573"},"modified":"2022-04-07T11:03:33","modified_gmt":"2022-04-07T09:03:33","slug":"concurs-mossegades-setembre-2013","status":"publish","type":"post","link":"https:\/\/gastronomicament.cat\/ca\/concurs-mossegades-setembre-2013","title":{"rendered":"Concurs Mossegades. Setembre 2013"},"content":{"rendered":"<p><strong>La recepta guanyadora \u00e9s: <a title=\"Entrep\u00e0 de tonyina, anxoves, pebrot i olives\" href=\"http:\/\/gastronomicament.cat\/entrepa-de-tonyina-anxoves-pebrot-i-olives\">Entrep\u00e0 de tonyina, anxoves, pebrot i olives<\/a>, de n&#8217;Eduard Llu\u00eds Palaus, amb 58 vots!<\/strong><\/p>\n<p>___________<br \/>\nArriba el setembre i s&#8217;acaben les vacances, de nou tornem a la feina i als estudis, de nou els entrepans ens acompanyen en el nostre dia a dia. Aquest mes volem con\u00e8ixer els vostres millors <strong>entrepans<\/strong>, aquells que per uns instants trenquen amb la rutina di\u00e0ria i ens ajuden a agafar forces.<\/p>\n<p>Publica la recepta al teu blog, omple el formulari d\u2019inscripci\u00f3 que tens m\u00e9s abaix abans de dia 20 de setembre i sorprent-nos a tots amb la teva recepta de gelat. El guanyador ser\u00e0 obsequiat amb:<\/p>\n<h4>PREMIS<\/h4>\n<ul>\n<li>Lot de productes gastron\u00f2mics de confitura, sobrassades, pat\u00e9 i oli verge extra.<\/li>\n<li>Una entrevista a l\u2019autor\/a que es publicar\u00e0 a la secci\u00f3 d\u2019Actualitat d\u2019Gastron\u00f2micament.cat.<\/li>\n<li>A m\u00e9s, la recepta guanyadora es publicar\u00e0 a la portada de Gastron\u00f2micament.cat durant una setmana i es difondr\u00e0 a trav\u00e9s del butllet\u00ed i xarxes socials que disposam.<\/li>\n<\/ul>\n<p>A partir de dia 21 i fins a final de mes tothom a votar!<\/p>\n<p>Podeu consultar les bases completes del concurs a:\u00a0<a href=\"http:\/\/gastronomicament.cat\/concurs-mossegades\" target=\"_blank\" rel=\"noopener\">http:\/\/gastronomicament.cat\/<wbr>concurs-mossegades<br \/>\n<\/wbr><\/a><\/p>\n<p><img decoding=\"async\" title=\"lotpremi\" src=\"http:\/\/gastronomicament.cat\/wp-content\/uploads\/2013\/01\/lotpremi-1024x359.jpg\" alt=\"\" width=\"640\" height=\"224\" \/><\/p>\n<pre>Imatge orientativa. Alguns dels productes poden variar segons disponibilitat.<\/pre>\n<p><!--more--><\/p>\n","protected":false},"excerpt":{"rendered":"<p>La recepta guanyadora \u00e9s: Entrep\u00e0 de tonyina, anxoves, pebrot i olives, de n&#8217;Eduard Llu\u00eds Palaus, amb&hellip;<\/p>\n","protected":false},"author":1,"featured_media":8576,"comment_status":"open","ping_status":"closed","sticky":false,"template":"","format":"standard","meta":{"_acf_changed":false,"_swt_meta_header_display":false,"_swt_meta_footer_display":false,"_swt_meta_site_title_display":false,"_swt_meta_sticky_header":false,"_swt_meta_transparent_header":false,"footnotes":""},"categories":[692,725],"tags":[],"coauthors":[],"class_list":["post-8573","post","type-post","status-publish","format-standard","has-post-thumbnail","hentry","category-actualitat","category-mossegades"],"acf":{"gallery":null,"home_date":{"home_begin_date":null,"home_end_date":null}},"yoast_head":"<!-- This site is optimized with the Yoast SEO plugin v27.4 - https:\/\/yoast.com\/product\/yoast-seo-wordpress\/ -->\n<title>Concurs Mossegades. Setembre 2013. Receptes d&#039;entrepans<\/title>\n<meta name=\"description\" content=\"Concurs Mossegades. Setembre 2013 \/ Concurs de receptes entrepans \/ Concurs de cuina \/ Concurso de recetas de bocadillos \/ Concurso de cocina \/ Sandwitch Recipes\" \/>\n<meta name=\"robots\" content=\"index, follow, max-snippet:-1, max-image-preview:large, max-video-preview:-1\" \/>\n<link rel=\"canonical\" href=\"https:\/\/gastronomicament.cat\/ca\/concurs-mossegades-setembre-2013\" \/>\n<meta property=\"og:locale\" content=\"ca_ES\" \/>\n<meta property=\"og:type\" content=\"article\" \/>\n<meta property=\"og:title\" content=\"Concurs Mossegades. Setembre 2013. Receptes d&#039;entrepans\" \/>\n<meta property=\"og:description\" content=\"Concurs Mossegades. Setembre 2013 \/ Concurs de receptes entrepans \/ Concurs de cuina \/ Concurso de recetas de bocadillos \/ Concurso de cocina \/ Sandwitch Recipes\" \/>\n<meta property=\"og:url\" content=\"https:\/\/gastronomicament.cat\/ca\/concurs-mossegades-setembre-2013\" \/>\n<meta property=\"og:site_name\" content=\"Gastron\u00f2micament\" \/>\n<meta property=\"article:published_time\" content=\"2013-09-01T09:58:48+00:00\" \/>\n<meta property=\"article:modified_time\" content=\"2022-04-07T09:03:33+00:00\" \/>\n<meta property=\"og:image\" content=\"https:\/\/gastronomicament.cat\/wp-content\/uploads\/2013\/09\/entrepans.jpg\" \/>\n\t<meta property=\"og:image:width\" content=\"640\" \/>\n\t<meta property=\"og:image:height\" content=\"300\" \/>\n\t<meta property=\"og:image:type\" content=\"image\/jpeg\" \/>\n<meta name=\"author\" content=\"Redacci\u00f3\" \/>\n<meta name=\"twitter:card\" content=\"summary_large_image\" \/>\n<meta name=\"twitter:creator\" content=\"@gastronomicamen\" \/>\n<meta name=\"twitter:site\" content=\"@gastronomicamen\" \/>\n<meta name=\"twitter:label1\" content=\"Written by\" \/>\n\t<meta name=\"twitter:data1\" content=\"Redacci\u00f3\" \/>\n\t<meta name=\"twitter:label2\" content=\"Est. reading time\" \/>\n\t<meta name=\"twitter:data2\" content=\"1 minute\" \/>\n<script type=\"application\/ld+json\" class=\"yoast-schema-graph\">{\"@context\":\"https:\\\/\\\/schema.org\",\"@graph\":[{\"@type\":\"Article\",\"@id\":\"https:\\\/\\\/gastronomicament.cat\\\/ca\\\/concurs-mossegades-setembre-2013#article\",\"isPartOf\":{\"@id\":\"https:\\\/\\\/gastronomicament.cat\\\/ca\\\/concurs-mossegades-setembre-2013\"},\"author\":{\"name\":\"Redacci\u00f3\",\"@id\":\"https:\\\/\\\/gastronomicament.cat\\\/ca\\\/#\\\/schema\\\/person\\\/a7c85c537a1ed62799a5b8e0f686a37f\"},\"headline\":\"Concurs Mossegades. Setembre 2013\",\"datePublished\":\"2013-09-01T09:58:48+00:00\",\"dateModified\":\"2022-04-07T09:03:33+00:00\",\"mainEntityOfPage\":{\"@id\":\"https:\\\/\\\/gastronomicament.cat\\\/ca\\\/concurs-mossegades-setembre-2013\"},\"wordCount\":199,\"commentCount\":0,\"publisher\":{\"@id\":\"https:\\\/\\\/gastronomicament.cat\\\/ca\\\/#organization\"},\"image\":{\"@id\":\"https:\\\/\\\/gastronomicament.cat\\\/ca\\\/concurs-mossegades-setembre-2013#primaryimage\"},\"thumbnailUrl\":\"https:\\\/\\\/gastronomicament.cat\\\/wp-content\\\/uploads\\\/2013\\\/09\\\/entrepans.jpg\",\"articleSection\":[\"Actualitat\",\"Mossegades\"],\"inLanguage\":\"ca-ES\",\"potentialAction\":[{\"@type\":\"CommentAction\",\"name\":\"Comment\",\"target\":[\"https:\\\/\\\/gastronomicament.cat\\\/ca\\\/concurs-mossegades-setembre-2013#respond\"]}]},{\"@type\":\"WebPage\",\"@id\":\"https:\\\/\\\/gastronomicament.cat\\\/ca\\\/concurs-mossegades-setembre-2013\",\"url\":\"https:\\\/\\\/gastronomicament.cat\\\/ca\\\/concurs-mossegades-setembre-2013\",\"name\":\"Concurs Mossegades. Setembre 2013. Receptes d'entrepans\",\"isPartOf\":{\"@id\":\"https:\\\/\\\/gastronomicament.cat\\\/ca\\\/#website\"},\"primaryImageOfPage\":{\"@id\":\"https:\\\/\\\/gastronomicament.cat\\\/ca\\\/concurs-mossegades-setembre-2013#primaryimage\"},\"image\":{\"@id\":\"https:\\\/\\\/gastronomicament.cat\\\/ca\\\/concurs-mossegades-setembre-2013#primaryimage\"},\"thumbnailUrl\":\"https:\\\/\\\/gastronomicament.cat\\\/wp-content\\\/uploads\\\/2013\\\/09\\\/entrepans.jpg\",\"datePublished\":\"2013-09-01T09:58:48+00:00\",\"dateModified\":\"2022-04-07T09:03:33+00:00\",\"description\":\"Concurs Mossegades. Setembre 2013 \\\/ Concurs de receptes entrepans \\\/ Concurs de cuina \\\/ Concurso de recetas de bocadillos \\\/ Concurso de cocina \\\/ Sandwitch Recipes\",\"inLanguage\":\"ca-ES\",\"potentialAction\":[{\"@type\":\"ReadAction\",\"target\":[\"https:\\\/\\\/gastronomicament.cat\\\/ca\\\/concurs-mossegades-setembre-2013\"]}]},{\"@type\":\"ImageObject\",\"inLanguage\":\"ca-ES\",\"@id\":\"https:\\\/\\\/gastronomicament.cat\\\/ca\\\/concurs-mossegades-setembre-2013#primaryimage\",\"url\":\"https:\\\/\\\/gastronomicament.cat\\\/wp-content\\\/uploads\\\/2013\\\/09\\\/entrepans.jpg\",\"contentUrl\":\"https:\\\/\\\/gastronomicament.cat\\\/wp-content\\\/uploads\\\/2013\\\/09\\\/entrepans.jpg\",\"width\":640,\"height\":300},{\"@type\":\"WebSite\",\"@id\":\"https:\\\/\\\/gastronomicament.cat\\\/ca\\\/#website\",\"url\":\"https:\\\/\\\/gastronomicament.cat\\\/ca\\\/\",\"name\":\"Gastron\u00f2micament\",\"description\":\"Portal de restaurants, receptes i actualitat gastron\u00f2mica\",\"publisher\":{\"@id\":\"https:\\\/\\\/gastronomicament.cat\\\/ca\\\/#organization\"},\"potentialAction\":[{\"@type\":\"SearchAction\",\"target\":{\"@type\":\"EntryPoint\",\"urlTemplate\":\"https:\\\/\\\/gastronomicament.cat\\\/ca\\\/?s={search_term_string}\"},\"query-input\":{\"@type\":\"PropertyValueSpecification\",\"valueRequired\":true,\"valueName\":\"search_term_string\"}}],\"inLanguage\":\"ca-ES\"},{\"@type\":\"Organization\",\"@id\":\"https:\\\/\\\/gastronomicament.cat\\\/ca\\\/#organization\",\"name\":\"Gastron\u00f2micament\",\"url\":\"https:\\\/\\\/gastronomicament.cat\\\/ca\\\/\",\"logo\":{\"@type\":\"ImageObject\",\"inLanguage\":\"ca-ES\",\"@id\":\"https:\\\/\\\/gastronomicament.cat\\\/ca\\\/#\\\/schema\\\/logo\\\/image\\\/\",\"url\":\"https:\\\/\\\/gastronomicament.cat\\\/wp-content\\\/uploads\\\/2016\\\/09\\\/header-logo.jpg\",\"contentUrl\":\"https:\\\/\\\/gastronomicament.cat\\\/wp-content\\\/uploads\\\/2016\\\/09\\\/header-logo.jpg\",\"width\":277,\"height\":39,\"caption\":\"Gastron\u00f2micament\"},\"image\":{\"@id\":\"https:\\\/\\\/gastronomicament.cat\\\/ca\\\/#\\\/schema\\\/logo\\\/image\\\/\"},\"sameAs\":[\"https:\\\/\\\/x.com\\\/gastronomicamen\"]},{\"@type\":\"Person\",\"@id\":\"https:\\\/\\\/gastronomicament.cat\\\/ca\\\/#\\\/schema\\\/person\\\/a7c85c537a1ed62799a5b8e0f686a37f\",\"name\":\"Redacci\u00f3\",\"image\":{\"@type\":\"ImageObject\",\"inLanguage\":\"ca-ES\",\"@id\":\"https:\\\/\\\/secure.gravatar.com\\\/avatar\\\/9489a485c464fd611d33825daae651d13db70c4e74c65c94937a15a9d4c3ee14?s=96&d=mm&r=g69fea3cce3645dfa2166e7293e22955e\",\"url\":\"https:\\\/\\\/secure.gravatar.com\\\/avatar\\\/9489a485c464fd611d33825daae651d13db70c4e74c65c94937a15a9d4c3ee14?s=96&d=mm&r=g\",\"contentUrl\":\"https:\\\/\\\/secure.gravatar.com\\\/avatar\\\/9489a485c464fd611d33825daae651d13db70c4e74c65c94937a15a9d4c3ee14?s=96&d=mm&r=g\",\"caption\":\"Redacci\u00f3\"},\"sameAs\":[\"http:\\\/\\\/gastronomicament.cat\"],\"url\":\"https:\\\/\\\/gastronomicament.cat\\\/ca\\\/author\\\/admin\"}]}<\/script>\n<!-- \/ Yoast SEO plugin. -->","yoast_head_json":{"title":"Concurs Mossegades. Setembre 2013. Receptes d'entrepans","description":"Concurs Mossegades. Setembre 2013 \/ Concurs de receptes entrepans \/ Concurs de cuina \/ Concurso de recetas de bocadillos \/ Concurso de cocina \/ Sandwitch Recipes","robots":{"index":"index","follow":"follow","max-snippet":"max-snippet:-1","max-image-preview":"max-image-preview:large","max-video-preview":"max-video-preview:-1"},"canonical":"https:\/\/gastronomicament.cat\/ca\/concurs-mossegades-setembre-2013","og_locale":"ca_ES","og_type":"article","og_title":"Concurs Mossegades. Setembre 2013. Receptes d'entrepans","og_description":"Concurs Mossegades. Setembre 2013 \/ Concurs de receptes entrepans \/ Concurs de cuina \/ Concurso de recetas de bocadillos \/ Concurso de cocina \/ Sandwitch Recipes","og_url":"https:\/\/gastronomicament.cat\/ca\/concurs-mossegades-setembre-2013","og_site_name":"Gastron\u00f2micament","article_published_time":"2013-09-01T09:58:48+00:00","article_modified_time":"2022-04-07T09:03:33+00:00","og_image":[{"width":640,"height":300,"url":"https:\/\/gastronomicament.cat\/wp-content\/uploads\/2013\/09\/entrepans.jpg","type":"image\/jpeg"}],"author":"Redacci\u00f3","twitter_card":"summary_large_image","twitter_creator":"@gastronomicamen","twitter_site":"@gastronomicamen","twitter_misc":{"Written by":"Redacci\u00f3","Est. reading time":"1 minute"},"schema":{"@context":"https:\/\/schema.org","@graph":[{"@type":"Article","@id":"https:\/\/gastronomicament.cat\/ca\/concurs-mossegades-setembre-2013#article","isPartOf":{"@id":"https:\/\/gastronomicament.cat\/ca\/concurs-mossegades-setembre-2013"},"author":{"name":"Redacci\u00f3","@id":"https:\/\/gastronomicament.cat\/ca\/#\/schema\/person\/a7c85c537a1ed62799a5b8e0f686a37f"},"headline":"Concurs Mossegades. Setembre 2013","datePublished":"2013-09-01T09:58:48+00:00","dateModified":"2022-04-07T09:03:33+00:00","mainEntityOfPage":{"@id":"https:\/\/gastronomicament.cat\/ca\/concurs-mossegades-setembre-2013"},"wordCount":199,"commentCount":0,"publisher":{"@id":"https:\/\/gastronomicament.cat\/ca\/#organization"},"image":{"@id":"https:\/\/gastronomicament.cat\/ca\/concurs-mossegades-setembre-2013#primaryimage"},"thumbnailUrl":"https:\/\/gastronomicament.cat\/wp-content\/uploads\/2013\/09\/entrepans.jpg","articleSection":["Actualitat","Mossegades"],"inLanguage":"ca-ES","potentialAction":[{"@type":"CommentAction","name":"Comment","target":["https:\/\/gastronomicament.cat\/ca\/concurs-mossegades-setembre-2013#respond"]}]},{"@type":"WebPage","@id":"https:\/\/gastronomicament.cat\/ca\/concurs-mossegades-setembre-2013","url":"https:\/\/gastronomicament.cat\/ca\/concurs-mossegades-setembre-2013","name":"Concurs Mossegades. Setembre 2013. Receptes d'entrepans","isPartOf":{"@id":"https:\/\/gastronomicament.cat\/ca\/#website"},"primaryImageOfPage":{"@id":"https:\/\/gastronomicament.cat\/ca\/concurs-mossegades-setembre-2013#primaryimage"},"image":{"@id":"https:\/\/gastronomicament.cat\/ca\/concurs-mossegades-setembre-2013#primaryimage"},"thumbnailUrl":"https:\/\/gastronomicament.cat\/wp-content\/uploads\/2013\/09\/entrepans.jpg","datePublished":"2013-09-01T09:58:48+00:00","dateModified":"2022-04-07T09:03:33+00:00","description":"Concurs Mossegades. Setembre 2013 \/ Concurs de receptes entrepans \/ Concurs de cuina \/ Concurso de recetas de bocadillos \/ Concurso de cocina \/ Sandwitch Recipes","inLanguage":"ca-ES","potentialAction":[{"@type":"ReadAction","target":["https:\/\/gastronomicament.cat\/ca\/concurs-mossegades-setembre-2013"]}]},{"@type":"ImageObject","inLanguage":"ca-ES","@id":"https:\/\/gastronomicament.cat\/ca\/concurs-mossegades-setembre-2013#primaryimage","url":"https:\/\/gastronomicament.cat\/wp-content\/uploads\/2013\/09\/entrepans.jpg","contentUrl":"https:\/\/gastronomicament.cat\/wp-content\/uploads\/2013\/09\/entrepans.jpg","width":640,"height":300},{"@type":"WebSite","@id":"https:\/\/gastronomicament.cat\/ca\/#website","url":"https:\/\/gastronomicament.cat\/ca\/","name":"Gastron\u00f2micament","description":"Portal de restaurants, receptes i actualitat gastron\u00f2mica","publisher":{"@id":"https:\/\/gastronomicament.cat\/ca\/#organization"},"potentialAction":[{"@type":"SearchAction","target":{"@type":"EntryPoint","urlTemplate":"https:\/\/gastronomicament.cat\/ca\/?s={search_term_string}"},"query-input":{"@type":"PropertyValueSpecification","valueRequired":true,"valueName":"search_term_string"}}],"inLanguage":"ca-ES"},{"@type":"Organization","@id":"https:\/\/gastronomicament.cat\/ca\/#organization","name":"Gastron\u00f2micament","url":"https:\/\/gastronomicament.cat\/ca\/","logo":{"@type":"ImageObject","inLanguage":"ca-ES","@id":"https:\/\/gastronomicament.cat\/ca\/#\/schema\/logo\/image\/","url":"https:\/\/gastronomicament.cat\/wp-content\/uploads\/2016\/09\/header-logo.jpg","contentUrl":"https:\/\/gastronomicament.cat\/wp-content\/uploads\/2016\/09\/header-logo.jpg","width":277,"height":39,"caption":"Gastron\u00f2micament"},"image":{"@id":"https:\/\/gastronomicament.cat\/ca\/#\/schema\/logo\/image\/"},"sameAs":["https:\/\/x.com\/gastronomicamen"]},{"@type":"Person","@id":"https:\/\/gastronomicament.cat\/ca\/#\/schema\/person\/a7c85c537a1ed62799a5b8e0f686a37f","name":"Redacci\u00f3","image":{"@type":"ImageObject","inLanguage":"ca-ES","@id":"https:\/\/secure.gravatar.com\/avatar\/9489a485c464fd611d33825daae651d13db70c4e74c65c94937a15a9d4c3ee14?s=96&d=mm&r=g69fea3cce3645dfa2166e7293e22955e","url":"https:\/\/secure.gravatar.com\/avatar\/9489a485c464fd611d33825daae651d13db70c4e74c65c94937a15a9d4c3ee14?s=96&d=mm&r=g","contentUrl":"https:\/\/secure.gravatar.com\/avatar\/9489a485c464fd611d33825daae651d13db70c4e74c65c94937a15a9d4c3ee14?s=96&d=mm&r=g","caption":"Redacci\u00f3"},"sameAs":["http:\/\/gastronomicament.cat"],"url":"https:\/\/gastronomicament.cat\/ca\/author\/admin"}]}},"_links":{"self":[{"href":"https:\/\/gastronomicament.cat\/ca\/wp-json\/wp\/v2\/posts\/8573","targetHints":{"allow":["GET"]}}],"collection":[{"href":"https:\/\/gastronomicament.cat\/ca\/wp-json\/wp\/v2\/posts"}],"about":[{"href":"https:\/\/gastronomicament.cat\/ca\/wp-json\/wp\/v2\/types\/post"}],"author":[{"embeddable":true,"href":"https:\/\/gastronomicament.cat\/ca\/wp-json\/wp\/v2\/users\/1"}],"replies":[{"embeddable":true,"href":"https:\/\/gastronomicament.cat\/ca\/wp-json\/wp\/v2\/comments?post=8573"}],"version-history":[{"count":0,"href":"https:\/\/gastronomicament.cat\/ca\/wp-json\/wp\/v2\/posts\/8573\/revisions"}],"wp:featuredmedia":[{"embeddable":true,"href":"https:\/\/gastronomicament.cat\/ca\/wp-json\/wp\/v2\/media\/8576"}],"wp:attachment":[{"href":"https:\/\/gastronomicament.cat\/ca\/wp-json\/wp\/v2\/media?parent=8573"}],"wp:term":[{"taxonomy":"category","embeddable":true,"href":"https:\/\/gastronomicament.cat\/ca\/wp-json\/wp\/v2\/categories?post=8573"},{"taxonomy":"post_tag","embeddable":true,"href":"https:\/\/gastronomicament.cat\/ca\/wp-json\/wp\/v2\/tags?post=8573"},{"taxonomy":"author","embeddable":true,"href":"https:\/\/gastronomicament.cat\/ca\/wp-json\/wp\/v2\/coauthors?post=8573"}],"curies":[{"name":"wp","href":"https:\/\/api.w.org\/{rel}","templated":true}]}}