{"id":85997,"date":"2023-11-20T10:33:05","date_gmt":"2023-11-20T09:33:05","guid":{"rendered":"https:\/\/gastronomicament.cat\/?p=85997"},"modified":"2023-11-21T10:45:14","modified_gmt":"2023-11-21T09:45:14","slug":"dotze-restaurants-i-30-plats-protagonitzen-les-jornades-alaro-cuina-amb-bolets","status":"publish","type":"post","link":"https:\/\/gastronomicament.cat\/ca\/dotze-restaurants-i-30-plats-protagonitzen-les-jornades-alaro-cuina-amb-bolets","title":{"rendered":"Dotze restaurants i 30 plats protagonitzen les jornades Alar\u00f3 Cuina amb Bolets"},"content":{"rendered":"<p>Durant tres setmanes, una dotzena de restaurants d&#8217;Alar\u00f3 oferiran plats especials amb els bolets com a protagonistes. Es tracta d&#8217;una nova edici\u00f3 de les jornades gastron\u00f2miques\u00a0<strong>Alar\u00f3 Cuina amb Bolets<\/strong>, que tenen lloc en aquest poble de la Serra de Tramuntana\u00a0<strong>del 24 de novembre fins al 10 de desembre<\/strong>.<\/p>\n<p><strong>Lloren\u00e7 Perell\u00f3 Rossell\u00f3<\/strong>, batle d&#8217;Alar\u00f3, explica que els restaurants i bars d&#8217;Alar\u00f3 hi prepararan plats ben saborosos, els quals demostren que Alar\u00f3 \u00e9s un poble per menjar b\u00e9.<\/p>\n<p>A continuaci\u00f3,<strong>\u00a0podeu consultar els restaurants que hi participen i els plats<\/strong>\u00a0o men\u00fas que hi ofereixen. \u00c9s important que reserveu amb antelaci\u00f3.<\/p>\n<div class=\"paper\">\n<p><strong>Bar Gent Gran<\/strong><\/p>\n<p><em>Carrer de Joan Mir, Ermit\u00e0 n\u00fam. 4. Tel\u00e8fon: 871 574 814 Nom\u00e9s dijous mat\u00ed\u00a0<\/em><\/p>\n<ul>\n<li>Entrep\u00e0 de llom amb picornells<\/li>\n<\/ul>\n<p>&nbsp;<\/p>\n<\/div>\n<div class=\"paper\">\n<p><strong>Restaurant Can Punta<\/strong><\/p>\n<p><em>Pla\u00e7a de la Vila, 9.\u00a0 Dijous: tancat Tel\u00e8fon: 971 510 646<\/em><\/p>\n<p><em>Entrants<\/em><\/p>\n<ul>\n<li>Fideus amb bolets (min. 2 persones) (peus de rata, picornells, orelles de llebre)<\/li>\n<li>Frit de porc amb blaves<\/li>\n<li>Saltat de bolets amb ous frits<\/li>\n<\/ul>\n<p><em>Plats principals<\/em><\/p>\n<ul>\n<li>Galta de porc amb bolets<\/li>\n<li>Garr\u00f3 de porc amb esclata-sangs<\/li>\n<li>Conill cuinat amb bolets i un toc de mostassa<\/li>\n<li>Bacall\u00e0 amb salsa de g\u00edrgoles<\/li>\n<li>Milfulls amb gambes i g\u00edrgoles<\/li>\n<\/ul>\n<p><em>Postres<\/em><\/p>\n<p>Puding d&#8217;esclata-sangs i fruites del bosc<\/p>\n<p>&nbsp;<\/p>\n<\/div>\n<div class=\"paper\">\n<p><strong>Bar Squash\u00a0<\/strong><\/p>\n<p><em>Carrer del metge Alexandre Fleming, 14. <\/em><em>Nom\u00e9s cada dimecres, de les 8.30 a les 14 hores. Tel\u00e8fon: 666 973 348<\/em><\/p>\n<ul>\n<li>Llonguet o panet de sobrassada amb picornells.<\/li>\n<\/ul>\n<p>&nbsp;<\/p>\n<\/div>\n<div class=\"paper\">\n<p><strong>Bar Sa Pla\u00e7a<\/strong><\/p>\n<p><em>Pla\u00e7a Sebasti\u00e0 Jaume, 6. Tel\u00e8fon: 690 604 350\/657 855 825 Horari: durant tot el dia. Dimecres: tancat<\/em><\/p>\n<ul>\n<li>Esclata-sangs amb sobrassada<\/li>\n<li>Llom amb esclata-sangs<\/li>\n<li>Croquetes de bolets<\/li>\n<li>Xampinyons farcits camallot menorqu\u00ed<\/li>\n<\/ul>\n<p>&nbsp;<\/p>\n<\/div>\n<div class=\"paper\">\n<p><strong>Bar Ca Sa Viuda<\/strong><\/p>\n<p><em>Carrer Retat, 1. De les 20.00 h. a les 23.00 h. Dilluns: tancat Tel\u00e8fon: 670 456 718<\/em><\/p>\n<ul>\n<li>Pa amb oli de s\u00e8pia amb picornells<\/li>\n<li>Pa amb oli de llom amb bolets<\/li>\n<li>Pa amb oli de filet de porc amb bolets<\/li>\n<\/ul>\n<p>&nbsp;<\/p>\n<\/div>\n<div class=\"paper\">\n<p><strong>Caf\u00e8 Sports Alar\u00f3<\/strong><\/p>\n<p><em>Avinguda de la Constituci\u00f3, 70. Tel\u00e8fon 605 507762<\/em><\/p>\n<ul>\n<li>Entrep\u00e0 de llom amb esclata-sangs, ou, ceba i tom\u00e0tiga<\/li>\n<\/ul>\n<p>Dilluns, dimarts, dijous i divendres: de les 8.00 a les 12.00 h. i de les 16.00 a les 23.00 h. Dissabte de les 8.00 a les 23.00 h. Dimecres de les 16.00 a les 23.00 h. Diumenge de les 8.00 a les 21.00 h.<\/p>\n<p>&nbsp;<\/p>\n<\/div>\n<div class=\"paper\">\n<p><strong>Es Xiringo<\/strong><\/p>\n<p><em>Parc de Son Tugores. <\/em><em>Divendres: vespre Dissabte: migdia i vespre Diumenge: migdia. <\/em><em>Telefon: 667711 606.<\/em><\/p>\n<p>Men\u00fa complet durant 3 setmanes<\/p>\n<p><em>Aperitiu<\/em>:<\/p>\n<ul>\n<li>Petxines gratinades amb bolets<\/li>\n<li>Croquetes de bolets<\/li>\n<\/ul>\n<p><em>Plats principals<\/em><\/p>\n<ul>\n<li>Canelons d&#8217;\u00e0nec i\u00a0 foie amb beixamel de camagrocs<\/li>\n<li>Diamanti de carabassa amb crema de bolets amb aroma de t\u00f2fona i escates de parmes\u00e0<\/li>\n<li>Galta de vedella al seu suc amb bolets a damunt un crem\u00f3s de patata<\/li>\n<\/ul>\n<p>&nbsp;<\/p>\n<\/div>\n<div class=\"paper\">\n<p><strong>Bar Avinguda<\/strong><\/p>\n<p><em>Avinguda de la Constituci\u00f3, 19 Dijous, divendres, dissabte i diumenge de les 20.30 a les 23.00 h. Dimarts: tancat Telefon: 660 929 089.<\/em><\/p>\n<ul>\n<li>Hamburguesa de bolets i t\u00f2fona<\/li>\n<\/ul>\n<p>&nbsp;<\/p>\n<\/div>\n<div class=\"paper\">\n<p><strong>Can Fressa Caf\u00e8<\/strong><\/p>\n<p><em>Carrer d&#8217;Enmig, Cada dia: de les 8 a les 16 hores. Dissabte: de les 8.00 a les 20.00 h. Tel\u00e8fon: 674 307 407<\/em><\/p>\n<ul>\n<li>Sopa thai amb wonton farcits de bolets<\/li>\n<\/ul>\n<p>&nbsp;<\/p>\n<\/div>\n<div class=\"paper\">\n<p><strong>Cycling Planet<\/strong><\/p>\n<p><em>Avinguda de la Constituci\u00f3, 26 Dilluns a divendres: de les 9.00 a les 20.00 h. Dissabte i diumenge i festius: de les 9.00 a les 14.00 h. Tel\u00e8fon 971 510 691<\/em><\/p>\n<ul>\n<li>Pa amb sobrassada, mel de Mel Vici i bolets<\/li>\n<\/ul>\n<p>&nbsp;<\/p>\n<\/div>\n<div class=\"paper\">\n<p><strong>Restaurant Vila Cinc<\/strong><\/p>\n<p><em>Pla\u00e7a de la Vila, 5 Dilluns: tancat Tel\u00e8fon 605 411701<\/em><\/p>\n<ul>\n<li>Pizza tramuntana (anous, sobrassada, formatge de cabra i bolets)<\/li>\n<li>Wok de vedella amb bolets<\/li>\n<li>Frit de me amb bolets<\/li>\n<\/ul>\n<p>&nbsp;<\/p>\n<\/div>\n<div class=\"paper\">\n<p><strong>El Trastero Cuina Bar<\/strong><\/p>\n<p><em>Pla\u00e7a Cabrit i Bassa, 5.\u00a0 Dilluns a diumenge: de les 12 a les 16 h. i de les 19 a les 22 h. Dimarts i dimecres: tancat. Tel\u00e8fon 871 531 208,\u00a0<\/em><\/p>\n<ul>\n<li>Tacos de bolets silvestres adobats<\/li>\n<li>Hamburguesa vegana de xampinyons portobello a la proven\u00e7al<\/li>\n<\/ul>\n<p>&nbsp;<\/p>\n<\/div>\n","protected":false},"excerpt":{"rendered":"<p>La cita culin\u00e0ria se celebra del 24 de novembre al 10 de desembre<\/p>\n","protected":false},"author":1,"featured_media":86114,"comment_status":"open","ping_status":"closed","sticky":false,"template":"","format":"gallery","meta":{"_acf_changed":false,"_swt_meta_header_display":false,"_swt_meta_footer_display":false,"_swt_meta_site_title_display":false,"_swt_meta_sticky_header":false,"_swt_meta_transparent_header":false,"footnotes":""},"categories":[692,954],"tags":[],"coauthors":[2053],"class_list":["post-85997","post","type-post","status-publish","format-gallery","has-post-thumbnail","hentry","category-actualitat","category-fires-i-rutes","post_format-post-format-gallery"],"acf":{"gallery":null,"home_date":{"home_begin_date":null,"home_end_date":null}},"yoast_head":"<!-- This site is optimized with the Yoast SEO plugin v27.4 - https:\/\/yoast.com\/product\/yoast-seo-wordpress\/ -->\n<title>Dotze restaurants i 30 plats protagonitzen les jornades Alar\u00f3 Cuina amb Bolets - Gastron\u00f2micament<\/title>\n<meta name=\"description\" content=\"Dotze restaurants i 30 plats protagonitzen les jornades Alar\u00f3 Cuina amb Bolets Actualitat, Fires i rutes La cita culin\u00e0ria se celebra del 24 de novembre al 10 de desembre\" \/>\n<meta name=\"robots\" content=\"index, follow, max-snippet:-1, max-image-preview:large, max-video-preview:-1\" \/>\n<link rel=\"canonical\" href=\"https:\/\/gastronomicament.cat\/ca\/dotze-restaurants-i-30-plats-protagonitzen-les-jornades-alaro-cuina-amb-bolets\" \/>\n<meta property=\"og:locale\" content=\"ca_ES\" \/>\n<meta property=\"og:type\" content=\"article\" \/>\n<meta property=\"og:title\" content=\"Dotze restaurants i 30 plats protagonitzen les jornades Alar\u00f3 Cuina amb Bolets - Gastron\u00f2micament\" \/>\n<meta property=\"og:description\" content=\"Dotze restaurants i 30 plats protagonitzen les jornades Alar\u00f3 Cuina amb Bolets Actualitat, Fires i rutes La cita culin\u00e0ria se celebra del 24 de novembre al 10 de desembre\" \/>\n<meta property=\"og:url\" content=\"https:\/\/gastronomicament.cat\/ca\/dotze-restaurants-i-30-plats-protagonitzen-les-jornades-alaro-cuina-amb-bolets\" \/>\n<meta property=\"og:site_name\" content=\"Gastron\u00f2micament\" \/>\n<meta property=\"article:published_time\" content=\"2023-11-20T09:33:05+00:00\" \/>\n<meta property=\"article:modified_time\" content=\"2023-11-21T09:45:14+00:00\" \/>\n<meta property=\"og:image\" content=\"https:\/\/gastronomicament.cat\/wp-content\/uploads\/2023\/11\/Montatge-Alaro-cuina-amb-Bolets-2023.jpg\" \/>\n\t<meta property=\"og:image:width\" content=\"1398\" \/>\n\t<meta property=\"og:image:height\" content=\"787\" \/>\n\t<meta property=\"og:image:type\" content=\"image\/jpeg\" \/>\n<meta name=\"author\" content=\"Redacci\u00f3\" \/>\n<meta name=\"twitter:card\" content=\"summary_large_image\" \/>\n<meta name=\"twitter:creator\" content=\"@gastronomicamen\" \/>\n<meta name=\"twitter:site\" content=\"@gastronomicamen\" \/>\n<meta name=\"twitter:label1\" content=\"Written by\" \/>\n\t<meta name=\"twitter:data1\" content=\"Redacci\u00f3\" \/>\n\t<meta name=\"twitter:label2\" content=\"Est. reading time\" \/>\n\t<meta name=\"twitter:data2\" content=\"4 minutes\" \/>\n<script type=\"application\/ld+json\" class=\"yoast-schema-graph\">{\"@context\":\"https:\\\/\\\/schema.org\",\"@graph\":[{\"@type\":\"Article\",\"@id\":\"https:\\\/\\\/gastronomicament.cat\\\/ca\\\/dotze-restaurants-i-30-plats-protagonitzen-les-jornades-alaro-cuina-amb-bolets#article\",\"isPartOf\":{\"@id\":\"https:\\\/\\\/gastronomicament.cat\\\/ca\\\/dotze-restaurants-i-30-plats-protagonitzen-les-jornades-alaro-cuina-amb-bolets\"},\"author\":{\"name\":\"Redacci\u00f3\",\"@id\":\"https:\\\/\\\/gastronomicament.cat\\\/ca\\\/#\\\/schema\\\/person\\\/a7c85c537a1ed62799a5b8e0f686a37f\"},\"headline\":\"Dotze restaurants i 30 plats protagonitzen les jornades Alar\u00f3 Cuina amb Bolets\",\"datePublished\":\"2023-11-20T09:33:05+00:00\",\"dateModified\":\"2023-11-21T09:45:14+00:00\",\"mainEntityOfPage\":{\"@id\":\"https:\\\/\\\/gastronomicament.cat\\\/ca\\\/dotze-restaurants-i-30-plats-protagonitzen-les-jornades-alaro-cuina-amb-bolets\"},\"wordCount\":599,\"commentCount\":0,\"publisher\":{\"@id\":\"https:\\\/\\\/gastronomicament.cat\\\/ca\\\/#organization\"},\"image\":{\"@id\":\"https:\\\/\\\/gastronomicament.cat\\\/ca\\\/dotze-restaurants-i-30-plats-protagonitzen-les-jornades-alaro-cuina-amb-bolets#primaryimage\"},\"thumbnailUrl\":\"https:\\\/\\\/gastronomicament.cat\\\/wp-content\\\/uploads\\\/2023\\\/11\\\/Montatge-Alaro-cuina-amb-Bolets-2023.jpg\",\"articleSection\":[\"Actualitat\",\"Fires i rutes\"],\"inLanguage\":\"ca-ES\",\"potentialAction\":[{\"@type\":\"CommentAction\",\"name\":\"Comment\",\"target\":[\"https:\\\/\\\/gastronomicament.cat\\\/ca\\\/dotze-restaurants-i-30-plats-protagonitzen-les-jornades-alaro-cuina-amb-bolets#respond\"]}]},{\"@type\":\"WebPage\",\"@id\":\"https:\\\/\\\/gastronomicament.cat\\\/ca\\\/dotze-restaurants-i-30-plats-protagonitzen-les-jornades-alaro-cuina-amb-bolets\",\"url\":\"https:\\\/\\\/gastronomicament.cat\\\/ca\\\/dotze-restaurants-i-30-plats-protagonitzen-les-jornades-alaro-cuina-amb-bolets\",\"name\":\"Dotze restaurants i 30 plats protagonitzen les jornades Alar\u00f3 Cuina amb Bolets - Gastron\u00f2micament\",\"isPartOf\":{\"@id\":\"https:\\\/\\\/gastronomicament.cat\\\/ca\\\/#website\"},\"primaryImageOfPage\":{\"@id\":\"https:\\\/\\\/gastronomicament.cat\\\/ca\\\/dotze-restaurants-i-30-plats-protagonitzen-les-jornades-alaro-cuina-amb-bolets#primaryimage\"},\"image\":{\"@id\":\"https:\\\/\\\/gastronomicament.cat\\\/ca\\\/dotze-restaurants-i-30-plats-protagonitzen-les-jornades-alaro-cuina-amb-bolets#primaryimage\"},\"thumbnailUrl\":\"https:\\\/\\\/gastronomicament.cat\\\/wp-content\\\/uploads\\\/2023\\\/11\\\/Montatge-Alaro-cuina-amb-Bolets-2023.jpg\",\"datePublished\":\"2023-11-20T09:33:05+00:00\",\"dateModified\":\"2023-11-21T09:45:14+00:00\",\"description\":\"Dotze restaurants i 30 plats protagonitzen les jornades Alar\u00f3 Cuina amb Bolets Actualitat, Fires i rutes La cita culin\u00e0ria se celebra del 24 de novembre al 10 de desembre\",\"inLanguage\":\"ca-ES\",\"potentialAction\":[{\"@type\":\"ReadAction\",\"target\":[\"https:\\\/\\\/gastronomicament.cat\\\/ca\\\/dotze-restaurants-i-30-plats-protagonitzen-les-jornades-alaro-cuina-amb-bolets\"]}]},{\"@type\":\"ImageObject\",\"inLanguage\":\"ca-ES\",\"@id\":\"https:\\\/\\\/gastronomicament.cat\\\/ca\\\/dotze-restaurants-i-30-plats-protagonitzen-les-jornades-alaro-cuina-amb-bolets#primaryimage\",\"url\":\"https:\\\/\\\/gastronomicament.cat\\\/wp-content\\\/uploads\\\/2023\\\/11\\\/Montatge-Alaro-cuina-amb-Bolets-2023.jpg\",\"contentUrl\":\"https:\\\/\\\/gastronomicament.cat\\\/wp-content\\\/uploads\\\/2023\\\/11\\\/Montatge-Alaro-cuina-amb-Bolets-2023.jpg\",\"width\":1398,\"height\":787},{\"@type\":\"WebSite\",\"@id\":\"https:\\\/\\\/gastronomicament.cat\\\/ca\\\/#website\",\"url\":\"https:\\\/\\\/gastronomicament.cat\\\/ca\\\/\",\"name\":\"Gastron\u00f2micament\",\"description\":\"Portal de restaurants, receptes i actualitat gastron\u00f2mica\",\"publisher\":{\"@id\":\"https:\\\/\\\/gastronomicament.cat\\\/ca\\\/#organization\"},\"potentialAction\":[{\"@type\":\"SearchAction\",\"target\":{\"@type\":\"EntryPoint\",\"urlTemplate\":\"https:\\\/\\\/gastronomicament.cat\\\/ca\\\/?s={search_term_string}\"},\"query-input\":{\"@type\":\"PropertyValueSpecification\",\"valueRequired\":true,\"valueName\":\"search_term_string\"}}],\"inLanguage\":\"ca-ES\"},{\"@type\":\"Organization\",\"@id\":\"https:\\\/\\\/gastronomicament.cat\\\/ca\\\/#organization\",\"name\":\"Gastron\u00f2micament\",\"url\":\"https:\\\/\\\/gastronomicament.cat\\\/ca\\\/\",\"logo\":{\"@type\":\"ImageObject\",\"inLanguage\":\"ca-ES\",\"@id\":\"https:\\\/\\\/gastronomicament.cat\\\/ca\\\/#\\\/schema\\\/logo\\\/image\\\/\",\"url\":\"https:\\\/\\\/gastronomicament.cat\\\/wp-content\\\/uploads\\\/2016\\\/09\\\/header-logo.jpg\",\"contentUrl\":\"https:\\\/\\\/gastronomicament.cat\\\/wp-content\\\/uploads\\\/2016\\\/09\\\/header-logo.jpg\",\"width\":277,\"height\":39,\"caption\":\"Gastron\u00f2micament\"},\"image\":{\"@id\":\"https:\\\/\\\/gastronomicament.cat\\\/ca\\\/#\\\/schema\\\/logo\\\/image\\\/\"},\"sameAs\":[\"https:\\\/\\\/x.com\\\/gastronomicamen\"]},{\"@type\":\"Person\",\"@id\":\"https:\\\/\\\/gastronomicament.cat\\\/ca\\\/#\\\/schema\\\/person\\\/a7c85c537a1ed62799a5b8e0f686a37f\",\"name\":\"Redacci\u00f3\",\"image\":{\"@type\":\"ImageObject\",\"inLanguage\":\"ca-ES\",\"@id\":\"https:\\\/\\\/secure.gravatar.com\\\/avatar\\\/9489a485c464fd611d33825daae651d13db70c4e74c65c94937a15a9d4c3ee14?s=96&d=mm&r=g69fea3cce3645dfa2166e7293e22955e\",\"url\":\"https:\\\/\\\/secure.gravatar.com\\\/avatar\\\/9489a485c464fd611d33825daae651d13db70c4e74c65c94937a15a9d4c3ee14?s=96&d=mm&r=g\",\"contentUrl\":\"https:\\\/\\\/secure.gravatar.com\\\/avatar\\\/9489a485c464fd611d33825daae651d13db70c4e74c65c94937a15a9d4c3ee14?s=96&d=mm&r=g\",\"caption\":\"Redacci\u00f3\"},\"sameAs\":[\"http:\\\/\\\/gastronomicament.cat\"],\"url\":\"https:\\\/\\\/gastronomicament.cat\\\/ca\\\/author\\\/admin\"}]}<\/script>\n<!-- \/ Yoast SEO plugin. -->","yoast_head_json":{"title":"Dotze restaurants i 30 plats protagonitzen les jornades Alar\u00f3 Cuina amb Bolets - Gastron\u00f2micament","description":"Dotze restaurants i 30 plats protagonitzen les jornades Alar\u00f3 Cuina amb Bolets Actualitat, Fires i rutes La cita culin\u00e0ria se celebra del 24 de novembre al 10 de desembre","robots":{"index":"index","follow":"follow","max-snippet":"max-snippet:-1","max-image-preview":"max-image-preview:large","max-video-preview":"max-video-preview:-1"},"canonical":"https:\/\/gastronomicament.cat\/ca\/dotze-restaurants-i-30-plats-protagonitzen-les-jornades-alaro-cuina-amb-bolets","og_locale":"ca_ES","og_type":"article","og_title":"Dotze restaurants i 30 plats protagonitzen les jornades Alar\u00f3 Cuina amb Bolets - Gastron\u00f2micament","og_description":"Dotze restaurants i 30 plats protagonitzen les jornades Alar\u00f3 Cuina amb Bolets Actualitat, Fires i rutes La cita culin\u00e0ria se celebra del 24 de novembre al 10 de desembre","og_url":"https:\/\/gastronomicament.cat\/ca\/dotze-restaurants-i-30-plats-protagonitzen-les-jornades-alaro-cuina-amb-bolets","og_site_name":"Gastron\u00f2micament","article_published_time":"2023-11-20T09:33:05+00:00","article_modified_time":"2023-11-21T09:45:14+00:00","og_image":[{"width":1398,"height":787,"url":"https:\/\/gastronomicament.cat\/wp-content\/uploads\/2023\/11\/Montatge-Alaro-cuina-amb-Bolets-2023.jpg","type":"image\/jpeg"}],"author":"Redacci\u00f3","twitter_card":"summary_large_image","twitter_creator":"@gastronomicamen","twitter_site":"@gastronomicamen","twitter_misc":{"Written by":"Redacci\u00f3","Est. reading time":"4 minutes"},"schema":{"@context":"https:\/\/schema.org","@graph":[{"@type":"Article","@id":"https:\/\/gastronomicament.cat\/ca\/dotze-restaurants-i-30-plats-protagonitzen-les-jornades-alaro-cuina-amb-bolets#article","isPartOf":{"@id":"https:\/\/gastronomicament.cat\/ca\/dotze-restaurants-i-30-plats-protagonitzen-les-jornades-alaro-cuina-amb-bolets"},"author":{"name":"Redacci\u00f3","@id":"https:\/\/gastronomicament.cat\/ca\/#\/schema\/person\/a7c85c537a1ed62799a5b8e0f686a37f"},"headline":"Dotze restaurants i 30 plats protagonitzen les jornades Alar\u00f3 Cuina amb Bolets","datePublished":"2023-11-20T09:33:05+00:00","dateModified":"2023-11-21T09:45:14+00:00","mainEntityOfPage":{"@id":"https:\/\/gastronomicament.cat\/ca\/dotze-restaurants-i-30-plats-protagonitzen-les-jornades-alaro-cuina-amb-bolets"},"wordCount":599,"commentCount":0,"publisher":{"@id":"https:\/\/gastronomicament.cat\/ca\/#organization"},"image":{"@id":"https:\/\/gastronomicament.cat\/ca\/dotze-restaurants-i-30-plats-protagonitzen-les-jornades-alaro-cuina-amb-bolets#primaryimage"},"thumbnailUrl":"https:\/\/gastronomicament.cat\/wp-content\/uploads\/2023\/11\/Montatge-Alaro-cuina-amb-Bolets-2023.jpg","articleSection":["Actualitat","Fires i rutes"],"inLanguage":"ca-ES","potentialAction":[{"@type":"CommentAction","name":"Comment","target":["https:\/\/gastronomicament.cat\/ca\/dotze-restaurants-i-30-plats-protagonitzen-les-jornades-alaro-cuina-amb-bolets#respond"]}]},{"@type":"WebPage","@id":"https:\/\/gastronomicament.cat\/ca\/dotze-restaurants-i-30-plats-protagonitzen-les-jornades-alaro-cuina-amb-bolets","url":"https:\/\/gastronomicament.cat\/ca\/dotze-restaurants-i-30-plats-protagonitzen-les-jornades-alaro-cuina-amb-bolets","name":"Dotze restaurants i 30 plats protagonitzen les jornades Alar\u00f3 Cuina amb Bolets - Gastron\u00f2micament","isPartOf":{"@id":"https:\/\/gastronomicament.cat\/ca\/#website"},"primaryImageOfPage":{"@id":"https:\/\/gastronomicament.cat\/ca\/dotze-restaurants-i-30-plats-protagonitzen-les-jornades-alaro-cuina-amb-bolets#primaryimage"},"image":{"@id":"https:\/\/gastronomicament.cat\/ca\/dotze-restaurants-i-30-plats-protagonitzen-les-jornades-alaro-cuina-amb-bolets#primaryimage"},"thumbnailUrl":"https:\/\/gastronomicament.cat\/wp-content\/uploads\/2023\/11\/Montatge-Alaro-cuina-amb-Bolets-2023.jpg","datePublished":"2023-11-20T09:33:05+00:00","dateModified":"2023-11-21T09:45:14+00:00","description":"Dotze restaurants i 30 plats protagonitzen les jornades Alar\u00f3 Cuina amb Bolets Actualitat, Fires i rutes La cita culin\u00e0ria se celebra del 24 de novembre al 10 de desembre","inLanguage":"ca-ES","potentialAction":[{"@type":"ReadAction","target":["https:\/\/gastronomicament.cat\/ca\/dotze-restaurants-i-30-plats-protagonitzen-les-jornades-alaro-cuina-amb-bolets"]}]},{"@type":"ImageObject","inLanguage":"ca-ES","@id":"https:\/\/gastronomicament.cat\/ca\/dotze-restaurants-i-30-plats-protagonitzen-les-jornades-alaro-cuina-amb-bolets#primaryimage","url":"https:\/\/gastronomicament.cat\/wp-content\/uploads\/2023\/11\/Montatge-Alaro-cuina-amb-Bolets-2023.jpg","contentUrl":"https:\/\/gastronomicament.cat\/wp-content\/uploads\/2023\/11\/Montatge-Alaro-cuina-amb-Bolets-2023.jpg","width":1398,"height":787},{"@type":"WebSite","@id":"https:\/\/gastronomicament.cat\/ca\/#website","url":"https:\/\/gastronomicament.cat\/ca\/","name":"Gastron\u00f2micament","description":"Portal de restaurants, receptes i actualitat gastron\u00f2mica","publisher":{"@id":"https:\/\/gastronomicament.cat\/ca\/#organization"},"potentialAction":[{"@type":"SearchAction","target":{"@type":"EntryPoint","urlTemplate":"https:\/\/gastronomicament.cat\/ca\/?s={search_term_string}"},"query-input":{"@type":"PropertyValueSpecification","valueRequired":true,"valueName":"search_term_string"}}],"inLanguage":"ca-ES"},{"@type":"Organization","@id":"https:\/\/gastronomicament.cat\/ca\/#organization","name":"Gastron\u00f2micament","url":"https:\/\/gastronomicament.cat\/ca\/","logo":{"@type":"ImageObject","inLanguage":"ca-ES","@id":"https:\/\/gastronomicament.cat\/ca\/#\/schema\/logo\/image\/","url":"https:\/\/gastronomicament.cat\/wp-content\/uploads\/2016\/09\/header-logo.jpg","contentUrl":"https:\/\/gastronomicament.cat\/wp-content\/uploads\/2016\/09\/header-logo.jpg","width":277,"height":39,"caption":"Gastron\u00f2micament"},"image":{"@id":"https:\/\/gastronomicament.cat\/ca\/#\/schema\/logo\/image\/"},"sameAs":["https:\/\/x.com\/gastronomicamen"]},{"@type":"Person","@id":"https:\/\/gastronomicament.cat\/ca\/#\/schema\/person\/a7c85c537a1ed62799a5b8e0f686a37f","name":"Redacci\u00f3","image":{"@type":"ImageObject","inLanguage":"ca-ES","@id":"https:\/\/secure.gravatar.com\/avatar\/9489a485c464fd611d33825daae651d13db70c4e74c65c94937a15a9d4c3ee14?s=96&d=mm&r=g69fea3cce3645dfa2166e7293e22955e","url":"https:\/\/secure.gravatar.com\/avatar\/9489a485c464fd611d33825daae651d13db70c4e74c65c94937a15a9d4c3ee14?s=96&d=mm&r=g","contentUrl":"https:\/\/secure.gravatar.com\/avatar\/9489a485c464fd611d33825daae651d13db70c4e74c65c94937a15a9d4c3ee14?s=96&d=mm&r=g","caption":"Redacci\u00f3"},"sameAs":["http:\/\/gastronomicament.cat"],"url":"https:\/\/gastronomicament.cat\/ca\/author\/admin"}]}},"_links":{"self":[{"href":"https:\/\/gastronomicament.cat\/ca\/wp-json\/wp\/v2\/posts\/85997","targetHints":{"allow":["GET"]}}],"collection":[{"href":"https:\/\/gastronomicament.cat\/ca\/wp-json\/wp\/v2\/posts"}],"about":[{"href":"https:\/\/gastronomicament.cat\/ca\/wp-json\/wp\/v2\/types\/post"}],"author":[{"embeddable":true,"href":"https:\/\/gastronomicament.cat\/ca\/wp-json\/wp\/v2\/users\/1"}],"replies":[{"embeddable":true,"href":"https:\/\/gastronomicament.cat\/ca\/wp-json\/wp\/v2\/comments?post=85997"}],"version-history":[{"count":0,"href":"https:\/\/gastronomicament.cat\/ca\/wp-json\/wp\/v2\/posts\/85997\/revisions"}],"wp:featuredmedia":[{"embeddable":true,"href":"https:\/\/gastronomicament.cat\/ca\/wp-json\/wp\/v2\/media\/86114"}],"wp:attachment":[{"href":"https:\/\/gastronomicament.cat\/ca\/wp-json\/wp\/v2\/media?parent=85997"}],"wp:term":[{"taxonomy":"category","embeddable":true,"href":"https:\/\/gastronomicament.cat\/ca\/wp-json\/wp\/v2\/categories?post=85997"},{"taxonomy":"post_tag","embeddable":true,"href":"https:\/\/gastronomicament.cat\/ca\/wp-json\/wp\/v2\/tags?post=85997"},{"taxonomy":"author","embeddable":true,"href":"https:\/\/gastronomicament.cat\/ca\/wp-json\/wp\/v2\/coauthors?post=85997"}],"curies":[{"name":"wp","href":"https:\/\/api.w.org\/{rel}","templated":true}]}}