{"id":86203,"date":"2023-11-22T11:25:25","date_gmt":"2023-11-22T10:25:25","guid":{"rendered":"https:\/\/gastronomicament.cat\/?p=86203"},"modified":"2023-11-22T11:25:25","modified_gmt":"2023-11-22T10:25:25","slug":"la-festa-del-vi-novell-arriba-carregada-dactivitats","status":"publish","type":"post","link":"https:\/\/gastronomicament.cat\/ca\/la-festa-del-vi-novell-arriba-carregada-dactivitats","title":{"rendered":"La Festa del Vi Novell arriba carregada d&#8217;activitats"},"content":{"rendered":"<p>La Festa del Vi Novell de Santa Maria del Cam\u00ed arriba carregada de propostes ben interessants. El plat fort ser\u00e0 aquesta setmana, els dies 23, 24, 25 i 26 de novembre, amb teatre, m\u00fasica, premis, bauxa, degustaci\u00f3 de vins, tapes i arrossos.<\/p>\n<p>El sus el va donar la\u00a0<strong>penjada de branques de pi<\/strong>, com a inici de la setmana del vi novell i com a senya del poble, uns brots que marquen on es ven vi al municipi. Pr\u00e8viament a aquest cap de setmana, hi ha hagut activitats ben interessants com ara la presentaci\u00f3 del\u00a0<strong>Most 2023<\/strong>\u00a0del Petit Celler 7103, un producte perqu\u00e8\u00a0<strong>els infants tamb\u00e9 puguin gaudir d\u2019una beguda de ra\u00efm<\/strong>\u00a0durant la festa del vi novell; i la tradicional penjada; i la xerrada sobre el paper de la\u00a0<strong>dona a la pagesia<\/strong>.<\/p>\n<p>L\u2019activitat prevista per al dijous 23 de novembre \u00e9s un\u00a0<strong>mon\u00f2leg\u00a0<\/strong>ben entretingut, obra de Toni \u00a0Alb\u00e0, titulat\u00a0<strong><em>El sommelier<\/em><\/strong>, que interpretar\u00e0\u00a0<strong>Ferm\u00ed Fern\u00e0ndez<\/strong>, a les 20 hores, al celler Jaume de Puntir\u00f3 (reserves al 606429023).<\/p>\n<p>Divendres es lliuraran les<strong>\u00a0ins\u00edgnies Brot de Pi<\/strong>\u00a0al\u00a0<strong>periodista Bartomeu Font<\/strong>\u00a0i al\u00a0<strong>viticultor Pasqual Mar\u00ed<\/strong>, a les 20 hores, a les Cases dels Mestres.<\/p>\n<p>D\u2019altra banda,\u00a0<strong>dia 25<\/strong>, es podran visitar els cellers de Santa Maria del Cam\u00ed. L\u2019<strong>horari\u00a0de la ruta de cellers<\/strong>\u00a0\u00e9s el seg\u00fcent:<\/p>\n<ul>\n<li>7103 Petit Celler De 10 a 13h<\/li>\n<li>Bodegues Maci\u00e0 Batle \u00danic torn de visita a les 10h.<\/li>\n<li>Celler Jaume de Puntir\u00f3 De 10 a 13h<\/li>\n<li>Celler Sebasti\u00e0 Pastor De 10 a 13h<\/li>\n<li>Bodega Ramany\u00e0 De 10 a 13h<\/li>\n<li>Microceller Son Cresp\u00ed De 10 a 13h<\/li>\n<li>Bodegues \u00c0ngel De 10 a 13h<\/li>\n<\/ul>\n<p>Tamb\u00e9 dissabte hi haur\u00e0\u00a0<strong>combat de gloses<\/strong>\u00a0amb Cati Eva Canyelles, Sollerica; Maci\u00e0 Ferrer, Infermer; Xisco Mu\u00f1oz, Foraster; i Maria Magdalena Amengual, Meri, ales 16 hores, a la Pla\u00e7a Nova.<\/p>\n<p>Una vegada post el sol, hi haur\u00e0 la\u00a0<strong>Festa del Vi Novell, a la Pla\u00e7a Nova, a partir de les 18 hores<\/strong>. A m\u00e9s de vi i tapes, tamb\u00e9 hi trobareu els escoltes AEG Terra de Pous venent llonguets i les AMIPA dels centres educatius, que hi vendran coques dolces. Les tapes que hi trobareu s\u00f3n:<\/p>\n<ul>\n<li>BAR CA\u2019N BEIA Filet: Carrer Oleza, 4. 971 62 00 70<\/li>\n<li>BAR SA PLA\u00c7A Frit.\u00a0 Carrer Ramon Llull, 1. 971 62 06 08<\/li>\n<li>BAR DIT I FET Minihamburgueses. Pla\u00e7a Nova, 12. 686 100 097<\/li>\n<li>BOJOS PER LA CUINA Croquetes. Av. Jaume III, 15. 971 620 776<\/li>\n<li>CA\u2019N BARRY Frit. C\/ Marqu\u00e9s de la Font Santa, 40. 871 578 700<\/li>\n<li>CA\u2019N PULIT Calamar a la romana (pulga).C\/ Moss\u00e8n Josep Calafat, 2.971 620 679<\/li>\n<li>DELI &#8211; SANTA MARIA. Falafel. Carrer de l\u2019Esgl\u00e9sia, 13. 698 537 129<\/li>\n<li>PASTISSERIA ES CONVENT Ensa\u00efmada. Pla\u00e7a Hostals, 32. 971 617 217<\/li>\n<li>RESTAURANT FELLINI Pizzes. C\/ Bernat de Santa Eug\u00e8nia, 30. 971 620 976<\/li>\n<li>RESTAURANT RUYCAL Frit. C\/ Adri\u00e0 s\/n. 641406892<\/li>\n<li>SAHARA Kebab. C\/ de Sa Matan\u00e7a. 971 620 024<\/li>\n<li>DOL\u00c7AMENT GELATS Creps. Pla\u00e7a Nova, 21a. 642 740 193<\/li>\n<li>ES RAC\u00d3 DE NA FANNY S\u00edpia amb salsa. Pla\u00e7a Son Lla\u00fct, 7. 640 323 133<\/li>\n<li>CRDO OLI DE MALLORCA Degustaci\u00f3 d\u2019oli. Av. Guillem Bujosa Rossell\u00f3. 871 030 769<\/li>\n<li>PADEL BOX BAR Minihamburgueses. Av. Central 58, Pol. Son Lla\u00fct. 971 621 647<\/li>\n<li>S\u2019HORT D\u2019EN GUILLEM Cal\u00e7ots. c\/ Joan Mesquida<\/li>\n<\/ul>\n<p>Amenitzaran la festa Pitxorines, Amulet, Negre, Reggae Ton Pare i DJ Conejo Manso.<\/p>\n<p>Les activitats continuaran diumenge amb el\u00a0<strong>dinar de paella al celler Angel<\/strong>,\u00a0i els\u00a0<strong>tasts\u00a0<\/strong>de vins a\u00a0<strong>Son Cresp\u00ed de Passatemps<\/strong>\u00a0(dia 27 de novembre; i el de\u00a0<strong>Maci\u00e0 Batle<\/strong>, amb concert ben\u00e8fic a favor dels Amics de la Inf\u00e0ncia. Consultau el programa complet a:\u00a0<a href=\"https:\/\/www.ajsantamariadelcami.org\/wp-content\/uploads\/vi-novell-2023.pdf\" target=\"_blank\" rel=\"noopener nofollow\">https:\/\/www.ajsantamariadelcami.org\/wp-content\/uploads\/vi-novell-2023.pdf<\/a><\/p>\n","protected":false},"excerpt":{"rendered":"<p>Santa Maria del Cam\u00ed viu un cap de setmana amb teatre, tapes i molt bon vi<\/p>\n","protected":false},"author":1,"featured_media":86212,"comment_status":"open","ping_status":"closed","sticky":false,"template":"","format":"gallery","meta":{"_acf_changed":false,"_swt_meta_header_display":false,"_swt_meta_footer_display":false,"_swt_meta_site_title_display":false,"_swt_meta_sticky_header":false,"_swt_meta_transparent_header":false,"footnotes":""},"categories":[692,955],"tags":[],"coauthors":[2053],"class_list":["post-86203","post","type-post","status-publish","format-gallery","has-post-thumbnail","hentry","category-actualitat","category-reportatges-i-novetats","post_format-post-format-gallery"],"acf":{"gallery":null,"home_date":{"home_begin_date":null,"home_end_date":null}},"yoast_head":"<!-- This site is optimized with the Yoast SEO plugin v27.4 - https:\/\/yoast.com\/product\/yoast-seo-wordpress\/ -->\n<title>La Festa del Vi Novell arriba carregada d&#039;activitats - Gastron\u00f2micament<\/title>\n<meta name=\"description\" content=\"La Festa del Vi Novell arriba carregada d&#039;activitats Actualitat, Reportatges i novetats Santa Maria del Cam\u00ed viu un cap de setmana amb teatre, tapes i molt bon vi\" \/>\n<meta name=\"robots\" content=\"index, follow, max-snippet:-1, max-image-preview:large, max-video-preview:-1\" \/>\n<link rel=\"canonical\" href=\"https:\/\/gastronomicament.cat\/ca\/la-festa-del-vi-novell-arriba-carregada-dactivitats\" \/>\n<meta property=\"og:locale\" content=\"ca_ES\" \/>\n<meta property=\"og:type\" content=\"article\" \/>\n<meta property=\"og:title\" content=\"La Festa del Vi Novell arriba carregada d&#039;activitats - Gastron\u00f2micament\" \/>\n<meta property=\"og:description\" content=\"La Festa del Vi Novell arriba carregada d&#039;activitats Actualitat, Reportatges i novetats Santa Maria del Cam\u00ed viu un cap de setmana amb teatre, tapes i molt bon vi\" \/>\n<meta property=\"og:url\" content=\"https:\/\/gastronomicament.cat\/ca\/la-festa-del-vi-novell-arriba-carregada-dactivitats\" \/>\n<meta property=\"og:site_name\" content=\"Gastron\u00f2micament\" \/>\n<meta property=\"article:published_time\" content=\"2023-11-22T10:25:25+00:00\" \/>\n<meta property=\"og:image\" content=\"https:\/\/gastronomicament.cat\/wp-content\/uploads\/2023\/11\/Presentacio-Festa-Vi-Novell-2023.jpg\" \/>\n\t<meta property=\"og:image:width\" content=\"2048\" \/>\n\t<meta property=\"og:image:height\" content=\"1536\" \/>\n\t<meta property=\"og:image:type\" content=\"image\/jpeg\" \/>\n<meta name=\"author\" content=\"Redacci\u00f3\" \/>\n<meta name=\"twitter:card\" content=\"summary_large_image\" \/>\n<meta name=\"twitter:creator\" content=\"@gastronomicamen\" \/>\n<meta name=\"twitter:site\" content=\"@gastronomicamen\" \/>\n<meta name=\"twitter:label1\" content=\"Written by\" \/>\n\t<meta name=\"twitter:data1\" content=\"Redacci\u00f3\" \/>\n\t<meta name=\"twitter:label2\" content=\"Est. reading time\" \/>\n\t<meta name=\"twitter:data2\" content=\"4 minutes\" \/>\n<script type=\"application\/ld+json\" class=\"yoast-schema-graph\">{\"@context\":\"https:\\\/\\\/schema.org\",\"@graph\":[{\"@type\":\"Article\",\"@id\":\"https:\\\/\\\/gastronomicament.cat\\\/ca\\\/la-festa-del-vi-novell-arriba-carregada-dactivitats#article\",\"isPartOf\":{\"@id\":\"https:\\\/\\\/gastronomicament.cat\\\/ca\\\/la-festa-del-vi-novell-arriba-carregada-dactivitats\"},\"author\":{\"name\":\"Redacci\u00f3\",\"@id\":\"https:\\\/\\\/gastronomicament.cat\\\/ca\\\/#\\\/schema\\\/person\\\/a7c85c537a1ed62799a5b8e0f686a37f\"},\"headline\":\"La Festa del Vi Novell arriba carregada d&#8217;activitats\",\"datePublished\":\"2023-11-22T10:25:25+00:00\",\"mainEntityOfPage\":{\"@id\":\"https:\\\/\\\/gastronomicament.cat\\\/ca\\\/la-festa-del-vi-novell-arriba-carregada-dactivitats\"},\"wordCount\":578,\"commentCount\":0,\"publisher\":{\"@id\":\"https:\\\/\\\/gastronomicament.cat\\\/ca\\\/#organization\"},\"image\":{\"@id\":\"https:\\\/\\\/gastronomicament.cat\\\/ca\\\/la-festa-del-vi-novell-arriba-carregada-dactivitats#primaryimage\"},\"thumbnailUrl\":\"https:\\\/\\\/gastronomicament.cat\\\/wp-content\\\/uploads\\\/2023\\\/11\\\/Presentacio-Festa-Vi-Novell-2023.jpg\",\"articleSection\":[\"Actualitat\",\"Reportatges i novetats\"],\"inLanguage\":\"ca-ES\",\"potentialAction\":[{\"@type\":\"CommentAction\",\"name\":\"Comment\",\"target\":[\"https:\\\/\\\/gastronomicament.cat\\\/ca\\\/la-festa-del-vi-novell-arriba-carregada-dactivitats#respond\"]}]},{\"@type\":\"WebPage\",\"@id\":\"https:\\\/\\\/gastronomicament.cat\\\/ca\\\/la-festa-del-vi-novell-arriba-carregada-dactivitats\",\"url\":\"https:\\\/\\\/gastronomicament.cat\\\/ca\\\/la-festa-del-vi-novell-arriba-carregada-dactivitats\",\"name\":\"La Festa del Vi Novell arriba carregada d'activitats - Gastron\u00f2micament\",\"isPartOf\":{\"@id\":\"https:\\\/\\\/gastronomicament.cat\\\/ca\\\/#website\"},\"primaryImageOfPage\":{\"@id\":\"https:\\\/\\\/gastronomicament.cat\\\/ca\\\/la-festa-del-vi-novell-arriba-carregada-dactivitats#primaryimage\"},\"image\":{\"@id\":\"https:\\\/\\\/gastronomicament.cat\\\/ca\\\/la-festa-del-vi-novell-arriba-carregada-dactivitats#primaryimage\"},\"thumbnailUrl\":\"https:\\\/\\\/gastronomicament.cat\\\/wp-content\\\/uploads\\\/2023\\\/11\\\/Presentacio-Festa-Vi-Novell-2023.jpg\",\"datePublished\":\"2023-11-22T10:25:25+00:00\",\"description\":\"La Festa del Vi Novell arriba carregada d'activitats Actualitat, Reportatges i novetats Santa Maria del Cam\u00ed viu un cap de setmana amb teatre, tapes i molt bon vi\",\"inLanguage\":\"ca-ES\",\"potentialAction\":[{\"@type\":\"ReadAction\",\"target\":[\"https:\\\/\\\/gastronomicament.cat\\\/ca\\\/la-festa-del-vi-novell-arriba-carregada-dactivitats\"]}]},{\"@type\":\"ImageObject\",\"inLanguage\":\"ca-ES\",\"@id\":\"https:\\\/\\\/gastronomicament.cat\\\/ca\\\/la-festa-del-vi-novell-arriba-carregada-dactivitats#primaryimage\",\"url\":\"https:\\\/\\\/gastronomicament.cat\\\/wp-content\\\/uploads\\\/2023\\\/11\\\/Presentacio-Festa-Vi-Novell-2023.jpg\",\"contentUrl\":\"https:\\\/\\\/gastronomicament.cat\\\/wp-content\\\/uploads\\\/2023\\\/11\\\/Presentacio-Festa-Vi-Novell-2023.jpg\",\"width\":2048,\"height\":1536},{\"@type\":\"WebSite\",\"@id\":\"https:\\\/\\\/gastronomicament.cat\\\/ca\\\/#website\",\"url\":\"https:\\\/\\\/gastronomicament.cat\\\/ca\\\/\",\"name\":\"Gastron\u00f2micament\",\"description\":\"Portal de restaurants, receptes i actualitat gastron\u00f2mica\",\"publisher\":{\"@id\":\"https:\\\/\\\/gastronomicament.cat\\\/ca\\\/#organization\"},\"potentialAction\":[{\"@type\":\"SearchAction\",\"target\":{\"@type\":\"EntryPoint\",\"urlTemplate\":\"https:\\\/\\\/gastronomicament.cat\\\/ca\\\/?s={search_term_string}\"},\"query-input\":{\"@type\":\"PropertyValueSpecification\",\"valueRequired\":true,\"valueName\":\"search_term_string\"}}],\"inLanguage\":\"ca-ES\"},{\"@type\":\"Organization\",\"@id\":\"https:\\\/\\\/gastronomicament.cat\\\/ca\\\/#organization\",\"name\":\"Gastron\u00f2micament\",\"url\":\"https:\\\/\\\/gastronomicament.cat\\\/ca\\\/\",\"logo\":{\"@type\":\"ImageObject\",\"inLanguage\":\"ca-ES\",\"@id\":\"https:\\\/\\\/gastronomicament.cat\\\/ca\\\/#\\\/schema\\\/logo\\\/image\\\/\",\"url\":\"https:\\\/\\\/gastronomicament.cat\\\/wp-content\\\/uploads\\\/2016\\\/09\\\/header-logo.jpg\",\"contentUrl\":\"https:\\\/\\\/gastronomicament.cat\\\/wp-content\\\/uploads\\\/2016\\\/09\\\/header-logo.jpg\",\"width\":277,\"height\":39,\"caption\":\"Gastron\u00f2micament\"},\"image\":{\"@id\":\"https:\\\/\\\/gastronomicament.cat\\\/ca\\\/#\\\/schema\\\/logo\\\/image\\\/\"},\"sameAs\":[\"https:\\\/\\\/x.com\\\/gastronomicamen\"]},{\"@type\":\"Person\",\"@id\":\"https:\\\/\\\/gastronomicament.cat\\\/ca\\\/#\\\/schema\\\/person\\\/a7c85c537a1ed62799a5b8e0f686a37f\",\"name\":\"Redacci\u00f3\",\"image\":{\"@type\":\"ImageObject\",\"inLanguage\":\"ca-ES\",\"@id\":\"https:\\\/\\\/secure.gravatar.com\\\/avatar\\\/9489a485c464fd611d33825daae651d13db70c4e74c65c94937a15a9d4c3ee14?s=96&d=mm&r=g69fea3cce3645dfa2166e7293e22955e\",\"url\":\"https:\\\/\\\/secure.gravatar.com\\\/avatar\\\/9489a485c464fd611d33825daae651d13db70c4e74c65c94937a15a9d4c3ee14?s=96&d=mm&r=g\",\"contentUrl\":\"https:\\\/\\\/secure.gravatar.com\\\/avatar\\\/9489a485c464fd611d33825daae651d13db70c4e74c65c94937a15a9d4c3ee14?s=96&d=mm&r=g\",\"caption\":\"Redacci\u00f3\"},\"sameAs\":[\"http:\\\/\\\/gastronomicament.cat\"],\"url\":\"https:\\\/\\\/gastronomicament.cat\\\/ca\\\/author\\\/admin\"}]}<\/script>\n<!-- \/ Yoast SEO plugin. -->","yoast_head_json":{"title":"La Festa del Vi Novell arriba carregada d'activitats - Gastron\u00f2micament","description":"La Festa del Vi Novell arriba carregada d'activitats Actualitat, Reportatges i novetats Santa Maria del Cam\u00ed viu un cap de setmana amb teatre, tapes i molt bon vi","robots":{"index":"index","follow":"follow","max-snippet":"max-snippet:-1","max-image-preview":"max-image-preview:large","max-video-preview":"max-video-preview:-1"},"canonical":"https:\/\/gastronomicament.cat\/ca\/la-festa-del-vi-novell-arriba-carregada-dactivitats","og_locale":"ca_ES","og_type":"article","og_title":"La Festa del Vi Novell arriba carregada d'activitats - Gastron\u00f2micament","og_description":"La Festa del Vi Novell arriba carregada d'activitats Actualitat, Reportatges i novetats Santa Maria del Cam\u00ed viu un cap de setmana amb teatre, tapes i molt bon vi","og_url":"https:\/\/gastronomicament.cat\/ca\/la-festa-del-vi-novell-arriba-carregada-dactivitats","og_site_name":"Gastron\u00f2micament","article_published_time":"2023-11-22T10:25:25+00:00","og_image":[{"width":2048,"height":1536,"url":"https:\/\/gastronomicament.cat\/wp-content\/uploads\/2023\/11\/Presentacio-Festa-Vi-Novell-2023.jpg","type":"image\/jpeg"}],"author":"Redacci\u00f3","twitter_card":"summary_large_image","twitter_creator":"@gastronomicamen","twitter_site":"@gastronomicamen","twitter_misc":{"Written by":"Redacci\u00f3","Est. reading time":"4 minutes"},"schema":{"@context":"https:\/\/schema.org","@graph":[{"@type":"Article","@id":"https:\/\/gastronomicament.cat\/ca\/la-festa-del-vi-novell-arriba-carregada-dactivitats#article","isPartOf":{"@id":"https:\/\/gastronomicament.cat\/ca\/la-festa-del-vi-novell-arriba-carregada-dactivitats"},"author":{"name":"Redacci\u00f3","@id":"https:\/\/gastronomicament.cat\/ca\/#\/schema\/person\/a7c85c537a1ed62799a5b8e0f686a37f"},"headline":"La Festa del Vi Novell arriba carregada d&#8217;activitats","datePublished":"2023-11-22T10:25:25+00:00","mainEntityOfPage":{"@id":"https:\/\/gastronomicament.cat\/ca\/la-festa-del-vi-novell-arriba-carregada-dactivitats"},"wordCount":578,"commentCount":0,"publisher":{"@id":"https:\/\/gastronomicament.cat\/ca\/#organization"},"image":{"@id":"https:\/\/gastronomicament.cat\/ca\/la-festa-del-vi-novell-arriba-carregada-dactivitats#primaryimage"},"thumbnailUrl":"https:\/\/gastronomicament.cat\/wp-content\/uploads\/2023\/11\/Presentacio-Festa-Vi-Novell-2023.jpg","articleSection":["Actualitat","Reportatges i novetats"],"inLanguage":"ca-ES","potentialAction":[{"@type":"CommentAction","name":"Comment","target":["https:\/\/gastronomicament.cat\/ca\/la-festa-del-vi-novell-arriba-carregada-dactivitats#respond"]}]},{"@type":"WebPage","@id":"https:\/\/gastronomicament.cat\/ca\/la-festa-del-vi-novell-arriba-carregada-dactivitats","url":"https:\/\/gastronomicament.cat\/ca\/la-festa-del-vi-novell-arriba-carregada-dactivitats","name":"La Festa del Vi Novell arriba carregada d'activitats - Gastron\u00f2micament","isPartOf":{"@id":"https:\/\/gastronomicament.cat\/ca\/#website"},"primaryImageOfPage":{"@id":"https:\/\/gastronomicament.cat\/ca\/la-festa-del-vi-novell-arriba-carregada-dactivitats#primaryimage"},"image":{"@id":"https:\/\/gastronomicament.cat\/ca\/la-festa-del-vi-novell-arriba-carregada-dactivitats#primaryimage"},"thumbnailUrl":"https:\/\/gastronomicament.cat\/wp-content\/uploads\/2023\/11\/Presentacio-Festa-Vi-Novell-2023.jpg","datePublished":"2023-11-22T10:25:25+00:00","description":"La Festa del Vi Novell arriba carregada d'activitats Actualitat, Reportatges i novetats Santa Maria del Cam\u00ed viu un cap de setmana amb teatre, tapes i molt bon vi","inLanguage":"ca-ES","potentialAction":[{"@type":"ReadAction","target":["https:\/\/gastronomicament.cat\/ca\/la-festa-del-vi-novell-arriba-carregada-dactivitats"]}]},{"@type":"ImageObject","inLanguage":"ca-ES","@id":"https:\/\/gastronomicament.cat\/ca\/la-festa-del-vi-novell-arriba-carregada-dactivitats#primaryimage","url":"https:\/\/gastronomicament.cat\/wp-content\/uploads\/2023\/11\/Presentacio-Festa-Vi-Novell-2023.jpg","contentUrl":"https:\/\/gastronomicament.cat\/wp-content\/uploads\/2023\/11\/Presentacio-Festa-Vi-Novell-2023.jpg","width":2048,"height":1536},{"@type":"WebSite","@id":"https:\/\/gastronomicament.cat\/ca\/#website","url":"https:\/\/gastronomicament.cat\/ca\/","name":"Gastron\u00f2micament","description":"Portal de restaurants, receptes i actualitat gastron\u00f2mica","publisher":{"@id":"https:\/\/gastronomicament.cat\/ca\/#organization"},"potentialAction":[{"@type":"SearchAction","target":{"@type":"EntryPoint","urlTemplate":"https:\/\/gastronomicament.cat\/ca\/?s={search_term_string}"},"query-input":{"@type":"PropertyValueSpecification","valueRequired":true,"valueName":"search_term_string"}}],"inLanguage":"ca-ES"},{"@type":"Organization","@id":"https:\/\/gastronomicament.cat\/ca\/#organization","name":"Gastron\u00f2micament","url":"https:\/\/gastronomicament.cat\/ca\/","logo":{"@type":"ImageObject","inLanguage":"ca-ES","@id":"https:\/\/gastronomicament.cat\/ca\/#\/schema\/logo\/image\/","url":"https:\/\/gastronomicament.cat\/wp-content\/uploads\/2016\/09\/header-logo.jpg","contentUrl":"https:\/\/gastronomicament.cat\/wp-content\/uploads\/2016\/09\/header-logo.jpg","width":277,"height":39,"caption":"Gastron\u00f2micament"},"image":{"@id":"https:\/\/gastronomicament.cat\/ca\/#\/schema\/logo\/image\/"},"sameAs":["https:\/\/x.com\/gastronomicamen"]},{"@type":"Person","@id":"https:\/\/gastronomicament.cat\/ca\/#\/schema\/person\/a7c85c537a1ed62799a5b8e0f686a37f","name":"Redacci\u00f3","image":{"@type":"ImageObject","inLanguage":"ca-ES","@id":"https:\/\/secure.gravatar.com\/avatar\/9489a485c464fd611d33825daae651d13db70c4e74c65c94937a15a9d4c3ee14?s=96&d=mm&r=g69fea3cce3645dfa2166e7293e22955e","url":"https:\/\/secure.gravatar.com\/avatar\/9489a485c464fd611d33825daae651d13db70c4e74c65c94937a15a9d4c3ee14?s=96&d=mm&r=g","contentUrl":"https:\/\/secure.gravatar.com\/avatar\/9489a485c464fd611d33825daae651d13db70c4e74c65c94937a15a9d4c3ee14?s=96&d=mm&r=g","caption":"Redacci\u00f3"},"sameAs":["http:\/\/gastronomicament.cat"],"url":"https:\/\/gastronomicament.cat\/ca\/author\/admin"}]}},"_links":{"self":[{"href":"https:\/\/gastronomicament.cat\/ca\/wp-json\/wp\/v2\/posts\/86203","targetHints":{"allow":["GET"]}}],"collection":[{"href":"https:\/\/gastronomicament.cat\/ca\/wp-json\/wp\/v2\/posts"}],"about":[{"href":"https:\/\/gastronomicament.cat\/ca\/wp-json\/wp\/v2\/types\/post"}],"author":[{"embeddable":true,"href":"https:\/\/gastronomicament.cat\/ca\/wp-json\/wp\/v2\/users\/1"}],"replies":[{"embeddable":true,"href":"https:\/\/gastronomicament.cat\/ca\/wp-json\/wp\/v2\/comments?post=86203"}],"version-history":[{"count":0,"href":"https:\/\/gastronomicament.cat\/ca\/wp-json\/wp\/v2\/posts\/86203\/revisions"}],"wp:featuredmedia":[{"embeddable":true,"href":"https:\/\/gastronomicament.cat\/ca\/wp-json\/wp\/v2\/media\/86212"}],"wp:attachment":[{"href":"https:\/\/gastronomicament.cat\/ca\/wp-json\/wp\/v2\/media?parent=86203"}],"wp:term":[{"taxonomy":"category","embeddable":true,"href":"https:\/\/gastronomicament.cat\/ca\/wp-json\/wp\/v2\/categories?post=86203"},{"taxonomy":"post_tag","embeddable":true,"href":"https:\/\/gastronomicament.cat\/ca\/wp-json\/wp\/v2\/tags?post=86203"},{"taxonomy":"author","embeddable":true,"href":"https:\/\/gastronomicament.cat\/ca\/wp-json\/wp\/v2\/coauthors?post=86203"}],"curies":[{"name":"wp","href":"https:\/\/api.w.org\/{rel}","templated":true}]}}