{"id":87035,"date":"2024-01-25T09:24:38","date_gmt":"2024-01-25T08:24:38","guid":{"rendered":"https:\/\/gastronomicament.cat\/?p=87035"},"modified":"2024-01-25T09:24:38","modified_gmt":"2024-01-25T08:24:38","slug":"tapalma-2024-se-celebrara-del-18-al-26-de-novembre","status":"publish","type":"post","link":"https:\/\/gastronomicament.cat\/ca\/tapalma-2024-se-celebrara-del-18-al-26-de-novembre","title":{"rendered":"TaPalma 2024 se celebrar\u00e0 del 18 al 26 de novembre"},"content":{"rendered":"<p>TaPalma Mallorca 2024 se celebrar\u00e0\u00a0<strong>del 20 al 24 de novembre<\/strong>\u00a0a Palma. Les dates de la nova edici\u00f3 s&#8217;han donat a con\u00e8ixer el 24 de gener a migdia a FITUR amb motiu de la Fira Internacional de Turisme, a l&#8217;estand de Trasmed, patrocinador principal de l&#8217;esdeveniment.<\/p>\n<p>A m\u00e9s, el Palau de Congressos de Palma acollir\u00e0, per set\u00e8 any consecutiu, el concurs de tapes i c\u00f2ctels de TaPalma Mallorca 2024 que tindr\u00e0 lloc el dilluns 18 de novembre, dos dies abans de l&#8217;inici de la ruta. Com a novetat, enguany <strong>el concurs de tapes i c\u00f2ctels es retransmetr\u00e0 en directe per IB3 Televisi<\/strong>\u00f3.<\/p>\n<p>L&#8217;acte ha comptat amb la pres\u00e8ncia d&#8217;Antoni Martorell, director general d&#8217;AgenciaCom; Alfonso Robledo, president de Restauraci\u00f3 Mallorca Caeb; Antoni Martorell, director general d&#8217;AgenciaCom, i Miguel Pardo, director de Relacions Institucionals del Grupo Grimaldi a Espanya, entre d&#8217;altres patrocinadors i col\u00b7laboradors de l&#8217;esdeveniment.<\/p>\n<p><strong>Antoni Martorell<\/strong>, director general d&#8217;AgenciaCom, ha explicat que &#8220;estam encantats de tenir novament el suport de Trasmed per a aquest esdeveniment gastron\u00f2mic important, i que es promogui la cultura i el producte local de les Illes Balears, i que s&#8217;apropi aquest esdeveniment a visitants de la pen\u00ednsula i que coneguin un dels punts forts de les illes, la nostra gastronomia&#8221;.<\/p>\n<p>Per la seva banda, <strong>Alfonso Robledo<\/strong>, president de Restauraci\u00f3 Mallorca Caeb, ha assenyalat que &#8220;gr\u00e0cies a Trasmed podem presentar TaPalma en aquesta important fira de Turisme a Madrid, donar-li veu en l&#8217;\u00e0mbit estatal, i ajudar, aix\u00ed, els restauradors i\u00a0<em>bartenders\u00a0<\/em>de Mallorca, i en concret de Palma, que\u00a0<strong>omplin els seus locals en un mes com \u00e9s novembre, complicat per a l&#8217;hostaleria ja que \u00e9s temporada baixa<\/strong>&#8220;.<\/p>\n<p>Finalment,<strong>\u00a0Miguel Pardo<\/strong>, director de Relacions Institucionals del Grupo Grimaldi a Espanya, ha comentat que &#8220;els protagonistes avui s\u00f3n els restauradors i coctelers que promouen la gastronomia local, i nosaltres els donem suport perqu\u00e8, en aquestes dates de temporada baixa, com \u00e9s el mes de novembre, tenguin molt m\u00e9s moviment als seus locals i puguin mostrar a tothom les seves creacions i l&#8217;excel\u00b7lent gastronomia de l&#8217;illa, aix\u00ed que des de Trasmed animam a viatjar a Palma el mes de novembre i a gaudir de TaPalma Mallorca 2024&#8221;.<\/p>\n<p>Amb aquest esdeveniment gastron\u00f2mic es pret\u00e9n allargar m\u00e9s la temporada tur\u00edstica per atreure als seus establiments, no solament el p\u00fablic local, sin\u00f3 el turisme estatal i estranger durant aquells mesos on hi ha un descens de p\u00fablic i, per tant, menys activitat.<\/p>\n<p>Durant la presentaci\u00f3 s&#8217;ha duit a terme un showcooking i la degustaci\u00f3 de les tapes guanyadores, elaborades per, del restaurant Omb\u00fa; com tamb\u00e9 s&#8217;hi ha pogut tastar el c\u00f2ctel premiat l&#8217;any passat, creat pels bartenders del restaurant La Ca\u00f1a,\u00a0<strong>Alessandro Smurro i Danilo Petritoli<\/strong>.<\/p>\n","protected":false},"excerpt":{"rendered":"<p>El concurs es celebrar\u00e0 el dilluns 18 de novembre en el Palau de Congressos<\/p>\n","protected":false},"author":1,"featured_media":87036,"comment_status":"open","ping_status":"closed","sticky":false,"template":"","format":"gallery","meta":{"_acf_changed":false,"_swt_meta_header_display":false,"_swt_meta_footer_display":false,"_swt_meta_site_title_display":false,"_swt_meta_sticky_header":false,"_swt_meta_transparent_header":false,"footnotes":""},"categories":[692,954],"tags":[],"coauthors":[2053],"class_list":["post-87035","post","type-post","status-publish","format-gallery","has-post-thumbnail","hentry","category-actualitat","category-fires-i-rutes","post_format-post-format-gallery"],"acf":{"gallery":null,"home_date":{"home_begin_date":null,"home_end_date":null}},"yoast_head":"<!-- This site is optimized with the Yoast SEO plugin v27.4 - https:\/\/yoast.com\/product\/yoast-seo-wordpress\/ -->\n<title>TaPalma 2024 se celebrar\u00e0 del 18 al 26 de novembre - Gastron\u00f2micament<\/title>\n<meta name=\"description\" content=\"TaPalma 2024 se celebrar\u00e0 del 18 al 26 de novembre Actualitat, Fires i rutes El concurs es celebrar\u00e0 el dilluns 18 de novembre en el Palau de Congressos\" \/>\n<meta name=\"robots\" content=\"index, follow, max-snippet:-1, max-image-preview:large, max-video-preview:-1\" \/>\n<link rel=\"canonical\" href=\"https:\/\/gastronomicament.cat\/ca\/tapalma-2024-se-celebrara-del-18-al-26-de-novembre\" \/>\n<meta property=\"og:locale\" content=\"ca_ES\" \/>\n<meta property=\"og:type\" content=\"article\" \/>\n<meta property=\"og:title\" content=\"TaPalma 2024 se celebrar\u00e0 del 18 al 26 de novembre - Gastron\u00f2micament\" \/>\n<meta property=\"og:description\" content=\"TaPalma 2024 se celebrar\u00e0 del 18 al 26 de novembre Actualitat, Fires i rutes El concurs es celebrar\u00e0 el dilluns 18 de novembre en el Palau de Congressos\" \/>\n<meta property=\"og:url\" content=\"https:\/\/gastronomicament.cat\/ca\/tapalma-2024-se-celebrara-del-18-al-26-de-novembre\" \/>\n<meta property=\"og:site_name\" content=\"Gastron\u00f2micament\" \/>\n<meta property=\"article:published_time\" content=\"2024-01-25T08:24:38+00:00\" \/>\n<meta property=\"og:image\" content=\"https:\/\/gastronomicament.cat\/wp-content\/uploads\/2024\/01\/presentacio-tapalma-2024.jpg\" \/>\n\t<meta property=\"og:image:width\" content=\"1145\" \/>\n\t<meta property=\"og:image:height\" content=\"809\" \/>\n\t<meta property=\"og:image:type\" content=\"image\/jpeg\" \/>\n<meta name=\"author\" content=\"Redacci\u00f3\" \/>\n<meta name=\"twitter:card\" content=\"summary_large_image\" \/>\n<meta name=\"twitter:creator\" content=\"@gastronomicamen\" \/>\n<meta name=\"twitter:site\" content=\"@gastronomicamen\" \/>\n<meta name=\"twitter:label1\" content=\"Written by\" \/>\n\t<meta name=\"twitter:data1\" content=\"Redacci\u00f3\" \/>\n\t<meta name=\"twitter:label2\" content=\"Est. reading time\" \/>\n\t<meta name=\"twitter:data2\" content=\"3 minutes\" \/>\n<script type=\"application\/ld+json\" class=\"yoast-schema-graph\">{\"@context\":\"https:\\\/\\\/schema.org\",\"@graph\":[{\"@type\":\"Article\",\"@id\":\"https:\\\/\\\/gastronomicament.cat\\\/ca\\\/tapalma-2024-se-celebrara-del-18-al-26-de-novembre#article\",\"isPartOf\":{\"@id\":\"https:\\\/\\\/gastronomicament.cat\\\/ca\\\/tapalma-2024-se-celebrara-del-18-al-26-de-novembre\"},\"author\":{\"name\":\"Redacci\u00f3\",\"@id\":\"https:\\\/\\\/gastronomicament.cat\\\/ca\\\/#\\\/schema\\\/person\\\/a7c85c537a1ed62799a5b8e0f686a37f\"},\"headline\":\"TaPalma 2024 se celebrar\u00e0 del 18 al 26 de novembre\",\"datePublished\":\"2024-01-25T08:24:38+00:00\",\"mainEntityOfPage\":{\"@id\":\"https:\\\/\\\/gastronomicament.cat\\\/ca\\\/tapalma-2024-se-celebrara-del-18-al-26-de-novembre\"},\"wordCount\":466,\"commentCount\":0,\"publisher\":{\"@id\":\"https:\\\/\\\/gastronomicament.cat\\\/ca\\\/#organization\"},\"image\":{\"@id\":\"https:\\\/\\\/gastronomicament.cat\\\/ca\\\/tapalma-2024-se-celebrara-del-18-al-26-de-novembre#primaryimage\"},\"thumbnailUrl\":\"https:\\\/\\\/gastronomicament.cat\\\/wp-content\\\/uploads\\\/2024\\\/01\\\/presentacio-tapalma-2024.jpg\",\"articleSection\":[\"Actualitat\",\"Fires i rutes\"],\"inLanguage\":\"ca-ES\",\"potentialAction\":[{\"@type\":\"CommentAction\",\"name\":\"Comment\",\"target\":[\"https:\\\/\\\/gastronomicament.cat\\\/ca\\\/tapalma-2024-se-celebrara-del-18-al-26-de-novembre#respond\"]}]},{\"@type\":\"WebPage\",\"@id\":\"https:\\\/\\\/gastronomicament.cat\\\/ca\\\/tapalma-2024-se-celebrara-del-18-al-26-de-novembre\",\"url\":\"https:\\\/\\\/gastronomicament.cat\\\/ca\\\/tapalma-2024-se-celebrara-del-18-al-26-de-novembre\",\"name\":\"TaPalma 2024 se celebrar\u00e0 del 18 al 26 de novembre - Gastron\u00f2micament\",\"isPartOf\":{\"@id\":\"https:\\\/\\\/gastronomicament.cat\\\/ca\\\/#website\"},\"primaryImageOfPage\":{\"@id\":\"https:\\\/\\\/gastronomicament.cat\\\/ca\\\/tapalma-2024-se-celebrara-del-18-al-26-de-novembre#primaryimage\"},\"image\":{\"@id\":\"https:\\\/\\\/gastronomicament.cat\\\/ca\\\/tapalma-2024-se-celebrara-del-18-al-26-de-novembre#primaryimage\"},\"thumbnailUrl\":\"https:\\\/\\\/gastronomicament.cat\\\/wp-content\\\/uploads\\\/2024\\\/01\\\/presentacio-tapalma-2024.jpg\",\"datePublished\":\"2024-01-25T08:24:38+00:00\",\"description\":\"TaPalma 2024 se celebrar\u00e0 del 18 al 26 de novembre Actualitat, Fires i rutes El concurs es celebrar\u00e0 el dilluns 18 de novembre en el Palau de Congressos\",\"inLanguage\":\"ca-ES\",\"potentialAction\":[{\"@type\":\"ReadAction\",\"target\":[\"https:\\\/\\\/gastronomicament.cat\\\/ca\\\/tapalma-2024-se-celebrara-del-18-al-26-de-novembre\"]}]},{\"@type\":\"ImageObject\",\"inLanguage\":\"ca-ES\",\"@id\":\"https:\\\/\\\/gastronomicament.cat\\\/ca\\\/tapalma-2024-se-celebrara-del-18-al-26-de-novembre#primaryimage\",\"url\":\"https:\\\/\\\/gastronomicament.cat\\\/wp-content\\\/uploads\\\/2024\\\/01\\\/presentacio-tapalma-2024.jpg\",\"contentUrl\":\"https:\\\/\\\/gastronomicament.cat\\\/wp-content\\\/uploads\\\/2024\\\/01\\\/presentacio-tapalma-2024.jpg\",\"width\":1145,\"height\":809},{\"@type\":\"WebSite\",\"@id\":\"https:\\\/\\\/gastronomicament.cat\\\/ca\\\/#website\",\"url\":\"https:\\\/\\\/gastronomicament.cat\\\/ca\\\/\",\"name\":\"Gastron\u00f2micament\",\"description\":\"Portal de restaurants, receptes i actualitat gastron\u00f2mica\",\"publisher\":{\"@id\":\"https:\\\/\\\/gastronomicament.cat\\\/ca\\\/#organization\"},\"potentialAction\":[{\"@type\":\"SearchAction\",\"target\":{\"@type\":\"EntryPoint\",\"urlTemplate\":\"https:\\\/\\\/gastronomicament.cat\\\/ca\\\/?s={search_term_string}\"},\"query-input\":{\"@type\":\"PropertyValueSpecification\",\"valueRequired\":true,\"valueName\":\"search_term_string\"}}],\"inLanguage\":\"ca-ES\"},{\"@type\":\"Organization\",\"@id\":\"https:\\\/\\\/gastronomicament.cat\\\/ca\\\/#organization\",\"name\":\"Gastron\u00f2micament\",\"url\":\"https:\\\/\\\/gastronomicament.cat\\\/ca\\\/\",\"logo\":{\"@type\":\"ImageObject\",\"inLanguage\":\"ca-ES\",\"@id\":\"https:\\\/\\\/gastronomicament.cat\\\/ca\\\/#\\\/schema\\\/logo\\\/image\\\/\",\"url\":\"https:\\\/\\\/gastronomicament.cat\\\/wp-content\\\/uploads\\\/2016\\\/09\\\/header-logo.jpg\",\"contentUrl\":\"https:\\\/\\\/gastronomicament.cat\\\/wp-content\\\/uploads\\\/2016\\\/09\\\/header-logo.jpg\",\"width\":277,\"height\":39,\"caption\":\"Gastron\u00f2micament\"},\"image\":{\"@id\":\"https:\\\/\\\/gastronomicament.cat\\\/ca\\\/#\\\/schema\\\/logo\\\/image\\\/\"},\"sameAs\":[\"https:\\\/\\\/x.com\\\/gastronomicamen\"]},{\"@type\":\"Person\",\"@id\":\"https:\\\/\\\/gastronomicament.cat\\\/ca\\\/#\\\/schema\\\/person\\\/a7c85c537a1ed62799a5b8e0f686a37f\",\"name\":\"Redacci\u00f3\",\"image\":{\"@type\":\"ImageObject\",\"inLanguage\":\"ca-ES\",\"@id\":\"https:\\\/\\\/secure.gravatar.com\\\/avatar\\\/9489a485c464fd611d33825daae651d13db70c4e74c65c94937a15a9d4c3ee14?s=96&d=mm&r=g69fea3cce3645dfa2166e7293e22955e\",\"url\":\"https:\\\/\\\/secure.gravatar.com\\\/avatar\\\/9489a485c464fd611d33825daae651d13db70c4e74c65c94937a15a9d4c3ee14?s=96&d=mm&r=g\",\"contentUrl\":\"https:\\\/\\\/secure.gravatar.com\\\/avatar\\\/9489a485c464fd611d33825daae651d13db70c4e74c65c94937a15a9d4c3ee14?s=96&d=mm&r=g\",\"caption\":\"Redacci\u00f3\"},\"sameAs\":[\"http:\\\/\\\/gastronomicament.cat\"],\"url\":\"https:\\\/\\\/gastronomicament.cat\\\/ca\\\/author\\\/admin\"}]}<\/script>\n<!-- \/ Yoast SEO plugin. -->","yoast_head_json":{"title":"TaPalma 2024 se celebrar\u00e0 del 18 al 26 de novembre - Gastron\u00f2micament","description":"TaPalma 2024 se celebrar\u00e0 del 18 al 26 de novembre Actualitat, Fires i rutes El concurs es celebrar\u00e0 el dilluns 18 de novembre en el Palau de Congressos","robots":{"index":"index","follow":"follow","max-snippet":"max-snippet:-1","max-image-preview":"max-image-preview:large","max-video-preview":"max-video-preview:-1"},"canonical":"https:\/\/gastronomicament.cat\/ca\/tapalma-2024-se-celebrara-del-18-al-26-de-novembre","og_locale":"ca_ES","og_type":"article","og_title":"TaPalma 2024 se celebrar\u00e0 del 18 al 26 de novembre - Gastron\u00f2micament","og_description":"TaPalma 2024 se celebrar\u00e0 del 18 al 26 de novembre Actualitat, Fires i rutes El concurs es celebrar\u00e0 el dilluns 18 de novembre en el Palau de Congressos","og_url":"https:\/\/gastronomicament.cat\/ca\/tapalma-2024-se-celebrara-del-18-al-26-de-novembre","og_site_name":"Gastron\u00f2micament","article_published_time":"2024-01-25T08:24:38+00:00","og_image":[{"width":1145,"height":809,"url":"https:\/\/gastronomicament.cat\/wp-content\/uploads\/2024\/01\/presentacio-tapalma-2024.jpg","type":"image\/jpeg"}],"author":"Redacci\u00f3","twitter_card":"summary_large_image","twitter_creator":"@gastronomicamen","twitter_site":"@gastronomicamen","twitter_misc":{"Written by":"Redacci\u00f3","Est. reading time":"3 minutes"},"schema":{"@context":"https:\/\/schema.org","@graph":[{"@type":"Article","@id":"https:\/\/gastronomicament.cat\/ca\/tapalma-2024-se-celebrara-del-18-al-26-de-novembre#article","isPartOf":{"@id":"https:\/\/gastronomicament.cat\/ca\/tapalma-2024-se-celebrara-del-18-al-26-de-novembre"},"author":{"name":"Redacci\u00f3","@id":"https:\/\/gastronomicament.cat\/ca\/#\/schema\/person\/a7c85c537a1ed62799a5b8e0f686a37f"},"headline":"TaPalma 2024 se celebrar\u00e0 del 18 al 26 de novembre","datePublished":"2024-01-25T08:24:38+00:00","mainEntityOfPage":{"@id":"https:\/\/gastronomicament.cat\/ca\/tapalma-2024-se-celebrara-del-18-al-26-de-novembre"},"wordCount":466,"commentCount":0,"publisher":{"@id":"https:\/\/gastronomicament.cat\/ca\/#organization"},"image":{"@id":"https:\/\/gastronomicament.cat\/ca\/tapalma-2024-se-celebrara-del-18-al-26-de-novembre#primaryimage"},"thumbnailUrl":"https:\/\/gastronomicament.cat\/wp-content\/uploads\/2024\/01\/presentacio-tapalma-2024.jpg","articleSection":["Actualitat","Fires i rutes"],"inLanguage":"ca-ES","potentialAction":[{"@type":"CommentAction","name":"Comment","target":["https:\/\/gastronomicament.cat\/ca\/tapalma-2024-se-celebrara-del-18-al-26-de-novembre#respond"]}]},{"@type":"WebPage","@id":"https:\/\/gastronomicament.cat\/ca\/tapalma-2024-se-celebrara-del-18-al-26-de-novembre","url":"https:\/\/gastronomicament.cat\/ca\/tapalma-2024-se-celebrara-del-18-al-26-de-novembre","name":"TaPalma 2024 se celebrar\u00e0 del 18 al 26 de novembre - Gastron\u00f2micament","isPartOf":{"@id":"https:\/\/gastronomicament.cat\/ca\/#website"},"primaryImageOfPage":{"@id":"https:\/\/gastronomicament.cat\/ca\/tapalma-2024-se-celebrara-del-18-al-26-de-novembre#primaryimage"},"image":{"@id":"https:\/\/gastronomicament.cat\/ca\/tapalma-2024-se-celebrara-del-18-al-26-de-novembre#primaryimage"},"thumbnailUrl":"https:\/\/gastronomicament.cat\/wp-content\/uploads\/2024\/01\/presentacio-tapalma-2024.jpg","datePublished":"2024-01-25T08:24:38+00:00","description":"TaPalma 2024 se celebrar\u00e0 del 18 al 26 de novembre Actualitat, Fires i rutes El concurs es celebrar\u00e0 el dilluns 18 de novembre en el Palau de Congressos","inLanguage":"ca-ES","potentialAction":[{"@type":"ReadAction","target":["https:\/\/gastronomicament.cat\/ca\/tapalma-2024-se-celebrara-del-18-al-26-de-novembre"]}]},{"@type":"ImageObject","inLanguage":"ca-ES","@id":"https:\/\/gastronomicament.cat\/ca\/tapalma-2024-se-celebrara-del-18-al-26-de-novembre#primaryimage","url":"https:\/\/gastronomicament.cat\/wp-content\/uploads\/2024\/01\/presentacio-tapalma-2024.jpg","contentUrl":"https:\/\/gastronomicament.cat\/wp-content\/uploads\/2024\/01\/presentacio-tapalma-2024.jpg","width":1145,"height":809},{"@type":"WebSite","@id":"https:\/\/gastronomicament.cat\/ca\/#website","url":"https:\/\/gastronomicament.cat\/ca\/","name":"Gastron\u00f2micament","description":"Portal de restaurants, receptes i actualitat gastron\u00f2mica","publisher":{"@id":"https:\/\/gastronomicament.cat\/ca\/#organization"},"potentialAction":[{"@type":"SearchAction","target":{"@type":"EntryPoint","urlTemplate":"https:\/\/gastronomicament.cat\/ca\/?s={search_term_string}"},"query-input":{"@type":"PropertyValueSpecification","valueRequired":true,"valueName":"search_term_string"}}],"inLanguage":"ca-ES"},{"@type":"Organization","@id":"https:\/\/gastronomicament.cat\/ca\/#organization","name":"Gastron\u00f2micament","url":"https:\/\/gastronomicament.cat\/ca\/","logo":{"@type":"ImageObject","inLanguage":"ca-ES","@id":"https:\/\/gastronomicament.cat\/ca\/#\/schema\/logo\/image\/","url":"https:\/\/gastronomicament.cat\/wp-content\/uploads\/2016\/09\/header-logo.jpg","contentUrl":"https:\/\/gastronomicament.cat\/wp-content\/uploads\/2016\/09\/header-logo.jpg","width":277,"height":39,"caption":"Gastron\u00f2micament"},"image":{"@id":"https:\/\/gastronomicament.cat\/ca\/#\/schema\/logo\/image\/"},"sameAs":["https:\/\/x.com\/gastronomicamen"]},{"@type":"Person","@id":"https:\/\/gastronomicament.cat\/ca\/#\/schema\/person\/a7c85c537a1ed62799a5b8e0f686a37f","name":"Redacci\u00f3","image":{"@type":"ImageObject","inLanguage":"ca-ES","@id":"https:\/\/secure.gravatar.com\/avatar\/9489a485c464fd611d33825daae651d13db70c4e74c65c94937a15a9d4c3ee14?s=96&d=mm&r=g69fea3cce3645dfa2166e7293e22955e","url":"https:\/\/secure.gravatar.com\/avatar\/9489a485c464fd611d33825daae651d13db70c4e74c65c94937a15a9d4c3ee14?s=96&d=mm&r=g","contentUrl":"https:\/\/secure.gravatar.com\/avatar\/9489a485c464fd611d33825daae651d13db70c4e74c65c94937a15a9d4c3ee14?s=96&d=mm&r=g","caption":"Redacci\u00f3"},"sameAs":["http:\/\/gastronomicament.cat"],"url":"https:\/\/gastronomicament.cat\/ca\/author\/admin"}]}},"_links":{"self":[{"href":"https:\/\/gastronomicament.cat\/ca\/wp-json\/wp\/v2\/posts\/87035","targetHints":{"allow":["GET"]}}],"collection":[{"href":"https:\/\/gastronomicament.cat\/ca\/wp-json\/wp\/v2\/posts"}],"about":[{"href":"https:\/\/gastronomicament.cat\/ca\/wp-json\/wp\/v2\/types\/post"}],"author":[{"embeddable":true,"href":"https:\/\/gastronomicament.cat\/ca\/wp-json\/wp\/v2\/users\/1"}],"replies":[{"embeddable":true,"href":"https:\/\/gastronomicament.cat\/ca\/wp-json\/wp\/v2\/comments?post=87035"}],"version-history":[{"count":0,"href":"https:\/\/gastronomicament.cat\/ca\/wp-json\/wp\/v2\/posts\/87035\/revisions"}],"wp:featuredmedia":[{"embeddable":true,"href":"https:\/\/gastronomicament.cat\/ca\/wp-json\/wp\/v2\/media\/87036"}],"wp:attachment":[{"href":"https:\/\/gastronomicament.cat\/ca\/wp-json\/wp\/v2\/media?parent=87035"}],"wp:term":[{"taxonomy":"category","embeddable":true,"href":"https:\/\/gastronomicament.cat\/ca\/wp-json\/wp\/v2\/categories?post=87035"},{"taxonomy":"post_tag","embeddable":true,"href":"https:\/\/gastronomicament.cat\/ca\/wp-json\/wp\/v2\/tags?post=87035"},{"taxonomy":"author","embeddable":true,"href":"https:\/\/gastronomicament.cat\/ca\/wp-json\/wp\/v2\/coauthors?post=87035"}],"curies":[{"name":"wp","href":"https:\/\/api.w.org\/{rel}","templated":true}]}}