{"id":89750,"date":"2024-07-18T08:59:09","date_gmt":"2024-07-18T06:59:09","guid":{"rendered":"https:\/\/gastronomicament.cat\/?p=89750"},"modified":"2024-07-18T09:07:58","modified_gmt":"2024-07-18T07:07:58","slug":"millora-la-predisposicio-a-comprar-herbes-i-palo-de-mallorca","status":"publish","type":"post","link":"https:\/\/gastronomicament.cat\/ca\/millora-la-predisposicio-a-comprar-herbes-i-palo-de-mallorca","title":{"rendered":"Millora la predisposici\u00f3 a comprar herbes i palo de Mallorca"},"content":{"rendered":"<p>La Direcci\u00f3 General de Qualitat Agroaliment\u00e0ria i Producte Local ha publicat les dades de l\u2019Estudi del consum dels aliments amb denominaci\u00f3 d&#8217;origen protegida o indicaci\u00f3 geogr\u00e0fica protegida (DOP\/IGP) a l\u2019illa de Mallorca. El principal objectiu d\u2019aquest document \u00e9s con\u00e8ixer l\u2019actitud dels consumidors en relaci\u00f3 amb les begudes espirituoses amb indicaci\u00f3 geogr\u00e0fica, com tamb\u00e9 analitzar el grau i la freq\u00fc\u00e8ncia de consum d\u2019aquestes begudes, el perfil dels consumidors i l\u2019evoluci\u00f3 del comportament del consumidor respecte de l\u2019estudi fet els anys 2016 i 2018. El treball de camp s\u2019ha duit a terme a diferents parts de Mallorca i s\u2019han entrevistat un total de 1.019 persones residents a l\u2019illa d\u2019entre 25 i 65 anys (un 79,98% dones i un 20,02% homes).<\/p>\n<p><strong>Dades positives per als licors tradicionals<\/strong><br \/>\nUna de les dades principals que se n\u2019extreu \u00e9s que el nombre de persones que compren palo de Mallorca i herbes de Mallorca s\u2019ha incrementat en relaci\u00f3 amb l\u2019any 2018 i 2016 (actualment, un 42,7% dels enquestats compra herbes i un 21,8%, palo). La freq\u00fc\u00e8ncia de compra tant de palo de Mallorca com d\u2019herbes de Mallorca tamb\u00e9 ha augmentat respecte dels anys anteriors, per\u00f2 es una compra espor\u00e0dica.<\/p>\n<p>Pel que fa al perfil del consumidor, <strong>els majors de 45 anys s\u00f3n m\u00e9s consumidors de palo de Mallorca que la resta<\/strong>. En el cas de les herbes de Mallorca no hi ha difer\u00e8ncia significativa en relaci\u00f3 amb l\u2019edat. A m\u00e9s, els homes compren m\u00e9s begudes espirituoses (IG) que les dones; i els residents a la part forana de l\u2019illa s\u00f3n els que compren m\u00e9s palo de Mallorca. Per altra banda, el document mostra que es compra m\u00e9s palo de Mallorca als domicilis en qu\u00e8 viuen dues persones que en els habitatges on en viuen tres o m\u00e9s. De la mateixa manera, les persones nascudes a les Illes Balears consumeixen m\u00e9s palo de Mallorca i herbes de Mallorca que la resta.<\/p>\n<p>Amb tot, cal recalcar que l\u2019avaluaci\u00f3 de les respostes de les persones entrevistades juntament amb les dades de comercialitzaci\u00f3 evidencia que hi ha <strong>una predisposici\u00f3 elevada per comprar herbes de Mallorca i palo de Mallorca que no sempre es materialitza amb la compra del producte.<\/strong><\/p>\n<pre>Imatge: Illes Balears Qualitat (IQUA)<\/pre>\n","protected":false},"excerpt":{"rendered":"<p>El Govern de les Illes Balears ha fet un estudi per con\u00e8ixer l&#8217;actitud dels consumidors de&hellip;<\/p>\n","protected":false},"author":1,"featured_media":89751,"comment_status":"open","ping_status":"closed","sticky":false,"template":"","format":"gallery","meta":{"_acf_changed":false,"_swt_meta_header_display":false,"_swt_meta_footer_display":false,"_swt_meta_site_title_display":false,"_swt_meta_sticky_header":false,"_swt_meta_transparent_header":false,"footnotes":""},"categories":[692,955],"tags":[],"coauthors":[2053],"class_list":["post-89750","post","type-post","status-publish","format-gallery","has-post-thumbnail","hentry","category-actualitat","category-reportatges-i-novetats","post_format-post-format-gallery"],"acf":{"gallery":null,"home_date":{"home_begin_date":null,"home_end_date":null}},"yoast_head":"<!-- This site is optimized with the Yoast SEO plugin v27.4 - https:\/\/yoast.com\/product\/yoast-seo-wordpress\/ -->\n<title>Millora la predisposici\u00f3 a comprar herbes i palo de Mallorca - Gastron\u00f2micament<\/title>\n<meta name=\"description\" content=\"Millora la predisposici\u00f3 a comprar herbes i palo de Mallorca Actualitat, Reportatges i novetats El Govern de les Illes Balears ha fet un estudi per con\u00e8ixer l&#039;actitud dels consumidors de begudes espirituoses tradicionals\" \/>\n<meta name=\"robots\" content=\"index, follow, max-snippet:-1, max-image-preview:large, max-video-preview:-1\" \/>\n<link rel=\"canonical\" href=\"https:\/\/gastronomicament.cat\/ca\/millora-la-predisposicio-a-comprar-herbes-i-palo-de-mallorca\" \/>\n<meta property=\"og:locale\" content=\"ca_ES\" \/>\n<meta property=\"og:type\" content=\"article\" \/>\n<meta property=\"og:title\" content=\"Millora la predisposici\u00f3 a comprar herbes i palo de Mallorca - Gastron\u00f2micament\" \/>\n<meta property=\"og:description\" content=\"Millora la predisposici\u00f3 a comprar herbes i palo de Mallorca Actualitat, Reportatges i novetats El Govern de les Illes Balears ha fet un estudi per con\u00e8ixer l&#039;actitud dels consumidors de begudes espirituoses tradicionals\" \/>\n<meta property=\"og:url\" content=\"https:\/\/gastronomicament.cat\/ca\/millora-la-predisposicio-a-comprar-herbes-i-palo-de-mallorca\" \/>\n<meta property=\"og:site_name\" content=\"Gastron\u00f2micament\" \/>\n<meta property=\"article:published_time\" content=\"2024-07-18T06:59:09+00:00\" \/>\n<meta property=\"article:modified_time\" content=\"2024-07-18T07:07:58+00:00\" \/>\n<meta property=\"og:image\" content=\"https:\/\/gastronomicament.cat\/wp-content\/uploads\/2024\/07\/herbes-IQUA.jpg\" \/>\n\t<meta property=\"og:image:width\" content=\"2000\" \/>\n\t<meta property=\"og:image:height\" content=\"1333\" \/>\n\t<meta property=\"og:image:type\" content=\"image\/jpeg\" \/>\n<meta name=\"author\" content=\"Redacci\u00f3\" \/>\n<meta name=\"twitter:card\" content=\"summary_large_image\" \/>\n<meta name=\"twitter:creator\" content=\"@gastronomicamen\" \/>\n<meta name=\"twitter:site\" content=\"@gastronomicamen\" \/>\n<meta name=\"twitter:label1\" content=\"Written by\" \/>\n\t<meta name=\"twitter:data1\" content=\"Redacci\u00f3\" \/>\n\t<meta name=\"twitter:label2\" content=\"Est. reading time\" \/>\n\t<meta name=\"twitter:data2\" content=\"3 minutes\" \/>\n<script type=\"application\/ld+json\" class=\"yoast-schema-graph\">{\"@context\":\"https:\\\/\\\/schema.org\",\"@graph\":[{\"@type\":\"Article\",\"@id\":\"https:\\\/\\\/gastronomicament.cat\\\/ca\\\/millora-la-predisposicio-a-comprar-herbes-i-palo-de-mallorca#article\",\"isPartOf\":{\"@id\":\"https:\\\/\\\/gastronomicament.cat\\\/ca\\\/millora-la-predisposicio-a-comprar-herbes-i-palo-de-mallorca\"},\"author\":{\"name\":\"Redacci\u00f3\",\"@id\":\"https:\\\/\\\/gastronomicament.cat\\\/ca\\\/#\\\/schema\\\/person\\\/a7c85c537a1ed62799a5b8e0f686a37f\"},\"headline\":\"Millora la predisposici\u00f3 a comprar herbes i palo de Mallorca\",\"datePublished\":\"2024-07-18T06:59:09+00:00\",\"dateModified\":\"2024-07-18T07:07:58+00:00\",\"mainEntityOfPage\":{\"@id\":\"https:\\\/\\\/gastronomicament.cat\\\/ca\\\/millora-la-predisposicio-a-comprar-herbes-i-palo-de-mallorca\"},\"wordCount\":392,\"commentCount\":0,\"publisher\":{\"@id\":\"https:\\\/\\\/gastronomicament.cat\\\/ca\\\/#organization\"},\"image\":{\"@id\":\"https:\\\/\\\/gastronomicament.cat\\\/ca\\\/millora-la-predisposicio-a-comprar-herbes-i-palo-de-mallorca#primaryimage\"},\"thumbnailUrl\":\"https:\\\/\\\/gastronomicament.cat\\\/wp-content\\\/uploads\\\/2024\\\/07\\\/herbes-IQUA.jpg\",\"articleSection\":[\"Actualitat\",\"Reportatges i novetats\"],\"inLanguage\":\"ca-ES\",\"potentialAction\":[{\"@type\":\"CommentAction\",\"name\":\"Comment\",\"target\":[\"https:\\\/\\\/gastronomicament.cat\\\/ca\\\/millora-la-predisposicio-a-comprar-herbes-i-palo-de-mallorca#respond\"]}]},{\"@type\":\"WebPage\",\"@id\":\"https:\\\/\\\/gastronomicament.cat\\\/ca\\\/millora-la-predisposicio-a-comprar-herbes-i-palo-de-mallorca\",\"url\":\"https:\\\/\\\/gastronomicament.cat\\\/ca\\\/millora-la-predisposicio-a-comprar-herbes-i-palo-de-mallorca\",\"name\":\"Millora la predisposici\u00f3 a comprar herbes i palo de Mallorca - Gastron\u00f2micament\",\"isPartOf\":{\"@id\":\"https:\\\/\\\/gastronomicament.cat\\\/ca\\\/#website\"},\"primaryImageOfPage\":{\"@id\":\"https:\\\/\\\/gastronomicament.cat\\\/ca\\\/millora-la-predisposicio-a-comprar-herbes-i-palo-de-mallorca#primaryimage\"},\"image\":{\"@id\":\"https:\\\/\\\/gastronomicament.cat\\\/ca\\\/millora-la-predisposicio-a-comprar-herbes-i-palo-de-mallorca#primaryimage\"},\"thumbnailUrl\":\"https:\\\/\\\/gastronomicament.cat\\\/wp-content\\\/uploads\\\/2024\\\/07\\\/herbes-IQUA.jpg\",\"datePublished\":\"2024-07-18T06:59:09+00:00\",\"dateModified\":\"2024-07-18T07:07:58+00:00\",\"description\":\"Millora la predisposici\u00f3 a comprar herbes i palo de Mallorca Actualitat, Reportatges i novetats El Govern de les Illes Balears ha fet un estudi per con\u00e8ixer l'actitud dels consumidors de begudes espirituoses tradicionals\",\"inLanguage\":\"ca-ES\",\"potentialAction\":[{\"@type\":\"ReadAction\",\"target\":[\"https:\\\/\\\/gastronomicament.cat\\\/ca\\\/millora-la-predisposicio-a-comprar-herbes-i-palo-de-mallorca\"]}]},{\"@type\":\"ImageObject\",\"inLanguage\":\"ca-ES\",\"@id\":\"https:\\\/\\\/gastronomicament.cat\\\/ca\\\/millora-la-predisposicio-a-comprar-herbes-i-palo-de-mallorca#primaryimage\",\"url\":\"https:\\\/\\\/gastronomicament.cat\\\/wp-content\\\/uploads\\\/2024\\\/07\\\/herbes-IQUA.jpg\",\"contentUrl\":\"https:\\\/\\\/gastronomicament.cat\\\/wp-content\\\/uploads\\\/2024\\\/07\\\/herbes-IQUA.jpg\",\"width\":2000,\"height\":1333},{\"@type\":\"WebSite\",\"@id\":\"https:\\\/\\\/gastronomicament.cat\\\/ca\\\/#website\",\"url\":\"https:\\\/\\\/gastronomicament.cat\\\/ca\\\/\",\"name\":\"Gastron\u00f2micament\",\"description\":\"Portal de restaurants, receptes i actualitat gastron\u00f2mica\",\"publisher\":{\"@id\":\"https:\\\/\\\/gastronomicament.cat\\\/ca\\\/#organization\"},\"potentialAction\":[{\"@type\":\"SearchAction\",\"target\":{\"@type\":\"EntryPoint\",\"urlTemplate\":\"https:\\\/\\\/gastronomicament.cat\\\/ca\\\/?s={search_term_string}\"},\"query-input\":{\"@type\":\"PropertyValueSpecification\",\"valueRequired\":true,\"valueName\":\"search_term_string\"}}],\"inLanguage\":\"ca-ES\"},{\"@type\":\"Organization\",\"@id\":\"https:\\\/\\\/gastronomicament.cat\\\/ca\\\/#organization\",\"name\":\"Gastron\u00f2micament\",\"url\":\"https:\\\/\\\/gastronomicament.cat\\\/ca\\\/\",\"logo\":{\"@type\":\"ImageObject\",\"inLanguage\":\"ca-ES\",\"@id\":\"https:\\\/\\\/gastronomicament.cat\\\/ca\\\/#\\\/schema\\\/logo\\\/image\\\/\",\"url\":\"https:\\\/\\\/gastronomicament.cat\\\/wp-content\\\/uploads\\\/2016\\\/09\\\/header-logo.jpg\",\"contentUrl\":\"https:\\\/\\\/gastronomicament.cat\\\/wp-content\\\/uploads\\\/2016\\\/09\\\/header-logo.jpg\",\"width\":277,\"height\":39,\"caption\":\"Gastron\u00f2micament\"},\"image\":{\"@id\":\"https:\\\/\\\/gastronomicament.cat\\\/ca\\\/#\\\/schema\\\/logo\\\/image\\\/\"},\"sameAs\":[\"https:\\\/\\\/x.com\\\/gastronomicamen\"]},{\"@type\":\"Person\",\"@id\":\"https:\\\/\\\/gastronomicament.cat\\\/ca\\\/#\\\/schema\\\/person\\\/a7c85c537a1ed62799a5b8e0f686a37f\",\"name\":\"Redacci\u00f3\",\"image\":{\"@type\":\"ImageObject\",\"inLanguage\":\"ca-ES\",\"@id\":\"https:\\\/\\\/secure.gravatar.com\\\/avatar\\\/9489a485c464fd611d33825daae651d13db70c4e74c65c94937a15a9d4c3ee14?s=96&d=mm&r=g69fea3cce3645dfa2166e7293e22955e\",\"url\":\"https:\\\/\\\/secure.gravatar.com\\\/avatar\\\/9489a485c464fd611d33825daae651d13db70c4e74c65c94937a15a9d4c3ee14?s=96&d=mm&r=g\",\"contentUrl\":\"https:\\\/\\\/secure.gravatar.com\\\/avatar\\\/9489a485c464fd611d33825daae651d13db70c4e74c65c94937a15a9d4c3ee14?s=96&d=mm&r=g\",\"caption\":\"Redacci\u00f3\"},\"sameAs\":[\"http:\\\/\\\/gastronomicament.cat\"],\"url\":\"https:\\\/\\\/gastronomicament.cat\\\/ca\\\/author\\\/admin\"}]}<\/script>\n<!-- \/ Yoast SEO plugin. -->","yoast_head_json":{"title":"Millora la predisposici\u00f3 a comprar herbes i palo de Mallorca - Gastron\u00f2micament","description":"Millora la predisposici\u00f3 a comprar herbes i palo de Mallorca Actualitat, Reportatges i novetats El Govern de les Illes Balears ha fet un estudi per con\u00e8ixer l'actitud dels consumidors de begudes espirituoses tradicionals","robots":{"index":"index","follow":"follow","max-snippet":"max-snippet:-1","max-image-preview":"max-image-preview:large","max-video-preview":"max-video-preview:-1"},"canonical":"https:\/\/gastronomicament.cat\/ca\/millora-la-predisposicio-a-comprar-herbes-i-palo-de-mallorca","og_locale":"ca_ES","og_type":"article","og_title":"Millora la predisposici\u00f3 a comprar herbes i palo de Mallorca - Gastron\u00f2micament","og_description":"Millora la predisposici\u00f3 a comprar herbes i palo de Mallorca Actualitat, Reportatges i novetats El Govern de les Illes Balears ha fet un estudi per con\u00e8ixer l'actitud dels consumidors de begudes espirituoses tradicionals","og_url":"https:\/\/gastronomicament.cat\/ca\/millora-la-predisposicio-a-comprar-herbes-i-palo-de-mallorca","og_site_name":"Gastron\u00f2micament","article_published_time":"2024-07-18T06:59:09+00:00","article_modified_time":"2024-07-18T07:07:58+00:00","og_image":[{"width":2000,"height":1333,"url":"https:\/\/gastronomicament.cat\/wp-content\/uploads\/2024\/07\/herbes-IQUA.jpg","type":"image\/jpeg"}],"author":"Redacci\u00f3","twitter_card":"summary_large_image","twitter_creator":"@gastronomicamen","twitter_site":"@gastronomicamen","twitter_misc":{"Written by":"Redacci\u00f3","Est. reading time":"3 minutes"},"schema":{"@context":"https:\/\/schema.org","@graph":[{"@type":"Article","@id":"https:\/\/gastronomicament.cat\/ca\/millora-la-predisposicio-a-comprar-herbes-i-palo-de-mallorca#article","isPartOf":{"@id":"https:\/\/gastronomicament.cat\/ca\/millora-la-predisposicio-a-comprar-herbes-i-palo-de-mallorca"},"author":{"name":"Redacci\u00f3","@id":"https:\/\/gastronomicament.cat\/ca\/#\/schema\/person\/a7c85c537a1ed62799a5b8e0f686a37f"},"headline":"Millora la predisposici\u00f3 a comprar herbes i palo de Mallorca","datePublished":"2024-07-18T06:59:09+00:00","dateModified":"2024-07-18T07:07:58+00:00","mainEntityOfPage":{"@id":"https:\/\/gastronomicament.cat\/ca\/millora-la-predisposicio-a-comprar-herbes-i-palo-de-mallorca"},"wordCount":392,"commentCount":0,"publisher":{"@id":"https:\/\/gastronomicament.cat\/ca\/#organization"},"image":{"@id":"https:\/\/gastronomicament.cat\/ca\/millora-la-predisposicio-a-comprar-herbes-i-palo-de-mallorca#primaryimage"},"thumbnailUrl":"https:\/\/gastronomicament.cat\/wp-content\/uploads\/2024\/07\/herbes-IQUA.jpg","articleSection":["Actualitat","Reportatges i novetats"],"inLanguage":"ca-ES","potentialAction":[{"@type":"CommentAction","name":"Comment","target":["https:\/\/gastronomicament.cat\/ca\/millora-la-predisposicio-a-comprar-herbes-i-palo-de-mallorca#respond"]}]},{"@type":"WebPage","@id":"https:\/\/gastronomicament.cat\/ca\/millora-la-predisposicio-a-comprar-herbes-i-palo-de-mallorca","url":"https:\/\/gastronomicament.cat\/ca\/millora-la-predisposicio-a-comprar-herbes-i-palo-de-mallorca","name":"Millora la predisposici\u00f3 a comprar herbes i palo de Mallorca - Gastron\u00f2micament","isPartOf":{"@id":"https:\/\/gastronomicament.cat\/ca\/#website"},"primaryImageOfPage":{"@id":"https:\/\/gastronomicament.cat\/ca\/millora-la-predisposicio-a-comprar-herbes-i-palo-de-mallorca#primaryimage"},"image":{"@id":"https:\/\/gastronomicament.cat\/ca\/millora-la-predisposicio-a-comprar-herbes-i-palo-de-mallorca#primaryimage"},"thumbnailUrl":"https:\/\/gastronomicament.cat\/wp-content\/uploads\/2024\/07\/herbes-IQUA.jpg","datePublished":"2024-07-18T06:59:09+00:00","dateModified":"2024-07-18T07:07:58+00:00","description":"Millora la predisposici\u00f3 a comprar herbes i palo de Mallorca Actualitat, Reportatges i novetats El Govern de les Illes Balears ha fet un estudi per con\u00e8ixer l'actitud dels consumidors de begudes espirituoses tradicionals","inLanguage":"ca-ES","potentialAction":[{"@type":"ReadAction","target":["https:\/\/gastronomicament.cat\/ca\/millora-la-predisposicio-a-comprar-herbes-i-palo-de-mallorca"]}]},{"@type":"ImageObject","inLanguage":"ca-ES","@id":"https:\/\/gastronomicament.cat\/ca\/millora-la-predisposicio-a-comprar-herbes-i-palo-de-mallorca#primaryimage","url":"https:\/\/gastronomicament.cat\/wp-content\/uploads\/2024\/07\/herbes-IQUA.jpg","contentUrl":"https:\/\/gastronomicament.cat\/wp-content\/uploads\/2024\/07\/herbes-IQUA.jpg","width":2000,"height":1333},{"@type":"WebSite","@id":"https:\/\/gastronomicament.cat\/ca\/#website","url":"https:\/\/gastronomicament.cat\/ca\/","name":"Gastron\u00f2micament","description":"Portal de restaurants, receptes i actualitat gastron\u00f2mica","publisher":{"@id":"https:\/\/gastronomicament.cat\/ca\/#organization"},"potentialAction":[{"@type":"SearchAction","target":{"@type":"EntryPoint","urlTemplate":"https:\/\/gastronomicament.cat\/ca\/?s={search_term_string}"},"query-input":{"@type":"PropertyValueSpecification","valueRequired":true,"valueName":"search_term_string"}}],"inLanguage":"ca-ES"},{"@type":"Organization","@id":"https:\/\/gastronomicament.cat\/ca\/#organization","name":"Gastron\u00f2micament","url":"https:\/\/gastronomicament.cat\/ca\/","logo":{"@type":"ImageObject","inLanguage":"ca-ES","@id":"https:\/\/gastronomicament.cat\/ca\/#\/schema\/logo\/image\/","url":"https:\/\/gastronomicament.cat\/wp-content\/uploads\/2016\/09\/header-logo.jpg","contentUrl":"https:\/\/gastronomicament.cat\/wp-content\/uploads\/2016\/09\/header-logo.jpg","width":277,"height":39,"caption":"Gastron\u00f2micament"},"image":{"@id":"https:\/\/gastronomicament.cat\/ca\/#\/schema\/logo\/image\/"},"sameAs":["https:\/\/x.com\/gastronomicamen"]},{"@type":"Person","@id":"https:\/\/gastronomicament.cat\/ca\/#\/schema\/person\/a7c85c537a1ed62799a5b8e0f686a37f","name":"Redacci\u00f3","image":{"@type":"ImageObject","inLanguage":"ca-ES","@id":"https:\/\/secure.gravatar.com\/avatar\/9489a485c464fd611d33825daae651d13db70c4e74c65c94937a15a9d4c3ee14?s=96&d=mm&r=g69fea3cce3645dfa2166e7293e22955e","url":"https:\/\/secure.gravatar.com\/avatar\/9489a485c464fd611d33825daae651d13db70c4e74c65c94937a15a9d4c3ee14?s=96&d=mm&r=g","contentUrl":"https:\/\/secure.gravatar.com\/avatar\/9489a485c464fd611d33825daae651d13db70c4e74c65c94937a15a9d4c3ee14?s=96&d=mm&r=g","caption":"Redacci\u00f3"},"sameAs":["http:\/\/gastronomicament.cat"],"url":"https:\/\/gastronomicament.cat\/ca\/author\/admin"}]}},"_links":{"self":[{"href":"https:\/\/gastronomicament.cat\/ca\/wp-json\/wp\/v2\/posts\/89750","targetHints":{"allow":["GET"]}}],"collection":[{"href":"https:\/\/gastronomicament.cat\/ca\/wp-json\/wp\/v2\/posts"}],"about":[{"href":"https:\/\/gastronomicament.cat\/ca\/wp-json\/wp\/v2\/types\/post"}],"author":[{"embeddable":true,"href":"https:\/\/gastronomicament.cat\/ca\/wp-json\/wp\/v2\/users\/1"}],"replies":[{"embeddable":true,"href":"https:\/\/gastronomicament.cat\/ca\/wp-json\/wp\/v2\/comments?post=89750"}],"version-history":[{"count":0,"href":"https:\/\/gastronomicament.cat\/ca\/wp-json\/wp\/v2\/posts\/89750\/revisions"}],"wp:featuredmedia":[{"embeddable":true,"href":"https:\/\/gastronomicament.cat\/ca\/wp-json\/wp\/v2\/media\/89751"}],"wp:attachment":[{"href":"https:\/\/gastronomicament.cat\/ca\/wp-json\/wp\/v2\/media?parent=89750"}],"wp:term":[{"taxonomy":"category","embeddable":true,"href":"https:\/\/gastronomicament.cat\/ca\/wp-json\/wp\/v2\/categories?post=89750"},{"taxonomy":"post_tag","embeddable":true,"href":"https:\/\/gastronomicament.cat\/ca\/wp-json\/wp\/v2\/tags?post=89750"},{"taxonomy":"author","embeddable":true,"href":"https:\/\/gastronomicament.cat\/ca\/wp-json\/wp\/v2\/coauthors?post=89750"}],"curies":[{"name":"wp","href":"https:\/\/api.w.org\/{rel}","templated":true}]}}