{"id":89759,"date":"2024-07-18T09:04:48","date_gmt":"2024-07-18T07:04:48","guid":{"rendered":"https:\/\/gastronomicament.cat\/?p=89759"},"modified":"2024-08-22T13:44:55","modified_gmt":"2024-08-22T11:44:55","slug":"hibisc-i-els-seus-efectes-per-a-la-salut","status":"publish","type":"post","link":"https:\/\/gastronomicament.cat\/ca\/hibisc-i-els-seus-efectes-per-a-la-salut","title":{"rendered":"Hibisc i els seus efectes per a la salut"},"content":{"rendered":"<p>L\u2019<strong>hibisc<\/strong>\u00a0\u00e9s una planta de la fam\u00edlia de les malv\u00e0cies, origin\u00e0ria de les regions tropicals i subtropicals, amb unes 150 esp\u00e8cies reconegudes. Una de les seves esp\u00e8cies m\u00e9s beneficioses per a la salut \u00e9s l\u2019<em>Hibiscus sabdariffa<\/em>, tamb\u00e9 coneguda com a\u00a0<strong>flor de Jamaica<\/strong>.<\/p>\n<p>Les infusions d\u2019hibisc contenen diverses\u00a0<strong>propietats medicinals<\/strong>. Per exemple, t\u00e9 un\u00a0<strong>efecte antiviral gr\u00e0cies a les antocianines<\/strong>, que a m\u00e9s de ser les responsables del seu color intens (i el de molts altres aliments vermells, blaus i morats com l\u2019a\u00e7ai), s\u00f3n un antioxidant natural que ajuda a prevenir danys i malalties causats per l\u2019acumulaci\u00f3 de radicals lliures. Aquest mateix antioxidant fa que la infusi\u00f3 d\u2019hibisc tingui beneficis per a la salut cardiovascular.<\/p>\n<p>Alguns estudis han demostrat que\u00a0<strong>pot ajudar a reduir la pressi\u00f3 arterial<\/strong>\u00a0i tamb\u00e9\u00a0<a href=\"https:\/\/comunicacion.umh.es\/ca\/2013\/12\/04\/un-estudio-de-la-umh-revela-que-la-flor-de-jamaica-reduce-la-hipertension-arterial-el-colesterol-y-la-diabetes-en-obesos\/\" target=\"_blank\" rel=\"noopener nofollow\">t\u00e9 la capacitat de disminuir els nivells de colesterol dolent i triglic\u00e8rids<\/a>. Addicionalment, a aquestes propietats antivirals i antioxidants i al seu conegut\u00a0<strong>efecte di\u00fcr\u00e8tic<\/strong>, la infusi\u00f3 d\u2019hibisc tamb\u00e9\u00a0<strong>cont\u00e9 quantitats moderades de potassi, calci, magnesi<\/strong>\u00a0i altres minerals.<\/p>\n<p>A banda de gaudir-la com una popular beguda freda, l\u2019hibisc tamb\u00e9 es pot preparar i gaudir calenta com el te.<\/p>\n","protected":false},"excerpt":{"rendered":"<p>Una de les seves esp\u00e8cies m\u00e9s beneficioses per a la salut \u00e9s l\u2019Hibiscus sabdariffa, que \u00e9s&hellip;<\/p>\n","protected":false},"author":1,"featured_media":89760,"comment_status":"open","ping_status":"closed","sticky":false,"template":"","format":"gallery","meta":{"_acf_changed":false,"_swt_meta_header_display":false,"_swt_meta_footer_display":false,"_swt_meta_site_title_display":false,"_swt_meta_sticky_header":false,"_swt_meta_transparent_header":false,"footnotes":""},"categories":[692,955],"tags":[],"coauthors":[2053,2157,2055],"class_list":["post-89759","post","type-post","status-publish","format-gallery","has-post-thumbnail","hentry","category-actualitat","category-reportatges-i-novetats","post_format-post-format-gallery"],"acf":{"gallery":null,"home_date":{"home_begin_date":null,"home_end_date":null}},"yoast_head":"<!-- This site is optimized with the Yoast SEO plugin v27.4 - https:\/\/yoast.com\/product\/yoast-seo-wordpress\/ -->\n<title>Hibisc i els seus efectes per a la salut - Gastron\u00f2micament<\/title>\n<meta name=\"description\" content=\"Hibisc i els seus efectes per a la salut Actualitat, Reportatges i novetats Una de les seves esp\u00e8cies m\u00e9s beneficioses per a la salut \u00e9s l\u2019Hibiscus sabdariffa, que \u00e9s coneguda tamb\u00e9 com a flor de Jamaica\" \/>\n<meta name=\"robots\" content=\"index, follow, max-snippet:-1, max-image-preview:large, max-video-preview:-1\" \/>\n<link rel=\"canonical\" href=\"https:\/\/gastronomicament.cat\/ca\/hibisc-i-els-seus-efectes-per-a-la-salut\" \/>\n<meta property=\"og:locale\" content=\"ca_ES\" \/>\n<meta property=\"og:type\" content=\"article\" \/>\n<meta property=\"og:title\" content=\"Hibisc i els seus efectes per a la salut - Gastron\u00f2micament\" \/>\n<meta property=\"og:description\" content=\"Hibisc i els seus efectes per a la salut Actualitat, Reportatges i novetats Una de les seves esp\u00e8cies m\u00e9s beneficioses per a la salut \u00e9s l\u2019Hibiscus sabdariffa, que \u00e9s coneguda tamb\u00e9 com a flor de Jamaica\" \/>\n<meta property=\"og:url\" content=\"https:\/\/gastronomicament.cat\/ca\/hibisc-i-els-seus-efectes-per-a-la-salut\" \/>\n<meta property=\"og:site_name\" content=\"Gastron\u00f2micament\" \/>\n<meta property=\"article:published_time\" content=\"2024-07-18T07:04:48+00:00\" \/>\n<meta property=\"article:modified_time\" content=\"2024-08-22T11:44:55+00:00\" \/>\n<meta property=\"og:image\" content=\"https:\/\/gastronomicament.cat\/wp-content\/uploads\/2024\/07\/infusio-hibisc.jpg\" \/>\n\t<meta property=\"og:image:width\" content=\"2000\" \/>\n\t<meta property=\"og:image:height\" content=\"1330\" \/>\n\t<meta property=\"og:image:type\" content=\"image\/jpeg\" \/>\n<meta name=\"author\" content=\"Redacci\u00f3, bebes&amp;mamas, AMIC\" \/>\n<meta name=\"twitter:card\" content=\"summary_large_image\" \/>\n<meta name=\"twitter:creator\" content=\"@gastronomicamen\" \/>\n<meta name=\"twitter:site\" content=\"@gastronomicamen\" \/>\n<meta name=\"twitter:label1\" content=\"Written by\" \/>\n\t<meta name=\"twitter:data1\" content=\"Redacci\u00f3, bebes&amp;mamas, AMIC\" \/>\n\t<meta name=\"twitter:label2\" content=\"Est. reading time\" \/>\n\t<meta name=\"twitter:data2\" content=\"2 minutes\" \/>\n<script type=\"application\/ld+json\" class=\"yoast-schema-graph\">{\"@context\":\"https:\\\/\\\/schema.org\",\"@graph\":[{\"@type\":\"Article\",\"@id\":\"https:\\\/\\\/gastronomicament.cat\\\/ca\\\/hibisc-i-els-seus-efectes-per-a-la-salut#article\",\"isPartOf\":{\"@id\":\"https:\\\/\\\/gastronomicament.cat\\\/ca\\\/hibisc-i-els-seus-efectes-per-a-la-salut\"},\"author\":{\"name\":\"Redacci\u00f3\",\"@id\":\"https:\\\/\\\/gastronomicament.cat\\\/ca\\\/#\\\/schema\\\/person\\\/a7c85c537a1ed62799a5b8e0f686a37f\"},\"headline\":\"Hibisc i els seus efectes per a la salut\",\"datePublished\":\"2024-07-18T07:04:48+00:00\",\"dateModified\":\"2024-08-22T11:44:55+00:00\",\"mainEntityOfPage\":{\"@id\":\"https:\\\/\\\/gastronomicament.cat\\\/ca\\\/hibisc-i-els-seus-efectes-per-a-la-salut\"},\"wordCount\":217,\"commentCount\":0,\"publisher\":{\"@id\":\"https:\\\/\\\/gastronomicament.cat\\\/ca\\\/#organization\"},\"image\":{\"@id\":\"https:\\\/\\\/gastronomicament.cat\\\/ca\\\/hibisc-i-els-seus-efectes-per-a-la-salut#primaryimage\"},\"thumbnailUrl\":\"https:\\\/\\\/gastronomicament.cat\\\/wp-content\\\/uploads\\\/2024\\\/07\\\/infusio-hibisc.jpg\",\"articleSection\":[\"Actualitat\",\"Reportatges i novetats\"],\"inLanguage\":\"ca-ES\",\"potentialAction\":[{\"@type\":\"CommentAction\",\"name\":\"Comment\",\"target\":[\"https:\\\/\\\/gastronomicament.cat\\\/ca\\\/hibisc-i-els-seus-efectes-per-a-la-salut#respond\"]}]},{\"@type\":\"WebPage\",\"@id\":\"https:\\\/\\\/gastronomicament.cat\\\/ca\\\/hibisc-i-els-seus-efectes-per-a-la-salut\",\"url\":\"https:\\\/\\\/gastronomicament.cat\\\/ca\\\/hibisc-i-els-seus-efectes-per-a-la-salut\",\"name\":\"Hibisc i els seus efectes per a la salut - Gastron\u00f2micament\",\"isPartOf\":{\"@id\":\"https:\\\/\\\/gastronomicament.cat\\\/ca\\\/#website\"},\"primaryImageOfPage\":{\"@id\":\"https:\\\/\\\/gastronomicament.cat\\\/ca\\\/hibisc-i-els-seus-efectes-per-a-la-salut#primaryimage\"},\"image\":{\"@id\":\"https:\\\/\\\/gastronomicament.cat\\\/ca\\\/hibisc-i-els-seus-efectes-per-a-la-salut#primaryimage\"},\"thumbnailUrl\":\"https:\\\/\\\/gastronomicament.cat\\\/wp-content\\\/uploads\\\/2024\\\/07\\\/infusio-hibisc.jpg\",\"datePublished\":\"2024-07-18T07:04:48+00:00\",\"dateModified\":\"2024-08-22T11:44:55+00:00\",\"description\":\"Hibisc i els seus efectes per a la salut Actualitat, Reportatges i novetats Una de les seves esp\u00e8cies m\u00e9s beneficioses per a la salut \u00e9s l\u2019Hibiscus sabdariffa, que \u00e9s coneguda tamb\u00e9 com a flor de Jamaica\",\"inLanguage\":\"ca-ES\",\"potentialAction\":[{\"@type\":\"ReadAction\",\"target\":[\"https:\\\/\\\/gastronomicament.cat\\\/ca\\\/hibisc-i-els-seus-efectes-per-a-la-salut\"]}]},{\"@type\":\"ImageObject\",\"inLanguage\":\"ca-ES\",\"@id\":\"https:\\\/\\\/gastronomicament.cat\\\/ca\\\/hibisc-i-els-seus-efectes-per-a-la-salut#primaryimage\",\"url\":\"https:\\\/\\\/gastronomicament.cat\\\/wp-content\\\/uploads\\\/2024\\\/07\\\/infusio-hibisc.jpg\",\"contentUrl\":\"https:\\\/\\\/gastronomicament.cat\\\/wp-content\\\/uploads\\\/2024\\\/07\\\/infusio-hibisc.jpg\",\"width\":2000,\"height\":1330,\"caption\":\"White cup of healthy hibiscus tea pouring from the teapot with dried hibiscus flowers on white wooden background, winter hot drink concept for cold and flu\"},{\"@type\":\"WebSite\",\"@id\":\"https:\\\/\\\/gastronomicament.cat\\\/ca\\\/#website\",\"url\":\"https:\\\/\\\/gastronomicament.cat\\\/ca\\\/\",\"name\":\"Gastron\u00f2micament\",\"description\":\"Portal de restaurants, receptes i actualitat gastron\u00f2mica\",\"publisher\":{\"@id\":\"https:\\\/\\\/gastronomicament.cat\\\/ca\\\/#organization\"},\"potentialAction\":[{\"@type\":\"SearchAction\",\"target\":{\"@type\":\"EntryPoint\",\"urlTemplate\":\"https:\\\/\\\/gastronomicament.cat\\\/ca\\\/?s={search_term_string}\"},\"query-input\":{\"@type\":\"PropertyValueSpecification\",\"valueRequired\":true,\"valueName\":\"search_term_string\"}}],\"inLanguage\":\"ca-ES\"},{\"@type\":\"Organization\",\"@id\":\"https:\\\/\\\/gastronomicament.cat\\\/ca\\\/#organization\",\"name\":\"Gastron\u00f2micament\",\"url\":\"https:\\\/\\\/gastronomicament.cat\\\/ca\\\/\",\"logo\":{\"@type\":\"ImageObject\",\"inLanguage\":\"ca-ES\",\"@id\":\"https:\\\/\\\/gastronomicament.cat\\\/ca\\\/#\\\/schema\\\/logo\\\/image\\\/\",\"url\":\"https:\\\/\\\/gastronomicament.cat\\\/wp-content\\\/uploads\\\/2016\\\/09\\\/header-logo.jpg\",\"contentUrl\":\"https:\\\/\\\/gastronomicament.cat\\\/wp-content\\\/uploads\\\/2016\\\/09\\\/header-logo.jpg\",\"width\":277,\"height\":39,\"caption\":\"Gastron\u00f2micament\"},\"image\":{\"@id\":\"https:\\\/\\\/gastronomicament.cat\\\/ca\\\/#\\\/schema\\\/logo\\\/image\\\/\"},\"sameAs\":[\"https:\\\/\\\/x.com\\\/gastronomicamen\"]},{\"@type\":\"Person\",\"@id\":\"https:\\\/\\\/gastronomicament.cat\\\/ca\\\/#\\\/schema\\\/person\\\/a7c85c537a1ed62799a5b8e0f686a37f\",\"name\":\"Redacci\u00f3\",\"image\":{\"@type\":\"ImageObject\",\"inLanguage\":\"ca-ES\",\"@id\":\"https:\\\/\\\/secure.gravatar.com\\\/avatar\\\/9489a485c464fd611d33825daae651d13db70c4e74c65c94937a15a9d4c3ee14?s=96&d=mm&r=g69fea3cce3645dfa2166e7293e22955e\",\"url\":\"https:\\\/\\\/secure.gravatar.com\\\/avatar\\\/9489a485c464fd611d33825daae651d13db70c4e74c65c94937a15a9d4c3ee14?s=96&d=mm&r=g\",\"contentUrl\":\"https:\\\/\\\/secure.gravatar.com\\\/avatar\\\/9489a485c464fd611d33825daae651d13db70c4e74c65c94937a15a9d4c3ee14?s=96&d=mm&r=g\",\"caption\":\"Redacci\u00f3\"},\"sameAs\":[\"http:\\\/\\\/gastronomicament.cat\"],\"url\":\"https:\\\/\\\/gastronomicament.cat\\\/ca\\\/author\\\/admin\"}]}<\/script>\n<!-- \/ Yoast SEO plugin. -->","yoast_head_json":{"title":"Hibisc i els seus efectes per a la salut - Gastron\u00f2micament","description":"Hibisc i els seus efectes per a la salut Actualitat, Reportatges i novetats Una de les seves esp\u00e8cies m\u00e9s beneficioses per a la salut \u00e9s l\u2019Hibiscus sabdariffa, que \u00e9s coneguda tamb\u00e9 com a flor de Jamaica","robots":{"index":"index","follow":"follow","max-snippet":"max-snippet:-1","max-image-preview":"max-image-preview:large","max-video-preview":"max-video-preview:-1"},"canonical":"https:\/\/gastronomicament.cat\/ca\/hibisc-i-els-seus-efectes-per-a-la-salut","og_locale":"ca_ES","og_type":"article","og_title":"Hibisc i els seus efectes per a la salut - Gastron\u00f2micament","og_description":"Hibisc i els seus efectes per a la salut Actualitat, Reportatges i novetats Una de les seves esp\u00e8cies m\u00e9s beneficioses per a la salut \u00e9s l\u2019Hibiscus sabdariffa, que \u00e9s coneguda tamb\u00e9 com a flor de Jamaica","og_url":"https:\/\/gastronomicament.cat\/ca\/hibisc-i-els-seus-efectes-per-a-la-salut","og_site_name":"Gastron\u00f2micament","article_published_time":"2024-07-18T07:04:48+00:00","article_modified_time":"2024-08-22T11:44:55+00:00","og_image":[{"width":2000,"height":1330,"url":"https:\/\/gastronomicament.cat\/wp-content\/uploads\/2024\/07\/infusio-hibisc.jpg","type":"image\/jpeg"}],"author":"Redacci\u00f3, bebes&amp;mamas, AMIC","twitter_card":"summary_large_image","twitter_creator":"@gastronomicamen","twitter_site":"@gastronomicamen","twitter_misc":{"Written by":"Redacci\u00f3, bebes&amp;mamas, AMIC","Est. reading time":"2 minutes"},"schema":{"@context":"https:\/\/schema.org","@graph":[{"@type":"Article","@id":"https:\/\/gastronomicament.cat\/ca\/hibisc-i-els-seus-efectes-per-a-la-salut#article","isPartOf":{"@id":"https:\/\/gastronomicament.cat\/ca\/hibisc-i-els-seus-efectes-per-a-la-salut"},"author":{"name":"Redacci\u00f3","@id":"https:\/\/gastronomicament.cat\/ca\/#\/schema\/person\/a7c85c537a1ed62799a5b8e0f686a37f"},"headline":"Hibisc i els seus efectes per a la salut","datePublished":"2024-07-18T07:04:48+00:00","dateModified":"2024-08-22T11:44:55+00:00","mainEntityOfPage":{"@id":"https:\/\/gastronomicament.cat\/ca\/hibisc-i-els-seus-efectes-per-a-la-salut"},"wordCount":217,"commentCount":0,"publisher":{"@id":"https:\/\/gastronomicament.cat\/ca\/#organization"},"image":{"@id":"https:\/\/gastronomicament.cat\/ca\/hibisc-i-els-seus-efectes-per-a-la-salut#primaryimage"},"thumbnailUrl":"https:\/\/gastronomicament.cat\/wp-content\/uploads\/2024\/07\/infusio-hibisc.jpg","articleSection":["Actualitat","Reportatges i novetats"],"inLanguage":"ca-ES","potentialAction":[{"@type":"CommentAction","name":"Comment","target":["https:\/\/gastronomicament.cat\/ca\/hibisc-i-els-seus-efectes-per-a-la-salut#respond"]}]},{"@type":"WebPage","@id":"https:\/\/gastronomicament.cat\/ca\/hibisc-i-els-seus-efectes-per-a-la-salut","url":"https:\/\/gastronomicament.cat\/ca\/hibisc-i-els-seus-efectes-per-a-la-salut","name":"Hibisc i els seus efectes per a la salut - Gastron\u00f2micament","isPartOf":{"@id":"https:\/\/gastronomicament.cat\/ca\/#website"},"primaryImageOfPage":{"@id":"https:\/\/gastronomicament.cat\/ca\/hibisc-i-els-seus-efectes-per-a-la-salut#primaryimage"},"image":{"@id":"https:\/\/gastronomicament.cat\/ca\/hibisc-i-els-seus-efectes-per-a-la-salut#primaryimage"},"thumbnailUrl":"https:\/\/gastronomicament.cat\/wp-content\/uploads\/2024\/07\/infusio-hibisc.jpg","datePublished":"2024-07-18T07:04:48+00:00","dateModified":"2024-08-22T11:44:55+00:00","description":"Hibisc i els seus efectes per a la salut Actualitat, Reportatges i novetats Una de les seves esp\u00e8cies m\u00e9s beneficioses per a la salut \u00e9s l\u2019Hibiscus sabdariffa, que \u00e9s coneguda tamb\u00e9 com a flor de Jamaica","inLanguage":"ca-ES","potentialAction":[{"@type":"ReadAction","target":["https:\/\/gastronomicament.cat\/ca\/hibisc-i-els-seus-efectes-per-a-la-salut"]}]},{"@type":"ImageObject","inLanguage":"ca-ES","@id":"https:\/\/gastronomicament.cat\/ca\/hibisc-i-els-seus-efectes-per-a-la-salut#primaryimage","url":"https:\/\/gastronomicament.cat\/wp-content\/uploads\/2024\/07\/infusio-hibisc.jpg","contentUrl":"https:\/\/gastronomicament.cat\/wp-content\/uploads\/2024\/07\/infusio-hibisc.jpg","width":2000,"height":1330,"caption":"White cup of healthy hibiscus tea pouring from the teapot with dried hibiscus flowers on white wooden background, winter hot drink concept for cold and flu"},{"@type":"WebSite","@id":"https:\/\/gastronomicament.cat\/ca\/#website","url":"https:\/\/gastronomicament.cat\/ca\/","name":"Gastron\u00f2micament","description":"Portal de restaurants, receptes i actualitat gastron\u00f2mica","publisher":{"@id":"https:\/\/gastronomicament.cat\/ca\/#organization"},"potentialAction":[{"@type":"SearchAction","target":{"@type":"EntryPoint","urlTemplate":"https:\/\/gastronomicament.cat\/ca\/?s={search_term_string}"},"query-input":{"@type":"PropertyValueSpecification","valueRequired":true,"valueName":"search_term_string"}}],"inLanguage":"ca-ES"},{"@type":"Organization","@id":"https:\/\/gastronomicament.cat\/ca\/#organization","name":"Gastron\u00f2micament","url":"https:\/\/gastronomicament.cat\/ca\/","logo":{"@type":"ImageObject","inLanguage":"ca-ES","@id":"https:\/\/gastronomicament.cat\/ca\/#\/schema\/logo\/image\/","url":"https:\/\/gastronomicament.cat\/wp-content\/uploads\/2016\/09\/header-logo.jpg","contentUrl":"https:\/\/gastronomicament.cat\/wp-content\/uploads\/2016\/09\/header-logo.jpg","width":277,"height":39,"caption":"Gastron\u00f2micament"},"image":{"@id":"https:\/\/gastronomicament.cat\/ca\/#\/schema\/logo\/image\/"},"sameAs":["https:\/\/x.com\/gastronomicamen"]},{"@type":"Person","@id":"https:\/\/gastronomicament.cat\/ca\/#\/schema\/person\/a7c85c537a1ed62799a5b8e0f686a37f","name":"Redacci\u00f3","image":{"@type":"ImageObject","inLanguage":"ca-ES","@id":"https:\/\/secure.gravatar.com\/avatar\/9489a485c464fd611d33825daae651d13db70c4e74c65c94937a15a9d4c3ee14?s=96&d=mm&r=g69fea3cce3645dfa2166e7293e22955e","url":"https:\/\/secure.gravatar.com\/avatar\/9489a485c464fd611d33825daae651d13db70c4e74c65c94937a15a9d4c3ee14?s=96&d=mm&r=g","contentUrl":"https:\/\/secure.gravatar.com\/avatar\/9489a485c464fd611d33825daae651d13db70c4e74c65c94937a15a9d4c3ee14?s=96&d=mm&r=g","caption":"Redacci\u00f3"},"sameAs":["http:\/\/gastronomicament.cat"],"url":"https:\/\/gastronomicament.cat\/ca\/author\/admin"}]}},"_links":{"self":[{"href":"https:\/\/gastronomicament.cat\/ca\/wp-json\/wp\/v2\/posts\/89759","targetHints":{"allow":["GET"]}}],"collection":[{"href":"https:\/\/gastronomicament.cat\/ca\/wp-json\/wp\/v2\/posts"}],"about":[{"href":"https:\/\/gastronomicament.cat\/ca\/wp-json\/wp\/v2\/types\/post"}],"author":[{"embeddable":true,"href":"https:\/\/gastronomicament.cat\/ca\/wp-json\/wp\/v2\/users\/1"}],"replies":[{"embeddable":true,"href":"https:\/\/gastronomicament.cat\/ca\/wp-json\/wp\/v2\/comments?post=89759"}],"version-history":[{"count":0,"href":"https:\/\/gastronomicament.cat\/ca\/wp-json\/wp\/v2\/posts\/89759\/revisions"}],"wp:featuredmedia":[{"embeddable":true,"href":"https:\/\/gastronomicament.cat\/ca\/wp-json\/wp\/v2\/media\/89760"}],"wp:attachment":[{"href":"https:\/\/gastronomicament.cat\/ca\/wp-json\/wp\/v2\/media?parent=89759"}],"wp:term":[{"taxonomy":"category","embeddable":true,"href":"https:\/\/gastronomicament.cat\/ca\/wp-json\/wp\/v2\/categories?post=89759"},{"taxonomy":"post_tag","embeddable":true,"href":"https:\/\/gastronomicament.cat\/ca\/wp-json\/wp\/v2\/tags?post=89759"},{"taxonomy":"author","embeddable":true,"href":"https:\/\/gastronomicament.cat\/ca\/wp-json\/wp\/v2\/coauthors?post=89759"}],"curies":[{"name":"wp","href":"https:\/\/api.w.org\/{rel}","templated":true}]}}