{"id":90979,"date":"2024-09-16T10:36:52","date_gmt":"2024-09-16T08:36:52","guid":{"rendered":"https:\/\/gastronomicament.cat\/?p=90979"},"modified":"2024-09-16T10:36:52","modified_gmt":"2024-09-16T08:36:52","slug":"lius-hot-pot-crea-un-plat-solidari-amb-lassociacio-espanyola-contra-el-cancer","status":"publish","type":"post","link":"https:\/\/gastronomicament.cat\/ca\/lius-hot-pot-crea-un-plat-solidari-amb-lassociacio-espanyola-contra-el-cancer","title":{"rendered":"Liu\u2019s Hot Pot crea un plat solidari amb l&#8217;Associaci\u00f3 Espanyola Contra el C\u00e0ncer"},"content":{"rendered":"<p>La cadena de restaurants xinesa\u00a0<strong>Liu\u2019s Hot Pot\u00a0<\/strong>ha inaugurat oficialment el seu restaurant a\u00a0<strong>Palma<\/strong>, concretament al\u00a0<strong>carrer de l&#8217;Arxiduc Llu\u00eds Salvador, 5<\/strong>. Aquesta franqu\u00edcia \u00e9s una de les cadenes de\u00a0<em>hot pot<\/em>\u00a0(olla calenta) m\u00e9s grans del m\u00f3n, amb m\u00e9s de 1.300 locals repartits arreu del m\u00f3n.<\/p>\n<p>El restaurant es presenta com un espai modern i ampli, gr\u00e0cies a les obres de condicionament que han realitzat des del mes de mar\u00e7. T\u00e9 un equip de 15 empleats, dels quals 10 s\u00f3n a la cuina i 5 al servei de sala, de nacionalitat diferents, com ara xinesa, filipina i espanyola, que treballen per oferir una experi\u00e8ncia gastron\u00f2mica excepcional.<\/p>\n<p>Durant l&#8217;acte d&#8217;inauguraci\u00f3, celebrat l&#8217;11 de setembre de 2024, el propietari del restaurant,\u00a0<strong>Tony Wang<\/strong>, va donar la benvinguda a un centenar d&#8217;assistents entre els quals hi havia el batle de Palma,\u00a0<strong>Jaime Mart\u00ednez<\/strong>, i el president de l&#8217;Associaci\u00f3 d&#8217;Empresaris Xinesos a les Illes Balears,\u00a0<strong>Fang Ji<\/strong>.<\/p>\n<p><strong>Creaci\u00f3 d&#8217;un plat solidari<br \/>\n<\/strong>En el discurs, Wang va expressar que l&#8217;objectiu de Liu&#8217;s Hot Pot \u00e9s oferir una experi\u00e8ncia aut\u00e8ntica de la gastronomia xinesa, per\u00f2 tamb\u00e9 contribuir al benestar social a trav\u00e9s del seu comprom\u00eds amb diverses causes solid\u00e0ries. En aquest sentit, va anunciar la creaci\u00f3 del\u00a0<strong>Plat de l&#8217;Esperan\u00e7a<\/strong>, una iniciativa en col\u00b7laboraci\u00f3 amb l&#8217;Associaci\u00f3 Espanyola Contra el C\u00e0ncer (AECC), i va explicar que tot all\u00f2 recaptat amb aquest plat\u00a0<strong>es destinar\u00e0 a un projecte d&#8217;humanitzaci\u00f3 en un hospital de Mallorca<\/strong>.<\/p>\n<p>Durant la inauguraci\u00f3 es varen viure moments molt especials, com ara la tradicional cerim\u00f2nia del tall de cinta que va donar pas a dos espectacles de la cultura xinesa. El primer va ser protagonitzat per un artista de\u00a0<em>bian lian<\/em>\u00a0(canvi de m\u00e0scares), que va sorprendre els presents i que es va moure entre les taules i es canviar de m\u00e0scares de manera inesperada. Despr\u00e9s, hi hagu\u00e9 una impressionant Dansa del Lle\u00f3, executada per quatre joves xinesos que controlaven una criatura engalanada amb pelatge vermell i detalls daurats, que va atreure l&#8217;atenci\u00f3 de tots els presents, amb l&#8217;objectiu d&#8217;atreure la bona fortuna al nou local.<\/p>\n<p><strong>Sobre Liu&#8217;s Hot Pot:<br \/>\n<\/strong>Fundada l&#8217;any 2000 a Chongqing, Xina, Liu&#8217;s Hot Pot ha passat de ser un petit restaurant a convertir-se en una de les cadenes m\u00e9s importants de hot pot al m\u00f3n. Amb m\u00e9s de 1.300 restaurants a nombrosos pa\u00efsos, la seva missi\u00f3 \u00e9s oferir una experi\u00e8ncia aut\u00e8ntica basada en la tradici\u00f3 xinesa i un servei de qualitat.<\/p>\n","protected":false},"excerpt":{"rendered":"<p>Tony Wang, propietari del local de Palma, va anunciar-ho durant la inauguraci\u00f3 oficial del restaurant<\/p>\n","protected":false},"author":1,"featured_media":90992,"comment_status":"open","ping_status":"closed","sticky":false,"template":"","format":"gallery","meta":{"_acf_changed":false,"_swt_meta_header_display":false,"_swt_meta_footer_display":false,"_swt_meta_site_title_display":false,"_swt_meta_sticky_header":false,"_swt_meta_transparent_header":false,"footnotes":""},"categories":[692,955],"tags":[],"coauthors":[2053],"class_list":["post-90979","post","type-post","status-publish","format-gallery","has-post-thumbnail","hentry","category-actualitat","category-reportatges-i-novetats","post_format-post-format-gallery"],"acf":{"gallery":null,"home_date":{"home_begin_date":null,"home_end_date":null}},"yoast_head":"<!-- This site is optimized with the Yoast SEO plugin v27.4 - https:\/\/yoast.com\/product\/yoast-seo-wordpress\/ -->\n<title>Liu\u2019s Hot Pot crea un plat solidari amb l&#039;Associaci\u00f3 Espanyola Contra el C\u00e0ncer - Gastron\u00f2micament<\/title>\n<meta name=\"description\" content=\"Liu\u2019s Hot Pot crea un plat solidari amb l&#039;Associaci\u00f3 Espanyola Contra el C\u00e0ncer Actualitat, Reportatges i novetats Tony Wang, propietari del local de Palma, va anunciar-ho durant la inauguraci\u00f3 oficial del restaurant\" \/>\n<meta name=\"robots\" content=\"index, follow, max-snippet:-1, max-image-preview:large, max-video-preview:-1\" \/>\n<link rel=\"canonical\" href=\"https:\/\/gastronomicament.cat\/ca\/lius-hot-pot-crea-un-plat-solidari-amb-lassociacio-espanyola-contra-el-cancer\" \/>\n<meta property=\"og:locale\" content=\"ca_ES\" \/>\n<meta property=\"og:type\" content=\"article\" \/>\n<meta property=\"og:title\" content=\"Liu\u2019s Hot Pot crea un plat solidari amb l&#039;Associaci\u00f3 Espanyola Contra el C\u00e0ncer - Gastron\u00f2micament\" \/>\n<meta property=\"og:description\" content=\"Liu\u2019s Hot Pot crea un plat solidari amb l&#039;Associaci\u00f3 Espanyola Contra el C\u00e0ncer Actualitat, Reportatges i novetats Tony Wang, propietari del local de Palma, va anunciar-ho durant la inauguraci\u00f3 oficial del restaurant\" \/>\n<meta property=\"og:url\" content=\"https:\/\/gastronomicament.cat\/ca\/lius-hot-pot-crea-un-plat-solidari-amb-lassociacio-espanyola-contra-el-cancer\" \/>\n<meta property=\"og:site_name\" content=\"Gastron\u00f2micament\" \/>\n<meta property=\"article:published_time\" content=\"2024-09-16T08:36:52+00:00\" \/>\n<meta property=\"og:image\" content=\"https:\/\/gastronomicament.cat\/wp-content\/uploads\/2024\/09\/Lius-Hot-Pot-1.jpg\" \/>\n\t<meta property=\"og:image:width\" content=\"1280\" \/>\n\t<meta property=\"og:image:height\" content=\"815\" \/>\n\t<meta property=\"og:image:type\" content=\"image\/jpeg\" \/>\n<meta name=\"author\" content=\"Redacci\u00f3\" \/>\n<meta name=\"twitter:card\" content=\"summary_large_image\" \/>\n<meta name=\"twitter:creator\" content=\"@gastronomicamen\" \/>\n<meta name=\"twitter:site\" content=\"@gastronomicamen\" \/>\n<meta name=\"twitter:label1\" content=\"Written by\" \/>\n\t<meta name=\"twitter:data1\" content=\"Redacci\u00f3\" \/>\n\t<meta name=\"twitter:label2\" content=\"Est. reading time\" \/>\n\t<meta name=\"twitter:data2\" content=\"3 minutes\" \/>\n<script type=\"application\/ld+json\" class=\"yoast-schema-graph\">{\"@context\":\"https:\\\/\\\/schema.org\",\"@graph\":[{\"@type\":\"Article\",\"@id\":\"https:\\\/\\\/gastronomicament.cat\\\/ca\\\/lius-hot-pot-crea-un-plat-solidari-amb-lassociacio-espanyola-contra-el-cancer#article\",\"isPartOf\":{\"@id\":\"https:\\\/\\\/gastronomicament.cat\\\/ca\\\/lius-hot-pot-crea-un-plat-solidari-amb-lassociacio-espanyola-contra-el-cancer\"},\"author\":{\"name\":\"Redacci\u00f3\",\"@id\":\"https:\\\/\\\/gastronomicament.cat\\\/ca\\\/#\\\/schema\\\/person\\\/a7c85c537a1ed62799a5b8e0f686a37f\"},\"headline\":\"Liu\u2019s Hot Pot crea un plat solidari amb l&#8217;Associaci\u00f3 Espanyola Contra el C\u00e0ncer\",\"datePublished\":\"2024-09-16T08:36:52+00:00\",\"mainEntityOfPage\":{\"@id\":\"https:\\\/\\\/gastronomicament.cat\\\/ca\\\/lius-hot-pot-crea-un-plat-solidari-amb-lassociacio-espanyola-contra-el-cancer\"},\"wordCount\":441,\"commentCount\":0,\"publisher\":{\"@id\":\"https:\\\/\\\/gastronomicament.cat\\\/ca\\\/#organization\"},\"image\":{\"@id\":\"https:\\\/\\\/gastronomicament.cat\\\/ca\\\/lius-hot-pot-crea-un-plat-solidari-amb-lassociacio-espanyola-contra-el-cancer#primaryimage\"},\"thumbnailUrl\":\"https:\\\/\\\/gastronomicament.cat\\\/wp-content\\\/uploads\\\/2024\\\/09\\\/Lius-Hot-Pot-1.jpg\",\"articleSection\":[\"Actualitat\",\"Reportatges i novetats\"],\"inLanguage\":\"ca-ES\",\"potentialAction\":[{\"@type\":\"CommentAction\",\"name\":\"Comment\",\"target\":[\"https:\\\/\\\/gastronomicament.cat\\\/ca\\\/lius-hot-pot-crea-un-plat-solidari-amb-lassociacio-espanyola-contra-el-cancer#respond\"]}]},{\"@type\":\"WebPage\",\"@id\":\"https:\\\/\\\/gastronomicament.cat\\\/ca\\\/lius-hot-pot-crea-un-plat-solidari-amb-lassociacio-espanyola-contra-el-cancer\",\"url\":\"https:\\\/\\\/gastronomicament.cat\\\/ca\\\/lius-hot-pot-crea-un-plat-solidari-amb-lassociacio-espanyola-contra-el-cancer\",\"name\":\"Liu\u2019s Hot Pot crea un plat solidari amb l'Associaci\u00f3 Espanyola Contra el C\u00e0ncer - Gastron\u00f2micament\",\"isPartOf\":{\"@id\":\"https:\\\/\\\/gastronomicament.cat\\\/ca\\\/#website\"},\"primaryImageOfPage\":{\"@id\":\"https:\\\/\\\/gastronomicament.cat\\\/ca\\\/lius-hot-pot-crea-un-plat-solidari-amb-lassociacio-espanyola-contra-el-cancer#primaryimage\"},\"image\":{\"@id\":\"https:\\\/\\\/gastronomicament.cat\\\/ca\\\/lius-hot-pot-crea-un-plat-solidari-amb-lassociacio-espanyola-contra-el-cancer#primaryimage\"},\"thumbnailUrl\":\"https:\\\/\\\/gastronomicament.cat\\\/wp-content\\\/uploads\\\/2024\\\/09\\\/Lius-Hot-Pot-1.jpg\",\"datePublished\":\"2024-09-16T08:36:52+00:00\",\"description\":\"Liu\u2019s Hot Pot crea un plat solidari amb l'Associaci\u00f3 Espanyola Contra el C\u00e0ncer Actualitat, Reportatges i novetats Tony Wang, propietari del local de Palma, va anunciar-ho durant la inauguraci\u00f3 oficial del restaurant\",\"inLanguage\":\"ca-ES\",\"potentialAction\":[{\"@type\":\"ReadAction\",\"target\":[\"https:\\\/\\\/gastronomicament.cat\\\/ca\\\/lius-hot-pot-crea-un-plat-solidari-amb-lassociacio-espanyola-contra-el-cancer\"]}]},{\"@type\":\"ImageObject\",\"inLanguage\":\"ca-ES\",\"@id\":\"https:\\\/\\\/gastronomicament.cat\\\/ca\\\/lius-hot-pot-crea-un-plat-solidari-amb-lassociacio-espanyola-contra-el-cancer#primaryimage\",\"url\":\"https:\\\/\\\/gastronomicament.cat\\\/wp-content\\\/uploads\\\/2024\\\/09\\\/Lius-Hot-Pot-1.jpg\",\"contentUrl\":\"https:\\\/\\\/gastronomicament.cat\\\/wp-content\\\/uploads\\\/2024\\\/09\\\/Lius-Hot-Pot-1.jpg\",\"width\":1280,\"height\":815},{\"@type\":\"WebSite\",\"@id\":\"https:\\\/\\\/gastronomicament.cat\\\/ca\\\/#website\",\"url\":\"https:\\\/\\\/gastronomicament.cat\\\/ca\\\/\",\"name\":\"Gastron\u00f2micament\",\"description\":\"Portal de restaurants, receptes i actualitat gastron\u00f2mica\",\"publisher\":{\"@id\":\"https:\\\/\\\/gastronomicament.cat\\\/ca\\\/#organization\"},\"potentialAction\":[{\"@type\":\"SearchAction\",\"target\":{\"@type\":\"EntryPoint\",\"urlTemplate\":\"https:\\\/\\\/gastronomicament.cat\\\/ca\\\/?s={search_term_string}\"},\"query-input\":{\"@type\":\"PropertyValueSpecification\",\"valueRequired\":true,\"valueName\":\"search_term_string\"}}],\"inLanguage\":\"ca-ES\"},{\"@type\":\"Organization\",\"@id\":\"https:\\\/\\\/gastronomicament.cat\\\/ca\\\/#organization\",\"name\":\"Gastron\u00f2micament\",\"url\":\"https:\\\/\\\/gastronomicament.cat\\\/ca\\\/\",\"logo\":{\"@type\":\"ImageObject\",\"inLanguage\":\"ca-ES\",\"@id\":\"https:\\\/\\\/gastronomicament.cat\\\/ca\\\/#\\\/schema\\\/logo\\\/image\\\/\",\"url\":\"https:\\\/\\\/gastronomicament.cat\\\/wp-content\\\/uploads\\\/2016\\\/09\\\/header-logo.jpg\",\"contentUrl\":\"https:\\\/\\\/gastronomicament.cat\\\/wp-content\\\/uploads\\\/2016\\\/09\\\/header-logo.jpg\",\"width\":277,\"height\":39,\"caption\":\"Gastron\u00f2micament\"},\"image\":{\"@id\":\"https:\\\/\\\/gastronomicament.cat\\\/ca\\\/#\\\/schema\\\/logo\\\/image\\\/\"},\"sameAs\":[\"https:\\\/\\\/x.com\\\/gastronomicamen\"]},{\"@type\":\"Person\",\"@id\":\"https:\\\/\\\/gastronomicament.cat\\\/ca\\\/#\\\/schema\\\/person\\\/a7c85c537a1ed62799a5b8e0f686a37f\",\"name\":\"Redacci\u00f3\",\"image\":{\"@type\":\"ImageObject\",\"inLanguage\":\"ca-ES\",\"@id\":\"https:\\\/\\\/secure.gravatar.com\\\/avatar\\\/9489a485c464fd611d33825daae651d13db70c4e74c65c94937a15a9d4c3ee14?s=96&d=mm&r=g69fea3cce3645dfa2166e7293e22955e\",\"url\":\"https:\\\/\\\/secure.gravatar.com\\\/avatar\\\/9489a485c464fd611d33825daae651d13db70c4e74c65c94937a15a9d4c3ee14?s=96&d=mm&r=g\",\"contentUrl\":\"https:\\\/\\\/secure.gravatar.com\\\/avatar\\\/9489a485c464fd611d33825daae651d13db70c4e74c65c94937a15a9d4c3ee14?s=96&d=mm&r=g\",\"caption\":\"Redacci\u00f3\"},\"sameAs\":[\"http:\\\/\\\/gastronomicament.cat\"],\"url\":\"https:\\\/\\\/gastronomicament.cat\\\/ca\\\/author\\\/admin\"}]}<\/script>\n<!-- \/ Yoast SEO plugin. -->","yoast_head_json":{"title":"Liu\u2019s Hot Pot crea un plat solidari amb l'Associaci\u00f3 Espanyola Contra el C\u00e0ncer - Gastron\u00f2micament","description":"Liu\u2019s Hot Pot crea un plat solidari amb l'Associaci\u00f3 Espanyola Contra el C\u00e0ncer Actualitat, Reportatges i novetats Tony Wang, propietari del local de Palma, va anunciar-ho durant la inauguraci\u00f3 oficial del restaurant","robots":{"index":"index","follow":"follow","max-snippet":"max-snippet:-1","max-image-preview":"max-image-preview:large","max-video-preview":"max-video-preview:-1"},"canonical":"https:\/\/gastronomicament.cat\/ca\/lius-hot-pot-crea-un-plat-solidari-amb-lassociacio-espanyola-contra-el-cancer","og_locale":"ca_ES","og_type":"article","og_title":"Liu\u2019s Hot Pot crea un plat solidari amb l'Associaci\u00f3 Espanyola Contra el C\u00e0ncer - Gastron\u00f2micament","og_description":"Liu\u2019s Hot Pot crea un plat solidari amb l'Associaci\u00f3 Espanyola Contra el C\u00e0ncer Actualitat, Reportatges i novetats Tony Wang, propietari del local de Palma, va anunciar-ho durant la inauguraci\u00f3 oficial del restaurant","og_url":"https:\/\/gastronomicament.cat\/ca\/lius-hot-pot-crea-un-plat-solidari-amb-lassociacio-espanyola-contra-el-cancer","og_site_name":"Gastron\u00f2micament","article_published_time":"2024-09-16T08:36:52+00:00","og_image":[{"width":1280,"height":815,"url":"https:\/\/gastronomicament.cat\/wp-content\/uploads\/2024\/09\/Lius-Hot-Pot-1.jpg","type":"image\/jpeg"}],"author":"Redacci\u00f3","twitter_card":"summary_large_image","twitter_creator":"@gastronomicamen","twitter_site":"@gastronomicamen","twitter_misc":{"Written by":"Redacci\u00f3","Est. reading time":"3 minutes"},"schema":{"@context":"https:\/\/schema.org","@graph":[{"@type":"Article","@id":"https:\/\/gastronomicament.cat\/ca\/lius-hot-pot-crea-un-plat-solidari-amb-lassociacio-espanyola-contra-el-cancer#article","isPartOf":{"@id":"https:\/\/gastronomicament.cat\/ca\/lius-hot-pot-crea-un-plat-solidari-amb-lassociacio-espanyola-contra-el-cancer"},"author":{"name":"Redacci\u00f3","@id":"https:\/\/gastronomicament.cat\/ca\/#\/schema\/person\/a7c85c537a1ed62799a5b8e0f686a37f"},"headline":"Liu\u2019s Hot Pot crea un plat solidari amb l&#8217;Associaci\u00f3 Espanyola Contra el C\u00e0ncer","datePublished":"2024-09-16T08:36:52+00:00","mainEntityOfPage":{"@id":"https:\/\/gastronomicament.cat\/ca\/lius-hot-pot-crea-un-plat-solidari-amb-lassociacio-espanyola-contra-el-cancer"},"wordCount":441,"commentCount":0,"publisher":{"@id":"https:\/\/gastronomicament.cat\/ca\/#organization"},"image":{"@id":"https:\/\/gastronomicament.cat\/ca\/lius-hot-pot-crea-un-plat-solidari-amb-lassociacio-espanyola-contra-el-cancer#primaryimage"},"thumbnailUrl":"https:\/\/gastronomicament.cat\/wp-content\/uploads\/2024\/09\/Lius-Hot-Pot-1.jpg","articleSection":["Actualitat","Reportatges i novetats"],"inLanguage":"ca-ES","potentialAction":[{"@type":"CommentAction","name":"Comment","target":["https:\/\/gastronomicament.cat\/ca\/lius-hot-pot-crea-un-plat-solidari-amb-lassociacio-espanyola-contra-el-cancer#respond"]}]},{"@type":"WebPage","@id":"https:\/\/gastronomicament.cat\/ca\/lius-hot-pot-crea-un-plat-solidari-amb-lassociacio-espanyola-contra-el-cancer","url":"https:\/\/gastronomicament.cat\/ca\/lius-hot-pot-crea-un-plat-solidari-amb-lassociacio-espanyola-contra-el-cancer","name":"Liu\u2019s Hot Pot crea un plat solidari amb l'Associaci\u00f3 Espanyola Contra el C\u00e0ncer - Gastron\u00f2micament","isPartOf":{"@id":"https:\/\/gastronomicament.cat\/ca\/#website"},"primaryImageOfPage":{"@id":"https:\/\/gastronomicament.cat\/ca\/lius-hot-pot-crea-un-plat-solidari-amb-lassociacio-espanyola-contra-el-cancer#primaryimage"},"image":{"@id":"https:\/\/gastronomicament.cat\/ca\/lius-hot-pot-crea-un-plat-solidari-amb-lassociacio-espanyola-contra-el-cancer#primaryimage"},"thumbnailUrl":"https:\/\/gastronomicament.cat\/wp-content\/uploads\/2024\/09\/Lius-Hot-Pot-1.jpg","datePublished":"2024-09-16T08:36:52+00:00","description":"Liu\u2019s Hot Pot crea un plat solidari amb l'Associaci\u00f3 Espanyola Contra el C\u00e0ncer Actualitat, Reportatges i novetats Tony Wang, propietari del local de Palma, va anunciar-ho durant la inauguraci\u00f3 oficial del restaurant","inLanguage":"ca-ES","potentialAction":[{"@type":"ReadAction","target":["https:\/\/gastronomicament.cat\/ca\/lius-hot-pot-crea-un-plat-solidari-amb-lassociacio-espanyola-contra-el-cancer"]}]},{"@type":"ImageObject","inLanguage":"ca-ES","@id":"https:\/\/gastronomicament.cat\/ca\/lius-hot-pot-crea-un-plat-solidari-amb-lassociacio-espanyola-contra-el-cancer#primaryimage","url":"https:\/\/gastronomicament.cat\/wp-content\/uploads\/2024\/09\/Lius-Hot-Pot-1.jpg","contentUrl":"https:\/\/gastronomicament.cat\/wp-content\/uploads\/2024\/09\/Lius-Hot-Pot-1.jpg","width":1280,"height":815},{"@type":"WebSite","@id":"https:\/\/gastronomicament.cat\/ca\/#website","url":"https:\/\/gastronomicament.cat\/ca\/","name":"Gastron\u00f2micament","description":"Portal de restaurants, receptes i actualitat gastron\u00f2mica","publisher":{"@id":"https:\/\/gastronomicament.cat\/ca\/#organization"},"potentialAction":[{"@type":"SearchAction","target":{"@type":"EntryPoint","urlTemplate":"https:\/\/gastronomicament.cat\/ca\/?s={search_term_string}"},"query-input":{"@type":"PropertyValueSpecification","valueRequired":true,"valueName":"search_term_string"}}],"inLanguage":"ca-ES"},{"@type":"Organization","@id":"https:\/\/gastronomicament.cat\/ca\/#organization","name":"Gastron\u00f2micament","url":"https:\/\/gastronomicament.cat\/ca\/","logo":{"@type":"ImageObject","inLanguage":"ca-ES","@id":"https:\/\/gastronomicament.cat\/ca\/#\/schema\/logo\/image\/","url":"https:\/\/gastronomicament.cat\/wp-content\/uploads\/2016\/09\/header-logo.jpg","contentUrl":"https:\/\/gastronomicament.cat\/wp-content\/uploads\/2016\/09\/header-logo.jpg","width":277,"height":39,"caption":"Gastron\u00f2micament"},"image":{"@id":"https:\/\/gastronomicament.cat\/ca\/#\/schema\/logo\/image\/"},"sameAs":["https:\/\/x.com\/gastronomicamen"]},{"@type":"Person","@id":"https:\/\/gastronomicament.cat\/ca\/#\/schema\/person\/a7c85c537a1ed62799a5b8e0f686a37f","name":"Redacci\u00f3","image":{"@type":"ImageObject","inLanguage":"ca-ES","@id":"https:\/\/secure.gravatar.com\/avatar\/9489a485c464fd611d33825daae651d13db70c4e74c65c94937a15a9d4c3ee14?s=96&d=mm&r=g69fea3cce3645dfa2166e7293e22955e","url":"https:\/\/secure.gravatar.com\/avatar\/9489a485c464fd611d33825daae651d13db70c4e74c65c94937a15a9d4c3ee14?s=96&d=mm&r=g","contentUrl":"https:\/\/secure.gravatar.com\/avatar\/9489a485c464fd611d33825daae651d13db70c4e74c65c94937a15a9d4c3ee14?s=96&d=mm&r=g","caption":"Redacci\u00f3"},"sameAs":["http:\/\/gastronomicament.cat"],"url":"https:\/\/gastronomicament.cat\/ca\/author\/admin"}]}},"_links":{"self":[{"href":"https:\/\/gastronomicament.cat\/ca\/wp-json\/wp\/v2\/posts\/90979","targetHints":{"allow":["GET"]}}],"collection":[{"href":"https:\/\/gastronomicament.cat\/ca\/wp-json\/wp\/v2\/posts"}],"about":[{"href":"https:\/\/gastronomicament.cat\/ca\/wp-json\/wp\/v2\/types\/post"}],"author":[{"embeddable":true,"href":"https:\/\/gastronomicament.cat\/ca\/wp-json\/wp\/v2\/users\/1"}],"replies":[{"embeddable":true,"href":"https:\/\/gastronomicament.cat\/ca\/wp-json\/wp\/v2\/comments?post=90979"}],"version-history":[{"count":0,"href":"https:\/\/gastronomicament.cat\/ca\/wp-json\/wp\/v2\/posts\/90979\/revisions"}],"wp:featuredmedia":[{"embeddable":true,"href":"https:\/\/gastronomicament.cat\/ca\/wp-json\/wp\/v2\/media\/90992"}],"wp:attachment":[{"href":"https:\/\/gastronomicament.cat\/ca\/wp-json\/wp\/v2\/media?parent=90979"}],"wp:term":[{"taxonomy":"category","embeddable":true,"href":"https:\/\/gastronomicament.cat\/ca\/wp-json\/wp\/v2\/categories?post=90979"},{"taxonomy":"post_tag","embeddable":true,"href":"https:\/\/gastronomicament.cat\/ca\/wp-json\/wp\/v2\/tags?post=90979"},{"taxonomy":"author","embeddable":true,"href":"https:\/\/gastronomicament.cat\/ca\/wp-json\/wp\/v2\/coauthors?post=90979"}],"curies":[{"name":"wp","href":"https:\/\/api.w.org\/{rel}","templated":true}]}}