{"id":91948,"date":"2024-10-21T12:35:53","date_gmt":"2024-10-21T10:35:53","guid":{"rendered":"https:\/\/gastronomicament.cat\/?p=91948"},"modified":"2024-11-07T09:28:03","modified_gmt":"2024-11-07T08:28:03","slug":"cervesa-artesana-i-molta-de-festa-a-puigpunyent","status":"publish","type":"post","link":"https:\/\/gastronomicament.cat\/ca\/cervesa-artesana-i-molta-de-festa-a-puigpunyent","title":{"rendered":"Cervesa artesana i molta de festa a Puigpunyent"},"content":{"rendered":"<p>Als puigpunyentins i a les puigpunyentines\u00a0els espera un diumenge ben entrullat, at\u00e8s que el<strong> 10 de novembre <\/strong><strong>Puigpunyent\u00a0<\/strong>celebra la\u00a0<strong>Mostra Artesana de Cervesa<\/strong>.<\/p>\n<p>Aquesta festa, que enguany arriba a la vuitena edici\u00f3, omplir\u00e0 el poble de molta de festa i bauxa. Ara b\u00e9, els protagonistes seran els elaboradors de cervesa d&#8217;arreu de Mallorca, que donaran a con\u00e8ixer, de primera m\u00e0, les seves creacions amb suc d&#8217;ordi.<\/p>\n<p>Tant<strong>\u00a0Toni Mar\u00ed<\/strong>, batle de Puigpunyent, com\u00a0<strong>Magdalena Gomis<\/strong>, regidora de Cultura del municipi, conviden a gaudir d&#8217;aquesta cita que estar\u00e0 amenitzada per la m\u00fasica en directe del grup\u00a0<strong>The Swingerbrass<\/strong>.<\/p>\n<p>Per a aquest 2024, la festa s&#8217;ha avan\u00e7at unes setmanes, de manera que se celebrar\u00e0 el mes de novembre, concretament el diumenge 10, <strong>de 12 a 17 hores<\/strong>, a la Pla\u00e7a de l&#8217;Ajuntament.<\/p>\n<p>Els\u00a0<strong>cervesers que hi participaran\u00a0<\/strong>s\u00f3n:\u00a0<strong>Brusca\u00a0<\/strong>(Manacor),\u00a0<strong>Sullerica\u00a0<\/strong>(S\u00f3ller),\u00a0<strong>Forastera\u00a0<\/strong>(Alar\u00f3),\u00a0<strong>M\u00f3n\u00a0<\/strong>(Sineu), \u00a0<strong>Moixa\u00a0<\/strong>(Algaida) i\u00a0<strong>Breaking<\/strong>\u00a0<strong>Brou<\/strong>\u00a0(Palma).<\/p>\n<p>A m\u00e9s a m\u00e9s, hi haur\u00e0 paradetes de productes artesans i de menjar. Tamb\u00e9 hi haur\u00e0 tassons de vidre a la venda per 2\u202feuros.<\/p>\n","protected":false},"excerpt":{"rendered":"<p>La cita tendr\u00e0 lloc el diumenge 10 de novembre, de 12 a 17 hores<\/p>\n","protected":false},"author":1,"featured_media":91949,"comment_status":"open","ping_status":"closed","sticky":false,"template":"","format":"standard","meta":{"_acf_changed":false,"_swt_meta_header_display":false,"_swt_meta_footer_display":false,"_swt_meta_site_title_display":false,"_swt_meta_sticky_header":false,"_swt_meta_transparent_header":false,"footnotes":""},"categories":[692,955],"tags":[],"coauthors":[2053],"class_list":["post-91948","post","type-post","status-publish","format-standard","has-post-thumbnail","hentry","category-actualitat","category-reportatges-i-novetats"],"acf":{"gallery":null,"home_date":{"home_begin_date":null,"home_end_date":null}},"yoast_head":"<!-- This site is optimized with the Yoast SEO plugin v27.4 - https:\/\/yoast.com\/product\/yoast-seo-wordpress\/ -->\n<title>Cervesa artesana i molta de festa a Puigpunyent - Gastron\u00f2micament<\/title>\n<meta name=\"description\" content=\"Cervesa artesana i molta de festa a Puigpunyent Actualitat, Reportatges i novetats La cita tendr\u00e0 lloc el diumenge 10 de novembre, de 12 a 17 hores\" \/>\n<meta name=\"robots\" content=\"index, follow, max-snippet:-1, max-image-preview:large, max-video-preview:-1\" \/>\n<link rel=\"canonical\" href=\"https:\/\/gastronomicament.cat\/ca\/cervesa-artesana-i-molta-de-festa-a-puigpunyent\" \/>\n<meta property=\"og:locale\" content=\"ca_ES\" \/>\n<meta property=\"og:type\" content=\"article\" \/>\n<meta property=\"og:title\" content=\"Cervesa artesana i molta de festa a Puigpunyent - Gastron\u00f2micament\" \/>\n<meta property=\"og:description\" content=\"Cervesa artesana i molta de festa a Puigpunyent Actualitat, Reportatges i novetats La cita tendr\u00e0 lloc el diumenge 10 de novembre, de 12 a 17 hores\" \/>\n<meta property=\"og:url\" content=\"https:\/\/gastronomicament.cat\/ca\/cervesa-artesana-i-molta-de-festa-a-puigpunyent\" \/>\n<meta property=\"og:site_name\" content=\"Gastron\u00f2micament\" \/>\n<meta property=\"article:published_time\" content=\"2024-10-21T10:35:53+00:00\" \/>\n<meta property=\"article:modified_time\" content=\"2024-11-07T08:28:03+00:00\" \/>\n<meta property=\"og:image\" content=\"https:\/\/gastronomicament.cat\/wp-content\/uploads\/2024\/10\/Mostra-Cervesa-Artesana-Puigpunyent-festa.jpg\" \/>\n\t<meta property=\"og:image:width\" content=\"1200\" \/>\n\t<meta property=\"og:image:height\" content=\"675\" \/>\n\t<meta property=\"og:image:type\" content=\"image\/jpeg\" \/>\n<meta name=\"author\" content=\"Redacci\u00f3\" \/>\n<meta name=\"twitter:card\" content=\"summary_large_image\" \/>\n<meta name=\"twitter:creator\" content=\"@gastronomicamen\" \/>\n<meta name=\"twitter:site\" content=\"@gastronomicamen\" \/>\n<meta name=\"twitter:label1\" content=\"Written by\" \/>\n\t<meta name=\"twitter:data1\" content=\"Redacci\u00f3\" \/>\n\t<meta name=\"twitter:label2\" content=\"Est. reading time\" \/>\n\t<meta name=\"twitter:data2\" content=\"2 minutes\" \/>\n<script type=\"application\/ld+json\" class=\"yoast-schema-graph\">{\"@context\":\"https:\\\/\\\/schema.org\",\"@graph\":[{\"@type\":\"Article\",\"@id\":\"https:\\\/\\\/gastronomicament.cat\\\/ca\\\/cervesa-artesana-i-molta-de-festa-a-puigpunyent#article\",\"isPartOf\":{\"@id\":\"https:\\\/\\\/gastronomicament.cat\\\/ca\\\/cervesa-artesana-i-molta-de-festa-a-puigpunyent\"},\"author\":{\"name\":\"Redacci\u00f3\",\"@id\":\"https:\\\/\\\/gastronomicament.cat\\\/ca\\\/#\\\/schema\\\/person\\\/a7c85c537a1ed62799a5b8e0f686a37f\"},\"headline\":\"Cervesa artesana i molta de festa a Puigpunyent\",\"datePublished\":\"2024-10-21T10:35:53+00:00\",\"dateModified\":\"2024-11-07T08:28:03+00:00\",\"mainEntityOfPage\":{\"@id\":\"https:\\\/\\\/gastronomicament.cat\\\/ca\\\/cervesa-artesana-i-molta-de-festa-a-puigpunyent\"},\"wordCount\":189,\"commentCount\":0,\"publisher\":{\"@id\":\"https:\\\/\\\/gastronomicament.cat\\\/ca\\\/#organization\"},\"image\":{\"@id\":\"https:\\\/\\\/gastronomicament.cat\\\/ca\\\/cervesa-artesana-i-molta-de-festa-a-puigpunyent#primaryimage\"},\"thumbnailUrl\":\"https:\\\/\\\/gastronomicament.cat\\\/wp-content\\\/uploads\\\/2024\\\/10\\\/Mostra-Cervesa-Artesana-Puigpunyent-festa.jpg\",\"articleSection\":[\"Actualitat\",\"Reportatges i novetats\"],\"inLanguage\":\"ca-ES\",\"potentialAction\":[{\"@type\":\"CommentAction\",\"name\":\"Comment\",\"target\":[\"https:\\\/\\\/gastronomicament.cat\\\/ca\\\/cervesa-artesana-i-molta-de-festa-a-puigpunyent#respond\"]}]},{\"@type\":\"WebPage\",\"@id\":\"https:\\\/\\\/gastronomicament.cat\\\/ca\\\/cervesa-artesana-i-molta-de-festa-a-puigpunyent\",\"url\":\"https:\\\/\\\/gastronomicament.cat\\\/ca\\\/cervesa-artesana-i-molta-de-festa-a-puigpunyent\",\"name\":\"Cervesa artesana i molta de festa a Puigpunyent - Gastron\u00f2micament\",\"isPartOf\":{\"@id\":\"https:\\\/\\\/gastronomicament.cat\\\/ca\\\/#website\"},\"primaryImageOfPage\":{\"@id\":\"https:\\\/\\\/gastronomicament.cat\\\/ca\\\/cervesa-artesana-i-molta-de-festa-a-puigpunyent#primaryimage\"},\"image\":{\"@id\":\"https:\\\/\\\/gastronomicament.cat\\\/ca\\\/cervesa-artesana-i-molta-de-festa-a-puigpunyent#primaryimage\"},\"thumbnailUrl\":\"https:\\\/\\\/gastronomicament.cat\\\/wp-content\\\/uploads\\\/2024\\\/10\\\/Mostra-Cervesa-Artesana-Puigpunyent-festa.jpg\",\"datePublished\":\"2024-10-21T10:35:53+00:00\",\"dateModified\":\"2024-11-07T08:28:03+00:00\",\"description\":\"Cervesa artesana i molta de festa a Puigpunyent Actualitat, Reportatges i novetats La cita tendr\u00e0 lloc el diumenge 10 de novembre, de 12 a 17 hores\",\"inLanguage\":\"ca-ES\",\"potentialAction\":[{\"@type\":\"ReadAction\",\"target\":[\"https:\\\/\\\/gastronomicament.cat\\\/ca\\\/cervesa-artesana-i-molta-de-festa-a-puigpunyent\"]}]},{\"@type\":\"ImageObject\",\"inLanguage\":\"ca-ES\",\"@id\":\"https:\\\/\\\/gastronomicament.cat\\\/ca\\\/cervesa-artesana-i-molta-de-festa-a-puigpunyent#primaryimage\",\"url\":\"https:\\\/\\\/gastronomicament.cat\\\/wp-content\\\/uploads\\\/2024\\\/10\\\/Mostra-Cervesa-Artesana-Puigpunyent-festa.jpg\",\"contentUrl\":\"https:\\\/\\\/gastronomicament.cat\\\/wp-content\\\/uploads\\\/2024\\\/10\\\/Mostra-Cervesa-Artesana-Puigpunyent-festa.jpg\",\"width\":1200,\"height\":675},{\"@type\":\"WebSite\",\"@id\":\"https:\\\/\\\/gastronomicament.cat\\\/ca\\\/#website\",\"url\":\"https:\\\/\\\/gastronomicament.cat\\\/ca\\\/\",\"name\":\"Gastron\u00f2micament\",\"description\":\"Portal de restaurants, receptes i actualitat gastron\u00f2mica\",\"publisher\":{\"@id\":\"https:\\\/\\\/gastronomicament.cat\\\/ca\\\/#organization\"},\"potentialAction\":[{\"@type\":\"SearchAction\",\"target\":{\"@type\":\"EntryPoint\",\"urlTemplate\":\"https:\\\/\\\/gastronomicament.cat\\\/ca\\\/?s={search_term_string}\"},\"query-input\":{\"@type\":\"PropertyValueSpecification\",\"valueRequired\":true,\"valueName\":\"search_term_string\"}}],\"inLanguage\":\"ca-ES\"},{\"@type\":\"Organization\",\"@id\":\"https:\\\/\\\/gastronomicament.cat\\\/ca\\\/#organization\",\"name\":\"Gastron\u00f2micament\",\"url\":\"https:\\\/\\\/gastronomicament.cat\\\/ca\\\/\",\"logo\":{\"@type\":\"ImageObject\",\"inLanguage\":\"ca-ES\",\"@id\":\"https:\\\/\\\/gastronomicament.cat\\\/ca\\\/#\\\/schema\\\/logo\\\/image\\\/\",\"url\":\"https:\\\/\\\/gastronomicament.cat\\\/wp-content\\\/uploads\\\/2016\\\/09\\\/header-logo.jpg\",\"contentUrl\":\"https:\\\/\\\/gastronomicament.cat\\\/wp-content\\\/uploads\\\/2016\\\/09\\\/header-logo.jpg\",\"width\":277,\"height\":39,\"caption\":\"Gastron\u00f2micament\"},\"image\":{\"@id\":\"https:\\\/\\\/gastronomicament.cat\\\/ca\\\/#\\\/schema\\\/logo\\\/image\\\/\"},\"sameAs\":[\"https:\\\/\\\/x.com\\\/gastronomicamen\"]},{\"@type\":\"Person\",\"@id\":\"https:\\\/\\\/gastronomicament.cat\\\/ca\\\/#\\\/schema\\\/person\\\/a7c85c537a1ed62799a5b8e0f686a37f\",\"name\":\"Redacci\u00f3\",\"image\":{\"@type\":\"ImageObject\",\"inLanguage\":\"ca-ES\",\"@id\":\"https:\\\/\\\/secure.gravatar.com\\\/avatar\\\/9489a485c464fd611d33825daae651d13db70c4e74c65c94937a15a9d4c3ee14?s=96&d=mm&r=g69fea3cce3645dfa2166e7293e22955e\",\"url\":\"https:\\\/\\\/secure.gravatar.com\\\/avatar\\\/9489a485c464fd611d33825daae651d13db70c4e74c65c94937a15a9d4c3ee14?s=96&d=mm&r=g\",\"contentUrl\":\"https:\\\/\\\/secure.gravatar.com\\\/avatar\\\/9489a485c464fd611d33825daae651d13db70c4e74c65c94937a15a9d4c3ee14?s=96&d=mm&r=g\",\"caption\":\"Redacci\u00f3\"},\"sameAs\":[\"http:\\\/\\\/gastronomicament.cat\"],\"url\":\"https:\\\/\\\/gastronomicament.cat\\\/ca\\\/author\\\/admin\"}]}<\/script>\n<!-- \/ Yoast SEO plugin. -->","yoast_head_json":{"title":"Cervesa artesana i molta de festa a Puigpunyent - Gastron\u00f2micament","description":"Cervesa artesana i molta de festa a Puigpunyent Actualitat, Reportatges i novetats La cita tendr\u00e0 lloc el diumenge 10 de novembre, de 12 a 17 hores","robots":{"index":"index","follow":"follow","max-snippet":"max-snippet:-1","max-image-preview":"max-image-preview:large","max-video-preview":"max-video-preview:-1"},"canonical":"https:\/\/gastronomicament.cat\/ca\/cervesa-artesana-i-molta-de-festa-a-puigpunyent","og_locale":"ca_ES","og_type":"article","og_title":"Cervesa artesana i molta de festa a Puigpunyent - Gastron\u00f2micament","og_description":"Cervesa artesana i molta de festa a Puigpunyent Actualitat, Reportatges i novetats La cita tendr\u00e0 lloc el diumenge 10 de novembre, de 12 a 17 hores","og_url":"https:\/\/gastronomicament.cat\/ca\/cervesa-artesana-i-molta-de-festa-a-puigpunyent","og_site_name":"Gastron\u00f2micament","article_published_time":"2024-10-21T10:35:53+00:00","article_modified_time":"2024-11-07T08:28:03+00:00","og_image":[{"width":1200,"height":675,"url":"https:\/\/gastronomicament.cat\/wp-content\/uploads\/2024\/10\/Mostra-Cervesa-Artesana-Puigpunyent-festa.jpg","type":"image\/jpeg"}],"author":"Redacci\u00f3","twitter_card":"summary_large_image","twitter_creator":"@gastronomicamen","twitter_site":"@gastronomicamen","twitter_misc":{"Written by":"Redacci\u00f3","Est. reading time":"2 minutes"},"schema":{"@context":"https:\/\/schema.org","@graph":[{"@type":"Article","@id":"https:\/\/gastronomicament.cat\/ca\/cervesa-artesana-i-molta-de-festa-a-puigpunyent#article","isPartOf":{"@id":"https:\/\/gastronomicament.cat\/ca\/cervesa-artesana-i-molta-de-festa-a-puigpunyent"},"author":{"name":"Redacci\u00f3","@id":"https:\/\/gastronomicament.cat\/ca\/#\/schema\/person\/a7c85c537a1ed62799a5b8e0f686a37f"},"headline":"Cervesa artesana i molta de festa a Puigpunyent","datePublished":"2024-10-21T10:35:53+00:00","dateModified":"2024-11-07T08:28:03+00:00","mainEntityOfPage":{"@id":"https:\/\/gastronomicament.cat\/ca\/cervesa-artesana-i-molta-de-festa-a-puigpunyent"},"wordCount":189,"commentCount":0,"publisher":{"@id":"https:\/\/gastronomicament.cat\/ca\/#organization"},"image":{"@id":"https:\/\/gastronomicament.cat\/ca\/cervesa-artesana-i-molta-de-festa-a-puigpunyent#primaryimage"},"thumbnailUrl":"https:\/\/gastronomicament.cat\/wp-content\/uploads\/2024\/10\/Mostra-Cervesa-Artesana-Puigpunyent-festa.jpg","articleSection":["Actualitat","Reportatges i novetats"],"inLanguage":"ca-ES","potentialAction":[{"@type":"CommentAction","name":"Comment","target":["https:\/\/gastronomicament.cat\/ca\/cervesa-artesana-i-molta-de-festa-a-puigpunyent#respond"]}]},{"@type":"WebPage","@id":"https:\/\/gastronomicament.cat\/ca\/cervesa-artesana-i-molta-de-festa-a-puigpunyent","url":"https:\/\/gastronomicament.cat\/ca\/cervesa-artesana-i-molta-de-festa-a-puigpunyent","name":"Cervesa artesana i molta de festa a Puigpunyent - Gastron\u00f2micament","isPartOf":{"@id":"https:\/\/gastronomicament.cat\/ca\/#website"},"primaryImageOfPage":{"@id":"https:\/\/gastronomicament.cat\/ca\/cervesa-artesana-i-molta-de-festa-a-puigpunyent#primaryimage"},"image":{"@id":"https:\/\/gastronomicament.cat\/ca\/cervesa-artesana-i-molta-de-festa-a-puigpunyent#primaryimage"},"thumbnailUrl":"https:\/\/gastronomicament.cat\/wp-content\/uploads\/2024\/10\/Mostra-Cervesa-Artesana-Puigpunyent-festa.jpg","datePublished":"2024-10-21T10:35:53+00:00","dateModified":"2024-11-07T08:28:03+00:00","description":"Cervesa artesana i molta de festa a Puigpunyent Actualitat, Reportatges i novetats La cita tendr\u00e0 lloc el diumenge 10 de novembre, de 12 a 17 hores","inLanguage":"ca-ES","potentialAction":[{"@type":"ReadAction","target":["https:\/\/gastronomicament.cat\/ca\/cervesa-artesana-i-molta-de-festa-a-puigpunyent"]}]},{"@type":"ImageObject","inLanguage":"ca-ES","@id":"https:\/\/gastronomicament.cat\/ca\/cervesa-artesana-i-molta-de-festa-a-puigpunyent#primaryimage","url":"https:\/\/gastronomicament.cat\/wp-content\/uploads\/2024\/10\/Mostra-Cervesa-Artesana-Puigpunyent-festa.jpg","contentUrl":"https:\/\/gastronomicament.cat\/wp-content\/uploads\/2024\/10\/Mostra-Cervesa-Artesana-Puigpunyent-festa.jpg","width":1200,"height":675},{"@type":"WebSite","@id":"https:\/\/gastronomicament.cat\/ca\/#website","url":"https:\/\/gastronomicament.cat\/ca\/","name":"Gastron\u00f2micament","description":"Portal de restaurants, receptes i actualitat gastron\u00f2mica","publisher":{"@id":"https:\/\/gastronomicament.cat\/ca\/#organization"},"potentialAction":[{"@type":"SearchAction","target":{"@type":"EntryPoint","urlTemplate":"https:\/\/gastronomicament.cat\/ca\/?s={search_term_string}"},"query-input":{"@type":"PropertyValueSpecification","valueRequired":true,"valueName":"search_term_string"}}],"inLanguage":"ca-ES"},{"@type":"Organization","@id":"https:\/\/gastronomicament.cat\/ca\/#organization","name":"Gastron\u00f2micament","url":"https:\/\/gastronomicament.cat\/ca\/","logo":{"@type":"ImageObject","inLanguage":"ca-ES","@id":"https:\/\/gastronomicament.cat\/ca\/#\/schema\/logo\/image\/","url":"https:\/\/gastronomicament.cat\/wp-content\/uploads\/2016\/09\/header-logo.jpg","contentUrl":"https:\/\/gastronomicament.cat\/wp-content\/uploads\/2016\/09\/header-logo.jpg","width":277,"height":39,"caption":"Gastron\u00f2micament"},"image":{"@id":"https:\/\/gastronomicament.cat\/ca\/#\/schema\/logo\/image\/"},"sameAs":["https:\/\/x.com\/gastronomicamen"]},{"@type":"Person","@id":"https:\/\/gastronomicament.cat\/ca\/#\/schema\/person\/a7c85c537a1ed62799a5b8e0f686a37f","name":"Redacci\u00f3","image":{"@type":"ImageObject","inLanguage":"ca-ES","@id":"https:\/\/secure.gravatar.com\/avatar\/9489a485c464fd611d33825daae651d13db70c4e74c65c94937a15a9d4c3ee14?s=96&d=mm&r=g69fea3cce3645dfa2166e7293e22955e","url":"https:\/\/secure.gravatar.com\/avatar\/9489a485c464fd611d33825daae651d13db70c4e74c65c94937a15a9d4c3ee14?s=96&d=mm&r=g","contentUrl":"https:\/\/secure.gravatar.com\/avatar\/9489a485c464fd611d33825daae651d13db70c4e74c65c94937a15a9d4c3ee14?s=96&d=mm&r=g","caption":"Redacci\u00f3"},"sameAs":["http:\/\/gastronomicament.cat"],"url":"https:\/\/gastronomicament.cat\/ca\/author\/admin"}]}},"_links":{"self":[{"href":"https:\/\/gastronomicament.cat\/ca\/wp-json\/wp\/v2\/posts\/91948","targetHints":{"allow":["GET"]}}],"collection":[{"href":"https:\/\/gastronomicament.cat\/ca\/wp-json\/wp\/v2\/posts"}],"about":[{"href":"https:\/\/gastronomicament.cat\/ca\/wp-json\/wp\/v2\/types\/post"}],"author":[{"embeddable":true,"href":"https:\/\/gastronomicament.cat\/ca\/wp-json\/wp\/v2\/users\/1"}],"replies":[{"embeddable":true,"href":"https:\/\/gastronomicament.cat\/ca\/wp-json\/wp\/v2\/comments?post=91948"}],"version-history":[{"count":0,"href":"https:\/\/gastronomicament.cat\/ca\/wp-json\/wp\/v2\/posts\/91948\/revisions"}],"wp:featuredmedia":[{"embeddable":true,"href":"https:\/\/gastronomicament.cat\/ca\/wp-json\/wp\/v2\/media\/91949"}],"wp:attachment":[{"href":"https:\/\/gastronomicament.cat\/ca\/wp-json\/wp\/v2\/media?parent=91948"}],"wp:term":[{"taxonomy":"category","embeddable":true,"href":"https:\/\/gastronomicament.cat\/ca\/wp-json\/wp\/v2\/categories?post=91948"},{"taxonomy":"post_tag","embeddable":true,"href":"https:\/\/gastronomicament.cat\/ca\/wp-json\/wp\/v2\/tags?post=91948"},{"taxonomy":"author","embeddable":true,"href":"https:\/\/gastronomicament.cat\/ca\/wp-json\/wp\/v2\/coauthors?post=91948"}],"curies":[{"name":"wp","href":"https:\/\/api.w.org\/{rel}","templated":true}]}}