{"id":92058,"date":"2024-10-28T10:48:55","date_gmt":"2024-10-28T09:48:55","guid":{"rendered":"https:\/\/gastronomicament.cat\/?p=92058"},"modified":"2024-10-28T10:48:55","modified_gmt":"2024-10-28T09:48:55","slug":"manacor-celebra-una-nova-edicio-de-novembre-enologic","status":"publish","type":"post","link":"https:\/\/gastronomicament.cat\/ca\/manacor-celebra-una-nova-edicio-de-novembre-enologic","title":{"rendered":"Manacor celebra una nova edici\u00f3 de Novembre Enol\u00f2gic"},"content":{"rendered":"<p>La denominaci\u00f3 d&#8217;origen Pla i Llevant &#8211; Mallorca, juntament amb l&#8217;Ajuntament de Manacor i altres entitats, ha organitzat una nova edici\u00f3 del cicle\u00a0<strong>Novembre Enol\u00f2gic<\/strong>.<\/p>\n<p>Es tracta d&#8217;una manera d\u2019<strong>acostar a la poblaci\u00f3 el m\u00f3n del vi<\/strong>\u00a0i educar els sentits en el m\u00f3n de l\u2019enologia.<\/p>\n<p>Les activitats es duran a terme aquest mes a l\u2019I<strong>ES Manacor<\/strong>. Per a l&#8217;<strong>edici\u00f3<\/strong>\u00a0de Novembre Enol\u00f2gic de\u00a0<strong>2024 s&#8217;han proposat tres activitats<\/strong>:La primera \u00e9s un<strong>\u00a0inici al tast de vins<\/strong>, que es\u00a0far\u00e0 amb l\u2019en\u00f2loga Carmina Sender. Es far\u00e0 els dies 7 i 8 de novembre, de 19 a 20.30 hores.<\/p>\n<p>La segona \u00e9s un\u00a0<strong>maridatge de vins amb formatge\u00a0<\/strong>de la denominaci\u00f3 d&#8217;origen Ma\u00f3-Menorca\u00a0<strong>i sobrassada\u00a0<\/strong>de la IGP Sobrassada de Mallorca, dirigit pel sommelier Toni Fern\u00e1ndez. Ser\u00e0 els dies 13 i 14 de novembre, de 19 a 20.30 hores.<\/p>\n<p>La tercera \u00e9s i<strong>dentificar els vins fets a Mallorca<\/strong>, amb l\u2019en\u00f2leg Llu\u00eds Armero. Es dur\u00e0 a terme els dies 20 i 21 de novembre, de 19 a 20.30 hores.<\/p>\n<p>Les\u00a0<strong>incripcions\u00a0<\/strong>s&#8217;han de fer a l&#8217;adre\u00e7a electr\u00f2nica &lt;<em>promocio [arrova] doplaillevant [punt] com<\/em>&gt; i hi heu d&#8217;especificar el vostre nom i cognoms, a m\u00e9s del n\u00famero de document d&#8217;identitat. Tamb\u00e9 hi heu d&#8217;especificar quina activitat voleu apuntar-vos.\u00a0<strong>Cada activitat\u00a0<\/strong>t\u00e9 un preu de\u00a0<strong>20 euros<\/strong>.<\/p>\n","protected":false},"excerpt":{"rendered":"<p>L&#8217;objectiu de les activitats organitzades \u00e9s acostar el vi a la poblaci\u00f3<\/p>\n","protected":false},"author":1,"featured_media":92059,"comment_status":"open","ping_status":"closed","sticky":false,"template":"","format":"standard","meta":{"_acf_changed":false,"_swt_meta_header_display":false,"_swt_meta_footer_display":false,"_swt_meta_site_title_display":false,"_swt_meta_sticky_header":false,"_swt_meta_transparent_header":false,"footnotes":""},"categories":[692,955],"tags":[],"coauthors":[2053],"class_list":["post-92058","post","type-post","status-publish","format-standard","has-post-thumbnail","hentry","category-actualitat","category-reportatges-i-novetats"],"acf":{"gallery":null,"home_date":{"home_begin_date":null,"home_end_date":null}},"yoast_head":"<!-- This site is optimized with the Yoast SEO plugin v27.4 - https:\/\/yoast.com\/product\/yoast-seo-wordpress\/ -->\n<title>Manacor celebra una nova edici\u00f3 de Novembre Enol\u00f2gic - Gastron\u00f2micament<\/title>\n<meta name=\"description\" content=\"Manacor celebra una nova edici\u00f3 de Novembre Enol\u00f2gic Actualitat, Reportatges i novetats L&#039;objectiu de les activitats organitzades \u00e9s acostar el vi a la poblaci\u00f3\" \/>\n<meta name=\"robots\" content=\"index, follow, max-snippet:-1, max-image-preview:large, max-video-preview:-1\" \/>\n<link rel=\"canonical\" href=\"https:\/\/gastronomicament.cat\/ca\/manacor-celebra-una-nova-edicio-de-novembre-enologic\" \/>\n<meta property=\"og:locale\" content=\"ca_ES\" \/>\n<meta property=\"og:type\" content=\"article\" \/>\n<meta property=\"og:title\" content=\"Manacor celebra una nova edici\u00f3 de Novembre Enol\u00f2gic - Gastron\u00f2micament\" \/>\n<meta property=\"og:description\" content=\"Manacor celebra una nova edici\u00f3 de Novembre Enol\u00f2gic Actualitat, Reportatges i novetats L&#039;objectiu de les activitats organitzades \u00e9s acostar el vi a la poblaci\u00f3\" \/>\n<meta property=\"og:url\" content=\"https:\/\/gastronomicament.cat\/ca\/manacor-celebra-una-nova-edicio-de-novembre-enologic\" \/>\n<meta property=\"og:site_name\" content=\"Gastron\u00f2micament\" \/>\n<meta property=\"article:published_time\" content=\"2024-10-28T09:48:55+00:00\" \/>\n<meta property=\"og:image\" content=\"https:\/\/gastronomicament.cat\/wp-content\/uploads\/2024\/10\/Novembre-enologic-2024-Manacor.jpg\" \/>\n\t<meta property=\"og:image:width\" content=\"1343\" \/>\n\t<meta property=\"og:image:height\" content=\"728\" \/>\n\t<meta property=\"og:image:type\" content=\"image\/jpeg\" \/>\n<meta name=\"author\" content=\"Redacci\u00f3\" \/>\n<meta name=\"twitter:card\" content=\"summary_large_image\" \/>\n<meta name=\"twitter:creator\" content=\"@gastronomicamen\" \/>\n<meta name=\"twitter:site\" content=\"@gastronomicamen\" \/>\n<meta name=\"twitter:label1\" content=\"Written by\" \/>\n\t<meta name=\"twitter:data1\" content=\"Redacci\u00f3\" \/>\n\t<meta name=\"twitter:label2\" content=\"Est. reading time\" \/>\n\t<meta name=\"twitter:data2\" content=\"2 minutes\" \/>\n<script type=\"application\/ld+json\" class=\"yoast-schema-graph\">{\"@context\":\"https:\\\/\\\/schema.org\",\"@graph\":[{\"@type\":\"Article\",\"@id\":\"https:\\\/\\\/gastronomicament.cat\\\/ca\\\/manacor-celebra-una-nova-edicio-de-novembre-enologic#article\",\"isPartOf\":{\"@id\":\"https:\\\/\\\/gastronomicament.cat\\\/ca\\\/manacor-celebra-una-nova-edicio-de-novembre-enologic\"},\"author\":{\"name\":\"Redacci\u00f3\",\"@id\":\"https:\\\/\\\/gastronomicament.cat\\\/ca\\\/#\\\/schema\\\/person\\\/a7c85c537a1ed62799a5b8e0f686a37f\"},\"headline\":\"Manacor celebra una nova edici\u00f3 de Novembre Enol\u00f2gic\",\"datePublished\":\"2024-10-28T09:48:55+00:00\",\"mainEntityOfPage\":{\"@id\":\"https:\\\/\\\/gastronomicament.cat\\\/ca\\\/manacor-celebra-una-nova-edicio-de-novembre-enologic\"},\"wordCount\":228,\"commentCount\":0,\"publisher\":{\"@id\":\"https:\\\/\\\/gastronomicament.cat\\\/ca\\\/#organization\"},\"image\":{\"@id\":\"https:\\\/\\\/gastronomicament.cat\\\/ca\\\/manacor-celebra-una-nova-edicio-de-novembre-enologic#primaryimage\"},\"thumbnailUrl\":\"https:\\\/\\\/gastronomicament.cat\\\/wp-content\\\/uploads\\\/2024\\\/10\\\/Novembre-enologic-2024-Manacor.jpg\",\"articleSection\":[\"Actualitat\",\"Reportatges i novetats\"],\"inLanguage\":\"ca-ES\",\"potentialAction\":[{\"@type\":\"CommentAction\",\"name\":\"Comment\",\"target\":[\"https:\\\/\\\/gastronomicament.cat\\\/ca\\\/manacor-celebra-una-nova-edicio-de-novembre-enologic#respond\"]}]},{\"@type\":\"WebPage\",\"@id\":\"https:\\\/\\\/gastronomicament.cat\\\/ca\\\/manacor-celebra-una-nova-edicio-de-novembre-enologic\",\"url\":\"https:\\\/\\\/gastronomicament.cat\\\/ca\\\/manacor-celebra-una-nova-edicio-de-novembre-enologic\",\"name\":\"Manacor celebra una nova edici\u00f3 de Novembre Enol\u00f2gic - Gastron\u00f2micament\",\"isPartOf\":{\"@id\":\"https:\\\/\\\/gastronomicament.cat\\\/ca\\\/#website\"},\"primaryImageOfPage\":{\"@id\":\"https:\\\/\\\/gastronomicament.cat\\\/ca\\\/manacor-celebra-una-nova-edicio-de-novembre-enologic#primaryimage\"},\"image\":{\"@id\":\"https:\\\/\\\/gastronomicament.cat\\\/ca\\\/manacor-celebra-una-nova-edicio-de-novembre-enologic#primaryimage\"},\"thumbnailUrl\":\"https:\\\/\\\/gastronomicament.cat\\\/wp-content\\\/uploads\\\/2024\\\/10\\\/Novembre-enologic-2024-Manacor.jpg\",\"datePublished\":\"2024-10-28T09:48:55+00:00\",\"description\":\"Manacor celebra una nova edici\u00f3 de Novembre Enol\u00f2gic Actualitat, Reportatges i novetats L'objectiu de les activitats organitzades \u00e9s acostar el vi a la poblaci\u00f3\",\"inLanguage\":\"ca-ES\",\"potentialAction\":[{\"@type\":\"ReadAction\",\"target\":[\"https:\\\/\\\/gastronomicament.cat\\\/ca\\\/manacor-celebra-una-nova-edicio-de-novembre-enologic\"]}]},{\"@type\":\"ImageObject\",\"inLanguage\":\"ca-ES\",\"@id\":\"https:\\\/\\\/gastronomicament.cat\\\/ca\\\/manacor-celebra-una-nova-edicio-de-novembre-enologic#primaryimage\",\"url\":\"https:\\\/\\\/gastronomicament.cat\\\/wp-content\\\/uploads\\\/2024\\\/10\\\/Novembre-enologic-2024-Manacor.jpg\",\"contentUrl\":\"https:\\\/\\\/gastronomicament.cat\\\/wp-content\\\/uploads\\\/2024\\\/10\\\/Novembre-enologic-2024-Manacor.jpg\",\"width\":1343,\"height\":728},{\"@type\":\"WebSite\",\"@id\":\"https:\\\/\\\/gastronomicament.cat\\\/ca\\\/#website\",\"url\":\"https:\\\/\\\/gastronomicament.cat\\\/ca\\\/\",\"name\":\"Gastron\u00f2micament\",\"description\":\"Portal de restaurants, receptes i actualitat gastron\u00f2mica\",\"publisher\":{\"@id\":\"https:\\\/\\\/gastronomicament.cat\\\/ca\\\/#organization\"},\"potentialAction\":[{\"@type\":\"SearchAction\",\"target\":{\"@type\":\"EntryPoint\",\"urlTemplate\":\"https:\\\/\\\/gastronomicament.cat\\\/ca\\\/?s={search_term_string}\"},\"query-input\":{\"@type\":\"PropertyValueSpecification\",\"valueRequired\":true,\"valueName\":\"search_term_string\"}}],\"inLanguage\":\"ca-ES\"},{\"@type\":\"Organization\",\"@id\":\"https:\\\/\\\/gastronomicament.cat\\\/ca\\\/#organization\",\"name\":\"Gastron\u00f2micament\",\"url\":\"https:\\\/\\\/gastronomicament.cat\\\/ca\\\/\",\"logo\":{\"@type\":\"ImageObject\",\"inLanguage\":\"ca-ES\",\"@id\":\"https:\\\/\\\/gastronomicament.cat\\\/ca\\\/#\\\/schema\\\/logo\\\/image\\\/\",\"url\":\"https:\\\/\\\/gastronomicament.cat\\\/wp-content\\\/uploads\\\/2016\\\/09\\\/header-logo.jpg\",\"contentUrl\":\"https:\\\/\\\/gastronomicament.cat\\\/wp-content\\\/uploads\\\/2016\\\/09\\\/header-logo.jpg\",\"width\":277,\"height\":39,\"caption\":\"Gastron\u00f2micament\"},\"image\":{\"@id\":\"https:\\\/\\\/gastronomicament.cat\\\/ca\\\/#\\\/schema\\\/logo\\\/image\\\/\"},\"sameAs\":[\"https:\\\/\\\/x.com\\\/gastronomicamen\"]},{\"@type\":\"Person\",\"@id\":\"https:\\\/\\\/gastronomicament.cat\\\/ca\\\/#\\\/schema\\\/person\\\/a7c85c537a1ed62799a5b8e0f686a37f\",\"name\":\"Redacci\u00f3\",\"image\":{\"@type\":\"ImageObject\",\"inLanguage\":\"ca-ES\",\"@id\":\"https:\\\/\\\/secure.gravatar.com\\\/avatar\\\/9489a485c464fd611d33825daae651d13db70c4e74c65c94937a15a9d4c3ee14?s=96&d=mm&r=g69fea3cce3645dfa2166e7293e22955e\",\"url\":\"https:\\\/\\\/secure.gravatar.com\\\/avatar\\\/9489a485c464fd611d33825daae651d13db70c4e74c65c94937a15a9d4c3ee14?s=96&d=mm&r=g\",\"contentUrl\":\"https:\\\/\\\/secure.gravatar.com\\\/avatar\\\/9489a485c464fd611d33825daae651d13db70c4e74c65c94937a15a9d4c3ee14?s=96&d=mm&r=g\",\"caption\":\"Redacci\u00f3\"},\"sameAs\":[\"http:\\\/\\\/gastronomicament.cat\"],\"url\":\"https:\\\/\\\/gastronomicament.cat\\\/ca\\\/author\\\/admin\"}]}<\/script>\n<!-- \/ Yoast SEO plugin. -->","yoast_head_json":{"title":"Manacor celebra una nova edici\u00f3 de Novembre Enol\u00f2gic - Gastron\u00f2micament","description":"Manacor celebra una nova edici\u00f3 de Novembre Enol\u00f2gic Actualitat, Reportatges i novetats L'objectiu de les activitats organitzades \u00e9s acostar el vi a la poblaci\u00f3","robots":{"index":"index","follow":"follow","max-snippet":"max-snippet:-1","max-image-preview":"max-image-preview:large","max-video-preview":"max-video-preview:-1"},"canonical":"https:\/\/gastronomicament.cat\/ca\/manacor-celebra-una-nova-edicio-de-novembre-enologic","og_locale":"ca_ES","og_type":"article","og_title":"Manacor celebra una nova edici\u00f3 de Novembre Enol\u00f2gic - Gastron\u00f2micament","og_description":"Manacor celebra una nova edici\u00f3 de Novembre Enol\u00f2gic Actualitat, Reportatges i novetats L'objectiu de les activitats organitzades \u00e9s acostar el vi a la poblaci\u00f3","og_url":"https:\/\/gastronomicament.cat\/ca\/manacor-celebra-una-nova-edicio-de-novembre-enologic","og_site_name":"Gastron\u00f2micament","article_published_time":"2024-10-28T09:48:55+00:00","og_image":[{"width":1343,"height":728,"url":"https:\/\/gastronomicament.cat\/wp-content\/uploads\/2024\/10\/Novembre-enologic-2024-Manacor.jpg","type":"image\/jpeg"}],"author":"Redacci\u00f3","twitter_card":"summary_large_image","twitter_creator":"@gastronomicamen","twitter_site":"@gastronomicamen","twitter_misc":{"Written by":"Redacci\u00f3","Est. reading time":"2 minutes"},"schema":{"@context":"https:\/\/schema.org","@graph":[{"@type":"Article","@id":"https:\/\/gastronomicament.cat\/ca\/manacor-celebra-una-nova-edicio-de-novembre-enologic#article","isPartOf":{"@id":"https:\/\/gastronomicament.cat\/ca\/manacor-celebra-una-nova-edicio-de-novembre-enologic"},"author":{"name":"Redacci\u00f3","@id":"https:\/\/gastronomicament.cat\/ca\/#\/schema\/person\/a7c85c537a1ed62799a5b8e0f686a37f"},"headline":"Manacor celebra una nova edici\u00f3 de Novembre Enol\u00f2gic","datePublished":"2024-10-28T09:48:55+00:00","mainEntityOfPage":{"@id":"https:\/\/gastronomicament.cat\/ca\/manacor-celebra-una-nova-edicio-de-novembre-enologic"},"wordCount":228,"commentCount":0,"publisher":{"@id":"https:\/\/gastronomicament.cat\/ca\/#organization"},"image":{"@id":"https:\/\/gastronomicament.cat\/ca\/manacor-celebra-una-nova-edicio-de-novembre-enologic#primaryimage"},"thumbnailUrl":"https:\/\/gastronomicament.cat\/wp-content\/uploads\/2024\/10\/Novembre-enologic-2024-Manacor.jpg","articleSection":["Actualitat","Reportatges i novetats"],"inLanguage":"ca-ES","potentialAction":[{"@type":"CommentAction","name":"Comment","target":["https:\/\/gastronomicament.cat\/ca\/manacor-celebra-una-nova-edicio-de-novembre-enologic#respond"]}]},{"@type":"WebPage","@id":"https:\/\/gastronomicament.cat\/ca\/manacor-celebra-una-nova-edicio-de-novembre-enologic","url":"https:\/\/gastronomicament.cat\/ca\/manacor-celebra-una-nova-edicio-de-novembre-enologic","name":"Manacor celebra una nova edici\u00f3 de Novembre Enol\u00f2gic - Gastron\u00f2micament","isPartOf":{"@id":"https:\/\/gastronomicament.cat\/ca\/#website"},"primaryImageOfPage":{"@id":"https:\/\/gastronomicament.cat\/ca\/manacor-celebra-una-nova-edicio-de-novembre-enologic#primaryimage"},"image":{"@id":"https:\/\/gastronomicament.cat\/ca\/manacor-celebra-una-nova-edicio-de-novembre-enologic#primaryimage"},"thumbnailUrl":"https:\/\/gastronomicament.cat\/wp-content\/uploads\/2024\/10\/Novembre-enologic-2024-Manacor.jpg","datePublished":"2024-10-28T09:48:55+00:00","description":"Manacor celebra una nova edici\u00f3 de Novembre Enol\u00f2gic Actualitat, Reportatges i novetats L'objectiu de les activitats organitzades \u00e9s acostar el vi a la poblaci\u00f3","inLanguage":"ca-ES","potentialAction":[{"@type":"ReadAction","target":["https:\/\/gastronomicament.cat\/ca\/manacor-celebra-una-nova-edicio-de-novembre-enologic"]}]},{"@type":"ImageObject","inLanguage":"ca-ES","@id":"https:\/\/gastronomicament.cat\/ca\/manacor-celebra-una-nova-edicio-de-novembre-enologic#primaryimage","url":"https:\/\/gastronomicament.cat\/wp-content\/uploads\/2024\/10\/Novembre-enologic-2024-Manacor.jpg","contentUrl":"https:\/\/gastronomicament.cat\/wp-content\/uploads\/2024\/10\/Novembre-enologic-2024-Manacor.jpg","width":1343,"height":728},{"@type":"WebSite","@id":"https:\/\/gastronomicament.cat\/ca\/#website","url":"https:\/\/gastronomicament.cat\/ca\/","name":"Gastron\u00f2micament","description":"Portal de restaurants, receptes i actualitat gastron\u00f2mica","publisher":{"@id":"https:\/\/gastronomicament.cat\/ca\/#organization"},"potentialAction":[{"@type":"SearchAction","target":{"@type":"EntryPoint","urlTemplate":"https:\/\/gastronomicament.cat\/ca\/?s={search_term_string}"},"query-input":{"@type":"PropertyValueSpecification","valueRequired":true,"valueName":"search_term_string"}}],"inLanguage":"ca-ES"},{"@type":"Organization","@id":"https:\/\/gastronomicament.cat\/ca\/#organization","name":"Gastron\u00f2micament","url":"https:\/\/gastronomicament.cat\/ca\/","logo":{"@type":"ImageObject","inLanguage":"ca-ES","@id":"https:\/\/gastronomicament.cat\/ca\/#\/schema\/logo\/image\/","url":"https:\/\/gastronomicament.cat\/wp-content\/uploads\/2016\/09\/header-logo.jpg","contentUrl":"https:\/\/gastronomicament.cat\/wp-content\/uploads\/2016\/09\/header-logo.jpg","width":277,"height":39,"caption":"Gastron\u00f2micament"},"image":{"@id":"https:\/\/gastronomicament.cat\/ca\/#\/schema\/logo\/image\/"},"sameAs":["https:\/\/x.com\/gastronomicamen"]},{"@type":"Person","@id":"https:\/\/gastronomicament.cat\/ca\/#\/schema\/person\/a7c85c537a1ed62799a5b8e0f686a37f","name":"Redacci\u00f3","image":{"@type":"ImageObject","inLanguage":"ca-ES","@id":"https:\/\/secure.gravatar.com\/avatar\/9489a485c464fd611d33825daae651d13db70c4e74c65c94937a15a9d4c3ee14?s=96&d=mm&r=g69fea3cce3645dfa2166e7293e22955e","url":"https:\/\/secure.gravatar.com\/avatar\/9489a485c464fd611d33825daae651d13db70c4e74c65c94937a15a9d4c3ee14?s=96&d=mm&r=g","contentUrl":"https:\/\/secure.gravatar.com\/avatar\/9489a485c464fd611d33825daae651d13db70c4e74c65c94937a15a9d4c3ee14?s=96&d=mm&r=g","caption":"Redacci\u00f3"},"sameAs":["http:\/\/gastronomicament.cat"],"url":"https:\/\/gastronomicament.cat\/ca\/author\/admin"}]}},"_links":{"self":[{"href":"https:\/\/gastronomicament.cat\/ca\/wp-json\/wp\/v2\/posts\/92058","targetHints":{"allow":["GET"]}}],"collection":[{"href":"https:\/\/gastronomicament.cat\/ca\/wp-json\/wp\/v2\/posts"}],"about":[{"href":"https:\/\/gastronomicament.cat\/ca\/wp-json\/wp\/v2\/types\/post"}],"author":[{"embeddable":true,"href":"https:\/\/gastronomicament.cat\/ca\/wp-json\/wp\/v2\/users\/1"}],"replies":[{"embeddable":true,"href":"https:\/\/gastronomicament.cat\/ca\/wp-json\/wp\/v2\/comments?post=92058"}],"version-history":[{"count":0,"href":"https:\/\/gastronomicament.cat\/ca\/wp-json\/wp\/v2\/posts\/92058\/revisions"}],"wp:featuredmedia":[{"embeddable":true,"href":"https:\/\/gastronomicament.cat\/ca\/wp-json\/wp\/v2\/media\/92059"}],"wp:attachment":[{"href":"https:\/\/gastronomicament.cat\/ca\/wp-json\/wp\/v2\/media?parent=92058"}],"wp:term":[{"taxonomy":"category","embeddable":true,"href":"https:\/\/gastronomicament.cat\/ca\/wp-json\/wp\/v2\/categories?post=92058"},{"taxonomy":"post_tag","embeddable":true,"href":"https:\/\/gastronomicament.cat\/ca\/wp-json\/wp\/v2\/tags?post=92058"},{"taxonomy":"author","embeddable":true,"href":"https:\/\/gastronomicament.cat\/ca\/wp-json\/wp\/v2\/coauthors?post=92058"}],"curies":[{"name":"wp","href":"https:\/\/api.w.org\/{rel}","templated":true}]}}