{"id":92096,"date":"2024-11-04T09:40:47","date_gmt":"2024-11-04T08:40:47","guid":{"rendered":"https:\/\/gastronomicament.cat\/?p=92096"},"modified":"2024-11-04T09:40:47","modified_gmt":"2024-11-04T08:40:47","slug":"el-nou-restaurant-aromata-ha-obert-les-portes-a-lhotel-hm-palma-blanc","status":"publish","type":"post","link":"https:\/\/gastronomicament.cat\/ca\/el-nou-restaurant-aromata-ha-obert-les-portes-a-lhotel-hm-palma-blanc","title":{"rendered":"El nou restaurant Aromata ha obert les portes a l&#8217;hotel HM Palma Blanc"},"content":{"rendered":"<p>El cuiner\u00a0<strong>Andreu Genestra<\/strong>\u00a0ha obert les portes del nou\u00a0<strong>Aromata<\/strong>. A partir d&#8217;ara, el\u00a0<strong>restaurant\u00a0<\/strong>s&#8217;ubicar\u00e0 a l&#8217;<strong>hotel HM Blanc de Palma<\/strong>, al carrer de Ramon y Cajal, 12, a nom\u00e9s 10 minuts de la seva antiga situaci\u00f3 del\u00a0carrer de la Concepci\u00f3.<\/p>\n<p>Genestra ha explicat que tanquen una\u00a0<strong>etapa exitosa de 10 anys<\/strong>, per\u00f2 que\u00a0<strong>a partir del 4 de novembre<\/strong>\u00a0la\u00a0<strong>continuen\u00a0<\/strong>en un\u00a0<strong>nou espai<\/strong>, en un hotel reconegut per una arquitectura innovadora i el seu comprom\u00eds amb la sostenibilitat, on &#8220;millorarem l&#8217;experi\u00e8ncia gastron\u00f2mica&#8221;, remarca el cuiner mallorqu\u00ed. De fet, el restaurant<strong>\u00a0oferir\u00e0 servei d&#8217;aparcament<\/strong>, que es troba soterrat. Tamb\u00e9\u00a0<strong>tendr\u00e0 un hort urb\u00e0<\/strong>, en el qual cultivar\u00e0 molts dels aliments dels plats que hi ofereix.<\/p>\n<p>Genestra continua apostant pel xef\u00a0<strong>Diego Mart\u00ednez<\/strong>\u00a0com a cap de cuina d&#8217;Aromata. Tamb\u00e9 explica que el\u00a0<strong>peix fresc<\/strong>\u00a0i la\u00a0<strong>carn\u00a0<\/strong>tendran un\u00a0<strong>protagonisme especial\u00a0<\/strong>en la nova carta d&#8217;Aromata. A m\u00e9s, s&#8217;<strong>afegiran suggeriments de temporada<\/strong>\u00a0al\u00a0<strong>men\u00fa de migdia<\/strong>. Per exemple, aquesta tardor,\u00a0<strong>complementaran el men\u00fa\u00a0<\/strong>amb plats a\u00a0la carta com ara jonquillo, esclata-sangs i raor.<\/p>\n","protected":false},"excerpt":{"rendered":"<p>Durant 10 anys s&#8217;ha ubicat al carrer de la Concepci\u00f3 i s&#8217;ha consolidat com un referent&hellip;<\/p>\n","protected":false},"author":1,"featured_media":92097,"comment_status":"open","ping_status":"closed","sticky":false,"template":"","format":"standard","meta":{"_acf_changed":false,"_swt_meta_header_display":false,"_swt_meta_footer_display":false,"_swt_meta_site_title_display":false,"_swt_meta_sticky_header":false,"_swt_meta_transparent_header":false,"footnotes":""},"categories":[692,955],"tags":[],"coauthors":[2053],"class_list":["post-92096","post","type-post","status-publish","format-standard","has-post-thumbnail","hentry","category-actualitat","category-reportatges-i-novetats"],"acf":{"gallery":null,"home_date":{"home_begin_date":null,"home_end_date":null}},"yoast_head":"<!-- This site is optimized with the Yoast SEO plugin v27.4 - https:\/\/yoast.com\/product\/yoast-seo-wordpress\/ -->\n<title>El nou restaurant Aromata ha obert les portes a l&#039;hotel HM Palma Blanc - Gastron\u00f2micament<\/title>\n<meta name=\"description\" content=\"El nou restaurant Aromata ha obert les portes a l&#039;hotel HM Palma Blanc Actualitat, Reportatges i novetats Durant 10 anys s&#039;ha ubicat al carrer de la Concepci\u00f3 i s&#039;ha consolidat com un referent cuina de mercat refinada\" \/>\n<meta name=\"robots\" content=\"index, follow, max-snippet:-1, max-image-preview:large, max-video-preview:-1\" \/>\n<link rel=\"canonical\" href=\"https:\/\/gastronomicament.cat\/ca\/el-nou-restaurant-aromata-ha-obert-les-portes-a-lhotel-hm-palma-blanc\" \/>\n<meta property=\"og:locale\" content=\"ca_ES\" \/>\n<meta property=\"og:type\" content=\"article\" \/>\n<meta property=\"og:title\" content=\"El nou restaurant Aromata ha obert les portes a l&#039;hotel HM Palma Blanc - Gastron\u00f2micament\" \/>\n<meta property=\"og:description\" content=\"El nou restaurant Aromata ha obert les portes a l&#039;hotel HM Palma Blanc Actualitat, Reportatges i novetats Durant 10 anys s&#039;ha ubicat al carrer de la Concepci\u00f3 i s&#039;ha consolidat com un referent cuina de mercat refinada\" \/>\n<meta property=\"og:url\" content=\"https:\/\/gastronomicament.cat\/ca\/el-nou-restaurant-aromata-ha-obert-les-portes-a-lhotel-hm-palma-blanc\" \/>\n<meta property=\"og:site_name\" content=\"Gastron\u00f2micament\" \/>\n<meta property=\"article:published_time\" content=\"2024-11-04T08:40:47+00:00\" \/>\n<meta property=\"og:image\" content=\"https:\/\/gastronomicament.cat\/wp-content\/uploads\/2024\/11\/Aromata-hotel-HM-Palma-Blanc.jpg\" \/>\n\t<meta property=\"og:image:width\" content=\"1887\" \/>\n\t<meta property=\"og:image:height\" content=\"1161\" \/>\n\t<meta property=\"og:image:type\" content=\"image\/jpeg\" \/>\n<meta name=\"author\" content=\"Redacci\u00f3\" \/>\n<meta name=\"twitter:card\" content=\"summary_large_image\" \/>\n<meta name=\"twitter:creator\" content=\"@gastronomicamen\" \/>\n<meta name=\"twitter:site\" content=\"@gastronomicamen\" \/>\n<meta name=\"twitter:label1\" content=\"Written by\" \/>\n\t<meta name=\"twitter:data1\" content=\"Redacci\u00f3\" \/>\n\t<meta name=\"twitter:label2\" content=\"Est. reading time\" \/>\n\t<meta name=\"twitter:data2\" content=\"2 minutes\" \/>\n<script type=\"application\/ld+json\" class=\"yoast-schema-graph\">{\"@context\":\"https:\\\/\\\/schema.org\",\"@graph\":[{\"@type\":\"Article\",\"@id\":\"https:\\\/\\\/gastronomicament.cat\\\/ca\\\/el-nou-restaurant-aromata-ha-obert-les-portes-a-lhotel-hm-palma-blanc#article\",\"isPartOf\":{\"@id\":\"https:\\\/\\\/gastronomicament.cat\\\/ca\\\/el-nou-restaurant-aromata-ha-obert-les-portes-a-lhotel-hm-palma-blanc\"},\"author\":{\"name\":\"Redacci\u00f3\",\"@id\":\"https:\\\/\\\/gastronomicament.cat\\\/ca\\\/#\\\/schema\\\/person\\\/a7c85c537a1ed62799a5b8e0f686a37f\"},\"headline\":\"El nou restaurant Aromata ha obert les portes a l&#8217;hotel HM Palma Blanc\",\"datePublished\":\"2024-11-04T08:40:47+00:00\",\"mainEntityOfPage\":{\"@id\":\"https:\\\/\\\/gastronomicament.cat\\\/ca\\\/el-nou-restaurant-aromata-ha-obert-les-portes-a-lhotel-hm-palma-blanc\"},\"wordCount\":194,\"commentCount\":0,\"publisher\":{\"@id\":\"https:\\\/\\\/gastronomicament.cat\\\/ca\\\/#organization\"},\"image\":{\"@id\":\"https:\\\/\\\/gastronomicament.cat\\\/ca\\\/el-nou-restaurant-aromata-ha-obert-les-portes-a-lhotel-hm-palma-blanc#primaryimage\"},\"thumbnailUrl\":\"https:\\\/\\\/gastronomicament.cat\\\/wp-content\\\/uploads\\\/2024\\\/11\\\/Aromata-hotel-HM-Palma-Blanc.jpg\",\"articleSection\":[\"Actualitat\",\"Reportatges i novetats\"],\"inLanguage\":\"ca-ES\",\"potentialAction\":[{\"@type\":\"CommentAction\",\"name\":\"Comment\",\"target\":[\"https:\\\/\\\/gastronomicament.cat\\\/ca\\\/el-nou-restaurant-aromata-ha-obert-les-portes-a-lhotel-hm-palma-blanc#respond\"]}]},{\"@type\":\"WebPage\",\"@id\":\"https:\\\/\\\/gastronomicament.cat\\\/ca\\\/el-nou-restaurant-aromata-ha-obert-les-portes-a-lhotel-hm-palma-blanc\",\"url\":\"https:\\\/\\\/gastronomicament.cat\\\/ca\\\/el-nou-restaurant-aromata-ha-obert-les-portes-a-lhotel-hm-palma-blanc\",\"name\":\"El nou restaurant Aromata ha obert les portes a l'hotel HM Palma Blanc - Gastron\u00f2micament\",\"isPartOf\":{\"@id\":\"https:\\\/\\\/gastronomicament.cat\\\/ca\\\/#website\"},\"primaryImageOfPage\":{\"@id\":\"https:\\\/\\\/gastronomicament.cat\\\/ca\\\/el-nou-restaurant-aromata-ha-obert-les-portes-a-lhotel-hm-palma-blanc#primaryimage\"},\"image\":{\"@id\":\"https:\\\/\\\/gastronomicament.cat\\\/ca\\\/el-nou-restaurant-aromata-ha-obert-les-portes-a-lhotel-hm-palma-blanc#primaryimage\"},\"thumbnailUrl\":\"https:\\\/\\\/gastronomicament.cat\\\/wp-content\\\/uploads\\\/2024\\\/11\\\/Aromata-hotel-HM-Palma-Blanc.jpg\",\"datePublished\":\"2024-11-04T08:40:47+00:00\",\"description\":\"El nou restaurant Aromata ha obert les portes a l'hotel HM Palma Blanc Actualitat, Reportatges i novetats Durant 10 anys s'ha ubicat al carrer de la Concepci\u00f3 i s'ha consolidat com un referent cuina de mercat refinada\",\"inLanguage\":\"ca-ES\",\"potentialAction\":[{\"@type\":\"ReadAction\",\"target\":[\"https:\\\/\\\/gastronomicament.cat\\\/ca\\\/el-nou-restaurant-aromata-ha-obert-les-portes-a-lhotel-hm-palma-blanc\"]}]},{\"@type\":\"ImageObject\",\"inLanguage\":\"ca-ES\",\"@id\":\"https:\\\/\\\/gastronomicament.cat\\\/ca\\\/el-nou-restaurant-aromata-ha-obert-les-portes-a-lhotel-hm-palma-blanc#primaryimage\",\"url\":\"https:\\\/\\\/gastronomicament.cat\\\/wp-content\\\/uploads\\\/2024\\\/11\\\/Aromata-hotel-HM-Palma-Blanc.jpg\",\"contentUrl\":\"https:\\\/\\\/gastronomicament.cat\\\/wp-content\\\/uploads\\\/2024\\\/11\\\/Aromata-hotel-HM-Palma-Blanc.jpg\",\"width\":1887,\"height\":1161},{\"@type\":\"WebSite\",\"@id\":\"https:\\\/\\\/gastronomicament.cat\\\/ca\\\/#website\",\"url\":\"https:\\\/\\\/gastronomicament.cat\\\/ca\\\/\",\"name\":\"Gastron\u00f2micament\",\"description\":\"Portal de restaurants, receptes i actualitat gastron\u00f2mica\",\"publisher\":{\"@id\":\"https:\\\/\\\/gastronomicament.cat\\\/ca\\\/#organization\"},\"potentialAction\":[{\"@type\":\"SearchAction\",\"target\":{\"@type\":\"EntryPoint\",\"urlTemplate\":\"https:\\\/\\\/gastronomicament.cat\\\/ca\\\/?s={search_term_string}\"},\"query-input\":{\"@type\":\"PropertyValueSpecification\",\"valueRequired\":true,\"valueName\":\"search_term_string\"}}],\"inLanguage\":\"ca-ES\"},{\"@type\":\"Organization\",\"@id\":\"https:\\\/\\\/gastronomicament.cat\\\/ca\\\/#organization\",\"name\":\"Gastron\u00f2micament\",\"url\":\"https:\\\/\\\/gastronomicament.cat\\\/ca\\\/\",\"logo\":{\"@type\":\"ImageObject\",\"inLanguage\":\"ca-ES\",\"@id\":\"https:\\\/\\\/gastronomicament.cat\\\/ca\\\/#\\\/schema\\\/logo\\\/image\\\/\",\"url\":\"https:\\\/\\\/gastronomicament.cat\\\/wp-content\\\/uploads\\\/2016\\\/09\\\/header-logo.jpg\",\"contentUrl\":\"https:\\\/\\\/gastronomicament.cat\\\/wp-content\\\/uploads\\\/2016\\\/09\\\/header-logo.jpg\",\"width\":277,\"height\":39,\"caption\":\"Gastron\u00f2micament\"},\"image\":{\"@id\":\"https:\\\/\\\/gastronomicament.cat\\\/ca\\\/#\\\/schema\\\/logo\\\/image\\\/\"},\"sameAs\":[\"https:\\\/\\\/x.com\\\/gastronomicamen\"]},{\"@type\":\"Person\",\"@id\":\"https:\\\/\\\/gastronomicament.cat\\\/ca\\\/#\\\/schema\\\/person\\\/a7c85c537a1ed62799a5b8e0f686a37f\",\"name\":\"Redacci\u00f3\",\"image\":{\"@type\":\"ImageObject\",\"inLanguage\":\"ca-ES\",\"@id\":\"https:\\\/\\\/secure.gravatar.com\\\/avatar\\\/9489a485c464fd611d33825daae651d13db70c4e74c65c94937a15a9d4c3ee14?s=96&d=mm&r=g69fea3cce3645dfa2166e7293e22955e\",\"url\":\"https:\\\/\\\/secure.gravatar.com\\\/avatar\\\/9489a485c464fd611d33825daae651d13db70c4e74c65c94937a15a9d4c3ee14?s=96&d=mm&r=g\",\"contentUrl\":\"https:\\\/\\\/secure.gravatar.com\\\/avatar\\\/9489a485c464fd611d33825daae651d13db70c4e74c65c94937a15a9d4c3ee14?s=96&d=mm&r=g\",\"caption\":\"Redacci\u00f3\"},\"sameAs\":[\"http:\\\/\\\/gastronomicament.cat\"],\"url\":\"https:\\\/\\\/gastronomicament.cat\\\/ca\\\/author\\\/admin\"}]}<\/script>\n<!-- \/ Yoast SEO plugin. -->","yoast_head_json":{"title":"El nou restaurant Aromata ha obert les portes a l'hotel HM Palma Blanc - Gastron\u00f2micament","description":"El nou restaurant Aromata ha obert les portes a l'hotel HM Palma Blanc Actualitat, Reportatges i novetats Durant 10 anys s'ha ubicat al carrer de la Concepci\u00f3 i s'ha consolidat com un referent cuina de mercat refinada","robots":{"index":"index","follow":"follow","max-snippet":"max-snippet:-1","max-image-preview":"max-image-preview:large","max-video-preview":"max-video-preview:-1"},"canonical":"https:\/\/gastronomicament.cat\/ca\/el-nou-restaurant-aromata-ha-obert-les-portes-a-lhotel-hm-palma-blanc","og_locale":"ca_ES","og_type":"article","og_title":"El nou restaurant Aromata ha obert les portes a l'hotel HM Palma Blanc - Gastron\u00f2micament","og_description":"El nou restaurant Aromata ha obert les portes a l'hotel HM Palma Blanc Actualitat, Reportatges i novetats Durant 10 anys s'ha ubicat al carrer de la Concepci\u00f3 i s'ha consolidat com un referent cuina de mercat refinada","og_url":"https:\/\/gastronomicament.cat\/ca\/el-nou-restaurant-aromata-ha-obert-les-portes-a-lhotel-hm-palma-blanc","og_site_name":"Gastron\u00f2micament","article_published_time":"2024-11-04T08:40:47+00:00","og_image":[{"width":1887,"height":1161,"url":"https:\/\/gastronomicament.cat\/wp-content\/uploads\/2024\/11\/Aromata-hotel-HM-Palma-Blanc.jpg","type":"image\/jpeg"}],"author":"Redacci\u00f3","twitter_card":"summary_large_image","twitter_creator":"@gastronomicamen","twitter_site":"@gastronomicamen","twitter_misc":{"Written by":"Redacci\u00f3","Est. reading time":"2 minutes"},"schema":{"@context":"https:\/\/schema.org","@graph":[{"@type":"Article","@id":"https:\/\/gastronomicament.cat\/ca\/el-nou-restaurant-aromata-ha-obert-les-portes-a-lhotel-hm-palma-blanc#article","isPartOf":{"@id":"https:\/\/gastronomicament.cat\/ca\/el-nou-restaurant-aromata-ha-obert-les-portes-a-lhotel-hm-palma-blanc"},"author":{"name":"Redacci\u00f3","@id":"https:\/\/gastronomicament.cat\/ca\/#\/schema\/person\/a7c85c537a1ed62799a5b8e0f686a37f"},"headline":"El nou restaurant Aromata ha obert les portes a l&#8217;hotel HM Palma Blanc","datePublished":"2024-11-04T08:40:47+00:00","mainEntityOfPage":{"@id":"https:\/\/gastronomicament.cat\/ca\/el-nou-restaurant-aromata-ha-obert-les-portes-a-lhotel-hm-palma-blanc"},"wordCount":194,"commentCount":0,"publisher":{"@id":"https:\/\/gastronomicament.cat\/ca\/#organization"},"image":{"@id":"https:\/\/gastronomicament.cat\/ca\/el-nou-restaurant-aromata-ha-obert-les-portes-a-lhotel-hm-palma-blanc#primaryimage"},"thumbnailUrl":"https:\/\/gastronomicament.cat\/wp-content\/uploads\/2024\/11\/Aromata-hotel-HM-Palma-Blanc.jpg","articleSection":["Actualitat","Reportatges i novetats"],"inLanguage":"ca-ES","potentialAction":[{"@type":"CommentAction","name":"Comment","target":["https:\/\/gastronomicament.cat\/ca\/el-nou-restaurant-aromata-ha-obert-les-portes-a-lhotel-hm-palma-blanc#respond"]}]},{"@type":"WebPage","@id":"https:\/\/gastronomicament.cat\/ca\/el-nou-restaurant-aromata-ha-obert-les-portes-a-lhotel-hm-palma-blanc","url":"https:\/\/gastronomicament.cat\/ca\/el-nou-restaurant-aromata-ha-obert-les-portes-a-lhotel-hm-palma-blanc","name":"El nou restaurant Aromata ha obert les portes a l'hotel HM Palma Blanc - Gastron\u00f2micament","isPartOf":{"@id":"https:\/\/gastronomicament.cat\/ca\/#website"},"primaryImageOfPage":{"@id":"https:\/\/gastronomicament.cat\/ca\/el-nou-restaurant-aromata-ha-obert-les-portes-a-lhotel-hm-palma-blanc#primaryimage"},"image":{"@id":"https:\/\/gastronomicament.cat\/ca\/el-nou-restaurant-aromata-ha-obert-les-portes-a-lhotel-hm-palma-blanc#primaryimage"},"thumbnailUrl":"https:\/\/gastronomicament.cat\/wp-content\/uploads\/2024\/11\/Aromata-hotel-HM-Palma-Blanc.jpg","datePublished":"2024-11-04T08:40:47+00:00","description":"El nou restaurant Aromata ha obert les portes a l'hotel HM Palma Blanc Actualitat, Reportatges i novetats Durant 10 anys s'ha ubicat al carrer de la Concepci\u00f3 i s'ha consolidat com un referent cuina de mercat refinada","inLanguage":"ca-ES","potentialAction":[{"@type":"ReadAction","target":["https:\/\/gastronomicament.cat\/ca\/el-nou-restaurant-aromata-ha-obert-les-portes-a-lhotel-hm-palma-blanc"]}]},{"@type":"ImageObject","inLanguage":"ca-ES","@id":"https:\/\/gastronomicament.cat\/ca\/el-nou-restaurant-aromata-ha-obert-les-portes-a-lhotel-hm-palma-blanc#primaryimage","url":"https:\/\/gastronomicament.cat\/wp-content\/uploads\/2024\/11\/Aromata-hotel-HM-Palma-Blanc.jpg","contentUrl":"https:\/\/gastronomicament.cat\/wp-content\/uploads\/2024\/11\/Aromata-hotel-HM-Palma-Blanc.jpg","width":1887,"height":1161},{"@type":"WebSite","@id":"https:\/\/gastronomicament.cat\/ca\/#website","url":"https:\/\/gastronomicament.cat\/ca\/","name":"Gastron\u00f2micament","description":"Portal de restaurants, receptes i actualitat gastron\u00f2mica","publisher":{"@id":"https:\/\/gastronomicament.cat\/ca\/#organization"},"potentialAction":[{"@type":"SearchAction","target":{"@type":"EntryPoint","urlTemplate":"https:\/\/gastronomicament.cat\/ca\/?s={search_term_string}"},"query-input":{"@type":"PropertyValueSpecification","valueRequired":true,"valueName":"search_term_string"}}],"inLanguage":"ca-ES"},{"@type":"Organization","@id":"https:\/\/gastronomicament.cat\/ca\/#organization","name":"Gastron\u00f2micament","url":"https:\/\/gastronomicament.cat\/ca\/","logo":{"@type":"ImageObject","inLanguage":"ca-ES","@id":"https:\/\/gastronomicament.cat\/ca\/#\/schema\/logo\/image\/","url":"https:\/\/gastronomicament.cat\/wp-content\/uploads\/2016\/09\/header-logo.jpg","contentUrl":"https:\/\/gastronomicament.cat\/wp-content\/uploads\/2016\/09\/header-logo.jpg","width":277,"height":39,"caption":"Gastron\u00f2micament"},"image":{"@id":"https:\/\/gastronomicament.cat\/ca\/#\/schema\/logo\/image\/"},"sameAs":["https:\/\/x.com\/gastronomicamen"]},{"@type":"Person","@id":"https:\/\/gastronomicament.cat\/ca\/#\/schema\/person\/a7c85c537a1ed62799a5b8e0f686a37f","name":"Redacci\u00f3","image":{"@type":"ImageObject","inLanguage":"ca-ES","@id":"https:\/\/secure.gravatar.com\/avatar\/9489a485c464fd611d33825daae651d13db70c4e74c65c94937a15a9d4c3ee14?s=96&d=mm&r=g69fea3cce3645dfa2166e7293e22955e","url":"https:\/\/secure.gravatar.com\/avatar\/9489a485c464fd611d33825daae651d13db70c4e74c65c94937a15a9d4c3ee14?s=96&d=mm&r=g","contentUrl":"https:\/\/secure.gravatar.com\/avatar\/9489a485c464fd611d33825daae651d13db70c4e74c65c94937a15a9d4c3ee14?s=96&d=mm&r=g","caption":"Redacci\u00f3"},"sameAs":["http:\/\/gastronomicament.cat"],"url":"https:\/\/gastronomicament.cat\/ca\/author\/admin"}]}},"_links":{"self":[{"href":"https:\/\/gastronomicament.cat\/ca\/wp-json\/wp\/v2\/posts\/92096","targetHints":{"allow":["GET"]}}],"collection":[{"href":"https:\/\/gastronomicament.cat\/ca\/wp-json\/wp\/v2\/posts"}],"about":[{"href":"https:\/\/gastronomicament.cat\/ca\/wp-json\/wp\/v2\/types\/post"}],"author":[{"embeddable":true,"href":"https:\/\/gastronomicament.cat\/ca\/wp-json\/wp\/v2\/users\/1"}],"replies":[{"embeddable":true,"href":"https:\/\/gastronomicament.cat\/ca\/wp-json\/wp\/v2\/comments?post=92096"}],"version-history":[{"count":0,"href":"https:\/\/gastronomicament.cat\/ca\/wp-json\/wp\/v2\/posts\/92096\/revisions"}],"wp:featuredmedia":[{"embeddable":true,"href":"https:\/\/gastronomicament.cat\/ca\/wp-json\/wp\/v2\/media\/92097"}],"wp:attachment":[{"href":"https:\/\/gastronomicament.cat\/ca\/wp-json\/wp\/v2\/media?parent=92096"}],"wp:term":[{"taxonomy":"category","embeddable":true,"href":"https:\/\/gastronomicament.cat\/ca\/wp-json\/wp\/v2\/categories?post=92096"},{"taxonomy":"post_tag","embeddable":true,"href":"https:\/\/gastronomicament.cat\/ca\/wp-json\/wp\/v2\/tags?post=92096"},{"taxonomy":"author","embeddable":true,"href":"https:\/\/gastronomicament.cat\/ca\/wp-json\/wp\/v2\/coauthors?post=92096"}],"curies":[{"name":"wp","href":"https:\/\/api.w.org\/{rel}","templated":true}]}}