{"id":92269,"date":"2024-11-13T10:20:53","date_gmt":"2024-11-13T09:20:53","guid":{"rendered":"https:\/\/gastronomicament.cat\/?p=92269"},"modified":"2024-11-13T10:20:53","modified_gmt":"2024-11-13T09:20:53","slug":"fireta-de-vi-i-fira-de-la-mel-a-llubi","status":"publish","type":"post","link":"https:\/\/gastronomicament.cat\/ca\/fireta-de-vi-i-fira-de-la-mel-a-llubi","title":{"rendered":"Fireta de vi i Fira de la Mel a Llub\u00ed"},"content":{"rendered":"<p>Aquest cap de setmana i el vinent,\u00a0<strong>Llub\u00ed\u00a0<\/strong>oferir\u00e0 una proposta ben interessant d&#8217;activitats, amb el vi, la mel i els productes locals com a protagonistes. El motiu \u00e9s que dia\u00a0<strong>16 de novembre de 2024<\/strong>, l&#8217;Ajuntament ha organitzat la\u00a0<strong>Fireta de Vins<\/strong>, un acte que combinar\u00e0 vi i m\u00fasica a diferents bars i comer\u00e7os del poble. La cita tendr\u00e0 lloc a la Pla\u00e7a de la Carretera, a partir de les 19 hores.<\/p>\n<p>L&#8217;endem\u00e0, el\u00a0<strong>diumenge 17<\/strong>, ser\u00e0 el moment m\u00e9s dol\u00e7, amb la\u00a0<strong>Fira de la Mel<\/strong>. L&#8217;activitat tendr\u00e0 diferenciats els productes elaborats pels apicultors a Mallorca i altres productes fets fora de l&#8217;illa.<\/p>\n<p>I ja per acabar, el d<strong>iumenge\u00a024 de novembre<\/strong>\u00a0hi trobareu la\u00a0<strong>Fira Tradicional<\/strong>, amb una gran varietat de productes, com ara moda,\u00a0alimentaci\u00f3 i artesania.<\/p>\n<p><strong>Magdalena Perell\u00f3<\/strong>, batlessa de Llub\u00ed, convida a gaudir de dos caps de setmana carregats de\u00a0<strong>bones propostes\u00a0<\/strong>per gaudir amb la fam\u00edlia i els amics.<\/p>\n<pre>Imatge: dissenyada per Copilot IA<\/pre>\n","protected":false},"excerpt":{"rendered":"<p>El cap de setmana vinent tamb\u00e9 tendr\u00e0 lloc la Fira Tradicional<\/p>\n","protected":false},"author":1,"featured_media":92270,"comment_status":"open","ping_status":"closed","sticky":false,"template":"","format":"standard","meta":{"_acf_changed":false,"_swt_meta_header_display":false,"_swt_meta_footer_display":false,"_swt_meta_site_title_display":false,"_swt_meta_sticky_header":false,"_swt_meta_transparent_header":false,"footnotes":""},"categories":[692,955],"tags":[],"coauthors":[2053],"class_list":["post-92269","post","type-post","status-publish","format-standard","has-post-thumbnail","hentry","category-actualitat","category-reportatges-i-novetats"],"acf":{"gallery":null,"home_date":{"home_begin_date":null,"home_end_date":null}},"yoast_head":"<!-- This site is optimized with the Yoast SEO plugin v27.4 - https:\/\/yoast.com\/product\/yoast-seo-wordpress\/ -->\n<title>Fireta de vi i Fira de la Mel a Llub\u00ed - Gastron\u00f2micament<\/title>\n<meta name=\"description\" content=\"Fireta de vi i Fira de la Mel a Llub\u00ed Actualitat, Reportatges i novetats El cap de setmana vinent tamb\u00e9 tendr\u00e0 lloc la Fira Tradicional\" \/>\n<meta name=\"robots\" content=\"index, follow, max-snippet:-1, max-image-preview:large, max-video-preview:-1\" \/>\n<link rel=\"canonical\" href=\"https:\/\/gastronomicament.cat\/ca\/fireta-de-vi-i-fira-de-la-mel-a-llubi\" \/>\n<meta property=\"og:locale\" content=\"ca_ES\" \/>\n<meta property=\"og:type\" content=\"article\" \/>\n<meta property=\"og:title\" content=\"Fireta de vi i Fira de la Mel a Llub\u00ed - Gastron\u00f2micament\" \/>\n<meta property=\"og:description\" content=\"Fireta de vi i Fira de la Mel a Llub\u00ed Actualitat, Reportatges i novetats El cap de setmana vinent tamb\u00e9 tendr\u00e0 lloc la Fira Tradicional\" \/>\n<meta property=\"og:url\" content=\"https:\/\/gastronomicament.cat\/ca\/fireta-de-vi-i-fira-de-la-mel-a-llubi\" \/>\n<meta property=\"og:site_name\" content=\"Gastron\u00f2micament\" \/>\n<meta property=\"article:published_time\" content=\"2024-11-13T09:20:53+00:00\" \/>\n<meta property=\"og:image\" content=\"https:\/\/gastronomicament.cat\/wp-content\/uploads\/2024\/11\/vi-i-mel.jpg\" \/>\n\t<meta property=\"og:image:width\" content=\"1023\" \/>\n\t<meta property=\"og:image:height\" content=\"638\" \/>\n\t<meta property=\"og:image:type\" content=\"image\/jpeg\" \/>\n<meta name=\"author\" content=\"Redacci\u00f3\" \/>\n<meta name=\"twitter:card\" content=\"summary_large_image\" \/>\n<meta name=\"twitter:creator\" content=\"@gastronomicamen\" \/>\n<meta name=\"twitter:site\" content=\"@gastronomicamen\" \/>\n<meta name=\"twitter:label1\" content=\"Written by\" \/>\n\t<meta name=\"twitter:data1\" content=\"Redacci\u00f3\" \/>\n\t<meta name=\"twitter:label2\" content=\"Est. reading time\" \/>\n\t<meta name=\"twitter:data2\" content=\"2 minutes\" \/>\n<script type=\"application\/ld+json\" class=\"yoast-schema-graph\">{\"@context\":\"https:\\\/\\\/schema.org\",\"@graph\":[{\"@type\":\"Article\",\"@id\":\"https:\\\/\\\/gastronomicament.cat\\\/ca\\\/fireta-de-vi-i-fira-de-la-mel-a-llubi#article\",\"isPartOf\":{\"@id\":\"https:\\\/\\\/gastronomicament.cat\\\/ca\\\/fireta-de-vi-i-fira-de-la-mel-a-llubi\"},\"author\":{\"name\":\"Redacci\u00f3\",\"@id\":\"https:\\\/\\\/gastronomicament.cat\\\/ca\\\/#\\\/schema\\\/person\\\/a7c85c537a1ed62799a5b8e0f686a37f\"},\"headline\":\"Fireta de vi i Fira de la Mel a Llub\u00ed\",\"datePublished\":\"2024-11-13T09:20:53+00:00\",\"mainEntityOfPage\":{\"@id\":\"https:\\\/\\\/gastronomicament.cat\\\/ca\\\/fireta-de-vi-i-fira-de-la-mel-a-llubi\"},\"wordCount\":166,\"commentCount\":0,\"publisher\":{\"@id\":\"https:\\\/\\\/gastronomicament.cat\\\/ca\\\/#organization\"},\"image\":{\"@id\":\"https:\\\/\\\/gastronomicament.cat\\\/ca\\\/fireta-de-vi-i-fira-de-la-mel-a-llubi#primaryimage\"},\"thumbnailUrl\":\"https:\\\/\\\/gastronomicament.cat\\\/wp-content\\\/uploads\\\/2024\\\/11\\\/vi-i-mel.jpg\",\"articleSection\":[\"Actualitat\",\"Reportatges i novetats\"],\"inLanguage\":\"ca-ES\",\"potentialAction\":[{\"@type\":\"CommentAction\",\"name\":\"Comment\",\"target\":[\"https:\\\/\\\/gastronomicament.cat\\\/ca\\\/fireta-de-vi-i-fira-de-la-mel-a-llubi#respond\"]}]},{\"@type\":\"WebPage\",\"@id\":\"https:\\\/\\\/gastronomicament.cat\\\/ca\\\/fireta-de-vi-i-fira-de-la-mel-a-llubi\",\"url\":\"https:\\\/\\\/gastronomicament.cat\\\/ca\\\/fireta-de-vi-i-fira-de-la-mel-a-llubi\",\"name\":\"Fireta de vi i Fira de la Mel a Llub\u00ed - Gastron\u00f2micament\",\"isPartOf\":{\"@id\":\"https:\\\/\\\/gastronomicament.cat\\\/ca\\\/#website\"},\"primaryImageOfPage\":{\"@id\":\"https:\\\/\\\/gastronomicament.cat\\\/ca\\\/fireta-de-vi-i-fira-de-la-mel-a-llubi#primaryimage\"},\"image\":{\"@id\":\"https:\\\/\\\/gastronomicament.cat\\\/ca\\\/fireta-de-vi-i-fira-de-la-mel-a-llubi#primaryimage\"},\"thumbnailUrl\":\"https:\\\/\\\/gastronomicament.cat\\\/wp-content\\\/uploads\\\/2024\\\/11\\\/vi-i-mel.jpg\",\"datePublished\":\"2024-11-13T09:20:53+00:00\",\"description\":\"Fireta de vi i Fira de la Mel a Llub\u00ed Actualitat, Reportatges i novetats El cap de setmana vinent tamb\u00e9 tendr\u00e0 lloc la Fira Tradicional\",\"inLanguage\":\"ca-ES\",\"potentialAction\":[{\"@type\":\"ReadAction\",\"target\":[\"https:\\\/\\\/gastronomicament.cat\\\/ca\\\/fireta-de-vi-i-fira-de-la-mel-a-llubi\"]}]},{\"@type\":\"ImageObject\",\"inLanguage\":\"ca-ES\",\"@id\":\"https:\\\/\\\/gastronomicament.cat\\\/ca\\\/fireta-de-vi-i-fira-de-la-mel-a-llubi#primaryimage\",\"url\":\"https:\\\/\\\/gastronomicament.cat\\\/wp-content\\\/uploads\\\/2024\\\/11\\\/vi-i-mel.jpg\",\"contentUrl\":\"https:\\\/\\\/gastronomicament.cat\\\/wp-content\\\/uploads\\\/2024\\\/11\\\/vi-i-mel.jpg\",\"width\":1023,\"height\":638},{\"@type\":\"WebSite\",\"@id\":\"https:\\\/\\\/gastronomicament.cat\\\/ca\\\/#website\",\"url\":\"https:\\\/\\\/gastronomicament.cat\\\/ca\\\/\",\"name\":\"Gastron\u00f2micament\",\"description\":\"Portal de restaurants, receptes i actualitat gastron\u00f2mica\",\"publisher\":{\"@id\":\"https:\\\/\\\/gastronomicament.cat\\\/ca\\\/#organization\"},\"potentialAction\":[{\"@type\":\"SearchAction\",\"target\":{\"@type\":\"EntryPoint\",\"urlTemplate\":\"https:\\\/\\\/gastronomicament.cat\\\/ca\\\/?s={search_term_string}\"},\"query-input\":{\"@type\":\"PropertyValueSpecification\",\"valueRequired\":true,\"valueName\":\"search_term_string\"}}],\"inLanguage\":\"ca-ES\"},{\"@type\":\"Organization\",\"@id\":\"https:\\\/\\\/gastronomicament.cat\\\/ca\\\/#organization\",\"name\":\"Gastron\u00f2micament\",\"url\":\"https:\\\/\\\/gastronomicament.cat\\\/ca\\\/\",\"logo\":{\"@type\":\"ImageObject\",\"inLanguage\":\"ca-ES\",\"@id\":\"https:\\\/\\\/gastronomicament.cat\\\/ca\\\/#\\\/schema\\\/logo\\\/image\\\/\",\"url\":\"https:\\\/\\\/gastronomicament.cat\\\/wp-content\\\/uploads\\\/2016\\\/09\\\/header-logo.jpg\",\"contentUrl\":\"https:\\\/\\\/gastronomicament.cat\\\/wp-content\\\/uploads\\\/2016\\\/09\\\/header-logo.jpg\",\"width\":277,\"height\":39,\"caption\":\"Gastron\u00f2micament\"},\"image\":{\"@id\":\"https:\\\/\\\/gastronomicament.cat\\\/ca\\\/#\\\/schema\\\/logo\\\/image\\\/\"},\"sameAs\":[\"https:\\\/\\\/x.com\\\/gastronomicamen\"]},{\"@type\":\"Person\",\"@id\":\"https:\\\/\\\/gastronomicament.cat\\\/ca\\\/#\\\/schema\\\/person\\\/a7c85c537a1ed62799a5b8e0f686a37f\",\"name\":\"Redacci\u00f3\",\"image\":{\"@type\":\"ImageObject\",\"inLanguage\":\"ca-ES\",\"@id\":\"https:\\\/\\\/secure.gravatar.com\\\/avatar\\\/9489a485c464fd611d33825daae651d13db70c4e74c65c94937a15a9d4c3ee14?s=96&d=mm&r=g69fea3cce3645dfa2166e7293e22955e\",\"url\":\"https:\\\/\\\/secure.gravatar.com\\\/avatar\\\/9489a485c464fd611d33825daae651d13db70c4e74c65c94937a15a9d4c3ee14?s=96&d=mm&r=g\",\"contentUrl\":\"https:\\\/\\\/secure.gravatar.com\\\/avatar\\\/9489a485c464fd611d33825daae651d13db70c4e74c65c94937a15a9d4c3ee14?s=96&d=mm&r=g\",\"caption\":\"Redacci\u00f3\"},\"sameAs\":[\"http:\\\/\\\/gastronomicament.cat\"],\"url\":\"https:\\\/\\\/gastronomicament.cat\\\/ca\\\/author\\\/admin\"}]}<\/script>\n<!-- \/ Yoast SEO plugin. -->","yoast_head_json":{"title":"Fireta de vi i Fira de la Mel a Llub\u00ed - Gastron\u00f2micament","description":"Fireta de vi i Fira de la Mel a Llub\u00ed Actualitat, Reportatges i novetats El cap de setmana vinent tamb\u00e9 tendr\u00e0 lloc la Fira Tradicional","robots":{"index":"index","follow":"follow","max-snippet":"max-snippet:-1","max-image-preview":"max-image-preview:large","max-video-preview":"max-video-preview:-1"},"canonical":"https:\/\/gastronomicament.cat\/ca\/fireta-de-vi-i-fira-de-la-mel-a-llubi","og_locale":"ca_ES","og_type":"article","og_title":"Fireta de vi i Fira de la Mel a Llub\u00ed - Gastron\u00f2micament","og_description":"Fireta de vi i Fira de la Mel a Llub\u00ed Actualitat, Reportatges i novetats El cap de setmana vinent tamb\u00e9 tendr\u00e0 lloc la Fira Tradicional","og_url":"https:\/\/gastronomicament.cat\/ca\/fireta-de-vi-i-fira-de-la-mel-a-llubi","og_site_name":"Gastron\u00f2micament","article_published_time":"2024-11-13T09:20:53+00:00","og_image":[{"width":1023,"height":638,"url":"https:\/\/gastronomicament.cat\/wp-content\/uploads\/2024\/11\/vi-i-mel.jpg","type":"image\/jpeg"}],"author":"Redacci\u00f3","twitter_card":"summary_large_image","twitter_creator":"@gastronomicamen","twitter_site":"@gastronomicamen","twitter_misc":{"Written by":"Redacci\u00f3","Est. reading time":"2 minutes"},"schema":{"@context":"https:\/\/schema.org","@graph":[{"@type":"Article","@id":"https:\/\/gastronomicament.cat\/ca\/fireta-de-vi-i-fira-de-la-mel-a-llubi#article","isPartOf":{"@id":"https:\/\/gastronomicament.cat\/ca\/fireta-de-vi-i-fira-de-la-mel-a-llubi"},"author":{"name":"Redacci\u00f3","@id":"https:\/\/gastronomicament.cat\/ca\/#\/schema\/person\/a7c85c537a1ed62799a5b8e0f686a37f"},"headline":"Fireta de vi i Fira de la Mel a Llub\u00ed","datePublished":"2024-11-13T09:20:53+00:00","mainEntityOfPage":{"@id":"https:\/\/gastronomicament.cat\/ca\/fireta-de-vi-i-fira-de-la-mel-a-llubi"},"wordCount":166,"commentCount":0,"publisher":{"@id":"https:\/\/gastronomicament.cat\/ca\/#organization"},"image":{"@id":"https:\/\/gastronomicament.cat\/ca\/fireta-de-vi-i-fira-de-la-mel-a-llubi#primaryimage"},"thumbnailUrl":"https:\/\/gastronomicament.cat\/wp-content\/uploads\/2024\/11\/vi-i-mel.jpg","articleSection":["Actualitat","Reportatges i novetats"],"inLanguage":"ca-ES","potentialAction":[{"@type":"CommentAction","name":"Comment","target":["https:\/\/gastronomicament.cat\/ca\/fireta-de-vi-i-fira-de-la-mel-a-llubi#respond"]}]},{"@type":"WebPage","@id":"https:\/\/gastronomicament.cat\/ca\/fireta-de-vi-i-fira-de-la-mel-a-llubi","url":"https:\/\/gastronomicament.cat\/ca\/fireta-de-vi-i-fira-de-la-mel-a-llubi","name":"Fireta de vi i Fira de la Mel a Llub\u00ed - Gastron\u00f2micament","isPartOf":{"@id":"https:\/\/gastronomicament.cat\/ca\/#website"},"primaryImageOfPage":{"@id":"https:\/\/gastronomicament.cat\/ca\/fireta-de-vi-i-fira-de-la-mel-a-llubi#primaryimage"},"image":{"@id":"https:\/\/gastronomicament.cat\/ca\/fireta-de-vi-i-fira-de-la-mel-a-llubi#primaryimage"},"thumbnailUrl":"https:\/\/gastronomicament.cat\/wp-content\/uploads\/2024\/11\/vi-i-mel.jpg","datePublished":"2024-11-13T09:20:53+00:00","description":"Fireta de vi i Fira de la Mel a Llub\u00ed Actualitat, Reportatges i novetats El cap de setmana vinent tamb\u00e9 tendr\u00e0 lloc la Fira Tradicional","inLanguage":"ca-ES","potentialAction":[{"@type":"ReadAction","target":["https:\/\/gastronomicament.cat\/ca\/fireta-de-vi-i-fira-de-la-mel-a-llubi"]}]},{"@type":"ImageObject","inLanguage":"ca-ES","@id":"https:\/\/gastronomicament.cat\/ca\/fireta-de-vi-i-fira-de-la-mel-a-llubi#primaryimage","url":"https:\/\/gastronomicament.cat\/wp-content\/uploads\/2024\/11\/vi-i-mel.jpg","contentUrl":"https:\/\/gastronomicament.cat\/wp-content\/uploads\/2024\/11\/vi-i-mel.jpg","width":1023,"height":638},{"@type":"WebSite","@id":"https:\/\/gastronomicament.cat\/ca\/#website","url":"https:\/\/gastronomicament.cat\/ca\/","name":"Gastron\u00f2micament","description":"Portal de restaurants, receptes i actualitat gastron\u00f2mica","publisher":{"@id":"https:\/\/gastronomicament.cat\/ca\/#organization"},"potentialAction":[{"@type":"SearchAction","target":{"@type":"EntryPoint","urlTemplate":"https:\/\/gastronomicament.cat\/ca\/?s={search_term_string}"},"query-input":{"@type":"PropertyValueSpecification","valueRequired":true,"valueName":"search_term_string"}}],"inLanguage":"ca-ES"},{"@type":"Organization","@id":"https:\/\/gastronomicament.cat\/ca\/#organization","name":"Gastron\u00f2micament","url":"https:\/\/gastronomicament.cat\/ca\/","logo":{"@type":"ImageObject","inLanguage":"ca-ES","@id":"https:\/\/gastronomicament.cat\/ca\/#\/schema\/logo\/image\/","url":"https:\/\/gastronomicament.cat\/wp-content\/uploads\/2016\/09\/header-logo.jpg","contentUrl":"https:\/\/gastronomicament.cat\/wp-content\/uploads\/2016\/09\/header-logo.jpg","width":277,"height":39,"caption":"Gastron\u00f2micament"},"image":{"@id":"https:\/\/gastronomicament.cat\/ca\/#\/schema\/logo\/image\/"},"sameAs":["https:\/\/x.com\/gastronomicamen"]},{"@type":"Person","@id":"https:\/\/gastronomicament.cat\/ca\/#\/schema\/person\/a7c85c537a1ed62799a5b8e0f686a37f","name":"Redacci\u00f3","image":{"@type":"ImageObject","inLanguage":"ca-ES","@id":"https:\/\/secure.gravatar.com\/avatar\/9489a485c464fd611d33825daae651d13db70c4e74c65c94937a15a9d4c3ee14?s=96&d=mm&r=g69fea3cce3645dfa2166e7293e22955e","url":"https:\/\/secure.gravatar.com\/avatar\/9489a485c464fd611d33825daae651d13db70c4e74c65c94937a15a9d4c3ee14?s=96&d=mm&r=g","contentUrl":"https:\/\/secure.gravatar.com\/avatar\/9489a485c464fd611d33825daae651d13db70c4e74c65c94937a15a9d4c3ee14?s=96&d=mm&r=g","caption":"Redacci\u00f3"},"sameAs":["http:\/\/gastronomicament.cat"],"url":"https:\/\/gastronomicament.cat\/ca\/author\/admin"}]}},"_links":{"self":[{"href":"https:\/\/gastronomicament.cat\/ca\/wp-json\/wp\/v2\/posts\/92269","targetHints":{"allow":["GET"]}}],"collection":[{"href":"https:\/\/gastronomicament.cat\/ca\/wp-json\/wp\/v2\/posts"}],"about":[{"href":"https:\/\/gastronomicament.cat\/ca\/wp-json\/wp\/v2\/types\/post"}],"author":[{"embeddable":true,"href":"https:\/\/gastronomicament.cat\/ca\/wp-json\/wp\/v2\/users\/1"}],"replies":[{"embeddable":true,"href":"https:\/\/gastronomicament.cat\/ca\/wp-json\/wp\/v2\/comments?post=92269"}],"version-history":[{"count":0,"href":"https:\/\/gastronomicament.cat\/ca\/wp-json\/wp\/v2\/posts\/92269\/revisions"}],"wp:featuredmedia":[{"embeddable":true,"href":"https:\/\/gastronomicament.cat\/ca\/wp-json\/wp\/v2\/media\/92270"}],"wp:attachment":[{"href":"https:\/\/gastronomicament.cat\/ca\/wp-json\/wp\/v2\/media?parent=92269"}],"wp:term":[{"taxonomy":"category","embeddable":true,"href":"https:\/\/gastronomicament.cat\/ca\/wp-json\/wp\/v2\/categories?post=92269"},{"taxonomy":"post_tag","embeddable":true,"href":"https:\/\/gastronomicament.cat\/ca\/wp-json\/wp\/v2\/tags?post=92269"},{"taxonomy":"author","embeddable":true,"href":"https:\/\/gastronomicament.cat\/ca\/wp-json\/wp\/v2\/coauthors?post=92269"}],"curies":[{"name":"wp","href":"https:\/\/api.w.org\/{rel}","templated":true}]}}