{"id":92901,"date":"2024-12-11T09:51:51","date_gmt":"2024-12-11T08:51:51","guid":{"rendered":"https:\/\/gastronomicament.cat\/?p=92901"},"modified":"2024-12-11T09:53:13","modified_gmt":"2024-12-11T08:53:13","slug":"la-federacio-balear-de-confraries-de-pescadors-denuncia-que-la-comissio-europea-vol-acabar-amb-el-sector-pesquer-de-la-mediterrania","status":"publish","type":"post","link":"https:\/\/gastronomicament.cat\/ca\/la-federacio-balear-de-confraries-de-pescadors-denuncia-que-la-comissio-europea-vol-acabar-amb-el-sector-pesquer-de-la-mediterrania","title":{"rendered":"La Federaci\u00f3 Balear de Confraries de Pescadors denuncia que la Comissi\u00f3 Europea vol acabar amb el sector pesquer de la Mediterr\u00e0nia"},"content":{"rendered":"<p>Davant la Llotja de Pescadors de Palma, la\u00a0<strong>Federaci\u00f3 Balear de Confraries de Pescadors<\/strong>\u00a0ha iniciat unes jornades vaga per denunciar que la nova normativa que vol imposar la Comissi\u00f3 Europea, que vol limitar a 27 dies per any la pesca d\u2019arrossegament a tota la Mediterr\u00e0nia.<\/p>\n<p>El conseller d&#8217;Agricultura, Ramaderia i Pesca,\u00a0<strong>Joan Simonet<\/strong>, tamb\u00e9 ha traslladat al nou comissari de Pesca de la Uni\u00f3 Europea el seu rebuig a la reducci\u00f3 d&#8217;un 70% dels dies de pesca, fet que \u00abposa en perill la subsist\u00e8ncia\u00bb del sector a les Illes Balears<\/p>\n<p>A m\u00e9s a m\u00e9s,\u00a0<strong>Juan Miguel Ferrer<\/strong>, president de Restauraci\u00f3 Mallorca CAEB, ha mostrat el seu suport ferm a les accions engegades pels pescadors de les Balears perqu\u00e8 una reducci\u00f3 de gaireb\u00e9 el 80%. CAEB Mallorca considera que aquesta reducci\u00f3 dr\u00e0stica dels dies de pesca afectaria greument la qualitat del subministrament de productes pesquers frescos, essencials no nom\u00e9s per a l&#8217;alimentaci\u00f3 de la ciutadania, sin\u00f3 tamb\u00e9 per a l&#8217;oferta gastron\u00f2mica dels establiments de restauraci\u00f3 de la comunitat aut\u00f2noma.<\/p>\n","protected":false},"excerpt":{"rendered":"<p>El Govern i CAEB s&#8217;hi sumen i donen suport a les seves reivindicacions<\/p>\n","protected":false},"author":1,"featured_media":92906,"comment_status":"open","ping_status":"closed","sticky":false,"template":"","format":"standard","meta":{"_acf_changed":false,"_swt_meta_header_display":false,"_swt_meta_footer_display":false,"_swt_meta_site_title_display":false,"_swt_meta_sticky_header":false,"_swt_meta_transparent_header":false,"footnotes":""},"categories":[692,955],"tags":[],"coauthors":[2053],"class_list":["post-92901","post","type-post","status-publish","format-standard","has-post-thumbnail","hentry","category-actualitat","category-reportatges-i-novetats"],"acf":{"gallery":null,"home_date":{"home_begin_date":null,"home_end_date":null}},"yoast_head":"<!-- This site is optimized with the Yoast SEO plugin v27.4 - https:\/\/yoast.com\/product\/yoast-seo-wordpress\/ -->\n<title>La Federaci\u00f3 Balear de Confraries de Pescadors denuncia que la Comissi\u00f3 Europea vol acabar amb el sector pesquer de la Mediterr\u00e0nia - Gastron\u00f2micament<\/title>\n<meta name=\"description\" content=\"La Federaci\u00f3 Balear de Confraries de Pescadors denuncia que la Comissi\u00f3 Europea vol acabar amb el sector pesquer de la Mediterr\u00e0nia Actualitat, Reportatges i novetats El Govern i CAEB s&#039;hi sumen i donen suport a les seves reivindicacions\" \/>\n<meta name=\"robots\" content=\"index, follow, max-snippet:-1, max-image-preview:large, max-video-preview:-1\" \/>\n<link rel=\"canonical\" href=\"https:\/\/gastronomicament.cat\/ca\/la-federacio-balear-de-confraries-de-pescadors-denuncia-que-la-comissio-europea-vol-acabar-amb-el-sector-pesquer-de-la-mediterrania\" \/>\n<meta property=\"og:locale\" content=\"ca_ES\" \/>\n<meta property=\"og:type\" content=\"article\" \/>\n<meta property=\"og:title\" content=\"La Federaci\u00f3 Balear de Confraries de Pescadors denuncia que la Comissi\u00f3 Europea vol acabar amb el sector pesquer de la Mediterr\u00e0nia - Gastron\u00f2micament\" \/>\n<meta property=\"og:description\" content=\"La Federaci\u00f3 Balear de Confraries de Pescadors denuncia que la Comissi\u00f3 Europea vol acabar amb el sector pesquer de la Mediterr\u00e0nia Actualitat, Reportatges i novetats El Govern i CAEB s&#039;hi sumen i donen suport a les seves reivindicacions\" \/>\n<meta property=\"og:url\" content=\"https:\/\/gastronomicament.cat\/ca\/la-federacio-balear-de-confraries-de-pescadors-denuncia-que-la-comissio-europea-vol-acabar-amb-el-sector-pesquer-de-la-mediterrania\" \/>\n<meta property=\"og:site_name\" content=\"Gastron\u00f2micament\" \/>\n<meta property=\"article:published_time\" content=\"2024-12-11T08:51:51+00:00\" \/>\n<meta property=\"article:modified_time\" content=\"2024-12-11T08:53:13+00:00\" \/>\n<meta property=\"og:image\" content=\"https:\/\/gastronomicament.cat\/wp-content\/uploads\/2024\/12\/Pescadors-de-les-Balears.jpg\" \/>\n\t<meta property=\"og:image:width\" content=\"2045\" \/>\n\t<meta property=\"og:image:height\" content=\"1179\" \/>\n\t<meta property=\"og:image:type\" content=\"image\/jpeg\" \/>\n<meta name=\"author\" content=\"Redacci\u00f3\" \/>\n<meta name=\"twitter:card\" content=\"summary_large_image\" \/>\n<meta name=\"twitter:creator\" content=\"@gastronomicamen\" \/>\n<meta name=\"twitter:site\" content=\"@gastronomicamen\" \/>\n<meta name=\"twitter:label1\" content=\"Written by\" \/>\n\t<meta name=\"twitter:data1\" content=\"Redacci\u00f3\" \/>\n\t<meta name=\"twitter:label2\" content=\"Est. reading time\" \/>\n\t<meta name=\"twitter:data2\" content=\"2 minutes\" \/>\n<script type=\"application\/ld+json\" class=\"yoast-schema-graph\">{\"@context\":\"https:\\\/\\\/schema.org\",\"@graph\":[{\"@type\":\"Article\",\"@id\":\"https:\\\/\\\/gastronomicament.cat\\\/ca\\\/la-federacio-balear-de-confraries-de-pescadors-denuncia-que-la-comissio-europea-vol-acabar-amb-el-sector-pesquer-de-la-mediterrania#article\",\"isPartOf\":{\"@id\":\"https:\\\/\\\/gastronomicament.cat\\\/ca\\\/la-federacio-balear-de-confraries-de-pescadors-denuncia-que-la-comissio-europea-vol-acabar-amb-el-sector-pesquer-de-la-mediterrania\"},\"author\":{\"name\":\"Redacci\u00f3\",\"@id\":\"https:\\\/\\\/gastronomicament.cat\\\/ca\\\/#\\\/schema\\\/person\\\/a7c85c537a1ed62799a5b8e0f686a37f\"},\"headline\":\"La Federaci\u00f3 Balear de Confraries de Pescadors denuncia que la Comissi\u00f3 Europea vol acabar amb el sector pesquer de la Mediterr\u00e0nia\",\"datePublished\":\"2024-12-11T08:51:51+00:00\",\"dateModified\":\"2024-12-11T08:53:13+00:00\",\"mainEntityOfPage\":{\"@id\":\"https:\\\/\\\/gastronomicament.cat\\\/ca\\\/la-federacio-balear-de-confraries-de-pescadors-denuncia-que-la-comissio-europea-vol-acabar-amb-el-sector-pesquer-de-la-mediterrania\"},\"wordCount\":197,\"commentCount\":0,\"publisher\":{\"@id\":\"https:\\\/\\\/gastronomicament.cat\\\/ca\\\/#organization\"},\"image\":{\"@id\":\"https:\\\/\\\/gastronomicament.cat\\\/ca\\\/la-federacio-balear-de-confraries-de-pescadors-denuncia-que-la-comissio-europea-vol-acabar-amb-el-sector-pesquer-de-la-mediterrania#primaryimage\"},\"thumbnailUrl\":\"https:\\\/\\\/gastronomicament.cat\\\/wp-content\\\/uploads\\\/2024\\\/12\\\/Pescadors-de-les-Balears.jpg\",\"articleSection\":[\"Actualitat\",\"Reportatges i novetats\"],\"inLanguage\":\"ca-ES\",\"potentialAction\":[{\"@type\":\"CommentAction\",\"name\":\"Comment\",\"target\":[\"https:\\\/\\\/gastronomicament.cat\\\/ca\\\/la-federacio-balear-de-confraries-de-pescadors-denuncia-que-la-comissio-europea-vol-acabar-amb-el-sector-pesquer-de-la-mediterrania#respond\"]}]},{\"@type\":\"WebPage\",\"@id\":\"https:\\\/\\\/gastronomicament.cat\\\/ca\\\/la-federacio-balear-de-confraries-de-pescadors-denuncia-que-la-comissio-europea-vol-acabar-amb-el-sector-pesquer-de-la-mediterrania\",\"url\":\"https:\\\/\\\/gastronomicament.cat\\\/ca\\\/la-federacio-balear-de-confraries-de-pescadors-denuncia-que-la-comissio-europea-vol-acabar-amb-el-sector-pesquer-de-la-mediterrania\",\"name\":\"La Federaci\u00f3 Balear de Confraries de Pescadors denuncia que la Comissi\u00f3 Europea vol acabar amb el sector pesquer de la Mediterr\u00e0nia - Gastron\u00f2micament\",\"isPartOf\":{\"@id\":\"https:\\\/\\\/gastronomicament.cat\\\/ca\\\/#website\"},\"primaryImageOfPage\":{\"@id\":\"https:\\\/\\\/gastronomicament.cat\\\/ca\\\/la-federacio-balear-de-confraries-de-pescadors-denuncia-que-la-comissio-europea-vol-acabar-amb-el-sector-pesquer-de-la-mediterrania#primaryimage\"},\"image\":{\"@id\":\"https:\\\/\\\/gastronomicament.cat\\\/ca\\\/la-federacio-balear-de-confraries-de-pescadors-denuncia-que-la-comissio-europea-vol-acabar-amb-el-sector-pesquer-de-la-mediterrania#primaryimage\"},\"thumbnailUrl\":\"https:\\\/\\\/gastronomicament.cat\\\/wp-content\\\/uploads\\\/2024\\\/12\\\/Pescadors-de-les-Balears.jpg\",\"datePublished\":\"2024-12-11T08:51:51+00:00\",\"dateModified\":\"2024-12-11T08:53:13+00:00\",\"description\":\"La Federaci\u00f3 Balear de Confraries de Pescadors denuncia que la Comissi\u00f3 Europea vol acabar amb el sector pesquer de la Mediterr\u00e0nia Actualitat, Reportatges i novetats El Govern i CAEB s'hi sumen i donen suport a les seves reivindicacions\",\"inLanguage\":\"ca-ES\",\"potentialAction\":[{\"@type\":\"ReadAction\",\"target\":[\"https:\\\/\\\/gastronomicament.cat\\\/ca\\\/la-federacio-balear-de-confraries-de-pescadors-denuncia-que-la-comissio-europea-vol-acabar-amb-el-sector-pesquer-de-la-mediterrania\"]}]},{\"@type\":\"ImageObject\",\"inLanguage\":\"ca-ES\",\"@id\":\"https:\\\/\\\/gastronomicament.cat\\\/ca\\\/la-federacio-balear-de-confraries-de-pescadors-denuncia-que-la-comissio-europea-vol-acabar-amb-el-sector-pesquer-de-la-mediterrania#primaryimage\",\"url\":\"https:\\\/\\\/gastronomicament.cat\\\/wp-content\\\/uploads\\\/2024\\\/12\\\/Pescadors-de-les-Balears.jpg\",\"contentUrl\":\"https:\\\/\\\/gastronomicament.cat\\\/wp-content\\\/uploads\\\/2024\\\/12\\\/Pescadors-de-les-Balears.jpg\",\"width\":2045,\"height\":1179},{\"@type\":\"WebSite\",\"@id\":\"https:\\\/\\\/gastronomicament.cat\\\/ca\\\/#website\",\"url\":\"https:\\\/\\\/gastronomicament.cat\\\/ca\\\/\",\"name\":\"Gastron\u00f2micament\",\"description\":\"Portal de restaurants, receptes i actualitat gastron\u00f2mica\",\"publisher\":{\"@id\":\"https:\\\/\\\/gastronomicament.cat\\\/ca\\\/#organization\"},\"potentialAction\":[{\"@type\":\"SearchAction\",\"target\":{\"@type\":\"EntryPoint\",\"urlTemplate\":\"https:\\\/\\\/gastronomicament.cat\\\/ca\\\/?s={search_term_string}\"},\"query-input\":{\"@type\":\"PropertyValueSpecification\",\"valueRequired\":true,\"valueName\":\"search_term_string\"}}],\"inLanguage\":\"ca-ES\"},{\"@type\":\"Organization\",\"@id\":\"https:\\\/\\\/gastronomicament.cat\\\/ca\\\/#organization\",\"name\":\"Gastron\u00f2micament\",\"url\":\"https:\\\/\\\/gastronomicament.cat\\\/ca\\\/\",\"logo\":{\"@type\":\"ImageObject\",\"inLanguage\":\"ca-ES\",\"@id\":\"https:\\\/\\\/gastronomicament.cat\\\/ca\\\/#\\\/schema\\\/logo\\\/image\\\/\",\"url\":\"https:\\\/\\\/gastronomicament.cat\\\/wp-content\\\/uploads\\\/2016\\\/09\\\/header-logo.jpg\",\"contentUrl\":\"https:\\\/\\\/gastronomicament.cat\\\/wp-content\\\/uploads\\\/2016\\\/09\\\/header-logo.jpg\",\"width\":277,\"height\":39,\"caption\":\"Gastron\u00f2micament\"},\"image\":{\"@id\":\"https:\\\/\\\/gastronomicament.cat\\\/ca\\\/#\\\/schema\\\/logo\\\/image\\\/\"},\"sameAs\":[\"https:\\\/\\\/x.com\\\/gastronomicamen\"]},{\"@type\":\"Person\",\"@id\":\"https:\\\/\\\/gastronomicament.cat\\\/ca\\\/#\\\/schema\\\/person\\\/a7c85c537a1ed62799a5b8e0f686a37f\",\"name\":\"Redacci\u00f3\",\"image\":{\"@type\":\"ImageObject\",\"inLanguage\":\"ca-ES\",\"@id\":\"https:\\\/\\\/secure.gravatar.com\\\/avatar\\\/9489a485c464fd611d33825daae651d13db70c4e74c65c94937a15a9d4c3ee14?s=96&d=mm&r=g69fea3cce3645dfa2166e7293e22955e\",\"url\":\"https:\\\/\\\/secure.gravatar.com\\\/avatar\\\/9489a485c464fd611d33825daae651d13db70c4e74c65c94937a15a9d4c3ee14?s=96&d=mm&r=g\",\"contentUrl\":\"https:\\\/\\\/secure.gravatar.com\\\/avatar\\\/9489a485c464fd611d33825daae651d13db70c4e74c65c94937a15a9d4c3ee14?s=96&d=mm&r=g\",\"caption\":\"Redacci\u00f3\"},\"sameAs\":[\"http:\\\/\\\/gastronomicament.cat\"],\"url\":\"https:\\\/\\\/gastronomicament.cat\\\/ca\\\/author\\\/admin\"}]}<\/script>\n<!-- \/ Yoast SEO plugin. -->","yoast_head_json":{"title":"La Federaci\u00f3 Balear de Confraries de Pescadors denuncia que la Comissi\u00f3 Europea vol acabar amb el sector pesquer de la Mediterr\u00e0nia - Gastron\u00f2micament","description":"La Federaci\u00f3 Balear de Confraries de Pescadors denuncia que la Comissi\u00f3 Europea vol acabar amb el sector pesquer de la Mediterr\u00e0nia Actualitat, Reportatges i novetats El Govern i CAEB s'hi sumen i donen suport a les seves reivindicacions","robots":{"index":"index","follow":"follow","max-snippet":"max-snippet:-1","max-image-preview":"max-image-preview:large","max-video-preview":"max-video-preview:-1"},"canonical":"https:\/\/gastronomicament.cat\/ca\/la-federacio-balear-de-confraries-de-pescadors-denuncia-que-la-comissio-europea-vol-acabar-amb-el-sector-pesquer-de-la-mediterrania","og_locale":"ca_ES","og_type":"article","og_title":"La Federaci\u00f3 Balear de Confraries de Pescadors denuncia que la Comissi\u00f3 Europea vol acabar amb el sector pesquer de la Mediterr\u00e0nia - Gastron\u00f2micament","og_description":"La Federaci\u00f3 Balear de Confraries de Pescadors denuncia que la Comissi\u00f3 Europea vol acabar amb el sector pesquer de la Mediterr\u00e0nia Actualitat, Reportatges i novetats El Govern i CAEB s'hi sumen i donen suport a les seves reivindicacions","og_url":"https:\/\/gastronomicament.cat\/ca\/la-federacio-balear-de-confraries-de-pescadors-denuncia-que-la-comissio-europea-vol-acabar-amb-el-sector-pesquer-de-la-mediterrania","og_site_name":"Gastron\u00f2micament","article_published_time":"2024-12-11T08:51:51+00:00","article_modified_time":"2024-12-11T08:53:13+00:00","og_image":[{"width":2045,"height":1179,"url":"https:\/\/gastronomicament.cat\/wp-content\/uploads\/2024\/12\/Pescadors-de-les-Balears.jpg","type":"image\/jpeg"}],"author":"Redacci\u00f3","twitter_card":"summary_large_image","twitter_creator":"@gastronomicamen","twitter_site":"@gastronomicamen","twitter_misc":{"Written by":"Redacci\u00f3","Est. reading time":"2 minutes"},"schema":{"@context":"https:\/\/schema.org","@graph":[{"@type":"Article","@id":"https:\/\/gastronomicament.cat\/ca\/la-federacio-balear-de-confraries-de-pescadors-denuncia-que-la-comissio-europea-vol-acabar-amb-el-sector-pesquer-de-la-mediterrania#article","isPartOf":{"@id":"https:\/\/gastronomicament.cat\/ca\/la-federacio-balear-de-confraries-de-pescadors-denuncia-que-la-comissio-europea-vol-acabar-amb-el-sector-pesquer-de-la-mediterrania"},"author":{"name":"Redacci\u00f3","@id":"https:\/\/gastronomicament.cat\/ca\/#\/schema\/person\/a7c85c537a1ed62799a5b8e0f686a37f"},"headline":"La Federaci\u00f3 Balear de Confraries de Pescadors denuncia que la Comissi\u00f3 Europea vol acabar amb el sector pesquer de la Mediterr\u00e0nia","datePublished":"2024-12-11T08:51:51+00:00","dateModified":"2024-12-11T08:53:13+00:00","mainEntityOfPage":{"@id":"https:\/\/gastronomicament.cat\/ca\/la-federacio-balear-de-confraries-de-pescadors-denuncia-que-la-comissio-europea-vol-acabar-amb-el-sector-pesquer-de-la-mediterrania"},"wordCount":197,"commentCount":0,"publisher":{"@id":"https:\/\/gastronomicament.cat\/ca\/#organization"},"image":{"@id":"https:\/\/gastronomicament.cat\/ca\/la-federacio-balear-de-confraries-de-pescadors-denuncia-que-la-comissio-europea-vol-acabar-amb-el-sector-pesquer-de-la-mediterrania#primaryimage"},"thumbnailUrl":"https:\/\/gastronomicament.cat\/wp-content\/uploads\/2024\/12\/Pescadors-de-les-Balears.jpg","articleSection":["Actualitat","Reportatges i novetats"],"inLanguage":"ca-ES","potentialAction":[{"@type":"CommentAction","name":"Comment","target":["https:\/\/gastronomicament.cat\/ca\/la-federacio-balear-de-confraries-de-pescadors-denuncia-que-la-comissio-europea-vol-acabar-amb-el-sector-pesquer-de-la-mediterrania#respond"]}]},{"@type":"WebPage","@id":"https:\/\/gastronomicament.cat\/ca\/la-federacio-balear-de-confraries-de-pescadors-denuncia-que-la-comissio-europea-vol-acabar-amb-el-sector-pesquer-de-la-mediterrania","url":"https:\/\/gastronomicament.cat\/ca\/la-federacio-balear-de-confraries-de-pescadors-denuncia-que-la-comissio-europea-vol-acabar-amb-el-sector-pesquer-de-la-mediterrania","name":"La Federaci\u00f3 Balear de Confraries de Pescadors denuncia que la Comissi\u00f3 Europea vol acabar amb el sector pesquer de la Mediterr\u00e0nia - Gastron\u00f2micament","isPartOf":{"@id":"https:\/\/gastronomicament.cat\/ca\/#website"},"primaryImageOfPage":{"@id":"https:\/\/gastronomicament.cat\/ca\/la-federacio-balear-de-confraries-de-pescadors-denuncia-que-la-comissio-europea-vol-acabar-amb-el-sector-pesquer-de-la-mediterrania#primaryimage"},"image":{"@id":"https:\/\/gastronomicament.cat\/ca\/la-federacio-balear-de-confraries-de-pescadors-denuncia-que-la-comissio-europea-vol-acabar-amb-el-sector-pesquer-de-la-mediterrania#primaryimage"},"thumbnailUrl":"https:\/\/gastronomicament.cat\/wp-content\/uploads\/2024\/12\/Pescadors-de-les-Balears.jpg","datePublished":"2024-12-11T08:51:51+00:00","dateModified":"2024-12-11T08:53:13+00:00","description":"La Federaci\u00f3 Balear de Confraries de Pescadors denuncia que la Comissi\u00f3 Europea vol acabar amb el sector pesquer de la Mediterr\u00e0nia Actualitat, Reportatges i novetats El Govern i CAEB s'hi sumen i donen suport a les seves reivindicacions","inLanguage":"ca-ES","potentialAction":[{"@type":"ReadAction","target":["https:\/\/gastronomicament.cat\/ca\/la-federacio-balear-de-confraries-de-pescadors-denuncia-que-la-comissio-europea-vol-acabar-amb-el-sector-pesquer-de-la-mediterrania"]}]},{"@type":"ImageObject","inLanguage":"ca-ES","@id":"https:\/\/gastronomicament.cat\/ca\/la-federacio-balear-de-confraries-de-pescadors-denuncia-que-la-comissio-europea-vol-acabar-amb-el-sector-pesquer-de-la-mediterrania#primaryimage","url":"https:\/\/gastronomicament.cat\/wp-content\/uploads\/2024\/12\/Pescadors-de-les-Balears.jpg","contentUrl":"https:\/\/gastronomicament.cat\/wp-content\/uploads\/2024\/12\/Pescadors-de-les-Balears.jpg","width":2045,"height":1179},{"@type":"WebSite","@id":"https:\/\/gastronomicament.cat\/ca\/#website","url":"https:\/\/gastronomicament.cat\/ca\/","name":"Gastron\u00f2micament","description":"Portal de restaurants, receptes i actualitat gastron\u00f2mica","publisher":{"@id":"https:\/\/gastronomicament.cat\/ca\/#organization"},"potentialAction":[{"@type":"SearchAction","target":{"@type":"EntryPoint","urlTemplate":"https:\/\/gastronomicament.cat\/ca\/?s={search_term_string}"},"query-input":{"@type":"PropertyValueSpecification","valueRequired":true,"valueName":"search_term_string"}}],"inLanguage":"ca-ES"},{"@type":"Organization","@id":"https:\/\/gastronomicament.cat\/ca\/#organization","name":"Gastron\u00f2micament","url":"https:\/\/gastronomicament.cat\/ca\/","logo":{"@type":"ImageObject","inLanguage":"ca-ES","@id":"https:\/\/gastronomicament.cat\/ca\/#\/schema\/logo\/image\/","url":"https:\/\/gastronomicament.cat\/wp-content\/uploads\/2016\/09\/header-logo.jpg","contentUrl":"https:\/\/gastronomicament.cat\/wp-content\/uploads\/2016\/09\/header-logo.jpg","width":277,"height":39,"caption":"Gastron\u00f2micament"},"image":{"@id":"https:\/\/gastronomicament.cat\/ca\/#\/schema\/logo\/image\/"},"sameAs":["https:\/\/x.com\/gastronomicamen"]},{"@type":"Person","@id":"https:\/\/gastronomicament.cat\/ca\/#\/schema\/person\/a7c85c537a1ed62799a5b8e0f686a37f","name":"Redacci\u00f3","image":{"@type":"ImageObject","inLanguage":"ca-ES","@id":"https:\/\/secure.gravatar.com\/avatar\/9489a485c464fd611d33825daae651d13db70c4e74c65c94937a15a9d4c3ee14?s=96&d=mm&r=g69fea3cce3645dfa2166e7293e22955e","url":"https:\/\/secure.gravatar.com\/avatar\/9489a485c464fd611d33825daae651d13db70c4e74c65c94937a15a9d4c3ee14?s=96&d=mm&r=g","contentUrl":"https:\/\/secure.gravatar.com\/avatar\/9489a485c464fd611d33825daae651d13db70c4e74c65c94937a15a9d4c3ee14?s=96&d=mm&r=g","caption":"Redacci\u00f3"},"sameAs":["http:\/\/gastronomicament.cat"],"url":"https:\/\/gastronomicament.cat\/ca\/author\/admin"}]}},"_links":{"self":[{"href":"https:\/\/gastronomicament.cat\/ca\/wp-json\/wp\/v2\/posts\/92901","targetHints":{"allow":["GET"]}}],"collection":[{"href":"https:\/\/gastronomicament.cat\/ca\/wp-json\/wp\/v2\/posts"}],"about":[{"href":"https:\/\/gastronomicament.cat\/ca\/wp-json\/wp\/v2\/types\/post"}],"author":[{"embeddable":true,"href":"https:\/\/gastronomicament.cat\/ca\/wp-json\/wp\/v2\/users\/1"}],"replies":[{"embeddable":true,"href":"https:\/\/gastronomicament.cat\/ca\/wp-json\/wp\/v2\/comments?post=92901"}],"version-history":[{"count":0,"href":"https:\/\/gastronomicament.cat\/ca\/wp-json\/wp\/v2\/posts\/92901\/revisions"}],"wp:featuredmedia":[{"embeddable":true,"href":"https:\/\/gastronomicament.cat\/ca\/wp-json\/wp\/v2\/media\/92906"}],"wp:attachment":[{"href":"https:\/\/gastronomicament.cat\/ca\/wp-json\/wp\/v2\/media?parent=92901"}],"wp:term":[{"taxonomy":"category","embeddable":true,"href":"https:\/\/gastronomicament.cat\/ca\/wp-json\/wp\/v2\/categories?post=92901"},{"taxonomy":"post_tag","embeddable":true,"href":"https:\/\/gastronomicament.cat\/ca\/wp-json\/wp\/v2\/tags?post=92901"},{"taxonomy":"author","embeddable":true,"href":"https:\/\/gastronomicament.cat\/ca\/wp-json\/wp\/v2\/coauthors?post=92901"}],"curies":[{"name":"wp","href":"https:\/\/api.w.org\/{rel}","templated":true}]}}