{"id":93022,"date":"2024-12-17T09:48:21","date_gmt":"2024-12-17T08:48:21","guid":{"rendered":"https:\/\/gastronomicament.cat\/?p=93022"},"modified":"2024-12-17T09:48:21","modified_gmt":"2024-12-17T08:48:21","slug":"sa-pobla-suma-una-carnisseria-i-un-forn-al-cataleg-de-emblematics-balears","status":"publish","type":"post","link":"https:\/\/gastronomicament.cat\/ca\/sa-pobla-suma-una-carnisseria-i-un-forn-al-cataleg-de-emblematics-balears","title":{"rendered":"Sa Pobla suma una carnisseria i un forn al cat\u00e0leg de Emblem\u00e0tics Balears"},"content":{"rendered":"<p>El poble de sa Pobla ha sumat cinc establiments m\u00e9s al cat\u00e0leg de Emblem\u00e0tics Balears, una iniciativa que t\u00e9 com a objectiu protegir i visibilitzar l&#8217;activitat comercial de proximitat.Amb aquests noves incorporacions, el municipi suma un total de 12 comer\u00e7os adherits al projecte de l&#8217;Ag\u00e8ncia de Desenvolupament Local de les Illes Balears (ADR Balears) de la Conselleria d&#8217;Empresa, Ocupaci\u00f3 i Energia.<\/p>\n<p>Els nous establiments adherits a Emblem\u00e0tics Balears s\u00f3n:<\/p>\n<ul>\n<li><strong><a href=\"https:\/\/emblematicsbalears.es\/comercios\/crestaig-carns-i-embotits-artesans\/\" target=\"_blank\" rel=\"noopener\">Crestaig<\/a><\/strong>. Carn i Embotits Artesans (carnisseria): arrelat<\/li>\n<li><strong><a href=\"https:\/\/emblematicsbalears.es\/comercios\/forn-can-simo\/\" target=\"_blank\" rel=\"noopener\">Forn Can Sim\u00f3<\/a><\/strong>(forn i pastisseria): arrelat<\/li>\n<li><a href=\"https:\/\/emblematicsbalears.es\/comercios\/esparteria-i-calcats-can-pedro\/\" target=\"_blank\" rel=\"noopener\"><strong>Esparteria\u00a0i cal\u00e7ats Can Pedro<\/strong><\/a> (sabateria): arrelat amb hist\u00f2ria<\/li>\n<li><strong><a href=\"https:\/\/emblematicsbalears.es\/comercios\/ganiveteria-joan-pol\/\" target=\"_blank\" rel=\"noopener\">Ganiveteria Joan Pol<\/a>\u00a0<\/strong>(ganiveteria): arrelat amb hist\u00f2ria<\/li>\n<li><a href=\"https:\/\/emblematicsbalears.es\/comercios\/joieria-enrique-by-fina-segura\/\" target=\"_blank\" rel=\"noopener\"><strong>Joieria Enrique<\/strong><strong>by Fina Segura<\/strong><\/a>\u00a0(joieria): amb hist\u00f2ria<\/li>\n<\/ul>\n<p>Els\u00a0<strong>establiments de sa Pobla que ja formaven part del cat\u00e0leg<\/strong>\u00a0s\u00f3n:<\/p>\n<ul>\n<li>Antic Forn Cas Zero (forn i pastisseria): emblem\u00e0tic.<\/li>\n<li>Ferreteria Campins (ferreteria i equipament de la llar): amb hist\u00f2ria.<\/li>\n<li>Ferreteria Can Comas (ferreteria i equipament de la llar): amb hist\u00f2ria.<\/li>\n<li>Forn Can Felip (forn i pastisseria): arrelat.<\/li>\n<li>Forn Can Paco (forn i pastisseria): arrelat.<\/li>\n<li>Joieria Fill d\u2019en Jaume Segura (joieria i rellotgeria): arrelat amb hist\u00f2ria.<\/li>\n<li>Tenda Cas Cotxer (merceria): emblem\u00e0tic<\/li>\n<\/ul>\n<p>El projecte Emblem\u00e0tics Balears neix de la necessitat de protegir l&#8217;activitat comercial de proximitat i, m\u00e9s espec\u00edficament, la dels establiments amb m\u00e9s tradici\u00f3 dels municipis. Una de les finalitats d&#8217;aquest projecte \u00e9s donar a con\u00e8ixer la singularitat de cada municipi a trav\u00e9s dels seus establiments emblem\u00e0tics. A pesar que la iniciativa se centra en els comer\u00e7os catalogats, la resta de teixit comercial se\u2019n beneficia, ja que els emblem\u00e0tics tamb\u00e9 funcionen com a element tractor i reclam per als visitants de dins i fora de les Illes.<\/p>\n<p>S\u00f3n els ajuntaments que identifiquen els comer\u00e7os del municipi que compleixen els requisits per a ser emblem\u00e0tics, d&#8217;acord amb un manual d&#8217;ADR Balears que estableix les diferents categories. Aix\u00ed, un comer\u00e7 pot ser catalogat com arrelat (amb un producte o ofici singular), amb hist\u00f2ria (amb m\u00e9s de 75 anys de vida o excepcionalment a partir dels 50 anys) i amb patrimoni (amb elements patrimonials interiors i exteriors destacats, com tamb\u00e9 amb valor immaterial). A m\u00e9s, els establiments que compleixin aquestes tres categories seran denominats emblem\u00e0tics.<\/p>\n<p>Actualment hi ha 385 negocis de 33 localitats de les Illes Balears adherits a \u00abEmblem\u00e0tics Balears\u00bb. Els municipis que ja compten amb establiments catalogats s\u00f3n: Alar\u00f3 (4), Alc\u00fadia (7), Algaida (7), Art\u00e0 (7), Binissalem (15), Campos (16), Capdepera (3), Consell (6), Esporles (5), Felanitx (12), Inca (14), Lloseta (7), Llucmajor (11), Manacor (25), Marratx\u00ed (12), Palma (83), Pollen\u00e7a (9), Porreres (8), Santa Eug\u00e8nia (1), Santa Maria del Cam\u00ed (15), Santany\u00ed (7), sa Pobla (12), Selva (1), Sineu (8), Alaior (5), Ciutadella (14), es Mercadal (1), Ferreries (11), Ma\u00f3 (30), Santa Eul\u00e0ria des Riu (5), Sant Josep de sa Talaia (5), Vila (11) i Formentera (8). Per categories, hi ha 102 establiments emblem\u00e0tics; 129 d&#8217;arrelats i amb hist\u00f2ria; 30 amb patrimoni i hist\u00f2ria; 56 amb hist\u00f2ria; 55 d&#8217;arrelats, i 13 d&#8217;arrelats i amb patrimoni.<\/p>\n","protected":false},"excerpt":{"rendered":"<p>En total, s&#8217;hi han afegit cinc nous establiments<\/p>\n","protected":false},"author":1,"featured_media":93023,"comment_status":"open","ping_status":"closed","sticky":false,"template":"","format":"standard","meta":{"_acf_changed":false,"_swt_meta_header_display":false,"_swt_meta_footer_display":false,"_swt_meta_site_title_display":false,"_swt_meta_sticky_header":false,"_swt_meta_transparent_header":false,"footnotes":""},"categories":[692,955],"tags":[],"coauthors":[2053],"class_list":["post-93022","post","type-post","status-publish","format-standard","has-post-thumbnail","hentry","category-actualitat","category-reportatges-i-novetats"],"acf":{"gallery":null,"home_date":{"home_begin_date":null,"home_end_date":null}},"yoast_head":"<!-- This site is optimized with the Yoast SEO plugin v27.4 - https:\/\/yoast.com\/product\/yoast-seo-wordpress\/ -->\n<title>Sa Pobla suma una carnisseria i un forn al cat\u00e0leg de Emblem\u00e0tics Balears - Gastron\u00f2micament<\/title>\n<meta name=\"description\" content=\"Sa Pobla suma una carnisseria i un forn al cat\u00e0leg de Emblem\u00e0tics Balears Actualitat, Reportatges i novetats En total, s&#039;hi han afegit cinc nous establiments\" \/>\n<meta name=\"robots\" content=\"index, follow, max-snippet:-1, max-image-preview:large, max-video-preview:-1\" \/>\n<link rel=\"canonical\" href=\"https:\/\/gastronomicament.cat\/ca\/sa-pobla-suma-una-carnisseria-i-un-forn-al-cataleg-de-emblematics-balears\" \/>\n<meta property=\"og:locale\" content=\"ca_ES\" \/>\n<meta property=\"og:type\" content=\"article\" \/>\n<meta property=\"og:title\" content=\"Sa Pobla suma una carnisseria i un forn al cat\u00e0leg de Emblem\u00e0tics Balears - Gastron\u00f2micament\" \/>\n<meta property=\"og:description\" content=\"Sa Pobla suma una carnisseria i un forn al cat\u00e0leg de Emblem\u00e0tics Balears Actualitat, Reportatges i novetats En total, s&#039;hi han afegit cinc nous establiments\" \/>\n<meta property=\"og:url\" content=\"https:\/\/gastronomicament.cat\/ca\/sa-pobla-suma-una-carnisseria-i-un-forn-al-cataleg-de-emblematics-balears\" \/>\n<meta property=\"og:site_name\" content=\"Gastron\u00f2micament\" \/>\n<meta property=\"article:published_time\" content=\"2024-12-17T08:48:21+00:00\" \/>\n<meta property=\"og:image\" content=\"https:\/\/gastronomicament.cat\/wp-content\/uploads\/2024\/12\/emblematics-sa-Pobla-Crestaig-Forn-Can-Simo.jpg\" \/>\n\t<meta property=\"og:image:width\" content=\"1560\" \/>\n\t<meta property=\"og:image:height\" content=\"978\" \/>\n\t<meta property=\"og:image:type\" content=\"image\/jpeg\" \/>\n<meta name=\"author\" content=\"Redacci\u00f3\" \/>\n<meta name=\"twitter:card\" content=\"summary_large_image\" \/>\n<meta name=\"twitter:creator\" content=\"@gastronomicamen\" \/>\n<meta name=\"twitter:site\" content=\"@gastronomicamen\" \/>\n<meta name=\"twitter:label1\" content=\"Written by\" \/>\n\t<meta name=\"twitter:data1\" content=\"Redacci\u00f3\" \/>\n\t<meta name=\"twitter:label2\" content=\"Est. reading time\" \/>\n\t<meta name=\"twitter:data2\" content=\"3 minutes\" \/>\n<script type=\"application\/ld+json\" class=\"yoast-schema-graph\">{\"@context\":\"https:\\\/\\\/schema.org\",\"@graph\":[{\"@type\":\"Article\",\"@id\":\"https:\\\/\\\/gastronomicament.cat\\\/ca\\\/sa-pobla-suma-una-carnisseria-i-un-forn-al-cataleg-de-emblematics-balears#article\",\"isPartOf\":{\"@id\":\"https:\\\/\\\/gastronomicament.cat\\\/ca\\\/sa-pobla-suma-una-carnisseria-i-un-forn-al-cataleg-de-emblematics-balears\"},\"author\":{\"name\":\"Redacci\u00f3\",\"@id\":\"https:\\\/\\\/gastronomicament.cat\\\/ca\\\/#\\\/schema\\\/person\\\/a7c85c537a1ed62799a5b8e0f686a37f\"},\"headline\":\"Sa Pobla suma una carnisseria i un forn al cat\u00e0leg de Emblem\u00e0tics Balears\",\"datePublished\":\"2024-12-17T08:48:21+00:00\",\"mainEntityOfPage\":{\"@id\":\"https:\\\/\\\/gastronomicament.cat\\\/ca\\\/sa-pobla-suma-una-carnisseria-i-un-forn-al-cataleg-de-emblematics-balears\"},\"wordCount\":500,\"commentCount\":0,\"publisher\":{\"@id\":\"https:\\\/\\\/gastronomicament.cat\\\/ca\\\/#organization\"},\"image\":{\"@id\":\"https:\\\/\\\/gastronomicament.cat\\\/ca\\\/sa-pobla-suma-una-carnisseria-i-un-forn-al-cataleg-de-emblematics-balears#primaryimage\"},\"thumbnailUrl\":\"https:\\\/\\\/gastronomicament.cat\\\/wp-content\\\/uploads\\\/2024\\\/12\\\/emblematics-sa-Pobla-Crestaig-Forn-Can-Simo.jpg\",\"articleSection\":[\"Actualitat\",\"Reportatges i novetats\"],\"inLanguage\":\"ca-ES\",\"potentialAction\":[{\"@type\":\"CommentAction\",\"name\":\"Comment\",\"target\":[\"https:\\\/\\\/gastronomicament.cat\\\/ca\\\/sa-pobla-suma-una-carnisseria-i-un-forn-al-cataleg-de-emblematics-balears#respond\"]}]},{\"@type\":\"WebPage\",\"@id\":\"https:\\\/\\\/gastronomicament.cat\\\/ca\\\/sa-pobla-suma-una-carnisseria-i-un-forn-al-cataleg-de-emblematics-balears\",\"url\":\"https:\\\/\\\/gastronomicament.cat\\\/ca\\\/sa-pobla-suma-una-carnisseria-i-un-forn-al-cataleg-de-emblematics-balears\",\"name\":\"Sa Pobla suma una carnisseria i un forn al cat\u00e0leg de Emblem\u00e0tics Balears - Gastron\u00f2micament\",\"isPartOf\":{\"@id\":\"https:\\\/\\\/gastronomicament.cat\\\/ca\\\/#website\"},\"primaryImageOfPage\":{\"@id\":\"https:\\\/\\\/gastronomicament.cat\\\/ca\\\/sa-pobla-suma-una-carnisseria-i-un-forn-al-cataleg-de-emblematics-balears#primaryimage\"},\"image\":{\"@id\":\"https:\\\/\\\/gastronomicament.cat\\\/ca\\\/sa-pobla-suma-una-carnisseria-i-un-forn-al-cataleg-de-emblematics-balears#primaryimage\"},\"thumbnailUrl\":\"https:\\\/\\\/gastronomicament.cat\\\/wp-content\\\/uploads\\\/2024\\\/12\\\/emblematics-sa-Pobla-Crestaig-Forn-Can-Simo.jpg\",\"datePublished\":\"2024-12-17T08:48:21+00:00\",\"description\":\"Sa Pobla suma una carnisseria i un forn al cat\u00e0leg de Emblem\u00e0tics Balears Actualitat, Reportatges i novetats En total, s'hi han afegit cinc nous establiments\",\"inLanguage\":\"ca-ES\",\"potentialAction\":[{\"@type\":\"ReadAction\",\"target\":[\"https:\\\/\\\/gastronomicament.cat\\\/ca\\\/sa-pobla-suma-una-carnisseria-i-un-forn-al-cataleg-de-emblematics-balears\"]}]},{\"@type\":\"ImageObject\",\"inLanguage\":\"ca-ES\",\"@id\":\"https:\\\/\\\/gastronomicament.cat\\\/ca\\\/sa-pobla-suma-una-carnisseria-i-un-forn-al-cataleg-de-emblematics-balears#primaryimage\",\"url\":\"https:\\\/\\\/gastronomicament.cat\\\/wp-content\\\/uploads\\\/2024\\\/12\\\/emblematics-sa-Pobla-Crestaig-Forn-Can-Simo.jpg\",\"contentUrl\":\"https:\\\/\\\/gastronomicament.cat\\\/wp-content\\\/uploads\\\/2024\\\/12\\\/emblematics-sa-Pobla-Crestaig-Forn-Can-Simo.jpg\",\"width\":1560,\"height\":978},{\"@type\":\"WebSite\",\"@id\":\"https:\\\/\\\/gastronomicament.cat\\\/ca\\\/#website\",\"url\":\"https:\\\/\\\/gastronomicament.cat\\\/ca\\\/\",\"name\":\"Gastron\u00f2micament\",\"description\":\"Portal de restaurants, receptes i actualitat gastron\u00f2mica\",\"publisher\":{\"@id\":\"https:\\\/\\\/gastronomicament.cat\\\/ca\\\/#organization\"},\"potentialAction\":[{\"@type\":\"SearchAction\",\"target\":{\"@type\":\"EntryPoint\",\"urlTemplate\":\"https:\\\/\\\/gastronomicament.cat\\\/ca\\\/?s={search_term_string}\"},\"query-input\":{\"@type\":\"PropertyValueSpecification\",\"valueRequired\":true,\"valueName\":\"search_term_string\"}}],\"inLanguage\":\"ca-ES\"},{\"@type\":\"Organization\",\"@id\":\"https:\\\/\\\/gastronomicament.cat\\\/ca\\\/#organization\",\"name\":\"Gastron\u00f2micament\",\"url\":\"https:\\\/\\\/gastronomicament.cat\\\/ca\\\/\",\"logo\":{\"@type\":\"ImageObject\",\"inLanguage\":\"ca-ES\",\"@id\":\"https:\\\/\\\/gastronomicament.cat\\\/ca\\\/#\\\/schema\\\/logo\\\/image\\\/\",\"url\":\"https:\\\/\\\/gastronomicament.cat\\\/wp-content\\\/uploads\\\/2016\\\/09\\\/header-logo.jpg\",\"contentUrl\":\"https:\\\/\\\/gastronomicament.cat\\\/wp-content\\\/uploads\\\/2016\\\/09\\\/header-logo.jpg\",\"width\":277,\"height\":39,\"caption\":\"Gastron\u00f2micament\"},\"image\":{\"@id\":\"https:\\\/\\\/gastronomicament.cat\\\/ca\\\/#\\\/schema\\\/logo\\\/image\\\/\"},\"sameAs\":[\"https:\\\/\\\/x.com\\\/gastronomicamen\"]},{\"@type\":\"Person\",\"@id\":\"https:\\\/\\\/gastronomicament.cat\\\/ca\\\/#\\\/schema\\\/person\\\/a7c85c537a1ed62799a5b8e0f686a37f\",\"name\":\"Redacci\u00f3\",\"image\":{\"@type\":\"ImageObject\",\"inLanguage\":\"ca-ES\",\"@id\":\"https:\\\/\\\/secure.gravatar.com\\\/avatar\\\/9489a485c464fd611d33825daae651d13db70c4e74c65c94937a15a9d4c3ee14?s=96&d=mm&r=g69fea3cce3645dfa2166e7293e22955e\",\"url\":\"https:\\\/\\\/secure.gravatar.com\\\/avatar\\\/9489a485c464fd611d33825daae651d13db70c4e74c65c94937a15a9d4c3ee14?s=96&d=mm&r=g\",\"contentUrl\":\"https:\\\/\\\/secure.gravatar.com\\\/avatar\\\/9489a485c464fd611d33825daae651d13db70c4e74c65c94937a15a9d4c3ee14?s=96&d=mm&r=g\",\"caption\":\"Redacci\u00f3\"},\"sameAs\":[\"http:\\\/\\\/gastronomicament.cat\"],\"url\":\"https:\\\/\\\/gastronomicament.cat\\\/ca\\\/author\\\/admin\"}]}<\/script>\n<!-- \/ Yoast SEO plugin. -->","yoast_head_json":{"title":"Sa Pobla suma una carnisseria i un forn al cat\u00e0leg de Emblem\u00e0tics Balears - Gastron\u00f2micament","description":"Sa Pobla suma una carnisseria i un forn al cat\u00e0leg de Emblem\u00e0tics Balears Actualitat, Reportatges i novetats En total, s'hi han afegit cinc nous establiments","robots":{"index":"index","follow":"follow","max-snippet":"max-snippet:-1","max-image-preview":"max-image-preview:large","max-video-preview":"max-video-preview:-1"},"canonical":"https:\/\/gastronomicament.cat\/ca\/sa-pobla-suma-una-carnisseria-i-un-forn-al-cataleg-de-emblematics-balears","og_locale":"ca_ES","og_type":"article","og_title":"Sa Pobla suma una carnisseria i un forn al cat\u00e0leg de Emblem\u00e0tics Balears - Gastron\u00f2micament","og_description":"Sa Pobla suma una carnisseria i un forn al cat\u00e0leg de Emblem\u00e0tics Balears Actualitat, Reportatges i novetats En total, s'hi han afegit cinc nous establiments","og_url":"https:\/\/gastronomicament.cat\/ca\/sa-pobla-suma-una-carnisseria-i-un-forn-al-cataleg-de-emblematics-balears","og_site_name":"Gastron\u00f2micament","article_published_time":"2024-12-17T08:48:21+00:00","og_image":[{"width":1560,"height":978,"url":"https:\/\/gastronomicament.cat\/wp-content\/uploads\/2024\/12\/emblematics-sa-Pobla-Crestaig-Forn-Can-Simo.jpg","type":"image\/jpeg"}],"author":"Redacci\u00f3","twitter_card":"summary_large_image","twitter_creator":"@gastronomicamen","twitter_site":"@gastronomicamen","twitter_misc":{"Written by":"Redacci\u00f3","Est. reading time":"3 minutes"},"schema":{"@context":"https:\/\/schema.org","@graph":[{"@type":"Article","@id":"https:\/\/gastronomicament.cat\/ca\/sa-pobla-suma-una-carnisseria-i-un-forn-al-cataleg-de-emblematics-balears#article","isPartOf":{"@id":"https:\/\/gastronomicament.cat\/ca\/sa-pobla-suma-una-carnisseria-i-un-forn-al-cataleg-de-emblematics-balears"},"author":{"name":"Redacci\u00f3","@id":"https:\/\/gastronomicament.cat\/ca\/#\/schema\/person\/a7c85c537a1ed62799a5b8e0f686a37f"},"headline":"Sa Pobla suma una carnisseria i un forn al cat\u00e0leg de Emblem\u00e0tics Balears","datePublished":"2024-12-17T08:48:21+00:00","mainEntityOfPage":{"@id":"https:\/\/gastronomicament.cat\/ca\/sa-pobla-suma-una-carnisseria-i-un-forn-al-cataleg-de-emblematics-balears"},"wordCount":500,"commentCount":0,"publisher":{"@id":"https:\/\/gastronomicament.cat\/ca\/#organization"},"image":{"@id":"https:\/\/gastronomicament.cat\/ca\/sa-pobla-suma-una-carnisseria-i-un-forn-al-cataleg-de-emblematics-balears#primaryimage"},"thumbnailUrl":"https:\/\/gastronomicament.cat\/wp-content\/uploads\/2024\/12\/emblematics-sa-Pobla-Crestaig-Forn-Can-Simo.jpg","articleSection":["Actualitat","Reportatges i novetats"],"inLanguage":"ca-ES","potentialAction":[{"@type":"CommentAction","name":"Comment","target":["https:\/\/gastronomicament.cat\/ca\/sa-pobla-suma-una-carnisseria-i-un-forn-al-cataleg-de-emblematics-balears#respond"]}]},{"@type":"WebPage","@id":"https:\/\/gastronomicament.cat\/ca\/sa-pobla-suma-una-carnisseria-i-un-forn-al-cataleg-de-emblematics-balears","url":"https:\/\/gastronomicament.cat\/ca\/sa-pobla-suma-una-carnisseria-i-un-forn-al-cataleg-de-emblematics-balears","name":"Sa Pobla suma una carnisseria i un forn al cat\u00e0leg de Emblem\u00e0tics Balears - Gastron\u00f2micament","isPartOf":{"@id":"https:\/\/gastronomicament.cat\/ca\/#website"},"primaryImageOfPage":{"@id":"https:\/\/gastronomicament.cat\/ca\/sa-pobla-suma-una-carnisseria-i-un-forn-al-cataleg-de-emblematics-balears#primaryimage"},"image":{"@id":"https:\/\/gastronomicament.cat\/ca\/sa-pobla-suma-una-carnisseria-i-un-forn-al-cataleg-de-emblematics-balears#primaryimage"},"thumbnailUrl":"https:\/\/gastronomicament.cat\/wp-content\/uploads\/2024\/12\/emblematics-sa-Pobla-Crestaig-Forn-Can-Simo.jpg","datePublished":"2024-12-17T08:48:21+00:00","description":"Sa Pobla suma una carnisseria i un forn al cat\u00e0leg de Emblem\u00e0tics Balears Actualitat, Reportatges i novetats En total, s'hi han afegit cinc nous establiments","inLanguage":"ca-ES","potentialAction":[{"@type":"ReadAction","target":["https:\/\/gastronomicament.cat\/ca\/sa-pobla-suma-una-carnisseria-i-un-forn-al-cataleg-de-emblematics-balears"]}]},{"@type":"ImageObject","inLanguage":"ca-ES","@id":"https:\/\/gastronomicament.cat\/ca\/sa-pobla-suma-una-carnisseria-i-un-forn-al-cataleg-de-emblematics-balears#primaryimage","url":"https:\/\/gastronomicament.cat\/wp-content\/uploads\/2024\/12\/emblematics-sa-Pobla-Crestaig-Forn-Can-Simo.jpg","contentUrl":"https:\/\/gastronomicament.cat\/wp-content\/uploads\/2024\/12\/emblematics-sa-Pobla-Crestaig-Forn-Can-Simo.jpg","width":1560,"height":978},{"@type":"WebSite","@id":"https:\/\/gastronomicament.cat\/ca\/#website","url":"https:\/\/gastronomicament.cat\/ca\/","name":"Gastron\u00f2micament","description":"Portal de restaurants, receptes i actualitat gastron\u00f2mica","publisher":{"@id":"https:\/\/gastronomicament.cat\/ca\/#organization"},"potentialAction":[{"@type":"SearchAction","target":{"@type":"EntryPoint","urlTemplate":"https:\/\/gastronomicament.cat\/ca\/?s={search_term_string}"},"query-input":{"@type":"PropertyValueSpecification","valueRequired":true,"valueName":"search_term_string"}}],"inLanguage":"ca-ES"},{"@type":"Organization","@id":"https:\/\/gastronomicament.cat\/ca\/#organization","name":"Gastron\u00f2micament","url":"https:\/\/gastronomicament.cat\/ca\/","logo":{"@type":"ImageObject","inLanguage":"ca-ES","@id":"https:\/\/gastronomicament.cat\/ca\/#\/schema\/logo\/image\/","url":"https:\/\/gastronomicament.cat\/wp-content\/uploads\/2016\/09\/header-logo.jpg","contentUrl":"https:\/\/gastronomicament.cat\/wp-content\/uploads\/2016\/09\/header-logo.jpg","width":277,"height":39,"caption":"Gastron\u00f2micament"},"image":{"@id":"https:\/\/gastronomicament.cat\/ca\/#\/schema\/logo\/image\/"},"sameAs":["https:\/\/x.com\/gastronomicamen"]},{"@type":"Person","@id":"https:\/\/gastronomicament.cat\/ca\/#\/schema\/person\/a7c85c537a1ed62799a5b8e0f686a37f","name":"Redacci\u00f3","image":{"@type":"ImageObject","inLanguage":"ca-ES","@id":"https:\/\/secure.gravatar.com\/avatar\/9489a485c464fd611d33825daae651d13db70c4e74c65c94937a15a9d4c3ee14?s=96&d=mm&r=g69fea3cce3645dfa2166e7293e22955e","url":"https:\/\/secure.gravatar.com\/avatar\/9489a485c464fd611d33825daae651d13db70c4e74c65c94937a15a9d4c3ee14?s=96&d=mm&r=g","contentUrl":"https:\/\/secure.gravatar.com\/avatar\/9489a485c464fd611d33825daae651d13db70c4e74c65c94937a15a9d4c3ee14?s=96&d=mm&r=g","caption":"Redacci\u00f3"},"sameAs":["http:\/\/gastronomicament.cat"],"url":"https:\/\/gastronomicament.cat\/ca\/author\/admin"}]}},"_links":{"self":[{"href":"https:\/\/gastronomicament.cat\/ca\/wp-json\/wp\/v2\/posts\/93022","targetHints":{"allow":["GET"]}}],"collection":[{"href":"https:\/\/gastronomicament.cat\/ca\/wp-json\/wp\/v2\/posts"}],"about":[{"href":"https:\/\/gastronomicament.cat\/ca\/wp-json\/wp\/v2\/types\/post"}],"author":[{"embeddable":true,"href":"https:\/\/gastronomicament.cat\/ca\/wp-json\/wp\/v2\/users\/1"}],"replies":[{"embeddable":true,"href":"https:\/\/gastronomicament.cat\/ca\/wp-json\/wp\/v2\/comments?post=93022"}],"version-history":[{"count":0,"href":"https:\/\/gastronomicament.cat\/ca\/wp-json\/wp\/v2\/posts\/93022\/revisions"}],"wp:featuredmedia":[{"embeddable":true,"href":"https:\/\/gastronomicament.cat\/ca\/wp-json\/wp\/v2\/media\/93023"}],"wp:attachment":[{"href":"https:\/\/gastronomicament.cat\/ca\/wp-json\/wp\/v2\/media?parent=93022"}],"wp:term":[{"taxonomy":"category","embeddable":true,"href":"https:\/\/gastronomicament.cat\/ca\/wp-json\/wp\/v2\/categories?post=93022"},{"taxonomy":"post_tag","embeddable":true,"href":"https:\/\/gastronomicament.cat\/ca\/wp-json\/wp\/v2\/tags?post=93022"},{"taxonomy":"author","embeddable":true,"href":"https:\/\/gastronomicament.cat\/ca\/wp-json\/wp\/v2\/coauthors?post=93022"}],"curies":[{"name":"wp","href":"https:\/\/api.w.org\/{rel}","templated":true}]}}