{"id":9618,"date":"2013-12-09T12:27:46","date_gmt":"2013-12-09T11:27:46","guid":{"rendered":"http:\/\/gastronomicament.cat\/?p=9618"},"modified":"2022-04-07T11:03:50","modified_gmt":"2022-04-07T09:03:50","slug":"bri-lunic-restaurant-de-les-balears-que-compensa-les-emissions-de-co2","status":"publish","type":"post","link":"https:\/\/gastronomicament.cat\/ca\/bri-lunic-restaurant-de-les-balears-que-compensa-les-emissions-de-co2","title":{"rendered":"Bri, l&#8217;\u00fanic restaurant de les Balears que compensa les emissions de CO2"},"content":{"rendered":"<p style=\"text-align: justify;\">El restaurant mant\u00e9 el seu comprom\u00eds de pagar volunt\u00e0riament pels drets a emetre CO2, \u00e9s l\u2019\u00fanic restaurant que ho fa a les Illes Balears. La compensaci\u00f3 (pagar per emetre) \u00e9s una mesura de responsabilitat social que des del Bri s\u2019ha duit a terme el 2010, 2011 i 2012 a trav\u00e9s del qual s\u2019han compensat 59,42 tones de CO2 provinents del consum d\u2019energia (87,3 %), aigua (2,02%) i combustible (4,75%), aix\u00ed com de la producci\u00f3 de residus (5,67%).<\/p>\n<p><a title=\"Bri Restaurant Palma\" href=\"http:\/\/gastronomicament.cat\/restaurant-bri\">Bri Restaurant <\/a>ha redu\u00eft durant el 2012 les emissions respecte a 2011 en 10 tones (31,69 al 2011 i 21,00 al 2012) gr\u00e0cies al compliment de bones pr\u00e0ctiques ambientals i a la inversi\u00f3 en tecnologia m\u00e9s eficient. A m\u00e9s de disposar d\u2019enllumenat de baix consum i sensors de pres\u00e8ncia als banys, el restaurant, des de novembre de 2012 nom\u00e9s consumeix energia verda que compra a la cooperativa distribu\u00efdora Som Energia. Bri disposa d\u2019equipament nou i eficient, tot i aix\u00f2 s\u2019han instal\u00b7lat reductors de cabal d\u2019aigua a tots els llocs possibles (wc, aixetes, etc.). Quant a la correcta separaci\u00f3 de residus hi ha diversos poals indicatius de la rutina di\u00e0ria de la separaci\u00f3 per al reciclatge.<\/p>\n<blockquote>\n<p style=\"text-align: justify;\">BRI RESTAURANT MANT\u00c9 EL COMPROM\u00cdS DE PAGAR VOLUNTARIAMENT PELS DRETS D&#8217;EMETRE CO2<\/p>\n<\/blockquote>\n<p style=\"text-align: justify;\">La compensaci\u00f3 volunt\u00e0ria d\u2019emissions \u00e9s una iniciativa avalada per les Nacions Unides on Bri destina uns diners a projectes d\u2019efici\u00e8ncia energ\u00e8tica a pa\u00efsos en desenvolupament (enguany a un projecte d\u2019una f\u00e0brica de cer\u00e0mica de Brasil), aix\u00ed doncs no tan sols millora el medi ambient sin\u00f3 que s\u2019inverteix en l\u2019equilibri nord sud i la just\u00edcia social. En conseq\u00fc\u00e8ncia, Bri Restaurant ha obtingut el certificat CleanCO2 que acredita que la compensaci\u00f3 s\u2019ha efectuat mitjan\u00e7ant un projecte d\u2019alta qualitat del mercat de carboni, en aquest cas verificat segons els est\u00e0ndards VCS i Social Carbon.<\/p>\n<blockquote>\n<p style=\"text-align: justify;\">BRI DESTINA DOBLERS A PROJECTES D&#8217;EFICI\u00c8NCIA ENERG\u00c8TICA A PA\u00cfSOS EN DESENVOLUPAMENT<\/p>\n<\/blockquote>\n<p style=\"text-align: justify;\">Aquestes mesures formen part d\u2019una manera de fer de la propietat del restaurant que vol tornar a la societat el que aquesta mateixa li d\u00f3na. Bri, \u00e9s un restaurant de men\u00fa que ofereix una cuina senzilla, creativa i mediterr\u00e0nia i que generalment treballa amb productes locals, frescs i de temporada. La seva cuina ofereix plats vegetarians i alternatives a les persones cel\u00edaques, diab\u00e8tiques i amb altres alteracions de la dieta.<\/p>\n<p>Des de Bri es fa recerca cont\u00ednua de prove\u00efdors que disposin de bones pr\u00e0ctiques socials i ambientals en qualsevol dels \u00e0mbits de la cadena de prove\u00efment, fins i tot el bancari, on treballa amb Colonya Caixa de Pollen\u00e7a, entitat responsable de l\u2019Estalvi \u00c8tic.<\/p>\n<p>Podeu veure el certificat de compensaci\u00f3 i l\u2019informe d\u2019emissions dels 3 darrers anys a la seg\u00fcent adre\u00e7a:<\/p>\n<p><a title=\"Responsabilitat Bri Restaurant\" href=\"http:\/\/www.brirestaurant.com\/ca\/responsabilitat\/\" target=\"_blank\" rel=\"noopener\">http:\/\/www.brirestaurant.com\/ca\/responsabilitat\/<\/a><\/p>\n<pre>A la imatge: Pep Socias, propietari i cuiner del <a title=\"Bri Restaurant Palma\" href=\"http:\/\/gastronomicament.cat\/restaurant-bri\">Bri Restaurant de Palma<\/a><\/pre>\n<p><!--more--><\/p>\n","protected":false},"excerpt":{"rendered":"<p>El restaurant mant\u00e9 el seu comprom\u00eds de pagar volunt\u00e0riament pels drets a emetre CO2, \u00e9s l\u2019\u00fanic restaurant que ho fa a les Illes Balears. La compensaci\u00f3 (pagar per emetre) \u00e9s una mesura de responsabilitat social que des del Bri s\u2019ha duit a terme el 2010, 2011 i 2012 a trav\u00e9s del qual s\u2019han compensat 59,42 [&hellip;]<\/p>\n","protected":false},"author":1,"featured_media":9623,"comment_status":"open","ping_status":"closed","sticky":false,"template":"","format":"standard","meta":{"_acf_changed":false,"_swt_meta_header_display":false,"_swt_meta_footer_display":false,"_swt_meta_site_title_display":false,"_swt_meta_sticky_header":false,"_swt_meta_transparent_header":false,"footnotes":""},"categories":[692],"tags":[],"coauthors":[],"class_list":["post-9618","post","type-post","status-publish","format-standard","has-post-thumbnail","hentry","category-actualitat"],"acf":{"gallery":null,"home_date":{"home_begin_date":null,"home_end_date":null}},"yoast_head":"<!-- This site is optimized with the Yoast SEO plugin v27.4 - https:\/\/yoast.com\/product\/yoast-seo-wordpress\/ -->\n<title>Bri, l&#039;\u00fanic restaurant de les Balears que compensa les emissions de CO2<\/title>\n<meta name=\"description\" content=\"Bri, l&#039;\u00fanic restaurant de les Balears que compensa les emissions de CO2\" \/>\n<meta name=\"robots\" content=\"index, follow, max-snippet:-1, max-image-preview:large, max-video-preview:-1\" \/>\n<link rel=\"canonical\" href=\"https:\/\/gastronomicament.cat\/ca\/bri-lunic-restaurant-de-les-balears-que-compensa-les-emissions-de-co2\" \/>\n<meta property=\"og:locale\" content=\"ca_ES\" \/>\n<meta property=\"og:type\" content=\"article\" \/>\n<meta property=\"og:title\" content=\"Bri, l&#039;\u00fanic restaurant de les Balears que compensa les emissions de CO2\" \/>\n<meta property=\"og:description\" content=\"Bri, l&#039;\u00fanic restaurant de les Balears que compensa les emissions de CO2\" \/>\n<meta property=\"og:url\" content=\"https:\/\/gastronomicament.cat\/ca\/bri-lunic-restaurant-de-les-balears-que-compensa-les-emissions-de-co2\" \/>\n<meta property=\"og:site_name\" content=\"Gastron\u00f2micament\" \/>\n<meta property=\"article:published_time\" content=\"2013-12-09T11:27:46+00:00\" \/>\n<meta property=\"article:modified_time\" content=\"2022-04-07T09:03:50+00:00\" \/>\n<meta property=\"og:image\" content=\"https:\/\/gastronomicament.cat\/wp-content\/uploads\/2013\/12\/pep-socias-bri-restaurant-palma.jpg\" \/>\n\t<meta property=\"og:image:width\" content=\"1600\" \/>\n\t<meta property=\"og:image:height\" content=\"1068\" \/>\n\t<meta property=\"og:image:type\" content=\"image\/jpeg\" \/>\n<meta name=\"author\" content=\"Redacci\u00f3\" \/>\n<meta name=\"twitter:card\" content=\"summary_large_image\" \/>\n<meta name=\"twitter:creator\" content=\"@gastronomicamen\" \/>\n<meta name=\"twitter:site\" content=\"@gastronomicamen\" \/>\n<meta name=\"twitter:label1\" content=\"Written by\" \/>\n\t<meta name=\"twitter:data1\" content=\"Redacci\u00f3\" \/>\n\t<meta name=\"twitter:label2\" content=\"Est. reading time\" \/>\n\t<meta name=\"twitter:data2\" content=\"2 minutes\" \/>\n<script type=\"application\/ld+json\" class=\"yoast-schema-graph\">{\"@context\":\"https:\\\/\\\/schema.org\",\"@graph\":[{\"@type\":\"Article\",\"@id\":\"https:\\\/\\\/gastronomicament.cat\\\/ca\\\/bri-lunic-restaurant-de-les-balears-que-compensa-les-emissions-de-co2#article\",\"isPartOf\":{\"@id\":\"https:\\\/\\\/gastronomicament.cat\\\/ca\\\/bri-lunic-restaurant-de-les-balears-que-compensa-les-emissions-de-co2\"},\"author\":{\"name\":\"Redacci\u00f3\",\"@id\":\"https:\\\/\\\/gastronomicament.cat\\\/ca\\\/#\\\/schema\\\/person\\\/a7c85c537a1ed62799a5b8e0f686a37f\"},\"headline\":\"Bri, l&#8217;\u00fanic restaurant de les Balears que compensa les emissions de CO2\",\"datePublished\":\"2013-12-09T11:27:46+00:00\",\"dateModified\":\"2022-04-07T09:03:50+00:00\",\"mainEntityOfPage\":{\"@id\":\"https:\\\/\\\/gastronomicament.cat\\\/ca\\\/bri-lunic-restaurant-de-les-balears-que-compensa-les-emissions-de-co2\"},\"wordCount\":494,\"commentCount\":0,\"publisher\":{\"@id\":\"https:\\\/\\\/gastronomicament.cat\\\/ca\\\/#organization\"},\"image\":{\"@id\":\"https:\\\/\\\/gastronomicament.cat\\\/ca\\\/bri-lunic-restaurant-de-les-balears-que-compensa-les-emissions-de-co2#primaryimage\"},\"thumbnailUrl\":\"https:\\\/\\\/gastronomicament.cat\\\/wp-content\\\/uploads\\\/2013\\\/12\\\/pep-socias-bri-restaurant-palma.jpg\",\"articleSection\":[\"Actualitat\"],\"inLanguage\":\"ca-ES\",\"potentialAction\":[{\"@type\":\"CommentAction\",\"name\":\"Comment\",\"target\":[\"https:\\\/\\\/gastronomicament.cat\\\/ca\\\/bri-lunic-restaurant-de-les-balears-que-compensa-les-emissions-de-co2#respond\"]}]},{\"@type\":\"WebPage\",\"@id\":\"https:\\\/\\\/gastronomicament.cat\\\/ca\\\/bri-lunic-restaurant-de-les-balears-que-compensa-les-emissions-de-co2\",\"url\":\"https:\\\/\\\/gastronomicament.cat\\\/ca\\\/bri-lunic-restaurant-de-les-balears-que-compensa-les-emissions-de-co2\",\"name\":\"Bri, l'\u00fanic restaurant de les Balears que compensa les emissions de CO2\",\"isPartOf\":{\"@id\":\"https:\\\/\\\/gastronomicament.cat\\\/ca\\\/#website\"},\"primaryImageOfPage\":{\"@id\":\"https:\\\/\\\/gastronomicament.cat\\\/ca\\\/bri-lunic-restaurant-de-les-balears-que-compensa-les-emissions-de-co2#primaryimage\"},\"image\":{\"@id\":\"https:\\\/\\\/gastronomicament.cat\\\/ca\\\/bri-lunic-restaurant-de-les-balears-que-compensa-les-emissions-de-co2#primaryimage\"},\"thumbnailUrl\":\"https:\\\/\\\/gastronomicament.cat\\\/wp-content\\\/uploads\\\/2013\\\/12\\\/pep-socias-bri-restaurant-palma.jpg\",\"datePublished\":\"2013-12-09T11:27:46+00:00\",\"dateModified\":\"2022-04-07T09:03:50+00:00\",\"description\":\"Bri, l'\u00fanic restaurant de les Balears que compensa les emissions de CO2\",\"inLanguage\":\"ca-ES\",\"potentialAction\":[{\"@type\":\"ReadAction\",\"target\":[\"https:\\\/\\\/gastronomicament.cat\\\/ca\\\/bri-lunic-restaurant-de-les-balears-que-compensa-les-emissions-de-co2\"]}]},{\"@type\":\"ImageObject\",\"inLanguage\":\"ca-ES\",\"@id\":\"https:\\\/\\\/gastronomicament.cat\\\/ca\\\/bri-lunic-restaurant-de-les-balears-que-compensa-les-emissions-de-co2#primaryimage\",\"url\":\"https:\\\/\\\/gastronomicament.cat\\\/wp-content\\\/uploads\\\/2013\\\/12\\\/pep-socias-bri-restaurant-palma.jpg\",\"contentUrl\":\"https:\\\/\\\/gastronomicament.cat\\\/wp-content\\\/uploads\\\/2013\\\/12\\\/pep-socias-bri-restaurant-palma.jpg\",\"width\":1600,\"height\":1068},{\"@type\":\"WebSite\",\"@id\":\"https:\\\/\\\/gastronomicament.cat\\\/ca\\\/#website\",\"url\":\"https:\\\/\\\/gastronomicament.cat\\\/ca\\\/\",\"name\":\"Gastron\u00f2micament\",\"description\":\"Portal de restaurants, receptes i actualitat gastron\u00f2mica\",\"publisher\":{\"@id\":\"https:\\\/\\\/gastronomicament.cat\\\/ca\\\/#organization\"},\"potentialAction\":[{\"@type\":\"SearchAction\",\"target\":{\"@type\":\"EntryPoint\",\"urlTemplate\":\"https:\\\/\\\/gastronomicament.cat\\\/ca\\\/?s={search_term_string}\"},\"query-input\":{\"@type\":\"PropertyValueSpecification\",\"valueRequired\":true,\"valueName\":\"search_term_string\"}}],\"inLanguage\":\"ca-ES\"},{\"@type\":\"Organization\",\"@id\":\"https:\\\/\\\/gastronomicament.cat\\\/ca\\\/#organization\",\"name\":\"Gastron\u00f2micament\",\"url\":\"https:\\\/\\\/gastronomicament.cat\\\/ca\\\/\",\"logo\":{\"@type\":\"ImageObject\",\"inLanguage\":\"ca-ES\",\"@id\":\"https:\\\/\\\/gastronomicament.cat\\\/ca\\\/#\\\/schema\\\/logo\\\/image\\\/\",\"url\":\"https:\\\/\\\/gastronomicament.cat\\\/wp-content\\\/uploads\\\/2016\\\/09\\\/header-logo.jpg\",\"contentUrl\":\"https:\\\/\\\/gastronomicament.cat\\\/wp-content\\\/uploads\\\/2016\\\/09\\\/header-logo.jpg\",\"width\":277,\"height\":39,\"caption\":\"Gastron\u00f2micament\"},\"image\":{\"@id\":\"https:\\\/\\\/gastronomicament.cat\\\/ca\\\/#\\\/schema\\\/logo\\\/image\\\/\"},\"sameAs\":[\"https:\\\/\\\/x.com\\\/gastronomicamen\"]},{\"@type\":\"Person\",\"@id\":\"https:\\\/\\\/gastronomicament.cat\\\/ca\\\/#\\\/schema\\\/person\\\/a7c85c537a1ed62799a5b8e0f686a37f\",\"name\":\"Redacci\u00f3\",\"image\":{\"@type\":\"ImageObject\",\"inLanguage\":\"ca-ES\",\"@id\":\"https:\\\/\\\/secure.gravatar.com\\\/avatar\\\/9489a485c464fd611d33825daae651d13db70c4e74c65c94937a15a9d4c3ee14?s=96&d=mm&r=g69fea3cce3645dfa2166e7293e22955e\",\"url\":\"https:\\\/\\\/secure.gravatar.com\\\/avatar\\\/9489a485c464fd611d33825daae651d13db70c4e74c65c94937a15a9d4c3ee14?s=96&d=mm&r=g\",\"contentUrl\":\"https:\\\/\\\/secure.gravatar.com\\\/avatar\\\/9489a485c464fd611d33825daae651d13db70c4e74c65c94937a15a9d4c3ee14?s=96&d=mm&r=g\",\"caption\":\"Redacci\u00f3\"},\"sameAs\":[\"http:\\\/\\\/gastronomicament.cat\"],\"url\":\"https:\\\/\\\/gastronomicament.cat\\\/ca\\\/author\\\/admin\"}]}<\/script>\n<!-- \/ Yoast SEO plugin. -->","yoast_head_json":{"title":"Bri, l'\u00fanic restaurant de les Balears que compensa les emissions de CO2","description":"Bri, l'\u00fanic restaurant de les Balears que compensa les emissions de CO2","robots":{"index":"index","follow":"follow","max-snippet":"max-snippet:-1","max-image-preview":"max-image-preview:large","max-video-preview":"max-video-preview:-1"},"canonical":"https:\/\/gastronomicament.cat\/ca\/bri-lunic-restaurant-de-les-balears-que-compensa-les-emissions-de-co2","og_locale":"ca_ES","og_type":"article","og_title":"Bri, l'\u00fanic restaurant de les Balears que compensa les emissions de CO2","og_description":"Bri, l'\u00fanic restaurant de les Balears que compensa les emissions de CO2","og_url":"https:\/\/gastronomicament.cat\/ca\/bri-lunic-restaurant-de-les-balears-que-compensa-les-emissions-de-co2","og_site_name":"Gastron\u00f2micament","article_published_time":"2013-12-09T11:27:46+00:00","article_modified_time":"2022-04-07T09:03:50+00:00","og_image":[{"width":1600,"height":1068,"url":"https:\/\/gastronomicament.cat\/wp-content\/uploads\/2013\/12\/pep-socias-bri-restaurant-palma.jpg","type":"image\/jpeg"}],"author":"Redacci\u00f3","twitter_card":"summary_large_image","twitter_creator":"@gastronomicamen","twitter_site":"@gastronomicamen","twitter_misc":{"Written by":"Redacci\u00f3","Est. reading time":"2 minutes"},"schema":{"@context":"https:\/\/schema.org","@graph":[{"@type":"Article","@id":"https:\/\/gastronomicament.cat\/ca\/bri-lunic-restaurant-de-les-balears-que-compensa-les-emissions-de-co2#article","isPartOf":{"@id":"https:\/\/gastronomicament.cat\/ca\/bri-lunic-restaurant-de-les-balears-que-compensa-les-emissions-de-co2"},"author":{"name":"Redacci\u00f3","@id":"https:\/\/gastronomicament.cat\/ca\/#\/schema\/person\/a7c85c537a1ed62799a5b8e0f686a37f"},"headline":"Bri, l&#8217;\u00fanic restaurant de les Balears que compensa les emissions de CO2","datePublished":"2013-12-09T11:27:46+00:00","dateModified":"2022-04-07T09:03:50+00:00","mainEntityOfPage":{"@id":"https:\/\/gastronomicament.cat\/ca\/bri-lunic-restaurant-de-les-balears-que-compensa-les-emissions-de-co2"},"wordCount":494,"commentCount":0,"publisher":{"@id":"https:\/\/gastronomicament.cat\/ca\/#organization"},"image":{"@id":"https:\/\/gastronomicament.cat\/ca\/bri-lunic-restaurant-de-les-balears-que-compensa-les-emissions-de-co2#primaryimage"},"thumbnailUrl":"https:\/\/gastronomicament.cat\/wp-content\/uploads\/2013\/12\/pep-socias-bri-restaurant-palma.jpg","articleSection":["Actualitat"],"inLanguage":"ca-ES","potentialAction":[{"@type":"CommentAction","name":"Comment","target":["https:\/\/gastronomicament.cat\/ca\/bri-lunic-restaurant-de-les-balears-que-compensa-les-emissions-de-co2#respond"]}]},{"@type":"WebPage","@id":"https:\/\/gastronomicament.cat\/ca\/bri-lunic-restaurant-de-les-balears-que-compensa-les-emissions-de-co2","url":"https:\/\/gastronomicament.cat\/ca\/bri-lunic-restaurant-de-les-balears-que-compensa-les-emissions-de-co2","name":"Bri, l'\u00fanic restaurant de les Balears que compensa les emissions de CO2","isPartOf":{"@id":"https:\/\/gastronomicament.cat\/ca\/#website"},"primaryImageOfPage":{"@id":"https:\/\/gastronomicament.cat\/ca\/bri-lunic-restaurant-de-les-balears-que-compensa-les-emissions-de-co2#primaryimage"},"image":{"@id":"https:\/\/gastronomicament.cat\/ca\/bri-lunic-restaurant-de-les-balears-que-compensa-les-emissions-de-co2#primaryimage"},"thumbnailUrl":"https:\/\/gastronomicament.cat\/wp-content\/uploads\/2013\/12\/pep-socias-bri-restaurant-palma.jpg","datePublished":"2013-12-09T11:27:46+00:00","dateModified":"2022-04-07T09:03:50+00:00","description":"Bri, l'\u00fanic restaurant de les Balears que compensa les emissions de CO2","inLanguage":"ca-ES","potentialAction":[{"@type":"ReadAction","target":["https:\/\/gastronomicament.cat\/ca\/bri-lunic-restaurant-de-les-balears-que-compensa-les-emissions-de-co2"]}]},{"@type":"ImageObject","inLanguage":"ca-ES","@id":"https:\/\/gastronomicament.cat\/ca\/bri-lunic-restaurant-de-les-balears-que-compensa-les-emissions-de-co2#primaryimage","url":"https:\/\/gastronomicament.cat\/wp-content\/uploads\/2013\/12\/pep-socias-bri-restaurant-palma.jpg","contentUrl":"https:\/\/gastronomicament.cat\/wp-content\/uploads\/2013\/12\/pep-socias-bri-restaurant-palma.jpg","width":1600,"height":1068},{"@type":"WebSite","@id":"https:\/\/gastronomicament.cat\/ca\/#website","url":"https:\/\/gastronomicament.cat\/ca\/","name":"Gastron\u00f2micament","description":"Portal de restaurants, receptes i actualitat gastron\u00f2mica","publisher":{"@id":"https:\/\/gastronomicament.cat\/ca\/#organization"},"potentialAction":[{"@type":"SearchAction","target":{"@type":"EntryPoint","urlTemplate":"https:\/\/gastronomicament.cat\/ca\/?s={search_term_string}"},"query-input":{"@type":"PropertyValueSpecification","valueRequired":true,"valueName":"search_term_string"}}],"inLanguage":"ca-ES"},{"@type":"Organization","@id":"https:\/\/gastronomicament.cat\/ca\/#organization","name":"Gastron\u00f2micament","url":"https:\/\/gastronomicament.cat\/ca\/","logo":{"@type":"ImageObject","inLanguage":"ca-ES","@id":"https:\/\/gastronomicament.cat\/ca\/#\/schema\/logo\/image\/","url":"https:\/\/gastronomicament.cat\/wp-content\/uploads\/2016\/09\/header-logo.jpg","contentUrl":"https:\/\/gastronomicament.cat\/wp-content\/uploads\/2016\/09\/header-logo.jpg","width":277,"height":39,"caption":"Gastron\u00f2micament"},"image":{"@id":"https:\/\/gastronomicament.cat\/ca\/#\/schema\/logo\/image\/"},"sameAs":["https:\/\/x.com\/gastronomicamen"]},{"@type":"Person","@id":"https:\/\/gastronomicament.cat\/ca\/#\/schema\/person\/a7c85c537a1ed62799a5b8e0f686a37f","name":"Redacci\u00f3","image":{"@type":"ImageObject","inLanguage":"ca-ES","@id":"https:\/\/secure.gravatar.com\/avatar\/9489a485c464fd611d33825daae651d13db70c4e74c65c94937a15a9d4c3ee14?s=96&d=mm&r=g69fea3cce3645dfa2166e7293e22955e","url":"https:\/\/secure.gravatar.com\/avatar\/9489a485c464fd611d33825daae651d13db70c4e74c65c94937a15a9d4c3ee14?s=96&d=mm&r=g","contentUrl":"https:\/\/secure.gravatar.com\/avatar\/9489a485c464fd611d33825daae651d13db70c4e74c65c94937a15a9d4c3ee14?s=96&d=mm&r=g","caption":"Redacci\u00f3"},"sameAs":["http:\/\/gastronomicament.cat"],"url":"https:\/\/gastronomicament.cat\/ca\/author\/admin"}]}},"_links":{"self":[{"href":"https:\/\/gastronomicament.cat\/ca\/wp-json\/wp\/v2\/posts\/9618","targetHints":{"allow":["GET"]}}],"collection":[{"href":"https:\/\/gastronomicament.cat\/ca\/wp-json\/wp\/v2\/posts"}],"about":[{"href":"https:\/\/gastronomicament.cat\/ca\/wp-json\/wp\/v2\/types\/post"}],"author":[{"embeddable":true,"href":"https:\/\/gastronomicament.cat\/ca\/wp-json\/wp\/v2\/users\/1"}],"replies":[{"embeddable":true,"href":"https:\/\/gastronomicament.cat\/ca\/wp-json\/wp\/v2\/comments?post=9618"}],"version-history":[{"count":0,"href":"https:\/\/gastronomicament.cat\/ca\/wp-json\/wp\/v2\/posts\/9618\/revisions"}],"wp:featuredmedia":[{"embeddable":true,"href":"https:\/\/gastronomicament.cat\/ca\/wp-json\/wp\/v2\/media\/9623"}],"wp:attachment":[{"href":"https:\/\/gastronomicament.cat\/ca\/wp-json\/wp\/v2\/media?parent=9618"}],"wp:term":[{"taxonomy":"category","embeddable":true,"href":"https:\/\/gastronomicament.cat\/ca\/wp-json\/wp\/v2\/categories?post=9618"},{"taxonomy":"post_tag","embeddable":true,"href":"https:\/\/gastronomicament.cat\/ca\/wp-json\/wp\/v2\/tags?post=9618"},{"taxonomy":"author","embeddable":true,"href":"https:\/\/gastronomicament.cat\/ca\/wp-json\/wp\/v2\/coauthors?post=9618"}],"curies":[{"name":"wp","href":"https:\/\/api.w.org\/{rel}","templated":true}]}}