{"id":9688,"date":"2013-12-16T02:08:37","date_gmt":"2013-12-16T01:08:37","guid":{"rendered":"http:\/\/gastronomicament.cat\/?p=9688"},"modified":"2022-04-07T11:03:51","modified_gmt":"2022-04-07T09:03:51","slug":"cuina-catalana-patrimoni-de-la-humanitat-per-al-2014","status":"publish","type":"post","link":"https:\/\/gastronomicament.cat\/ca\/cuina-catalana-patrimoni-de-la-humanitat-per-al-2014","title":{"rendered":"Cuina catalana, patrimoni de la Humanitat per al 2014"},"content":{"rendered":"<p>Gastron\u00f2micament d\u00f3na suport a la candidatura de la cuina catalana com a Patrimoni de la Humanitat per al 2014.<\/p>\n<p>La cuina catalana presenta uns trets que la fan \u00fanica al m\u00f3n. No sols perqu\u00e8 la varietat paisatg\u00edstica del territori catal\u00e0 d\u00f3na com a resultat una \u00e0mplia gama de productes, sin\u00f3 tamb\u00e9 perqu\u00e8 fa temps que es treballa cercant una producci\u00f3 de qualitat, com aix\u00ed ho demostren distintius com els de Denominaci\u00f3 d\u2019Origen (DO), Denominaci\u00f3 d\u2019Origen Protegida (DOP), Indicaci\u00f3 Geogr\u00e0fica Protegida (IGP) o Marca Q de qualitat, entre d\u2019altres. A m\u00e9s, la nostra cuina compta amb una llarga tradici\u00f3 hist\u00f2rica, com deixen en evid\u00e8ncia receptaris medievals com el <em>Llibre de Sent Sov\u00ed<\/em>, escrit en catal\u00e0 i amb m\u00e9s de sis cents anys d\u2019hist\u00f2ria.<\/p>\n<p>El 2012 a la Fundaci\u00f3 Institut Catal\u00e0 de la Cuina i de la Cultura Gastron\u00f2mica i de la Cultura Gastron\u00f2mica (FICCG) varen voler donar un pas endavant. Per aix\u00f2 estan treballant per aconseguir el reconeixement per part de la UNESCO de la cuina catalana com a patrimoni immaterial de la humanitat.<\/p>\n<p>Al voltant del fet culinari s\u2019hi congreguen professionals de molts sectors: pagesos, pescadors, ramaders, restauradors, flequers, productors\u2026 Valorar la seva tasca i donar-la a con\u00e8ixer aqu\u00ed i a fora servir\u00e0 no nom\u00e9s per preservar el nostre patrimoni, sin\u00f3 tamb\u00e9 per dinamitzar la nostra economia.<\/p>\n<p>Tamb\u00e9 han posat en marxa una campanya d&#8217;adhesi\u00f3 de restaurants que tenen el 40% com a m\u00ednim de plats de cuina catalana. Sens dubte \u00e9s una iniciativa ben interessant i positiva per donar prestigi a la cuina tradicional enfront a multinacionals i la globalitzaci\u00f3 aliment\u00e0ria que patim.<\/p>\n<p>Podeu consultar-ne m\u00e9s informaci\u00f3 a:\u00a0<a href=\"http:\/\/www.cuinacatalana.eu\/\">http:\/\/www.cuinacatalana.eu\/<\/a><!--more--><\/p>\n","protected":false},"excerpt":{"rendered":"<p>Gastron\u00f2micament d\u00f3na suport a la candidatura de la cuina catalana com a Patrimoni de la Humanitat&hellip;<\/p>\n","protected":false},"author":1,"featured_media":9689,"comment_status":"open","ping_status":"closed","sticky":false,"template":"","format":"standard","meta":{"_acf_changed":false,"_swt_meta_header_display":false,"_swt_meta_footer_display":false,"_swt_meta_site_title_display":false,"_swt_meta_sticky_header":false,"_swt_meta_transparent_header":false,"footnotes":""},"categories":[692],"tags":[],"coauthors":[],"class_list":["post-9688","post","type-post","status-publish","format-standard","has-post-thumbnail","hentry","category-actualitat"],"acf":{"gallery":null,"home_date":{"home_begin_date":null,"home_end_date":null}},"yoast_head":"<!-- This site is optimized with the Yoast SEO plugin v27.4 - https:\/\/yoast.com\/product\/yoast-seo-wordpress\/ -->\n<title>Cuina catalana, patrimoni de la Humanitat per al 2014<\/title>\n<meta name=\"description\" content=\"Cuina catalana, patrimoni de la Humanitat per al 2014 \/ Cocina catalana, patrimonio de la Humanidad para el 2014\" \/>\n<meta name=\"robots\" content=\"index, follow, max-snippet:-1, max-image-preview:large, max-video-preview:-1\" \/>\n<link rel=\"canonical\" href=\"https:\/\/gastronomicament.cat\/ca\/cuina-catalana-patrimoni-de-la-humanitat-per-al-2014\" \/>\n<meta property=\"og:locale\" content=\"ca_ES\" \/>\n<meta property=\"og:type\" content=\"article\" \/>\n<meta property=\"og:title\" content=\"Cuina catalana, patrimoni de la Humanitat per al 2014\" \/>\n<meta property=\"og:description\" content=\"Cuina catalana, patrimoni de la Humanitat per al 2014 \/ Cocina catalana, patrimonio de la Humanidad para el 2014\" \/>\n<meta property=\"og:url\" content=\"https:\/\/gastronomicament.cat\/ca\/cuina-catalana-patrimoni-de-la-humanitat-per-al-2014\" \/>\n<meta property=\"og:site_name\" content=\"Gastron\u00f2micament\" \/>\n<meta property=\"article:published_time\" content=\"2013-12-16T01:08:37+00:00\" \/>\n<meta property=\"article:modified_time\" content=\"2022-04-07T09:03:51+00:00\" \/>\n<meta property=\"og:image\" content=\"https:\/\/gastronomicament.cat\/wp-content\/uploads\/2013\/12\/cuina-catalana-patrimoni-humanitat.jpg\" \/>\n\t<meta property=\"og:image:width\" content=\"640\" \/>\n\t<meta property=\"og:image:height\" content=\"300\" \/>\n\t<meta property=\"og:image:type\" content=\"image\/jpeg\" \/>\n<meta name=\"author\" content=\"Redacci\u00f3\" \/>\n<meta name=\"twitter:card\" content=\"summary_large_image\" \/>\n<meta name=\"twitter:creator\" content=\"@gastronomicamen\" \/>\n<meta name=\"twitter:site\" content=\"@gastronomicamen\" \/>\n<meta name=\"twitter:label1\" content=\"Written by\" \/>\n\t<meta name=\"twitter:data1\" content=\"Redacci\u00f3\" \/>\n\t<meta name=\"twitter:label2\" content=\"Est. reading time\" \/>\n\t<meta name=\"twitter:data2\" content=\"1 minute\" \/>\n<script type=\"application\/ld+json\" class=\"yoast-schema-graph\">{\"@context\":\"https:\\\/\\\/schema.org\",\"@graph\":[{\"@type\":\"Article\",\"@id\":\"https:\\\/\\\/gastronomicament.cat\\\/ca\\\/cuina-catalana-patrimoni-de-la-humanitat-per-al-2014#article\",\"isPartOf\":{\"@id\":\"https:\\\/\\\/gastronomicament.cat\\\/ca\\\/cuina-catalana-patrimoni-de-la-humanitat-per-al-2014\"},\"author\":{\"name\":\"Redacci\u00f3\",\"@id\":\"https:\\\/\\\/gastronomicament.cat\\\/ca\\\/#\\\/schema\\\/person\\\/a7c85c537a1ed62799a5b8e0f686a37f\"},\"headline\":\"Cuina catalana, patrimoni de la Humanitat per al 2014\",\"datePublished\":\"2013-12-16T01:08:37+00:00\",\"dateModified\":\"2022-04-07T09:03:51+00:00\",\"mainEntityOfPage\":{\"@id\":\"https:\\\/\\\/gastronomicament.cat\\\/ca\\\/cuina-catalana-patrimoni-de-la-humanitat-per-al-2014\"},\"wordCount\":301,\"commentCount\":0,\"publisher\":{\"@id\":\"https:\\\/\\\/gastronomicament.cat\\\/ca\\\/#organization\"},\"image\":{\"@id\":\"https:\\\/\\\/gastronomicament.cat\\\/ca\\\/cuina-catalana-patrimoni-de-la-humanitat-per-al-2014#primaryimage\"},\"thumbnailUrl\":\"https:\\\/\\\/gastronomicament.cat\\\/wp-content\\\/uploads\\\/2013\\\/12\\\/cuina-catalana-patrimoni-humanitat.jpg\",\"articleSection\":[\"Actualitat\"],\"inLanguage\":\"ca-ES\",\"potentialAction\":[{\"@type\":\"CommentAction\",\"name\":\"Comment\",\"target\":[\"https:\\\/\\\/gastronomicament.cat\\\/ca\\\/cuina-catalana-patrimoni-de-la-humanitat-per-al-2014#respond\"]}]},{\"@type\":\"WebPage\",\"@id\":\"https:\\\/\\\/gastronomicament.cat\\\/ca\\\/cuina-catalana-patrimoni-de-la-humanitat-per-al-2014\",\"url\":\"https:\\\/\\\/gastronomicament.cat\\\/ca\\\/cuina-catalana-patrimoni-de-la-humanitat-per-al-2014\",\"name\":\"Cuina catalana, patrimoni de la Humanitat per al 2014\",\"isPartOf\":{\"@id\":\"https:\\\/\\\/gastronomicament.cat\\\/ca\\\/#website\"},\"primaryImageOfPage\":{\"@id\":\"https:\\\/\\\/gastronomicament.cat\\\/ca\\\/cuina-catalana-patrimoni-de-la-humanitat-per-al-2014#primaryimage\"},\"image\":{\"@id\":\"https:\\\/\\\/gastronomicament.cat\\\/ca\\\/cuina-catalana-patrimoni-de-la-humanitat-per-al-2014#primaryimage\"},\"thumbnailUrl\":\"https:\\\/\\\/gastronomicament.cat\\\/wp-content\\\/uploads\\\/2013\\\/12\\\/cuina-catalana-patrimoni-humanitat.jpg\",\"datePublished\":\"2013-12-16T01:08:37+00:00\",\"dateModified\":\"2022-04-07T09:03:51+00:00\",\"description\":\"Cuina catalana, patrimoni de la Humanitat per al 2014 \\\/ Cocina catalana, patrimonio de la Humanidad para el 2014\",\"inLanguage\":\"ca-ES\",\"potentialAction\":[{\"@type\":\"ReadAction\",\"target\":[\"https:\\\/\\\/gastronomicament.cat\\\/ca\\\/cuina-catalana-patrimoni-de-la-humanitat-per-al-2014\"]}]},{\"@type\":\"ImageObject\",\"inLanguage\":\"ca-ES\",\"@id\":\"https:\\\/\\\/gastronomicament.cat\\\/ca\\\/cuina-catalana-patrimoni-de-la-humanitat-per-al-2014#primaryimage\",\"url\":\"https:\\\/\\\/gastronomicament.cat\\\/wp-content\\\/uploads\\\/2013\\\/12\\\/cuina-catalana-patrimoni-humanitat.jpg\",\"contentUrl\":\"https:\\\/\\\/gastronomicament.cat\\\/wp-content\\\/uploads\\\/2013\\\/12\\\/cuina-catalana-patrimoni-humanitat.jpg\",\"width\":640,\"height\":300},{\"@type\":\"WebSite\",\"@id\":\"https:\\\/\\\/gastronomicament.cat\\\/ca\\\/#website\",\"url\":\"https:\\\/\\\/gastronomicament.cat\\\/ca\\\/\",\"name\":\"Gastron\u00f2micament\",\"description\":\"Portal de restaurants, receptes i actualitat gastron\u00f2mica\",\"publisher\":{\"@id\":\"https:\\\/\\\/gastronomicament.cat\\\/ca\\\/#organization\"},\"potentialAction\":[{\"@type\":\"SearchAction\",\"target\":{\"@type\":\"EntryPoint\",\"urlTemplate\":\"https:\\\/\\\/gastronomicament.cat\\\/ca\\\/?s={search_term_string}\"},\"query-input\":{\"@type\":\"PropertyValueSpecification\",\"valueRequired\":true,\"valueName\":\"search_term_string\"}}],\"inLanguage\":\"ca-ES\"},{\"@type\":\"Organization\",\"@id\":\"https:\\\/\\\/gastronomicament.cat\\\/ca\\\/#organization\",\"name\":\"Gastron\u00f2micament\",\"url\":\"https:\\\/\\\/gastronomicament.cat\\\/ca\\\/\",\"logo\":{\"@type\":\"ImageObject\",\"inLanguage\":\"ca-ES\",\"@id\":\"https:\\\/\\\/gastronomicament.cat\\\/ca\\\/#\\\/schema\\\/logo\\\/image\\\/\",\"url\":\"https:\\\/\\\/gastronomicament.cat\\\/wp-content\\\/uploads\\\/2016\\\/09\\\/header-logo.jpg\",\"contentUrl\":\"https:\\\/\\\/gastronomicament.cat\\\/wp-content\\\/uploads\\\/2016\\\/09\\\/header-logo.jpg\",\"width\":277,\"height\":39,\"caption\":\"Gastron\u00f2micament\"},\"image\":{\"@id\":\"https:\\\/\\\/gastronomicament.cat\\\/ca\\\/#\\\/schema\\\/logo\\\/image\\\/\"},\"sameAs\":[\"https:\\\/\\\/x.com\\\/gastronomicamen\"]},{\"@type\":\"Person\",\"@id\":\"https:\\\/\\\/gastronomicament.cat\\\/ca\\\/#\\\/schema\\\/person\\\/a7c85c537a1ed62799a5b8e0f686a37f\",\"name\":\"Redacci\u00f3\",\"image\":{\"@type\":\"ImageObject\",\"inLanguage\":\"ca-ES\",\"@id\":\"https:\\\/\\\/secure.gravatar.com\\\/avatar\\\/9489a485c464fd611d33825daae651d13db70c4e74c65c94937a15a9d4c3ee14?s=96&d=mm&r=g69fea3cce3645dfa2166e7293e22955e\",\"url\":\"https:\\\/\\\/secure.gravatar.com\\\/avatar\\\/9489a485c464fd611d33825daae651d13db70c4e74c65c94937a15a9d4c3ee14?s=96&d=mm&r=g\",\"contentUrl\":\"https:\\\/\\\/secure.gravatar.com\\\/avatar\\\/9489a485c464fd611d33825daae651d13db70c4e74c65c94937a15a9d4c3ee14?s=96&d=mm&r=g\",\"caption\":\"Redacci\u00f3\"},\"sameAs\":[\"http:\\\/\\\/gastronomicament.cat\"],\"url\":\"https:\\\/\\\/gastronomicament.cat\\\/ca\\\/author\\\/admin\"}]}<\/script>\n<!-- \/ Yoast SEO plugin. -->","yoast_head_json":{"title":"Cuina catalana, patrimoni de la Humanitat per al 2014","description":"Cuina catalana, patrimoni de la Humanitat per al 2014 \/ Cocina catalana, patrimonio de la Humanidad para el 2014","robots":{"index":"index","follow":"follow","max-snippet":"max-snippet:-1","max-image-preview":"max-image-preview:large","max-video-preview":"max-video-preview:-1"},"canonical":"https:\/\/gastronomicament.cat\/ca\/cuina-catalana-patrimoni-de-la-humanitat-per-al-2014","og_locale":"ca_ES","og_type":"article","og_title":"Cuina catalana, patrimoni de la Humanitat per al 2014","og_description":"Cuina catalana, patrimoni de la Humanitat per al 2014 \/ Cocina catalana, patrimonio de la Humanidad para el 2014","og_url":"https:\/\/gastronomicament.cat\/ca\/cuina-catalana-patrimoni-de-la-humanitat-per-al-2014","og_site_name":"Gastron\u00f2micament","article_published_time":"2013-12-16T01:08:37+00:00","article_modified_time":"2022-04-07T09:03:51+00:00","og_image":[{"width":640,"height":300,"url":"https:\/\/gastronomicament.cat\/wp-content\/uploads\/2013\/12\/cuina-catalana-patrimoni-humanitat.jpg","type":"image\/jpeg"}],"author":"Redacci\u00f3","twitter_card":"summary_large_image","twitter_creator":"@gastronomicamen","twitter_site":"@gastronomicamen","twitter_misc":{"Written by":"Redacci\u00f3","Est. reading time":"1 minute"},"schema":{"@context":"https:\/\/schema.org","@graph":[{"@type":"Article","@id":"https:\/\/gastronomicament.cat\/ca\/cuina-catalana-patrimoni-de-la-humanitat-per-al-2014#article","isPartOf":{"@id":"https:\/\/gastronomicament.cat\/ca\/cuina-catalana-patrimoni-de-la-humanitat-per-al-2014"},"author":{"name":"Redacci\u00f3","@id":"https:\/\/gastronomicament.cat\/ca\/#\/schema\/person\/a7c85c537a1ed62799a5b8e0f686a37f"},"headline":"Cuina catalana, patrimoni de la Humanitat per al 2014","datePublished":"2013-12-16T01:08:37+00:00","dateModified":"2022-04-07T09:03:51+00:00","mainEntityOfPage":{"@id":"https:\/\/gastronomicament.cat\/ca\/cuina-catalana-patrimoni-de-la-humanitat-per-al-2014"},"wordCount":301,"commentCount":0,"publisher":{"@id":"https:\/\/gastronomicament.cat\/ca\/#organization"},"image":{"@id":"https:\/\/gastronomicament.cat\/ca\/cuina-catalana-patrimoni-de-la-humanitat-per-al-2014#primaryimage"},"thumbnailUrl":"https:\/\/gastronomicament.cat\/wp-content\/uploads\/2013\/12\/cuina-catalana-patrimoni-humanitat.jpg","articleSection":["Actualitat"],"inLanguage":"ca-ES","potentialAction":[{"@type":"CommentAction","name":"Comment","target":["https:\/\/gastronomicament.cat\/ca\/cuina-catalana-patrimoni-de-la-humanitat-per-al-2014#respond"]}]},{"@type":"WebPage","@id":"https:\/\/gastronomicament.cat\/ca\/cuina-catalana-patrimoni-de-la-humanitat-per-al-2014","url":"https:\/\/gastronomicament.cat\/ca\/cuina-catalana-patrimoni-de-la-humanitat-per-al-2014","name":"Cuina catalana, patrimoni de la Humanitat per al 2014","isPartOf":{"@id":"https:\/\/gastronomicament.cat\/ca\/#website"},"primaryImageOfPage":{"@id":"https:\/\/gastronomicament.cat\/ca\/cuina-catalana-patrimoni-de-la-humanitat-per-al-2014#primaryimage"},"image":{"@id":"https:\/\/gastronomicament.cat\/ca\/cuina-catalana-patrimoni-de-la-humanitat-per-al-2014#primaryimage"},"thumbnailUrl":"https:\/\/gastronomicament.cat\/wp-content\/uploads\/2013\/12\/cuina-catalana-patrimoni-humanitat.jpg","datePublished":"2013-12-16T01:08:37+00:00","dateModified":"2022-04-07T09:03:51+00:00","description":"Cuina catalana, patrimoni de la Humanitat per al 2014 \/ Cocina catalana, patrimonio de la Humanidad para el 2014","inLanguage":"ca-ES","potentialAction":[{"@type":"ReadAction","target":["https:\/\/gastronomicament.cat\/ca\/cuina-catalana-patrimoni-de-la-humanitat-per-al-2014"]}]},{"@type":"ImageObject","inLanguage":"ca-ES","@id":"https:\/\/gastronomicament.cat\/ca\/cuina-catalana-patrimoni-de-la-humanitat-per-al-2014#primaryimage","url":"https:\/\/gastronomicament.cat\/wp-content\/uploads\/2013\/12\/cuina-catalana-patrimoni-humanitat.jpg","contentUrl":"https:\/\/gastronomicament.cat\/wp-content\/uploads\/2013\/12\/cuina-catalana-patrimoni-humanitat.jpg","width":640,"height":300},{"@type":"WebSite","@id":"https:\/\/gastronomicament.cat\/ca\/#website","url":"https:\/\/gastronomicament.cat\/ca\/","name":"Gastron\u00f2micament","description":"Portal de restaurants, receptes i actualitat gastron\u00f2mica","publisher":{"@id":"https:\/\/gastronomicament.cat\/ca\/#organization"},"potentialAction":[{"@type":"SearchAction","target":{"@type":"EntryPoint","urlTemplate":"https:\/\/gastronomicament.cat\/ca\/?s={search_term_string}"},"query-input":{"@type":"PropertyValueSpecification","valueRequired":true,"valueName":"search_term_string"}}],"inLanguage":"ca-ES"},{"@type":"Organization","@id":"https:\/\/gastronomicament.cat\/ca\/#organization","name":"Gastron\u00f2micament","url":"https:\/\/gastronomicament.cat\/ca\/","logo":{"@type":"ImageObject","inLanguage":"ca-ES","@id":"https:\/\/gastronomicament.cat\/ca\/#\/schema\/logo\/image\/","url":"https:\/\/gastronomicament.cat\/wp-content\/uploads\/2016\/09\/header-logo.jpg","contentUrl":"https:\/\/gastronomicament.cat\/wp-content\/uploads\/2016\/09\/header-logo.jpg","width":277,"height":39,"caption":"Gastron\u00f2micament"},"image":{"@id":"https:\/\/gastronomicament.cat\/ca\/#\/schema\/logo\/image\/"},"sameAs":["https:\/\/x.com\/gastronomicamen"]},{"@type":"Person","@id":"https:\/\/gastronomicament.cat\/ca\/#\/schema\/person\/a7c85c537a1ed62799a5b8e0f686a37f","name":"Redacci\u00f3","image":{"@type":"ImageObject","inLanguage":"ca-ES","@id":"https:\/\/secure.gravatar.com\/avatar\/9489a485c464fd611d33825daae651d13db70c4e74c65c94937a15a9d4c3ee14?s=96&d=mm&r=g69fea3cce3645dfa2166e7293e22955e","url":"https:\/\/secure.gravatar.com\/avatar\/9489a485c464fd611d33825daae651d13db70c4e74c65c94937a15a9d4c3ee14?s=96&d=mm&r=g","contentUrl":"https:\/\/secure.gravatar.com\/avatar\/9489a485c464fd611d33825daae651d13db70c4e74c65c94937a15a9d4c3ee14?s=96&d=mm&r=g","caption":"Redacci\u00f3"},"sameAs":["http:\/\/gastronomicament.cat"],"url":"https:\/\/gastronomicament.cat\/ca\/author\/admin"}]}},"_links":{"self":[{"href":"https:\/\/gastronomicament.cat\/ca\/wp-json\/wp\/v2\/posts\/9688","targetHints":{"allow":["GET"]}}],"collection":[{"href":"https:\/\/gastronomicament.cat\/ca\/wp-json\/wp\/v2\/posts"}],"about":[{"href":"https:\/\/gastronomicament.cat\/ca\/wp-json\/wp\/v2\/types\/post"}],"author":[{"embeddable":true,"href":"https:\/\/gastronomicament.cat\/ca\/wp-json\/wp\/v2\/users\/1"}],"replies":[{"embeddable":true,"href":"https:\/\/gastronomicament.cat\/ca\/wp-json\/wp\/v2\/comments?post=9688"}],"version-history":[{"count":0,"href":"https:\/\/gastronomicament.cat\/ca\/wp-json\/wp\/v2\/posts\/9688\/revisions"}],"wp:featuredmedia":[{"embeddable":true,"href":"https:\/\/gastronomicament.cat\/ca\/wp-json\/wp\/v2\/media\/9689"}],"wp:attachment":[{"href":"https:\/\/gastronomicament.cat\/ca\/wp-json\/wp\/v2\/media?parent=9688"}],"wp:term":[{"taxonomy":"category","embeddable":true,"href":"https:\/\/gastronomicament.cat\/ca\/wp-json\/wp\/v2\/categories?post=9688"},{"taxonomy":"post_tag","embeddable":true,"href":"https:\/\/gastronomicament.cat\/ca\/wp-json\/wp\/v2\/tags?post=9688"},{"taxonomy":"author","embeddable":true,"href":"https:\/\/gastronomicament.cat\/ca\/wp-json\/wp\/v2\/coauthors?post=9688"}],"curies":[{"name":"wp","href":"https:\/\/api.w.org\/{rel}","templated":true}]}}