{"id":9961,"date":"2014-01-07T01:43:35","date_gmt":"2014-01-07T00:43:35","guid":{"rendered":"http:\/\/gastronomicament.cat\/?p=9961"},"modified":"2022-04-07T11:03:55","modified_gmt":"2022-04-07T09:03:55","slug":"xisca-rotger-es-genial-cuinar-per-als-meus-amics","status":"publish","type":"post","link":"https:\/\/gastronomicament.cat\/ca\/xisca-rotger-es-genial-cuinar-per-als-meus-amics","title":{"rendered":"Xisca Rotger: &#8220;\u00c9s genial cuinar per als amics&#8221;"},"content":{"rendered":"<p><em>Na Xisca Rotger G\u00f3ngora t\u00e9 33 anys, \u00e9s de Palma i \u00e9s la guanyadora del concurs de receptes del mes de desembre. El repte de Mossegades era fer torr\u00f3 i na Xisca ens explic\u00e0 com fer la <a title=\"Recepta de torr\u00f3 de nata amb nous\" href=\"http:\/\/gastronomicament.cat\/torro-nata-nous\" target=\"_blank\" rel=\"noopener\">recepta de torr\u00f3 de nata amb nous<\/a>.<\/em><\/p>\n<figure style=\"width: 300px\" class=\"wp-caption alignright\"><img decoding=\"async\" src=\"http:\/\/gastronomicament.cat\/wp-content\/uploads\/2014\/01\/xisca-rotger.jpg\" alt=\"\" width=\"300\" height=\"200\" \/><figcaption class=\"wp-caption-text\">Na Xisca amb el past\u00eds que va fer a la seva filla.<\/figcaption><\/figure>\n<p><strong>La cuina \u00e9s la teva passi\u00f3, per\u00f2 quina \u00e9s la teva professi\u00f3?<\/strong><br \/>\nS\u00f3c Pedagoga i faig feina com a Cap d&#8217;Estudis a una escola privada a Palma.\u00a0 Tamb\u00e9 s\u00f3c mare d&#8217;una nina de 4 anys i un nin d&#8217;any i mig, aix\u00ed que a casa es cuina cada dia i\u00a0 en ocasions diferents plats per la difer\u00e8ncia d&#8217;edats.\u00a0 A la tarda, i sobretot els caps de setmana, aprofito per fer plats m\u00e9s especials i preparar pa,\u00a0 galletes, magdalenes&#8230; que menjam durant la setmana.<\/p>\n<p><strong>Qu\u00e8 va passar l&#8217;any 2010 que et va fer obrir un blog de receptes?<\/strong><br \/>\nEl meu bon amic Jes\u00fas Cort\u00e9s \u00e9s el creador de <a title=\"Caf\u00e9 y Mas\" href=\"www.cafeymas.net\">cafeymas.net<\/a> i un dia va decidir crear\u00a0 <a title=\"Cocinar y M\u00e1s\" href=\"http:\/\/cocinarymas.blogspot.com\">cocinarymas.blogspot.com <\/a>perqu\u00e8 entre el grup d&#8217;amics f\u00f3ssim compartint les nostres\u00a0 receptes del dia a dia. L\u2019idea em va encantar i aix\u00ed va ser com vaig comen\u00e7ar.<\/p>\n<p><strong>Quina \u00e9s la recepta que t&#8217;ha costat m\u00e9s fer?<\/strong><br \/>\nDoncs no s\u00e9 si hauria explicar, perqu\u00e8 va ser una mica frac\u00e0s, per\u00f2 b\u00e9 &#8230; En aquestes festes vaig fer un Tortell de Reis per al menjar familiar. Despr\u00e9s de buscar molt per Internet, llegir els consells de diversos bloguers i comparar receptes, em vaig decidir a fer-ho. El proc\u00e9s \u00e9s una mica complex ja que es necessiten diverses masses i diversos llevats. D&#8217;aspecte, si ho comparem amb altres, no va quedar molt b\u00e9 ja que no va pujar gens, per\u00f2 de sabor era molt bo, que \u00e9s el que compta! Ho tornar\u00e9 a provar de fer per poder pujar-lo al blog.<\/p>\n<p><strong>Si haguessis de cuinar per a alg\u00fa especial, qui seria i quin men\u00fa li prepararies?\u00a0<\/strong><br \/>\nCuinaria per qualsevol dels meus amics, ja que \u00e9s genial passar temps amb ells, i el men\u00fa\u00a0\u00a0 seria:<\/p>\n<ul>\n<li><a title=\"Torrades amb tapenade i ous de guatlera\" href=\"http:\/\/cocinarymas.blogspot.com.es\/2012\/01\/tostas-con-tapenade-y-huevos-de.html\">Torrades amb tapenade i ous de guatlera i Crostinis amb tom\u00e0quet i orenga<\/a><\/li>\n<li><a title=\"Salm\u00f3 amb pasta de fulls\" href=\"http:\/\/cocinarymas.blogspot.com.es\/2011\/12\/salmon-en- hojaldre.html\" target=\"_blank\" rel=\"noopener\">Salm\u00f3 en pasta de fulls<\/a><\/li>\n<li><a title=\"Past\u00eds de tres xocolates\" href=\"http:\/\/cocinarymas.blogspot.com.es\/2011\/01\/tarta-tres- chocolates.html\" target=\"_blank\" rel=\"noopener\">Past\u00eds tres xocolates<\/a><\/li>\n<\/ul>\n<p>La recepta del salm\u00f3 \u00e9s molt f\u00e0cil de preparar, queda bon\u00edssima i \u00e9s molt vistosa.<\/p>\n<p><strong>Un restaurant imprescindible&#8230;<\/strong><br \/>\nM&#8217;encanten les salses, aix\u00ed que un restaurant hind\u00fa \u00e9s per a mi el parad\u00eds. M&#8217;agrada molt el <a title=\"Restaurant Basmati Palma\" href=\"http:\/\/gastronomicament.cat\/restaurant-hindu-basmati-palma\" target=\"_blank\" rel=\"noopener\">Restaurant Basmati<\/a>.<\/p>\n<p><strong>Un producte que no falta mai a la teva taula?<\/strong><br \/>\nDe petita no menjava mai verdura, el que era un gran problema per a la meva mare. Despr\u00e9s vaig canviar i ara m&#8217;encanta. A casa mengem molt: tom\u00e0quet, ceba, esp\u00e0rrecs, mongetes verdes, pebre vermell i verd, patates&#8230; tant cru com cuinat.<\/p>\n<p><strong>Qu\u00e8 t&#8217;agradaria aprendre o perfeccionar del m\u00f3n culinari?\u00a0<\/strong><br \/>\nM&#8217;agrada molt la rebosteria i les masses i m&#8217;agradaria dominar la t\u00e8cnica dels llevats i els dol\u00e7os en general.<\/p>\n<p><strong>La passi\u00f3 continua a dia d&#8217;avui, quins reptes culinaris t&#8217;has proposat per a aquest 2014? <\/strong><br \/>\nDoncs seguir cuinant, i preparar receptes noves dels molts llibres que tinc i que estan esperant!<!--more--><\/p>\n","protected":false},"excerpt":{"rendered":"<p>Na Xisca Rotger G\u00f3ngora t\u00e9 33 anys, \u00e9s de Palma i \u00e9s la guanyadora del concurs de receptes del mes de desembre. El repte de Mossegades era fer torr\u00f3 i na Xisca ens explic\u00e0 com fer la recepta de torr\u00f3 de nata amb nous. La cuina \u00e9s la teva passi\u00f3, per\u00f2 quina \u00e9s la teva [&hellip;]<\/p>\n","protected":false},"author":1,"featured_media":9963,"comment_status":"open","ping_status":"closed","sticky":false,"template":"","format":"standard","meta":{"_acf_changed":false,"_swt_meta_header_display":false,"_swt_meta_footer_display":false,"_swt_meta_site_title_display":false,"_swt_meta_sticky_header":false,"_swt_meta_transparent_header":false,"footnotes":""},"categories":[692],"tags":[],"coauthors":[],"class_list":["post-9961","post","type-post","status-publish","format-standard","has-post-thumbnail","hentry","category-actualitat"],"acf":{"gallery":null,"home_date":{"home_begin_date":null,"home_end_date":null}},"yoast_head":"<!-- This site is optimized with the Yoast SEO plugin v27.4 - https:\/\/yoast.com\/product\/yoast-seo-wordpress\/ -->\n<title>Xisca Rotger: &quot;\u00c9s genial cuinar per als amics&quot;<\/title>\n<meta name=\"description\" content=\"Xisca Rotger: &quot;\u00c9s genial cuinar per als amics&quot;\" \/>\n<meta name=\"robots\" content=\"index, follow, max-snippet:-1, max-image-preview:large, max-video-preview:-1\" \/>\n<link rel=\"canonical\" href=\"https:\/\/gastronomicament.cat\/ca\/xisca-rotger-es-genial-cuinar-per-als-meus-amics\" \/>\n<meta property=\"og:locale\" content=\"ca_ES\" \/>\n<meta property=\"og:type\" content=\"article\" \/>\n<meta property=\"og:title\" content=\"Xisca Rotger: &quot;\u00c9s genial cuinar per als amics&quot;\" \/>\n<meta property=\"og:description\" content=\"Xisca Rotger: &quot;\u00c9s genial cuinar per als amics&quot;\" \/>\n<meta property=\"og:url\" content=\"https:\/\/gastronomicament.cat\/ca\/xisca-rotger-es-genial-cuinar-per-als-meus-amics\" \/>\n<meta property=\"og:site_name\" content=\"Gastron\u00f2micament\" \/>\n<meta property=\"article:published_time\" content=\"2014-01-07T00:43:35+00:00\" \/>\n<meta property=\"article:modified_time\" content=\"2022-04-07T09:03:55+00:00\" \/>\n<meta property=\"og:image\" content=\"https:\/\/gastronomicament.cat\/wp-content\/uploads\/2014\/01\/3.jpg\" \/>\n\t<meta property=\"og:image:width\" content=\"640\" \/>\n\t<meta property=\"og:image:height\" content=\"300\" \/>\n\t<meta property=\"og:image:type\" content=\"image\/jpeg\" \/>\n<meta name=\"author\" content=\"Redacci\u00f3\" \/>\n<meta name=\"twitter:card\" content=\"summary_large_image\" \/>\n<meta name=\"twitter:creator\" content=\"@gastronomicamen\" \/>\n<meta name=\"twitter:site\" content=\"@gastronomicamen\" \/>\n<meta name=\"twitter:label1\" content=\"Written by\" \/>\n\t<meta name=\"twitter:data1\" content=\"Redacci\u00f3\" \/>\n\t<meta name=\"twitter:label2\" content=\"Est. reading time\" \/>\n\t<meta name=\"twitter:data2\" content=\"3 minutes\" \/>\n<script type=\"application\/ld+json\" class=\"yoast-schema-graph\">{\"@context\":\"https:\\\/\\\/schema.org\",\"@graph\":[{\"@type\":\"Article\",\"@id\":\"https:\\\/\\\/gastronomicament.cat\\\/ca\\\/xisca-rotger-es-genial-cuinar-per-als-meus-amics#article\",\"isPartOf\":{\"@id\":\"https:\\\/\\\/gastronomicament.cat\\\/ca\\\/xisca-rotger-es-genial-cuinar-per-als-meus-amics\"},\"author\":{\"name\":\"Redacci\u00f3\",\"@id\":\"https:\\\/\\\/gastronomicament.cat\\\/ca\\\/#\\\/schema\\\/person\\\/a7c85c537a1ed62799a5b8e0f686a37f\"},\"headline\":\"Xisca Rotger: &#8220;\u00c9s genial cuinar per als amics&#8221;\",\"datePublished\":\"2014-01-07T00:43:35+00:00\",\"dateModified\":\"2022-04-07T09:03:55+00:00\",\"mainEntityOfPage\":{\"@id\":\"https:\\\/\\\/gastronomicament.cat\\\/ca\\\/xisca-rotger-es-genial-cuinar-per-als-meus-amics\"},\"wordCount\":546,\"commentCount\":0,\"publisher\":{\"@id\":\"https:\\\/\\\/gastronomicament.cat\\\/ca\\\/#organization\"},\"image\":{\"@id\":\"https:\\\/\\\/gastronomicament.cat\\\/ca\\\/xisca-rotger-es-genial-cuinar-per-als-meus-amics#primaryimage\"},\"thumbnailUrl\":\"https:\\\/\\\/gastronomicament.cat\\\/wp-content\\\/uploads\\\/2014\\\/01\\\/3.jpg\",\"articleSection\":[\"Actualitat\"],\"inLanguage\":\"ca-ES\",\"potentialAction\":[{\"@type\":\"CommentAction\",\"name\":\"Comment\",\"target\":[\"https:\\\/\\\/gastronomicament.cat\\\/ca\\\/xisca-rotger-es-genial-cuinar-per-als-meus-amics#respond\"]}]},{\"@type\":\"WebPage\",\"@id\":\"https:\\\/\\\/gastronomicament.cat\\\/ca\\\/xisca-rotger-es-genial-cuinar-per-als-meus-amics\",\"url\":\"https:\\\/\\\/gastronomicament.cat\\\/ca\\\/xisca-rotger-es-genial-cuinar-per-als-meus-amics\",\"name\":\"Xisca Rotger: \\\"\u00c9s genial cuinar per als amics\\\"\",\"isPartOf\":{\"@id\":\"https:\\\/\\\/gastronomicament.cat\\\/ca\\\/#website\"},\"primaryImageOfPage\":{\"@id\":\"https:\\\/\\\/gastronomicament.cat\\\/ca\\\/xisca-rotger-es-genial-cuinar-per-als-meus-amics#primaryimage\"},\"image\":{\"@id\":\"https:\\\/\\\/gastronomicament.cat\\\/ca\\\/xisca-rotger-es-genial-cuinar-per-als-meus-amics#primaryimage\"},\"thumbnailUrl\":\"https:\\\/\\\/gastronomicament.cat\\\/wp-content\\\/uploads\\\/2014\\\/01\\\/3.jpg\",\"datePublished\":\"2014-01-07T00:43:35+00:00\",\"dateModified\":\"2022-04-07T09:03:55+00:00\",\"description\":\"Xisca Rotger: \\\"\u00c9s genial cuinar per als amics\\\"\",\"inLanguage\":\"ca-ES\",\"potentialAction\":[{\"@type\":\"ReadAction\",\"target\":[\"https:\\\/\\\/gastronomicament.cat\\\/ca\\\/xisca-rotger-es-genial-cuinar-per-als-meus-amics\"]}]},{\"@type\":\"ImageObject\",\"inLanguage\":\"ca-ES\",\"@id\":\"https:\\\/\\\/gastronomicament.cat\\\/ca\\\/xisca-rotger-es-genial-cuinar-per-als-meus-amics#primaryimage\",\"url\":\"https:\\\/\\\/gastronomicament.cat\\\/wp-content\\\/uploads\\\/2014\\\/01\\\/3.jpg\",\"contentUrl\":\"https:\\\/\\\/gastronomicament.cat\\\/wp-content\\\/uploads\\\/2014\\\/01\\\/3.jpg\",\"width\":640,\"height\":300},{\"@type\":\"WebSite\",\"@id\":\"https:\\\/\\\/gastronomicament.cat\\\/ca\\\/#website\",\"url\":\"https:\\\/\\\/gastronomicament.cat\\\/ca\\\/\",\"name\":\"Gastron\u00f2micament\",\"description\":\"Portal de restaurants, receptes i actualitat gastron\u00f2mica\",\"publisher\":{\"@id\":\"https:\\\/\\\/gastronomicament.cat\\\/ca\\\/#organization\"},\"potentialAction\":[{\"@type\":\"SearchAction\",\"target\":{\"@type\":\"EntryPoint\",\"urlTemplate\":\"https:\\\/\\\/gastronomicament.cat\\\/ca\\\/?s={search_term_string}\"},\"query-input\":{\"@type\":\"PropertyValueSpecification\",\"valueRequired\":true,\"valueName\":\"search_term_string\"}}],\"inLanguage\":\"ca-ES\"},{\"@type\":\"Organization\",\"@id\":\"https:\\\/\\\/gastronomicament.cat\\\/ca\\\/#organization\",\"name\":\"Gastron\u00f2micament\",\"url\":\"https:\\\/\\\/gastronomicament.cat\\\/ca\\\/\",\"logo\":{\"@type\":\"ImageObject\",\"inLanguage\":\"ca-ES\",\"@id\":\"https:\\\/\\\/gastronomicament.cat\\\/ca\\\/#\\\/schema\\\/logo\\\/image\\\/\",\"url\":\"https:\\\/\\\/gastronomicament.cat\\\/wp-content\\\/uploads\\\/2016\\\/09\\\/header-logo.jpg\",\"contentUrl\":\"https:\\\/\\\/gastronomicament.cat\\\/wp-content\\\/uploads\\\/2016\\\/09\\\/header-logo.jpg\",\"width\":277,\"height\":39,\"caption\":\"Gastron\u00f2micament\"},\"image\":{\"@id\":\"https:\\\/\\\/gastronomicament.cat\\\/ca\\\/#\\\/schema\\\/logo\\\/image\\\/\"},\"sameAs\":[\"https:\\\/\\\/x.com\\\/gastronomicamen\"]},{\"@type\":\"Person\",\"@id\":\"https:\\\/\\\/gastronomicament.cat\\\/ca\\\/#\\\/schema\\\/person\\\/a7c85c537a1ed62799a5b8e0f686a37f\",\"name\":\"Redacci\u00f3\",\"image\":{\"@type\":\"ImageObject\",\"inLanguage\":\"ca-ES\",\"@id\":\"https:\\\/\\\/secure.gravatar.com\\\/avatar\\\/9489a485c464fd611d33825daae651d13db70c4e74c65c94937a15a9d4c3ee14?s=96&d=mm&r=g69fea3cce3645dfa2166e7293e22955e\",\"url\":\"https:\\\/\\\/secure.gravatar.com\\\/avatar\\\/9489a485c464fd611d33825daae651d13db70c4e74c65c94937a15a9d4c3ee14?s=96&d=mm&r=g\",\"contentUrl\":\"https:\\\/\\\/secure.gravatar.com\\\/avatar\\\/9489a485c464fd611d33825daae651d13db70c4e74c65c94937a15a9d4c3ee14?s=96&d=mm&r=g\",\"caption\":\"Redacci\u00f3\"},\"sameAs\":[\"http:\\\/\\\/gastronomicament.cat\"],\"url\":\"https:\\\/\\\/gastronomicament.cat\\\/ca\\\/author\\\/admin\"}]}<\/script>\n<!-- \/ Yoast SEO plugin. -->","yoast_head_json":{"title":"Xisca Rotger: \"\u00c9s genial cuinar per als amics\"","description":"Xisca Rotger: \"\u00c9s genial cuinar per als amics\"","robots":{"index":"index","follow":"follow","max-snippet":"max-snippet:-1","max-image-preview":"max-image-preview:large","max-video-preview":"max-video-preview:-1"},"canonical":"https:\/\/gastronomicament.cat\/ca\/xisca-rotger-es-genial-cuinar-per-als-meus-amics","og_locale":"ca_ES","og_type":"article","og_title":"Xisca Rotger: \"\u00c9s genial cuinar per als amics\"","og_description":"Xisca Rotger: \"\u00c9s genial cuinar per als amics\"","og_url":"https:\/\/gastronomicament.cat\/ca\/xisca-rotger-es-genial-cuinar-per-als-meus-amics","og_site_name":"Gastron\u00f2micament","article_published_time":"2014-01-07T00:43:35+00:00","article_modified_time":"2022-04-07T09:03:55+00:00","og_image":[{"width":640,"height":300,"url":"https:\/\/gastronomicament.cat\/wp-content\/uploads\/2014\/01\/3.jpg","type":"image\/jpeg"}],"author":"Redacci\u00f3","twitter_card":"summary_large_image","twitter_creator":"@gastronomicamen","twitter_site":"@gastronomicamen","twitter_misc":{"Written by":"Redacci\u00f3","Est. reading time":"3 minutes"},"schema":{"@context":"https:\/\/schema.org","@graph":[{"@type":"Article","@id":"https:\/\/gastronomicament.cat\/ca\/xisca-rotger-es-genial-cuinar-per-als-meus-amics#article","isPartOf":{"@id":"https:\/\/gastronomicament.cat\/ca\/xisca-rotger-es-genial-cuinar-per-als-meus-amics"},"author":{"name":"Redacci\u00f3","@id":"https:\/\/gastronomicament.cat\/ca\/#\/schema\/person\/a7c85c537a1ed62799a5b8e0f686a37f"},"headline":"Xisca Rotger: &#8220;\u00c9s genial cuinar per als amics&#8221;","datePublished":"2014-01-07T00:43:35+00:00","dateModified":"2022-04-07T09:03:55+00:00","mainEntityOfPage":{"@id":"https:\/\/gastronomicament.cat\/ca\/xisca-rotger-es-genial-cuinar-per-als-meus-amics"},"wordCount":546,"commentCount":0,"publisher":{"@id":"https:\/\/gastronomicament.cat\/ca\/#organization"},"image":{"@id":"https:\/\/gastronomicament.cat\/ca\/xisca-rotger-es-genial-cuinar-per-als-meus-amics#primaryimage"},"thumbnailUrl":"https:\/\/gastronomicament.cat\/wp-content\/uploads\/2014\/01\/3.jpg","articleSection":["Actualitat"],"inLanguage":"ca-ES","potentialAction":[{"@type":"CommentAction","name":"Comment","target":["https:\/\/gastronomicament.cat\/ca\/xisca-rotger-es-genial-cuinar-per-als-meus-amics#respond"]}]},{"@type":"WebPage","@id":"https:\/\/gastronomicament.cat\/ca\/xisca-rotger-es-genial-cuinar-per-als-meus-amics","url":"https:\/\/gastronomicament.cat\/ca\/xisca-rotger-es-genial-cuinar-per-als-meus-amics","name":"Xisca Rotger: \"\u00c9s genial cuinar per als amics\"","isPartOf":{"@id":"https:\/\/gastronomicament.cat\/ca\/#website"},"primaryImageOfPage":{"@id":"https:\/\/gastronomicament.cat\/ca\/xisca-rotger-es-genial-cuinar-per-als-meus-amics#primaryimage"},"image":{"@id":"https:\/\/gastronomicament.cat\/ca\/xisca-rotger-es-genial-cuinar-per-als-meus-amics#primaryimage"},"thumbnailUrl":"https:\/\/gastronomicament.cat\/wp-content\/uploads\/2014\/01\/3.jpg","datePublished":"2014-01-07T00:43:35+00:00","dateModified":"2022-04-07T09:03:55+00:00","description":"Xisca Rotger: \"\u00c9s genial cuinar per als amics\"","inLanguage":"ca-ES","potentialAction":[{"@type":"ReadAction","target":["https:\/\/gastronomicament.cat\/ca\/xisca-rotger-es-genial-cuinar-per-als-meus-amics"]}]},{"@type":"ImageObject","inLanguage":"ca-ES","@id":"https:\/\/gastronomicament.cat\/ca\/xisca-rotger-es-genial-cuinar-per-als-meus-amics#primaryimage","url":"https:\/\/gastronomicament.cat\/wp-content\/uploads\/2014\/01\/3.jpg","contentUrl":"https:\/\/gastronomicament.cat\/wp-content\/uploads\/2014\/01\/3.jpg","width":640,"height":300},{"@type":"WebSite","@id":"https:\/\/gastronomicament.cat\/ca\/#website","url":"https:\/\/gastronomicament.cat\/ca\/","name":"Gastron\u00f2micament","description":"Portal de restaurants, receptes i actualitat gastron\u00f2mica","publisher":{"@id":"https:\/\/gastronomicament.cat\/ca\/#organization"},"potentialAction":[{"@type":"SearchAction","target":{"@type":"EntryPoint","urlTemplate":"https:\/\/gastronomicament.cat\/ca\/?s={search_term_string}"},"query-input":{"@type":"PropertyValueSpecification","valueRequired":true,"valueName":"search_term_string"}}],"inLanguage":"ca-ES"},{"@type":"Organization","@id":"https:\/\/gastronomicament.cat\/ca\/#organization","name":"Gastron\u00f2micament","url":"https:\/\/gastronomicament.cat\/ca\/","logo":{"@type":"ImageObject","inLanguage":"ca-ES","@id":"https:\/\/gastronomicament.cat\/ca\/#\/schema\/logo\/image\/","url":"https:\/\/gastronomicament.cat\/wp-content\/uploads\/2016\/09\/header-logo.jpg","contentUrl":"https:\/\/gastronomicament.cat\/wp-content\/uploads\/2016\/09\/header-logo.jpg","width":277,"height":39,"caption":"Gastron\u00f2micament"},"image":{"@id":"https:\/\/gastronomicament.cat\/ca\/#\/schema\/logo\/image\/"},"sameAs":["https:\/\/x.com\/gastronomicamen"]},{"@type":"Person","@id":"https:\/\/gastronomicament.cat\/ca\/#\/schema\/person\/a7c85c537a1ed62799a5b8e0f686a37f","name":"Redacci\u00f3","image":{"@type":"ImageObject","inLanguage":"ca-ES","@id":"https:\/\/secure.gravatar.com\/avatar\/9489a485c464fd611d33825daae651d13db70c4e74c65c94937a15a9d4c3ee14?s=96&d=mm&r=g69fea3cce3645dfa2166e7293e22955e","url":"https:\/\/secure.gravatar.com\/avatar\/9489a485c464fd611d33825daae651d13db70c4e74c65c94937a15a9d4c3ee14?s=96&d=mm&r=g","contentUrl":"https:\/\/secure.gravatar.com\/avatar\/9489a485c464fd611d33825daae651d13db70c4e74c65c94937a15a9d4c3ee14?s=96&d=mm&r=g","caption":"Redacci\u00f3"},"sameAs":["http:\/\/gastronomicament.cat"],"url":"https:\/\/gastronomicament.cat\/ca\/author\/admin"}]}},"_links":{"self":[{"href":"https:\/\/gastronomicament.cat\/ca\/wp-json\/wp\/v2\/posts\/9961","targetHints":{"allow":["GET"]}}],"collection":[{"href":"https:\/\/gastronomicament.cat\/ca\/wp-json\/wp\/v2\/posts"}],"about":[{"href":"https:\/\/gastronomicament.cat\/ca\/wp-json\/wp\/v2\/types\/post"}],"author":[{"embeddable":true,"href":"https:\/\/gastronomicament.cat\/ca\/wp-json\/wp\/v2\/users\/1"}],"replies":[{"embeddable":true,"href":"https:\/\/gastronomicament.cat\/ca\/wp-json\/wp\/v2\/comments?post=9961"}],"version-history":[{"count":0,"href":"https:\/\/gastronomicament.cat\/ca\/wp-json\/wp\/v2\/posts\/9961\/revisions"}],"wp:featuredmedia":[{"embeddable":true,"href":"https:\/\/gastronomicament.cat\/ca\/wp-json\/wp\/v2\/media\/9963"}],"wp:attachment":[{"href":"https:\/\/gastronomicament.cat\/ca\/wp-json\/wp\/v2\/media?parent=9961"}],"wp:term":[{"taxonomy":"category","embeddable":true,"href":"https:\/\/gastronomicament.cat\/ca\/wp-json\/wp\/v2\/categories?post=9961"},{"taxonomy":"post_tag","embeddable":true,"href":"https:\/\/gastronomicament.cat\/ca\/wp-json\/wp\/v2\/tags?post=9961"},{"taxonomy":"author","embeddable":true,"href":"https:\/\/gastronomicament.cat\/ca\/wp-json\/wp\/v2\/coauthors?post=9961"}],"curies":[{"name":"wp","href":"https:\/\/api.w.org\/{rel}","templated":true}]}}