{"id":100824,"date":"2025-03-17T09:08:16","date_gmt":"2025-03-17T08:08:16","guid":{"rendered":"https:\/\/web2025.gastronomicament.cat\/jornada-practica-dempelt-dolivera-a-calvia"},"modified":"2026-04-12T20:44:20","modified_gmt":"2026-04-12T18:44:20","slug":"jornada-practica-dempelt-dolivera-a-calvia","status":"publish","type":"post","link":"https:\/\/gastronomicament.cat\/de\/jornada-practica-dempelt-dolivera-a-calvia","title":{"rendered":"Jornada pr\u00e0ctica d\u2019empelt d\u2019olivera a Calvi\u00e0"},"content":{"rendered":"<p>La delegaci\u00f3 de Calvi\u00e0 de l\u2019Obra Cultural Balear ha tornat a organitzar una jornada pr\u00e0ctica d\u2019emplet d\u2019olivera. La\u00a0<strong>sessi\u00f3\u00a0<\/strong>\u00e9s\u00a0<strong>gratu\u00efta\u00a0<\/strong>i es far\u00e0 el\u00a0<strong>dissabte 22 de mar\u00e7<\/strong>. El punt de trobada ser\u00e0 el solar municipal de ses Quarterades, que t\u00e9 acc\u00e9s pel carrer de can Mar\u00e7al.<\/p>\n<p>Com ja s\u2019ha fet en anys anteriors, no cal inscripci\u00f3, aix\u00f2 s\u00ed, cal que les persones que hi participin\u00a0<strong>duguin un ganivet perqu\u00e8 l\u2019activitat no consisteix a anar a veure a fer empelts, sin\u00f3 a fer-ne<\/strong>. Per a m\u00e9s informaci\u00f3, escriviu a &lt;<a href=\"mailto:ocb.calvia@gmail.com\">ocb.calvia@gmail.com<\/a>&gt;.<\/p>\n<p>A continuaci\u00f3 teniu una glosa per convidar a fer l\u2019activitat:<\/p>\n<p style=\"text-align: center\"><em>Ara que s\u2019oli va en rauja!<\/em><\/p>\n<p style=\"text-align: center\"><em>S\u2019ullastre neix tot sol.<\/em><br \/>\n<em>Sense comprar, ni sembrar,<\/em><br \/>\n<em>n\u2019hi ha prou amb empeltar,<\/em><br \/>\n<em>per collir en es redol,<\/em><br \/>\n<em>s\u2019oliva que tothom vol.<\/em><\/p>\n<p style=\"text-align: center\"><em>Ho pots fer tu mateix,<\/em><br \/>\n<em>no costa tant com pareix.<\/em><br \/>\n<em>Amb un poc d\u2019habilitat<\/em><br \/>\n<em>molts ja t\u2019hauran aferrat,<\/em><br \/>\n<em>veur\u00e0s com sa muda creix.<\/em><\/p>\n","protected":false},"excerpt":{"rendered":"<p>L&#8217;Obra Cultural Balear de Calvi\u00e0 l&#8217;ha organitzada per dissabte 22 de mar\u00e7<\/p>\n","protected":false},"author":1,"featured_media":100826,"comment_status":"open","ping_status":"open","sticky":false,"template":"","format":"standard","meta":{"_acf_changed":false,"_swt_meta_header_display":false,"_swt_meta_footer_display":false,"_swt_meta_site_title_display":false,"_swt_meta_sticky_header":false,"_swt_meta_transparent_header":false,"footnotes":""},"categories":[692,955],"tags":[],"coauthors":[2053],"class_list":["post-100824","post","type-post","status-publish","format-standard","has-post-thumbnail","hentry","category-actualitat","category-reportatges-i-novetats"],"acf":{"gallery":null,"home_date":{"home_begin_date":null,"home_end_date":null}},"yoast_head":"<!-- This site is optimized with the Yoast SEO plugin v27.4 - https:\/\/yoast.com\/product\/yoast-seo-wordpress\/ -->\n<title>Jornada pr\u00e0ctica d\u2019empelt d\u2019olivera a Calvi\u00e0 - Gastron\u00f2micament<\/title>\n<meta name=\"description\" content=\"Jornada pr\u00e0ctica d\u2019empelt d\u2019olivera a Calvi\u00e0 Actualitat, Reportatges i novetats L&#039;Obra Cultural Balear de Calvi\u00e0 l&#039;ha organitzada per dissabte 22 de mar\u00e7\" \/>\n<meta name=\"robots\" content=\"index, follow, max-snippet:-1, max-image-preview:large, max-video-preview:-1\" \/>\n<link rel=\"canonical\" href=\"https:\/\/gastronomicament.cat\/de\/jornada-practica-dempelt-dolivera-a-calvia\" \/>\n<meta property=\"og:locale\" content=\"de_DE\" \/>\n<meta property=\"og:type\" content=\"article\" \/>\n<meta property=\"og:title\" content=\"Jornada pr\u00e0ctica d\u2019empelt d\u2019olivera a Calvi\u00e0 - Gastron\u00f2micament\" \/>\n<meta property=\"og:description\" content=\"Jornada pr\u00e0ctica d\u2019empelt d\u2019olivera a Calvi\u00e0 Actualitat, Reportatges i novetats L&#039;Obra Cultural Balear de Calvi\u00e0 l&#039;ha organitzada per dissabte 22 de mar\u00e7\" \/>\n<meta property=\"og:url\" content=\"https:\/\/gastronomicament.cat\/de\/jornada-practica-dempelt-dolivera-a-calvia\" \/>\n<meta property=\"og:site_name\" content=\"Gastron\u00f2micament\" \/>\n<meta property=\"article:published_time\" content=\"2025-03-17T08:08:16+00:00\" \/>\n<meta property=\"article:modified_time\" content=\"2026-04-12T18:44:20+00:00\" \/>\n<meta property=\"og:image\" content=\"https:\/\/gastronomicament.cat\/wp-content\/uploads\/2025\/03\/empelts-olivera-Calvia-2025.jpg\" \/>\n\t<meta property=\"og:image:width\" content=\"1124\" \/>\n\t<meta property=\"og:image:height\" content=\"577\" \/>\n\t<meta property=\"og:image:type\" content=\"image\/jpeg\" \/>\n<meta name=\"author\" content=\"Redacci\u00f3\" \/>\n<meta name=\"twitter:card\" content=\"summary_large_image\" \/>\n<meta name=\"twitter:creator\" content=\"@gastronomicamen\" \/>\n<meta name=\"twitter:site\" content=\"@gastronomicamen\" \/>\n<meta name=\"twitter:label1\" content=\"Verfasst von\" \/>\n\t<meta name=\"twitter:data1\" content=\"Redacci\u00f3\" \/>\n\t<meta name=\"twitter:label2\" content=\"Gesch\u00e4tzte Lesezeit\" \/>\n\t<meta name=\"twitter:data2\" content=\"1\u00a0Minute\" \/>\n\t<meta name=\"twitter:label3\" content=\"Written by\" \/>\n\t<meta name=\"twitter:data3\" content=\"Redacci\u00f3\" \/>\n<script type=\"application\/ld+json\" class=\"yoast-schema-graph\">{\"@context\":\"https:\\\/\\\/schema.org\",\"@graph\":[{\"@type\":\"Article\",\"@id\":\"https:\\\/\\\/gastronomicament.cat\\\/de\\\/jornada-practica-dempelt-dolivera-a-calvia#article\",\"isPartOf\":{\"@id\":\"https:\\\/\\\/gastronomicament.cat\\\/de\\\/jornada-practica-dempelt-dolivera-a-calvia\"},\"author\":{\"name\":\"Redacci\u00f3\",\"@id\":\"https:\\\/\\\/gastronomicament.cat\\\/de\\\/#\\\/schema\\\/person\\\/a7c85c537a1ed62799a5b8e0f686a37f\"},\"headline\":\"Jornada pr\u00e0ctica d\u2019empelt d\u2019olivera a Calvi\u00e0\",\"datePublished\":\"2025-03-17T08:08:16+00:00\",\"dateModified\":\"2026-04-12T18:44:20+00:00\",\"mainEntityOfPage\":{\"@id\":\"https:\\\/\\\/gastronomicament.cat\\\/de\\\/jornada-practica-dempelt-dolivera-a-calvia\"},\"wordCount\":183,\"commentCount\":0,\"publisher\":{\"@id\":\"https:\\\/\\\/gastronomicament.cat\\\/de\\\/#organization\"},\"image\":{\"@id\":\"https:\\\/\\\/gastronomicament.cat\\\/de\\\/jornada-practica-dempelt-dolivera-a-calvia#primaryimage\"},\"thumbnailUrl\":\"https:\\\/\\\/gastronomicament.cat\\\/wp-content\\\/uploads\\\/2025\\\/03\\\/empelts-olivera-Calvia-2025.jpg\",\"articleSection\":[\"Actualitat\",\"Reportatges i novetats\"],\"inLanguage\":\"de\",\"potentialAction\":[{\"@type\":\"CommentAction\",\"name\":\"Comment\",\"target\":[\"https:\\\/\\\/gastronomicament.cat\\\/de\\\/jornada-practica-dempelt-dolivera-a-calvia#respond\"]}]},{\"@type\":\"WebPage\",\"@id\":\"https:\\\/\\\/gastronomicament.cat\\\/de\\\/jornada-practica-dempelt-dolivera-a-calvia\",\"url\":\"https:\\\/\\\/gastronomicament.cat\\\/de\\\/jornada-practica-dempelt-dolivera-a-calvia\",\"name\":\"Jornada pr\u00e0ctica d\u2019empelt d\u2019olivera a Calvi\u00e0 - Gastron\u00f2micament\",\"isPartOf\":{\"@id\":\"https:\\\/\\\/gastronomicament.cat\\\/de\\\/#website\"},\"primaryImageOfPage\":{\"@id\":\"https:\\\/\\\/gastronomicament.cat\\\/de\\\/jornada-practica-dempelt-dolivera-a-calvia#primaryimage\"},\"image\":{\"@id\":\"https:\\\/\\\/gastronomicament.cat\\\/de\\\/jornada-practica-dempelt-dolivera-a-calvia#primaryimage\"},\"thumbnailUrl\":\"https:\\\/\\\/gastronomicament.cat\\\/wp-content\\\/uploads\\\/2025\\\/03\\\/empelts-olivera-Calvia-2025.jpg\",\"datePublished\":\"2025-03-17T08:08:16+00:00\",\"dateModified\":\"2026-04-12T18:44:20+00:00\",\"description\":\"Jornada pr\u00e0ctica d\u2019empelt d\u2019olivera a Calvi\u00e0 Actualitat, Reportatges i novetats L'Obra Cultural Balear de Calvi\u00e0 l'ha organitzada per dissabte 22 de mar\u00e7\",\"inLanguage\":\"de\",\"potentialAction\":[{\"@type\":\"ReadAction\",\"target\":[\"https:\\\/\\\/gastronomicament.cat\\\/de\\\/jornada-practica-dempelt-dolivera-a-calvia\"]}]},{\"@type\":\"ImageObject\",\"inLanguage\":\"de\",\"@id\":\"https:\\\/\\\/gastronomicament.cat\\\/de\\\/jornada-practica-dempelt-dolivera-a-calvia#primaryimage\",\"url\":\"https:\\\/\\\/gastronomicament.cat\\\/wp-content\\\/uploads\\\/2025\\\/03\\\/empelts-olivera-Calvia-2025.jpg\",\"contentUrl\":\"https:\\\/\\\/gastronomicament.cat\\\/wp-content\\\/uploads\\\/2025\\\/03\\\/empelts-olivera-Calvia-2025.jpg\",\"width\":1124,\"height\":577},{\"@type\":\"WebSite\",\"@id\":\"https:\\\/\\\/gastronomicament.cat\\\/de\\\/#website\",\"url\":\"https:\\\/\\\/gastronomicament.cat\\\/de\\\/\",\"name\":\"Gastron\u00f2micament\",\"description\":\"Portal de restaurants, receptes i actualitat gastron\u00f2mica\",\"publisher\":{\"@id\":\"https:\\\/\\\/gastronomicament.cat\\\/de\\\/#organization\"},\"potentialAction\":[{\"@type\":\"SearchAction\",\"target\":{\"@type\":\"EntryPoint\",\"urlTemplate\":\"https:\\\/\\\/gastronomicament.cat\\\/de\\\/?s={search_term_string}\"},\"query-input\":{\"@type\":\"PropertyValueSpecification\",\"valueRequired\":true,\"valueName\":\"search_term_string\"}}],\"inLanguage\":\"de\"},{\"@type\":\"Organization\",\"@id\":\"https:\\\/\\\/gastronomicament.cat\\\/de\\\/#organization\",\"name\":\"Gastron\u00f2micament\",\"url\":\"https:\\\/\\\/gastronomicament.cat\\\/de\\\/\",\"logo\":{\"@type\":\"ImageObject\",\"inLanguage\":\"de\",\"@id\":\"https:\\\/\\\/gastronomicament.cat\\\/de\\\/#\\\/schema\\\/logo\\\/image\\\/\",\"url\":\"https:\\\/\\\/gastronomicament.cat\\\/wp-content\\\/uploads\\\/2016\\\/09\\\/header-logo.jpg\",\"contentUrl\":\"https:\\\/\\\/gastronomicament.cat\\\/wp-content\\\/uploads\\\/2016\\\/09\\\/header-logo.jpg\",\"width\":277,\"height\":39,\"caption\":\"Gastron\u00f2micament\"},\"image\":{\"@id\":\"https:\\\/\\\/gastronomicament.cat\\\/de\\\/#\\\/schema\\\/logo\\\/image\\\/\"},\"sameAs\":[\"https:\\\/\\\/x.com\\\/gastronomicamen\"]},{\"@type\":\"Person\",\"@id\":\"https:\\\/\\\/gastronomicament.cat\\\/de\\\/#\\\/schema\\\/person\\\/a7c85c537a1ed62799a5b8e0f686a37f\",\"name\":\"Redacci\u00f3\",\"image\":{\"@type\":\"ImageObject\",\"inLanguage\":\"de\",\"@id\":\"https:\\\/\\\/secure.gravatar.com\\\/avatar\\\/9489a485c464fd611d33825daae651d13db70c4e74c65c94937a15a9d4c3ee14?s=96&d=mm&r=g69fea3cce3645dfa2166e7293e22955e\",\"url\":\"https:\\\/\\\/secure.gravatar.com\\\/avatar\\\/9489a485c464fd611d33825daae651d13db70c4e74c65c94937a15a9d4c3ee14?s=96&d=mm&r=g\",\"contentUrl\":\"https:\\\/\\\/secure.gravatar.com\\\/avatar\\\/9489a485c464fd611d33825daae651d13db70c4e74c65c94937a15a9d4c3ee14?s=96&d=mm&r=g\",\"caption\":\"Redacci\u00f3\"},\"sameAs\":[\"http:\\\/\\\/gastronomicament.cat\"],\"url\":\"https:\\\/\\\/gastronomicament.cat\\\/de\\\/author\\\/admin\"}]}<\/script>\n<!-- \/ Yoast SEO plugin. -->","yoast_head_json":{"title":"Jornada pr\u00e0ctica d\u2019empelt d\u2019olivera a Calvi\u00e0 - Gastron\u00f2micament","description":"Jornada pr\u00e0ctica d\u2019empelt d\u2019olivera a Calvi\u00e0 Actualitat, Reportatges i novetats L'Obra Cultural Balear de Calvi\u00e0 l'ha organitzada per dissabte 22 de mar\u00e7","robots":{"index":"index","follow":"follow","max-snippet":"max-snippet:-1","max-image-preview":"max-image-preview:large","max-video-preview":"max-video-preview:-1"},"canonical":"https:\/\/gastronomicament.cat\/de\/jornada-practica-dempelt-dolivera-a-calvia","og_locale":"de_DE","og_type":"article","og_title":"Jornada pr\u00e0ctica d\u2019empelt d\u2019olivera a Calvi\u00e0 - Gastron\u00f2micament","og_description":"Jornada pr\u00e0ctica d\u2019empelt d\u2019olivera a Calvi\u00e0 Actualitat, Reportatges i novetats L'Obra Cultural Balear de Calvi\u00e0 l'ha organitzada per dissabte 22 de mar\u00e7","og_url":"https:\/\/gastronomicament.cat\/de\/jornada-practica-dempelt-dolivera-a-calvia","og_site_name":"Gastron\u00f2micament","article_published_time":"2025-03-17T08:08:16+00:00","article_modified_time":"2026-04-12T18:44:20+00:00","og_image":[{"width":1124,"height":577,"url":"https:\/\/gastronomicament.cat\/wp-content\/uploads\/2025\/03\/empelts-olivera-Calvia-2025.jpg","type":"image\/jpeg"}],"author":"Redacci\u00f3","twitter_card":"summary_large_image","twitter_creator":"@gastronomicamen","twitter_site":"@gastronomicamen","twitter_misc":{"Verfasst von":"Redacci\u00f3","Gesch\u00e4tzte Lesezeit":"1\u00a0Minute","Written by":"Redacci\u00f3"},"schema":{"@context":"https:\/\/schema.org","@graph":[{"@type":"Article","@id":"https:\/\/gastronomicament.cat\/de\/jornada-practica-dempelt-dolivera-a-calvia#article","isPartOf":{"@id":"https:\/\/gastronomicament.cat\/de\/jornada-practica-dempelt-dolivera-a-calvia"},"author":{"name":"Redacci\u00f3","@id":"https:\/\/gastronomicament.cat\/de\/#\/schema\/person\/a7c85c537a1ed62799a5b8e0f686a37f"},"headline":"Jornada pr\u00e0ctica d\u2019empelt d\u2019olivera a Calvi\u00e0","datePublished":"2025-03-17T08:08:16+00:00","dateModified":"2026-04-12T18:44:20+00:00","mainEntityOfPage":{"@id":"https:\/\/gastronomicament.cat\/de\/jornada-practica-dempelt-dolivera-a-calvia"},"wordCount":183,"commentCount":0,"publisher":{"@id":"https:\/\/gastronomicament.cat\/de\/#organization"},"image":{"@id":"https:\/\/gastronomicament.cat\/de\/jornada-practica-dempelt-dolivera-a-calvia#primaryimage"},"thumbnailUrl":"https:\/\/gastronomicament.cat\/wp-content\/uploads\/2025\/03\/empelts-olivera-Calvia-2025.jpg","articleSection":["Actualitat","Reportatges i novetats"],"inLanguage":"de","potentialAction":[{"@type":"CommentAction","name":"Comment","target":["https:\/\/gastronomicament.cat\/de\/jornada-practica-dempelt-dolivera-a-calvia#respond"]}]},{"@type":"WebPage","@id":"https:\/\/gastronomicament.cat\/de\/jornada-practica-dempelt-dolivera-a-calvia","url":"https:\/\/gastronomicament.cat\/de\/jornada-practica-dempelt-dolivera-a-calvia","name":"Jornada pr\u00e0ctica d\u2019empelt d\u2019olivera a Calvi\u00e0 - Gastron\u00f2micament","isPartOf":{"@id":"https:\/\/gastronomicament.cat\/de\/#website"},"primaryImageOfPage":{"@id":"https:\/\/gastronomicament.cat\/de\/jornada-practica-dempelt-dolivera-a-calvia#primaryimage"},"image":{"@id":"https:\/\/gastronomicament.cat\/de\/jornada-practica-dempelt-dolivera-a-calvia#primaryimage"},"thumbnailUrl":"https:\/\/gastronomicament.cat\/wp-content\/uploads\/2025\/03\/empelts-olivera-Calvia-2025.jpg","datePublished":"2025-03-17T08:08:16+00:00","dateModified":"2026-04-12T18:44:20+00:00","description":"Jornada pr\u00e0ctica d\u2019empelt d\u2019olivera a Calvi\u00e0 Actualitat, Reportatges i novetats L'Obra Cultural Balear de Calvi\u00e0 l'ha organitzada per dissabte 22 de mar\u00e7","inLanguage":"de","potentialAction":[{"@type":"ReadAction","target":["https:\/\/gastronomicament.cat\/de\/jornada-practica-dempelt-dolivera-a-calvia"]}]},{"@type":"ImageObject","inLanguage":"de","@id":"https:\/\/gastronomicament.cat\/de\/jornada-practica-dempelt-dolivera-a-calvia#primaryimage","url":"https:\/\/gastronomicament.cat\/wp-content\/uploads\/2025\/03\/empelts-olivera-Calvia-2025.jpg","contentUrl":"https:\/\/gastronomicament.cat\/wp-content\/uploads\/2025\/03\/empelts-olivera-Calvia-2025.jpg","width":1124,"height":577},{"@type":"WebSite","@id":"https:\/\/gastronomicament.cat\/de\/#website","url":"https:\/\/gastronomicament.cat\/de\/","name":"Gastron\u00f2micament","description":"Portal de restaurants, receptes i actualitat gastron\u00f2mica","publisher":{"@id":"https:\/\/gastronomicament.cat\/de\/#organization"},"potentialAction":[{"@type":"SearchAction","target":{"@type":"EntryPoint","urlTemplate":"https:\/\/gastronomicament.cat\/de\/?s={search_term_string}"},"query-input":{"@type":"PropertyValueSpecification","valueRequired":true,"valueName":"search_term_string"}}],"inLanguage":"de"},{"@type":"Organization","@id":"https:\/\/gastronomicament.cat\/de\/#organization","name":"Gastron\u00f2micament","url":"https:\/\/gastronomicament.cat\/de\/","logo":{"@type":"ImageObject","inLanguage":"de","@id":"https:\/\/gastronomicament.cat\/de\/#\/schema\/logo\/image\/","url":"https:\/\/gastronomicament.cat\/wp-content\/uploads\/2016\/09\/header-logo.jpg","contentUrl":"https:\/\/gastronomicament.cat\/wp-content\/uploads\/2016\/09\/header-logo.jpg","width":277,"height":39,"caption":"Gastron\u00f2micament"},"image":{"@id":"https:\/\/gastronomicament.cat\/de\/#\/schema\/logo\/image\/"},"sameAs":["https:\/\/x.com\/gastronomicamen"]},{"@type":"Person","@id":"https:\/\/gastronomicament.cat\/de\/#\/schema\/person\/a7c85c537a1ed62799a5b8e0f686a37f","name":"Redacci\u00f3","image":{"@type":"ImageObject","inLanguage":"de","@id":"https:\/\/secure.gravatar.com\/avatar\/9489a485c464fd611d33825daae651d13db70c4e74c65c94937a15a9d4c3ee14?s=96&d=mm&r=g69fea3cce3645dfa2166e7293e22955e","url":"https:\/\/secure.gravatar.com\/avatar\/9489a485c464fd611d33825daae651d13db70c4e74c65c94937a15a9d4c3ee14?s=96&d=mm&r=g","contentUrl":"https:\/\/secure.gravatar.com\/avatar\/9489a485c464fd611d33825daae651d13db70c4e74c65c94937a15a9d4c3ee14?s=96&d=mm&r=g","caption":"Redacci\u00f3"},"sameAs":["http:\/\/gastronomicament.cat"],"url":"https:\/\/gastronomicament.cat\/de\/author\/admin"}]}},"_links":{"self":[{"href":"https:\/\/gastronomicament.cat\/de\/wp-json\/wp\/v2\/posts\/100824","targetHints":{"allow":["GET"]}}],"collection":[{"href":"https:\/\/gastronomicament.cat\/de\/wp-json\/wp\/v2\/posts"}],"about":[{"href":"https:\/\/gastronomicament.cat\/de\/wp-json\/wp\/v2\/types\/post"}],"author":[{"embeddable":true,"href":"https:\/\/gastronomicament.cat\/de\/wp-json\/wp\/v2\/users\/1"}],"replies":[{"embeddable":true,"href":"https:\/\/gastronomicament.cat\/de\/wp-json\/wp\/v2\/comments?post=100824"}],"version-history":[{"count":0,"href":"https:\/\/gastronomicament.cat\/de\/wp-json\/wp\/v2\/posts\/100824\/revisions"}],"wp:featuredmedia":[{"embeddable":true,"href":"https:\/\/gastronomicament.cat\/de\/wp-json\/wp\/v2\/media\/100826"}],"wp:attachment":[{"href":"https:\/\/gastronomicament.cat\/de\/wp-json\/wp\/v2\/media?parent=100824"}],"wp:term":[{"taxonomy":"category","embeddable":true,"href":"https:\/\/gastronomicament.cat\/de\/wp-json\/wp\/v2\/categories?post=100824"},{"taxonomy":"post_tag","embeddable":true,"href":"https:\/\/gastronomicament.cat\/de\/wp-json\/wp\/v2\/tags?post=100824"},{"taxonomy":"author","embeddable":true,"href":"https:\/\/gastronomicament.cat\/de\/wp-json\/wp\/v2\/coauthors?post=100824"}],"curies":[{"name":"wp","href":"https:\/\/api.w.org\/{rel}","templated":true}]}}