{"id":100852,"date":"2025-03-21T09:35:55","date_gmt":"2025-03-21T08:35:55","guid":{"rendered":"https:\/\/web2025.gastronomicament.cat\/palma-tendra-un-museu-de-menjar-fastigos"},"modified":"2026-04-12T20:44:20","modified_gmt":"2026-04-12T18:44:20","slug":"palma-tendra-un-museu-de-menjar-fastigos","status":"publish","type":"post","link":"https:\/\/gastronomicament.cat\/de\/palma-tendra-un-museu-de-menjar-fastigos","title":{"rendered":"Palma tendr\u00e0 un museu de menjar fastig\u00f3s"},"content":{"rendered":"<p>Hi ha idees estrafolaries que sembla que no puguin tenir \u00e8xit. Una d&#8217;aquestes \u00e9s el\u00a0<strong>Museu de Menjar Fastig\u00f3s<\/strong>.<\/p>\n<p>Com avan\u00e7a el diari \u00daltima Hora, una empresa sueca ha llogat l&#8217;edifici on antigament hi havia la botiga de muntanyisme Es Refugi. L&#8217;empresari\u00a0<strong>Andreas Ahrens\u00a0<\/strong>est\u00e0 al capdavant d&#8216;<a href=\"https:\/\/disgustingfoodmuseum.com\/\" target=\"_blank\" rel=\"noopener nofollow\">aquest peculiar museu, que ja existeix a Su\u00e8cia, concretament a la ciutat de Malmo<\/a>.<\/p>\n<p>Per fer-hi feina, no es requereixen estudis, nom\u00e9s saber angl\u00e8s, per la qual cosa es pot preveure que \u00e9s una atracci\u00f3 adre\u00e7ada \u00edntegrament als estrangers que visitin la ciutat. El sou de les persones que venguin tiquet \u00e9s de 24.000 euros bruts per una jornada completa, el que suposa 12 euros bruts per hora, mentre que el personal de neteja en cobra 8 euros\/hora. La informaci\u00f3 ha estat publicada als webs Infojobs i Indeed.<\/p>\n<p>S&#8217;hi podran tastar escarabats, penis de brau, ratapinyades, regal\u00e8ssia salada, taur\u00f3, llagosts i altres propostes que podrien fer vomitar tot all\u00f2 que hagin tastat els m\u00e9s agosarats.<\/p>\n<p>Malauradament, les\u00a0<a href=\"https:\/\/www.ultimahora.es\/fotogaleria\/refugi-transforma-museo-comida-asquerosa.html\" target=\"_blank\" rel=\"noopener nofollow\">fotografies publicades ja demostren un menyspreu cap als mallorquins perqu\u00e8 la informaci\u00f3 que apareix retratada per \u00daltima Hora<\/a>\u00a0ignora la llengua pr\u00f2pia de les Illes Balears. Esperem que resolguin aquest fet.<\/p>\n<p>L&#8217;obertura del Museu de Menjar Fastig\u00f3s est\u00e0 prevista per al 15 de maig vinent. El preu de l&#8217;entrada no \u00e9s p\u00fablic, per\u00f2 tenint en compte que a Malmo \u00e9s de 20 euros, es preveu que el passi de Palma rondi entre els 20 i els 30 euros.<\/p>\n<p><iframe style=\"border: none; overflow: hidden;\" src=\"https:\/\/www.facebook.com\/plugins\/post.php?href=https%3A%2F%2Fwww.facebook.com%2FDisgustingFoodMuseum%2Fposts%2Fpfbid0beLjqCsE9RGSUGxw5ERFEBU5fK6534yyDiVwatc2gGQ48cBS8SV3HCChg49JuZ8Rl&amp;show_text=false&amp;width=500\" width=\"500\" height=\"250\" frameborder=\"0\" scrolling=\"no\" allowfullscreen=\"allowfullscreen\"><\/iframe><\/p>\n<p><iframe style=\"border: none; overflow: hidden;\" src=\"https:\/\/www.facebook.com\/plugins\/post.php?href=https%3A%2F%2Fwww.facebook.com%2FDisgustingFoodMuseum%2Fposts%2Fpfbid0fwEMF5ubuDz5ZRQuc9UrEutGCdGdox4KzsrN2pny1gDkoskKbcpaSZyvvoWKLqzyl&amp;show_text=false&amp;width=500\" width=\"500\" height=\"498\" frameborder=\"0\" scrolling=\"no\" allowfullscreen=\"allowfullscreen\"><\/iframe><\/p>\n<pre>Imatges: Disgusting Food Museum<\/pre>\n","protected":false},"excerpt":{"rendered":"<p>S&#8217;ubicar\u00e0 al carrer del Sindicat, on hi havia la botiga Es Refugi<\/p>\n","protected":false},"author":1,"featured_media":100854,"comment_status":"open","ping_status":"open","sticky":false,"template":"","format":"standard","meta":{"_acf_changed":false,"_swt_meta_header_display":false,"_swt_meta_footer_display":false,"_swt_meta_site_title_display":false,"_swt_meta_sticky_header":false,"_swt_meta_transparent_header":false,"footnotes":""},"categories":[692,955],"tags":[],"coauthors":[2053],"class_list":["post-100852","post","type-post","status-publish","format-standard","has-post-thumbnail","hentry","category-actualitat","category-reportatges-i-novetats"],"acf":{"gallery":null,"home_date":{"home_begin_date":null,"home_end_date":null}},"yoast_head":"<!-- This site is optimized with the Yoast SEO plugin v27.4 - https:\/\/yoast.com\/product\/yoast-seo-wordpress\/ -->\n<title>Palma tendr\u00e0 un museu de menjar fastig\u00f3s - Gastron\u00f2micament<\/title>\n<meta name=\"description\" content=\"Palma tendr\u00e0 un museu de menjar fastig\u00f3s Actualitat, Reportatges i novetats S&#039;ubicar\u00e0 al carrer del Sindicat, on hi havia la botiga Es Refugi\" \/>\n<meta name=\"robots\" content=\"index, follow, max-snippet:-1, max-image-preview:large, max-video-preview:-1\" \/>\n<link rel=\"canonical\" href=\"https:\/\/gastronomicament.cat\/de\/palma-tendra-un-museu-de-menjar-fastigos\" \/>\n<meta property=\"og:locale\" content=\"de_DE\" \/>\n<meta property=\"og:type\" content=\"article\" \/>\n<meta property=\"og:title\" content=\"Palma tendr\u00e0 un museu de menjar fastig\u00f3s - Gastron\u00f2micament\" \/>\n<meta property=\"og:description\" content=\"Palma tendr\u00e0 un museu de menjar fastig\u00f3s Actualitat, Reportatges i novetats S&#039;ubicar\u00e0 al carrer del Sindicat, on hi havia la botiga Es Refugi\" \/>\n<meta property=\"og:url\" content=\"https:\/\/gastronomicament.cat\/de\/palma-tendra-un-museu-de-menjar-fastigos\" \/>\n<meta property=\"og:site_name\" content=\"Gastron\u00f2micament\" \/>\n<meta property=\"article:published_time\" content=\"2025-03-21T08:35:55+00:00\" \/>\n<meta property=\"article:modified_time\" content=\"2026-04-12T18:44:20+00:00\" \/>\n<meta property=\"og:image\" content=\"https:\/\/gastronomicament.cat\/wp-content\/uploads\/2025\/03\/Disgusting-Food-Museum.jpg\" \/>\n\t<meta property=\"og:image:width\" content=\"2048\" \/>\n\t<meta property=\"og:image:height\" content=\"1152\" \/>\n\t<meta property=\"og:image:type\" content=\"image\/jpeg\" \/>\n<meta name=\"author\" content=\"Redacci\u00f3\" \/>\n<meta name=\"twitter:card\" content=\"summary_large_image\" \/>\n<meta name=\"twitter:creator\" content=\"@gastronomicamen\" \/>\n<meta name=\"twitter:site\" content=\"@gastronomicamen\" \/>\n<meta name=\"twitter:label1\" content=\"Verfasst von\" \/>\n\t<meta name=\"twitter:data1\" content=\"Redacci\u00f3\" \/>\n\t<meta name=\"twitter:label2\" content=\"Gesch\u00e4tzte Lesezeit\" \/>\n\t<meta name=\"twitter:data2\" content=\"1\u00a0Minute\" \/>\n\t<meta name=\"twitter:label3\" content=\"Written by\" \/>\n\t<meta name=\"twitter:data3\" content=\"Redacci\u00f3\" \/>\n<script type=\"application\/ld+json\" class=\"yoast-schema-graph\">{\"@context\":\"https:\\\/\\\/schema.org\",\"@graph\":[{\"@type\":\"Article\",\"@id\":\"https:\\\/\\\/gastronomicament.cat\\\/de\\\/palma-tendra-un-museu-de-menjar-fastigos#article\",\"isPartOf\":{\"@id\":\"https:\\\/\\\/gastronomicament.cat\\\/de\\\/palma-tendra-un-museu-de-menjar-fastigos\"},\"author\":{\"name\":\"Redacci\u00f3\",\"@id\":\"https:\\\/\\\/gastronomicament.cat\\\/de\\\/#\\\/schema\\\/person\\\/a7c85c537a1ed62799a5b8e0f686a37f\"},\"headline\":\"Palma tendr\u00e0 un museu de menjar fastig\u00f3s\",\"datePublished\":\"2025-03-21T08:35:55+00:00\",\"dateModified\":\"2026-04-12T18:44:20+00:00\",\"mainEntityOfPage\":{\"@id\":\"https:\\\/\\\/gastronomicament.cat\\\/de\\\/palma-tendra-un-museu-de-menjar-fastigos\"},\"wordCount\":255,\"commentCount\":0,\"publisher\":{\"@id\":\"https:\\\/\\\/gastronomicament.cat\\\/de\\\/#organization\"},\"image\":{\"@id\":\"https:\\\/\\\/gastronomicament.cat\\\/de\\\/palma-tendra-un-museu-de-menjar-fastigos#primaryimage\"},\"thumbnailUrl\":\"https:\\\/\\\/gastronomicament.cat\\\/wp-content\\\/uploads\\\/2025\\\/03\\\/Disgusting-Food-Museum.jpg\",\"articleSection\":[\"Actualitat\",\"Reportatges i novetats\"],\"inLanguage\":\"de\",\"potentialAction\":[{\"@type\":\"CommentAction\",\"name\":\"Comment\",\"target\":[\"https:\\\/\\\/gastronomicament.cat\\\/de\\\/palma-tendra-un-museu-de-menjar-fastigos#respond\"]}]},{\"@type\":\"WebPage\",\"@id\":\"https:\\\/\\\/gastronomicament.cat\\\/de\\\/palma-tendra-un-museu-de-menjar-fastigos\",\"url\":\"https:\\\/\\\/gastronomicament.cat\\\/de\\\/palma-tendra-un-museu-de-menjar-fastigos\",\"name\":\"Palma tendr\u00e0 un museu de menjar fastig\u00f3s - Gastron\u00f2micament\",\"isPartOf\":{\"@id\":\"https:\\\/\\\/gastronomicament.cat\\\/de\\\/#website\"},\"primaryImageOfPage\":{\"@id\":\"https:\\\/\\\/gastronomicament.cat\\\/de\\\/palma-tendra-un-museu-de-menjar-fastigos#primaryimage\"},\"image\":{\"@id\":\"https:\\\/\\\/gastronomicament.cat\\\/de\\\/palma-tendra-un-museu-de-menjar-fastigos#primaryimage\"},\"thumbnailUrl\":\"https:\\\/\\\/gastronomicament.cat\\\/wp-content\\\/uploads\\\/2025\\\/03\\\/Disgusting-Food-Museum.jpg\",\"datePublished\":\"2025-03-21T08:35:55+00:00\",\"dateModified\":\"2026-04-12T18:44:20+00:00\",\"description\":\"Palma tendr\u00e0 un museu de menjar fastig\u00f3s Actualitat, Reportatges i novetats S'ubicar\u00e0 al carrer del Sindicat, on hi havia la botiga Es Refugi\",\"inLanguage\":\"de\",\"potentialAction\":[{\"@type\":\"ReadAction\",\"target\":[\"https:\\\/\\\/gastronomicament.cat\\\/de\\\/palma-tendra-un-museu-de-menjar-fastigos\"]}]},{\"@type\":\"ImageObject\",\"inLanguage\":\"de\",\"@id\":\"https:\\\/\\\/gastronomicament.cat\\\/de\\\/palma-tendra-un-museu-de-menjar-fastigos#primaryimage\",\"url\":\"https:\\\/\\\/gastronomicament.cat\\\/wp-content\\\/uploads\\\/2025\\\/03\\\/Disgusting-Food-Museum.jpg\",\"contentUrl\":\"https:\\\/\\\/gastronomicament.cat\\\/wp-content\\\/uploads\\\/2025\\\/03\\\/Disgusting-Food-Museum.jpg\",\"width\":2048,\"height\":1152},{\"@type\":\"WebSite\",\"@id\":\"https:\\\/\\\/gastronomicament.cat\\\/de\\\/#website\",\"url\":\"https:\\\/\\\/gastronomicament.cat\\\/de\\\/\",\"name\":\"Gastron\u00f2micament\",\"description\":\"Portal de restaurants, receptes i actualitat gastron\u00f2mica\",\"publisher\":{\"@id\":\"https:\\\/\\\/gastronomicament.cat\\\/de\\\/#organization\"},\"potentialAction\":[{\"@type\":\"SearchAction\",\"target\":{\"@type\":\"EntryPoint\",\"urlTemplate\":\"https:\\\/\\\/gastronomicament.cat\\\/de\\\/?s={search_term_string}\"},\"query-input\":{\"@type\":\"PropertyValueSpecification\",\"valueRequired\":true,\"valueName\":\"search_term_string\"}}],\"inLanguage\":\"de\"},{\"@type\":\"Organization\",\"@id\":\"https:\\\/\\\/gastronomicament.cat\\\/de\\\/#organization\",\"name\":\"Gastron\u00f2micament\",\"url\":\"https:\\\/\\\/gastronomicament.cat\\\/de\\\/\",\"logo\":{\"@type\":\"ImageObject\",\"inLanguage\":\"de\",\"@id\":\"https:\\\/\\\/gastronomicament.cat\\\/de\\\/#\\\/schema\\\/logo\\\/image\\\/\",\"url\":\"https:\\\/\\\/gastronomicament.cat\\\/wp-content\\\/uploads\\\/2016\\\/09\\\/header-logo.jpg\",\"contentUrl\":\"https:\\\/\\\/gastronomicament.cat\\\/wp-content\\\/uploads\\\/2016\\\/09\\\/header-logo.jpg\",\"width\":277,\"height\":39,\"caption\":\"Gastron\u00f2micament\"},\"image\":{\"@id\":\"https:\\\/\\\/gastronomicament.cat\\\/de\\\/#\\\/schema\\\/logo\\\/image\\\/\"},\"sameAs\":[\"https:\\\/\\\/x.com\\\/gastronomicamen\"]},{\"@type\":\"Person\",\"@id\":\"https:\\\/\\\/gastronomicament.cat\\\/de\\\/#\\\/schema\\\/person\\\/a7c85c537a1ed62799a5b8e0f686a37f\",\"name\":\"Redacci\u00f3\",\"image\":{\"@type\":\"ImageObject\",\"inLanguage\":\"de\",\"@id\":\"https:\\\/\\\/secure.gravatar.com\\\/avatar\\\/9489a485c464fd611d33825daae651d13db70c4e74c65c94937a15a9d4c3ee14?s=96&d=mm&r=g69fea3cce3645dfa2166e7293e22955e\",\"url\":\"https:\\\/\\\/secure.gravatar.com\\\/avatar\\\/9489a485c464fd611d33825daae651d13db70c4e74c65c94937a15a9d4c3ee14?s=96&d=mm&r=g\",\"contentUrl\":\"https:\\\/\\\/secure.gravatar.com\\\/avatar\\\/9489a485c464fd611d33825daae651d13db70c4e74c65c94937a15a9d4c3ee14?s=96&d=mm&r=g\",\"caption\":\"Redacci\u00f3\"},\"sameAs\":[\"http:\\\/\\\/gastronomicament.cat\"],\"url\":\"https:\\\/\\\/gastronomicament.cat\\\/de\\\/author\\\/admin\"}]}<\/script>\n<!-- \/ Yoast SEO plugin. -->","yoast_head_json":{"title":"Palma tendr\u00e0 un museu de menjar fastig\u00f3s - Gastron\u00f2micament","description":"Palma tendr\u00e0 un museu de menjar fastig\u00f3s Actualitat, Reportatges i novetats S'ubicar\u00e0 al carrer del Sindicat, on hi havia la botiga Es Refugi","robots":{"index":"index","follow":"follow","max-snippet":"max-snippet:-1","max-image-preview":"max-image-preview:large","max-video-preview":"max-video-preview:-1"},"canonical":"https:\/\/gastronomicament.cat\/de\/palma-tendra-un-museu-de-menjar-fastigos","og_locale":"de_DE","og_type":"article","og_title":"Palma tendr\u00e0 un museu de menjar fastig\u00f3s - Gastron\u00f2micament","og_description":"Palma tendr\u00e0 un museu de menjar fastig\u00f3s Actualitat, Reportatges i novetats S'ubicar\u00e0 al carrer del Sindicat, on hi havia la botiga Es Refugi","og_url":"https:\/\/gastronomicament.cat\/de\/palma-tendra-un-museu-de-menjar-fastigos","og_site_name":"Gastron\u00f2micament","article_published_time":"2025-03-21T08:35:55+00:00","article_modified_time":"2026-04-12T18:44:20+00:00","og_image":[{"width":2048,"height":1152,"url":"https:\/\/gastronomicament.cat\/wp-content\/uploads\/2025\/03\/Disgusting-Food-Museum.jpg","type":"image\/jpeg"}],"author":"Redacci\u00f3","twitter_card":"summary_large_image","twitter_creator":"@gastronomicamen","twitter_site":"@gastronomicamen","twitter_misc":{"Verfasst von":"Redacci\u00f3","Gesch\u00e4tzte Lesezeit":"1\u00a0Minute","Written by":"Redacci\u00f3"},"schema":{"@context":"https:\/\/schema.org","@graph":[{"@type":"Article","@id":"https:\/\/gastronomicament.cat\/de\/palma-tendra-un-museu-de-menjar-fastigos#article","isPartOf":{"@id":"https:\/\/gastronomicament.cat\/de\/palma-tendra-un-museu-de-menjar-fastigos"},"author":{"name":"Redacci\u00f3","@id":"https:\/\/gastronomicament.cat\/de\/#\/schema\/person\/a7c85c537a1ed62799a5b8e0f686a37f"},"headline":"Palma tendr\u00e0 un museu de menjar fastig\u00f3s","datePublished":"2025-03-21T08:35:55+00:00","dateModified":"2026-04-12T18:44:20+00:00","mainEntityOfPage":{"@id":"https:\/\/gastronomicament.cat\/de\/palma-tendra-un-museu-de-menjar-fastigos"},"wordCount":255,"commentCount":0,"publisher":{"@id":"https:\/\/gastronomicament.cat\/de\/#organization"},"image":{"@id":"https:\/\/gastronomicament.cat\/de\/palma-tendra-un-museu-de-menjar-fastigos#primaryimage"},"thumbnailUrl":"https:\/\/gastronomicament.cat\/wp-content\/uploads\/2025\/03\/Disgusting-Food-Museum.jpg","articleSection":["Actualitat","Reportatges i novetats"],"inLanguage":"de","potentialAction":[{"@type":"CommentAction","name":"Comment","target":["https:\/\/gastronomicament.cat\/de\/palma-tendra-un-museu-de-menjar-fastigos#respond"]}]},{"@type":"WebPage","@id":"https:\/\/gastronomicament.cat\/de\/palma-tendra-un-museu-de-menjar-fastigos","url":"https:\/\/gastronomicament.cat\/de\/palma-tendra-un-museu-de-menjar-fastigos","name":"Palma tendr\u00e0 un museu de menjar fastig\u00f3s - Gastron\u00f2micament","isPartOf":{"@id":"https:\/\/gastronomicament.cat\/de\/#website"},"primaryImageOfPage":{"@id":"https:\/\/gastronomicament.cat\/de\/palma-tendra-un-museu-de-menjar-fastigos#primaryimage"},"image":{"@id":"https:\/\/gastronomicament.cat\/de\/palma-tendra-un-museu-de-menjar-fastigos#primaryimage"},"thumbnailUrl":"https:\/\/gastronomicament.cat\/wp-content\/uploads\/2025\/03\/Disgusting-Food-Museum.jpg","datePublished":"2025-03-21T08:35:55+00:00","dateModified":"2026-04-12T18:44:20+00:00","description":"Palma tendr\u00e0 un museu de menjar fastig\u00f3s Actualitat, Reportatges i novetats S'ubicar\u00e0 al carrer del Sindicat, on hi havia la botiga Es Refugi","inLanguage":"de","potentialAction":[{"@type":"ReadAction","target":["https:\/\/gastronomicament.cat\/de\/palma-tendra-un-museu-de-menjar-fastigos"]}]},{"@type":"ImageObject","inLanguage":"de","@id":"https:\/\/gastronomicament.cat\/de\/palma-tendra-un-museu-de-menjar-fastigos#primaryimage","url":"https:\/\/gastronomicament.cat\/wp-content\/uploads\/2025\/03\/Disgusting-Food-Museum.jpg","contentUrl":"https:\/\/gastronomicament.cat\/wp-content\/uploads\/2025\/03\/Disgusting-Food-Museum.jpg","width":2048,"height":1152},{"@type":"WebSite","@id":"https:\/\/gastronomicament.cat\/de\/#website","url":"https:\/\/gastronomicament.cat\/de\/","name":"Gastron\u00f2micament","description":"Portal de restaurants, receptes i actualitat gastron\u00f2mica","publisher":{"@id":"https:\/\/gastronomicament.cat\/de\/#organization"},"potentialAction":[{"@type":"SearchAction","target":{"@type":"EntryPoint","urlTemplate":"https:\/\/gastronomicament.cat\/de\/?s={search_term_string}"},"query-input":{"@type":"PropertyValueSpecification","valueRequired":true,"valueName":"search_term_string"}}],"inLanguage":"de"},{"@type":"Organization","@id":"https:\/\/gastronomicament.cat\/de\/#organization","name":"Gastron\u00f2micament","url":"https:\/\/gastronomicament.cat\/de\/","logo":{"@type":"ImageObject","inLanguage":"de","@id":"https:\/\/gastronomicament.cat\/de\/#\/schema\/logo\/image\/","url":"https:\/\/gastronomicament.cat\/wp-content\/uploads\/2016\/09\/header-logo.jpg","contentUrl":"https:\/\/gastronomicament.cat\/wp-content\/uploads\/2016\/09\/header-logo.jpg","width":277,"height":39,"caption":"Gastron\u00f2micament"},"image":{"@id":"https:\/\/gastronomicament.cat\/de\/#\/schema\/logo\/image\/"},"sameAs":["https:\/\/x.com\/gastronomicamen"]},{"@type":"Person","@id":"https:\/\/gastronomicament.cat\/de\/#\/schema\/person\/a7c85c537a1ed62799a5b8e0f686a37f","name":"Redacci\u00f3","image":{"@type":"ImageObject","inLanguage":"de","@id":"https:\/\/secure.gravatar.com\/avatar\/9489a485c464fd611d33825daae651d13db70c4e74c65c94937a15a9d4c3ee14?s=96&d=mm&r=g69fea3cce3645dfa2166e7293e22955e","url":"https:\/\/secure.gravatar.com\/avatar\/9489a485c464fd611d33825daae651d13db70c4e74c65c94937a15a9d4c3ee14?s=96&d=mm&r=g","contentUrl":"https:\/\/secure.gravatar.com\/avatar\/9489a485c464fd611d33825daae651d13db70c4e74c65c94937a15a9d4c3ee14?s=96&d=mm&r=g","caption":"Redacci\u00f3"},"sameAs":["http:\/\/gastronomicament.cat"],"url":"https:\/\/gastronomicament.cat\/de\/author\/admin"}]}},"_links":{"self":[{"href":"https:\/\/gastronomicament.cat\/de\/wp-json\/wp\/v2\/posts\/100852","targetHints":{"allow":["GET"]}}],"collection":[{"href":"https:\/\/gastronomicament.cat\/de\/wp-json\/wp\/v2\/posts"}],"about":[{"href":"https:\/\/gastronomicament.cat\/de\/wp-json\/wp\/v2\/types\/post"}],"author":[{"embeddable":true,"href":"https:\/\/gastronomicament.cat\/de\/wp-json\/wp\/v2\/users\/1"}],"replies":[{"embeddable":true,"href":"https:\/\/gastronomicament.cat\/de\/wp-json\/wp\/v2\/comments?post=100852"}],"version-history":[{"count":0,"href":"https:\/\/gastronomicament.cat\/de\/wp-json\/wp\/v2\/posts\/100852\/revisions"}],"wp:featuredmedia":[{"embeddable":true,"href":"https:\/\/gastronomicament.cat\/de\/wp-json\/wp\/v2\/media\/100854"}],"wp:attachment":[{"href":"https:\/\/gastronomicament.cat\/de\/wp-json\/wp\/v2\/media?parent=100852"}],"wp:term":[{"taxonomy":"category","embeddable":true,"href":"https:\/\/gastronomicament.cat\/de\/wp-json\/wp\/v2\/categories?post=100852"},{"taxonomy":"post_tag","embeddable":true,"href":"https:\/\/gastronomicament.cat\/de\/wp-json\/wp\/v2\/tags?post=100852"},{"taxonomy":"author","embeddable":true,"href":"https:\/\/gastronomicament.cat\/de\/wp-json\/wp\/v2\/coauthors?post=100852"}],"curies":[{"name":"wp","href":"https:\/\/api.w.org\/{rel}","templated":true}]}}