{"id":100869,"date":"2025-03-26T09:10:35","date_gmt":"2025-03-26T08:10:35","guid":{"rendered":"https:\/\/web2025.gastronomicament.cat\/maridatge-de-vins-pla-i-llevant-amb-xocolata-maua"},"modified":"2026-04-22T20:05:19","modified_gmt":"2026-04-22T18:05:19","slug":"maridatge-de-vins-pla-i-llevant-amb-xocolata-maua","status":"publish","type":"post","link":"https:\/\/gastronomicament.cat\/de\/maridatge-de-vins-pla-i-llevant-amb-xocolata-maua","title":{"rendered":"Maridatge de vins Pla i Llevant amb xocolata Ma\u00fca"},"content":{"rendered":"\n<p>El dimecres 2 d&#8217;abril la&nbsp;<strong>denominaci\u00f3 d&#8217;origen protegida Pla i Llevant &#8211; Mallorca<\/strong>&nbsp;ha organitzat una activitat molt interessant i apetitosa. Es tracta d&#8217;un&nbsp;<strong>maridatge&nbsp;<\/strong>de vins Pla i Llevant amb la xocolata que artesanal&nbsp;<strong>Ma\u00fca<\/strong>.<\/p>\n\n\n\n<p>Podreu gaudir d\u2019un tast molt especial amb la pon\u00e8ncia pedag\u00f2gica sobre el m\u00f3n del cacau per part d&#8217;en&nbsp;<strong>Jaume Martorell&nbsp;<\/strong>(xocolater i cofundador de Ma\u00fca). El&nbsp;<strong>sommelier Toni Fern\u00e1ndez&nbsp;<\/strong>s&#8217;encarregar\u00e0 de maridar el vi i la xocolata amb un&nbsp;<strong>tast guiat de cinc vins amb cinc tipus de xocolata<\/strong>.<\/p>\n\n\n\n<p>Les&nbsp;<strong>places&nbsp;<\/strong>s\u00f3n&nbsp;<strong>limitades<\/strong>. L&#8217;activitat es far\u00e0 a la&nbsp;<strong>sala d&#8217;actes de la Miseric\u00f2rdia<\/strong>, Palma,&nbsp;<strong>de 18.30 a 20.30<\/strong>&nbsp;hores.<br>Preu:&nbsp;<strong>25 euros<\/strong>.&nbsp;<strong>M\u00e9s informaci\u00f3<\/strong>&nbsp;a:&nbsp;<a href=\"mailto:promocio@doplaillevant.com\"><em>promocio@<\/em><em>doplaillevant<\/em>.<em>com&nbsp;<\/em><\/a>| <a href=\"tel:650352095\">650352095<\/a><\/p>\n\n\n\n<p>Podeu comprar la vostra entrada a&nbsp;<a href=\"https:\/\/ticketib.com\/events\/maridatge-de-vins-amb-xocolata-maua\" target=\"_blank\" rel=\"noopener nofollow\">TicketIB, aqu\u00ed<\/a>. \u00c9s una activitat per a majors de 18 anys.<\/p>\n","protected":false},"excerpt":{"rendered":"<p>Es far\u00e0 un tast guiat de cinc vins amb cinc tipus de xocolata<\/p>\n","protected":false},"author":1,"featured_media":100875,"comment_status":"open","ping_status":"open","sticky":false,"template":"","format":"standard","meta":{"_acf_changed":false,"_swt_meta_header_display":false,"_swt_meta_footer_display":false,"_swt_meta_site_title_display":false,"_swt_meta_sticky_header":false,"_swt_meta_transparent_header":false,"footnotes":""},"categories":[692,955],"tags":[],"coauthors":[2053],"class_list":["post-100869","post","type-post","status-publish","format-standard","has-post-thumbnail","hentry","category-actualitat","category-reportatges-i-novetats"],"acf":{"gallery":"","home_date":{"home_begin_date":null,"home_end_date":null}},"yoast_head":"<!-- This site is optimized with the Yoast SEO plugin v27.4 - https:\/\/yoast.com\/product\/yoast-seo-wordpress\/ -->\n<title>Maridatge de vins Pla i Llevant amb xocolata Ma\u00fca - Gastron\u00f2micament<\/title>\n<meta name=\"description\" content=\"Maridatge de vins Pla i Llevant amb xocolata Ma\u00fca Actualitat, Reportatges i novetats Es far\u00e0 un tast guiat de cinc vins amb cinc tipus de xocolata\" \/>\n<meta name=\"robots\" content=\"index, follow, max-snippet:-1, max-image-preview:large, max-video-preview:-1\" \/>\n<link rel=\"canonical\" href=\"https:\/\/gastronomicament.cat\/de\/maridatge-de-vins-pla-i-llevant-amb-xocolata-maua\" \/>\n<meta property=\"og:locale\" content=\"de_DE\" \/>\n<meta property=\"og:type\" content=\"article\" \/>\n<meta property=\"og:title\" content=\"Maridatge de vins Pla i Llevant amb xocolata Ma\u00fca - Gastron\u00f2micament\" \/>\n<meta property=\"og:description\" content=\"Maridatge de vins Pla i Llevant amb xocolata Ma\u00fca Actualitat, Reportatges i novetats Es far\u00e0 un tast guiat de cinc vins amb cinc tipus de xocolata\" \/>\n<meta property=\"og:url\" content=\"https:\/\/gastronomicament.cat\/de\/maridatge-de-vins-pla-i-llevant-amb-xocolata-maua\" \/>\n<meta property=\"og:site_name\" content=\"Gastron\u00f2micament\" \/>\n<meta property=\"article:published_time\" content=\"2025-03-26T08:10:35+00:00\" \/>\n<meta property=\"article:modified_time\" content=\"2026-04-22T18:05:19+00:00\" \/>\n<meta property=\"og:image\" content=\"https:\/\/gastronomicament.cat\/wp-content\/uploads\/2025\/03\/Maridatge-vi-i-xocolata-2025-1.jpg\" \/>\n\t<meta property=\"og:image:width\" content=\"1669\" \/>\n\t<meta property=\"og:image:height\" content=\"816\" \/>\n\t<meta property=\"og:image:type\" content=\"image\/jpeg\" \/>\n<meta name=\"author\" content=\"Redacci\u00f3\" \/>\n<meta name=\"twitter:card\" content=\"summary_large_image\" \/>\n<meta name=\"twitter:creator\" content=\"@gastronomicamen\" \/>\n<meta name=\"twitter:site\" content=\"@gastronomicamen\" \/>\n<meta name=\"twitter:label1\" content=\"Verfasst von\" \/>\n\t<meta name=\"twitter:data1\" content=\"Redacci\u00f3\" \/>\n\t<meta name=\"twitter:label2\" content=\"Gesch\u00e4tzte Lesezeit\" \/>\n\t<meta name=\"twitter:data2\" content=\"1\u00a0Minute\" \/>\n\t<meta name=\"twitter:label3\" content=\"Written by\" \/>\n\t<meta name=\"twitter:data3\" content=\"Redacci\u00f3\" \/>\n<script type=\"application\/ld+json\" class=\"yoast-schema-graph\">{\"@context\":\"https:\\\/\\\/schema.org\",\"@graph\":[{\"@type\":\"Article\",\"@id\":\"https:\\\/\\\/gastronomicament.cat\\\/de\\\/maridatge-de-vins-pla-i-llevant-amb-xocolata-maua#article\",\"isPartOf\":{\"@id\":\"https:\\\/\\\/gastronomicament.cat\\\/de\\\/maridatge-de-vins-pla-i-llevant-amb-xocolata-maua\"},\"author\":{\"name\":\"Redacci\u00f3\",\"@id\":\"https:\\\/\\\/gastronomicament.cat\\\/de\\\/#\\\/schema\\\/person\\\/a7c85c537a1ed62799a5b8e0f686a37f\"},\"headline\":\"Maridatge de vins Pla i Llevant amb xocolata Ma\u00fca\",\"datePublished\":\"2025-03-26T08:10:35+00:00\",\"dateModified\":\"2026-04-22T18:05:19+00:00\",\"mainEntityOfPage\":{\"@id\":\"https:\\\/\\\/gastronomicament.cat\\\/de\\\/maridatge-de-vins-pla-i-llevant-amb-xocolata-maua\"},\"wordCount\":168,\"commentCount\":0,\"publisher\":{\"@id\":\"https:\\\/\\\/gastronomicament.cat\\\/de\\\/#organization\"},\"image\":{\"@id\":\"https:\\\/\\\/gastronomicament.cat\\\/de\\\/maridatge-de-vins-pla-i-llevant-amb-xocolata-maua#primaryimage\"},\"thumbnailUrl\":\"https:\\\/\\\/gastronomicament.cat\\\/wp-content\\\/uploads\\\/2025\\\/03\\\/Maridatge-vi-i-xocolata-2025-1.jpg\",\"articleSection\":[\"Actualitat\",\"Reportatges i novetats\"],\"inLanguage\":\"de\",\"potentialAction\":[{\"@type\":\"CommentAction\",\"name\":\"Comment\",\"target\":[\"https:\\\/\\\/gastronomicament.cat\\\/de\\\/maridatge-de-vins-pla-i-llevant-amb-xocolata-maua#respond\"]}]},{\"@type\":\"WebPage\",\"@id\":\"https:\\\/\\\/gastronomicament.cat\\\/de\\\/maridatge-de-vins-pla-i-llevant-amb-xocolata-maua\",\"url\":\"https:\\\/\\\/gastronomicament.cat\\\/de\\\/maridatge-de-vins-pla-i-llevant-amb-xocolata-maua\",\"name\":\"Maridatge de vins Pla i Llevant amb xocolata Ma\u00fca - Gastron\u00f2micament\",\"isPartOf\":{\"@id\":\"https:\\\/\\\/gastronomicament.cat\\\/de\\\/#website\"},\"primaryImageOfPage\":{\"@id\":\"https:\\\/\\\/gastronomicament.cat\\\/de\\\/maridatge-de-vins-pla-i-llevant-amb-xocolata-maua#primaryimage\"},\"image\":{\"@id\":\"https:\\\/\\\/gastronomicament.cat\\\/de\\\/maridatge-de-vins-pla-i-llevant-amb-xocolata-maua#primaryimage\"},\"thumbnailUrl\":\"https:\\\/\\\/gastronomicament.cat\\\/wp-content\\\/uploads\\\/2025\\\/03\\\/Maridatge-vi-i-xocolata-2025-1.jpg\",\"datePublished\":\"2025-03-26T08:10:35+00:00\",\"dateModified\":\"2026-04-22T18:05:19+00:00\",\"description\":\"Maridatge de vins Pla i Llevant amb xocolata Ma\u00fca Actualitat, Reportatges i novetats Es far\u00e0 un tast guiat de cinc vins amb cinc tipus de xocolata\",\"inLanguage\":\"de\",\"potentialAction\":[{\"@type\":\"ReadAction\",\"target\":[\"https:\\\/\\\/gastronomicament.cat\\\/de\\\/maridatge-de-vins-pla-i-llevant-amb-xocolata-maua\"]}]},{\"@type\":\"ImageObject\",\"inLanguage\":\"de\",\"@id\":\"https:\\\/\\\/gastronomicament.cat\\\/de\\\/maridatge-de-vins-pla-i-llevant-amb-xocolata-maua#primaryimage\",\"url\":\"https:\\\/\\\/gastronomicament.cat\\\/wp-content\\\/uploads\\\/2025\\\/03\\\/Maridatge-vi-i-xocolata-2025-1.jpg\",\"contentUrl\":\"https:\\\/\\\/gastronomicament.cat\\\/wp-content\\\/uploads\\\/2025\\\/03\\\/Maridatge-vi-i-xocolata-2025-1.jpg\",\"width\":1669,\"height\":816},{\"@type\":\"WebSite\",\"@id\":\"https:\\\/\\\/gastronomicament.cat\\\/de\\\/#website\",\"url\":\"https:\\\/\\\/gastronomicament.cat\\\/de\\\/\",\"name\":\"Gastron\u00f2micament\",\"description\":\"Portal de restaurants, receptes i actualitat gastron\u00f2mica\",\"publisher\":{\"@id\":\"https:\\\/\\\/gastronomicament.cat\\\/de\\\/#organization\"},\"potentialAction\":[{\"@type\":\"SearchAction\",\"target\":{\"@type\":\"EntryPoint\",\"urlTemplate\":\"https:\\\/\\\/gastronomicament.cat\\\/de\\\/?s={search_term_string}\"},\"query-input\":{\"@type\":\"PropertyValueSpecification\",\"valueRequired\":true,\"valueName\":\"search_term_string\"}}],\"inLanguage\":\"de\"},{\"@type\":\"Organization\",\"@id\":\"https:\\\/\\\/gastronomicament.cat\\\/de\\\/#organization\",\"name\":\"Gastron\u00f2micament\",\"url\":\"https:\\\/\\\/gastronomicament.cat\\\/de\\\/\",\"logo\":{\"@type\":\"ImageObject\",\"inLanguage\":\"de\",\"@id\":\"https:\\\/\\\/gastronomicament.cat\\\/de\\\/#\\\/schema\\\/logo\\\/image\\\/\",\"url\":\"https:\\\/\\\/gastronomicament.cat\\\/wp-content\\\/uploads\\\/2016\\\/09\\\/header-logo.jpg\",\"contentUrl\":\"https:\\\/\\\/gastronomicament.cat\\\/wp-content\\\/uploads\\\/2016\\\/09\\\/header-logo.jpg\",\"width\":277,\"height\":39,\"caption\":\"Gastron\u00f2micament\"},\"image\":{\"@id\":\"https:\\\/\\\/gastronomicament.cat\\\/de\\\/#\\\/schema\\\/logo\\\/image\\\/\"},\"sameAs\":[\"https:\\\/\\\/x.com\\\/gastronomicamen\"]},{\"@type\":\"Person\",\"@id\":\"https:\\\/\\\/gastronomicament.cat\\\/de\\\/#\\\/schema\\\/person\\\/a7c85c537a1ed62799a5b8e0f686a37f\",\"name\":\"Redacci\u00f3\",\"image\":{\"@type\":\"ImageObject\",\"inLanguage\":\"de\",\"@id\":\"https:\\\/\\\/secure.gravatar.com\\\/avatar\\\/9489a485c464fd611d33825daae651d13db70c4e74c65c94937a15a9d4c3ee14?s=96&d=mm&r=g69fea3cce3645dfa2166e7293e22955e\",\"url\":\"https:\\\/\\\/secure.gravatar.com\\\/avatar\\\/9489a485c464fd611d33825daae651d13db70c4e74c65c94937a15a9d4c3ee14?s=96&d=mm&r=g\",\"contentUrl\":\"https:\\\/\\\/secure.gravatar.com\\\/avatar\\\/9489a485c464fd611d33825daae651d13db70c4e74c65c94937a15a9d4c3ee14?s=96&d=mm&r=g\",\"caption\":\"Redacci\u00f3\"},\"sameAs\":[\"http:\\\/\\\/gastronomicament.cat\"],\"url\":\"https:\\\/\\\/gastronomicament.cat\\\/de\\\/author\\\/admin\"}]}<\/script>\n<!-- \/ Yoast SEO plugin. -->","yoast_head_json":{"title":"Maridatge de vins Pla i Llevant amb xocolata Ma\u00fca - Gastron\u00f2micament","description":"Maridatge de vins Pla i Llevant amb xocolata Ma\u00fca Actualitat, Reportatges i novetats Es far\u00e0 un tast guiat de cinc vins amb cinc tipus de xocolata","robots":{"index":"index","follow":"follow","max-snippet":"max-snippet:-1","max-image-preview":"max-image-preview:large","max-video-preview":"max-video-preview:-1"},"canonical":"https:\/\/gastronomicament.cat\/de\/maridatge-de-vins-pla-i-llevant-amb-xocolata-maua","og_locale":"de_DE","og_type":"article","og_title":"Maridatge de vins Pla i Llevant amb xocolata Ma\u00fca - Gastron\u00f2micament","og_description":"Maridatge de vins Pla i Llevant amb xocolata Ma\u00fca Actualitat, Reportatges i novetats Es far\u00e0 un tast guiat de cinc vins amb cinc tipus de xocolata","og_url":"https:\/\/gastronomicament.cat\/de\/maridatge-de-vins-pla-i-llevant-amb-xocolata-maua","og_site_name":"Gastron\u00f2micament","article_published_time":"2025-03-26T08:10:35+00:00","article_modified_time":"2026-04-22T18:05:19+00:00","og_image":[{"width":1669,"height":816,"url":"https:\/\/gastronomicament.cat\/wp-content\/uploads\/2025\/03\/Maridatge-vi-i-xocolata-2025-1.jpg","type":"image\/jpeg"}],"author":"Redacci\u00f3","twitter_card":"summary_large_image","twitter_creator":"@gastronomicamen","twitter_site":"@gastronomicamen","twitter_misc":{"Verfasst von":"Redacci\u00f3","Gesch\u00e4tzte Lesezeit":"1\u00a0Minute","Written by":"Redacci\u00f3"},"schema":{"@context":"https:\/\/schema.org","@graph":[{"@type":"Article","@id":"https:\/\/gastronomicament.cat\/de\/maridatge-de-vins-pla-i-llevant-amb-xocolata-maua#article","isPartOf":{"@id":"https:\/\/gastronomicament.cat\/de\/maridatge-de-vins-pla-i-llevant-amb-xocolata-maua"},"author":{"name":"Redacci\u00f3","@id":"https:\/\/gastronomicament.cat\/de\/#\/schema\/person\/a7c85c537a1ed62799a5b8e0f686a37f"},"headline":"Maridatge de vins Pla i Llevant amb xocolata Ma\u00fca","datePublished":"2025-03-26T08:10:35+00:00","dateModified":"2026-04-22T18:05:19+00:00","mainEntityOfPage":{"@id":"https:\/\/gastronomicament.cat\/de\/maridatge-de-vins-pla-i-llevant-amb-xocolata-maua"},"wordCount":168,"commentCount":0,"publisher":{"@id":"https:\/\/gastronomicament.cat\/de\/#organization"},"image":{"@id":"https:\/\/gastronomicament.cat\/de\/maridatge-de-vins-pla-i-llevant-amb-xocolata-maua#primaryimage"},"thumbnailUrl":"https:\/\/gastronomicament.cat\/wp-content\/uploads\/2025\/03\/Maridatge-vi-i-xocolata-2025-1.jpg","articleSection":["Actualitat","Reportatges i novetats"],"inLanguage":"de","potentialAction":[{"@type":"CommentAction","name":"Comment","target":["https:\/\/gastronomicament.cat\/de\/maridatge-de-vins-pla-i-llevant-amb-xocolata-maua#respond"]}]},{"@type":"WebPage","@id":"https:\/\/gastronomicament.cat\/de\/maridatge-de-vins-pla-i-llevant-amb-xocolata-maua","url":"https:\/\/gastronomicament.cat\/de\/maridatge-de-vins-pla-i-llevant-amb-xocolata-maua","name":"Maridatge de vins Pla i Llevant amb xocolata Ma\u00fca - Gastron\u00f2micament","isPartOf":{"@id":"https:\/\/gastronomicament.cat\/de\/#website"},"primaryImageOfPage":{"@id":"https:\/\/gastronomicament.cat\/de\/maridatge-de-vins-pla-i-llevant-amb-xocolata-maua#primaryimage"},"image":{"@id":"https:\/\/gastronomicament.cat\/de\/maridatge-de-vins-pla-i-llevant-amb-xocolata-maua#primaryimage"},"thumbnailUrl":"https:\/\/gastronomicament.cat\/wp-content\/uploads\/2025\/03\/Maridatge-vi-i-xocolata-2025-1.jpg","datePublished":"2025-03-26T08:10:35+00:00","dateModified":"2026-04-22T18:05:19+00:00","description":"Maridatge de vins Pla i Llevant amb xocolata Ma\u00fca Actualitat, Reportatges i novetats Es far\u00e0 un tast guiat de cinc vins amb cinc tipus de xocolata","inLanguage":"de","potentialAction":[{"@type":"ReadAction","target":["https:\/\/gastronomicament.cat\/de\/maridatge-de-vins-pla-i-llevant-amb-xocolata-maua"]}]},{"@type":"ImageObject","inLanguage":"de","@id":"https:\/\/gastronomicament.cat\/de\/maridatge-de-vins-pla-i-llevant-amb-xocolata-maua#primaryimage","url":"https:\/\/gastronomicament.cat\/wp-content\/uploads\/2025\/03\/Maridatge-vi-i-xocolata-2025-1.jpg","contentUrl":"https:\/\/gastronomicament.cat\/wp-content\/uploads\/2025\/03\/Maridatge-vi-i-xocolata-2025-1.jpg","width":1669,"height":816},{"@type":"WebSite","@id":"https:\/\/gastronomicament.cat\/de\/#website","url":"https:\/\/gastronomicament.cat\/de\/","name":"Gastron\u00f2micament","description":"Portal de restaurants, receptes i actualitat gastron\u00f2mica","publisher":{"@id":"https:\/\/gastronomicament.cat\/de\/#organization"},"potentialAction":[{"@type":"SearchAction","target":{"@type":"EntryPoint","urlTemplate":"https:\/\/gastronomicament.cat\/de\/?s={search_term_string}"},"query-input":{"@type":"PropertyValueSpecification","valueRequired":true,"valueName":"search_term_string"}}],"inLanguage":"de"},{"@type":"Organization","@id":"https:\/\/gastronomicament.cat\/de\/#organization","name":"Gastron\u00f2micament","url":"https:\/\/gastronomicament.cat\/de\/","logo":{"@type":"ImageObject","inLanguage":"de","@id":"https:\/\/gastronomicament.cat\/de\/#\/schema\/logo\/image\/","url":"https:\/\/gastronomicament.cat\/wp-content\/uploads\/2016\/09\/header-logo.jpg","contentUrl":"https:\/\/gastronomicament.cat\/wp-content\/uploads\/2016\/09\/header-logo.jpg","width":277,"height":39,"caption":"Gastron\u00f2micament"},"image":{"@id":"https:\/\/gastronomicament.cat\/de\/#\/schema\/logo\/image\/"},"sameAs":["https:\/\/x.com\/gastronomicamen"]},{"@type":"Person","@id":"https:\/\/gastronomicament.cat\/de\/#\/schema\/person\/a7c85c537a1ed62799a5b8e0f686a37f","name":"Redacci\u00f3","image":{"@type":"ImageObject","inLanguage":"de","@id":"https:\/\/secure.gravatar.com\/avatar\/9489a485c464fd611d33825daae651d13db70c4e74c65c94937a15a9d4c3ee14?s=96&d=mm&r=g69fea3cce3645dfa2166e7293e22955e","url":"https:\/\/secure.gravatar.com\/avatar\/9489a485c464fd611d33825daae651d13db70c4e74c65c94937a15a9d4c3ee14?s=96&d=mm&r=g","contentUrl":"https:\/\/secure.gravatar.com\/avatar\/9489a485c464fd611d33825daae651d13db70c4e74c65c94937a15a9d4c3ee14?s=96&d=mm&r=g","caption":"Redacci\u00f3"},"sameAs":["http:\/\/gastronomicament.cat"],"url":"https:\/\/gastronomicament.cat\/de\/author\/admin"}]}},"_links":{"self":[{"href":"https:\/\/gastronomicament.cat\/de\/wp-json\/wp\/v2\/posts\/100869","targetHints":{"allow":["GET"]}}],"collection":[{"href":"https:\/\/gastronomicament.cat\/de\/wp-json\/wp\/v2\/posts"}],"about":[{"href":"https:\/\/gastronomicament.cat\/de\/wp-json\/wp\/v2\/types\/post"}],"author":[{"embeddable":true,"href":"https:\/\/gastronomicament.cat\/de\/wp-json\/wp\/v2\/users\/1"}],"replies":[{"embeddable":true,"href":"https:\/\/gastronomicament.cat\/de\/wp-json\/wp\/v2\/comments?post=100869"}],"version-history":[{"count":0,"href":"https:\/\/gastronomicament.cat\/de\/wp-json\/wp\/v2\/posts\/100869\/revisions"}],"wp:featuredmedia":[{"embeddable":true,"href":"https:\/\/gastronomicament.cat\/de\/wp-json\/wp\/v2\/media\/100875"}],"wp:attachment":[{"href":"https:\/\/gastronomicament.cat\/de\/wp-json\/wp\/v2\/media?parent=100869"}],"wp:term":[{"taxonomy":"category","embeddable":true,"href":"https:\/\/gastronomicament.cat\/de\/wp-json\/wp\/v2\/categories?post=100869"},{"taxonomy":"post_tag","embeddable":true,"href":"https:\/\/gastronomicament.cat\/de\/wp-json\/wp\/v2\/tags?post=100869"},{"taxonomy":"author","embeddable":true,"href":"https:\/\/gastronomicament.cat\/de\/wp-json\/wp\/v2\/coauthors?post=100869"}],"curies":[{"name":"wp","href":"https:\/\/api.w.org\/{rel}","templated":true}]}}