{"id":101113,"date":"2025-05-06T07:51:19","date_gmt":"2025-05-06T05:51:19","guid":{"rendered":"https:\/\/web2025.gastronomicament.cat\/es-llombards-viu-amb-molta-danimacio-la-festa-des-tondre"},"modified":"2026-04-16T18:10:22","modified_gmt":"2026-04-16T16:10:22","slug":"david-mendez-guanya-oleotapa-2025-el-concurs-de-tapes-amb-oli-de-mallorca","status":"publish","type":"post","link":"https:\/\/gastronomicament.cat\/de\/david-mendez-guanya-oleotapa-2025-el-concurs-de-tapes-amb-oli-de-mallorca","title":{"rendered":"David Mendez guanya Oleotapa 2025, el concurs de tapes amb Oli de Mallorca"},"content":{"rendered":"\n<p>El xef David Mendez (Castell Hotel Son Vida) ha resultat guanyador de la desena edici\u00f3 del concurs de tapes amb Oli de Mallorca, Oleotapa, a la final que ha tingut lloc dilluns horabaixa a l\u2019Escola d\u2019Hoteleria de les Illes Balears.<\/p>\n\n\n\n<p>De les vuit propostes que s\u2019han presentat la creaci\u00f3 del jove cuiner ha estat la que millor ha integrat el sabor i els aromes de l\u2019oli d\u2019oliva verge extra (OOVE) de qualitat de l\u2019illa. Ax\u00ed ho ha determinat el jurat format per la cuinera&nbsp;<strong>Maria Solivellas<\/strong>&nbsp;(Ca Na Toneta),&nbsp;<strong>Pilar Orcera&nbsp;<\/strong>(Mercat de l\u2019Olivar),&nbsp;<strong>Miquel Adrover<\/strong>&nbsp;(periodista gastron\u00f2mic), els professors de cuina i restauraci\u00f3&nbsp;<strong>Irene Luj\u00e1n<\/strong>&nbsp;i&nbsp;<strong>Manuel Figueroa<\/strong>&nbsp;(Escola Hoteleria de les Illes Balears) i&nbsp;<strong>Joan Mayol<\/strong>&nbsp;(president de la DO Oli de Mallorca),&nbsp; que han atorgat a la tapa \u2018amanida de verat, tom\u00e0tiga semidol\u00e7a i Oli de Mallorca\u2019 la m\u00e0xima puntuaci\u00f3. Aquest primer premi no \u00e9s nou per a Mendez, at\u00e8s que va guanyar el premi a l\u2019edici\u00f3 de l\u2019any 2022.<\/p>\n\n\n\n<p>En segon lloc, tamb\u00e9 repeteix un altre habitual del certamen,&nbsp;<strong>Kike Erazo<\/strong>&nbsp;(Morralla) amb una panada oberta de bacall\u00e0 i OOVE, mentre que el tercer classificat ha estat&nbsp;<strong>Pablo Izquierdo<\/strong>&nbsp;(What a Gozo) amb Or de la Mediterr\u00e0nia.<\/p>\n\n\n\n<p>En total, han estat vuit els finalistes que han pres part, tots ells amb creacions que han despert l\u2019admiraci\u00f3 dels assistents, tamb\u00e9 dels membres del jurat, qu\u00e8 han coincidit a assenyalar el gran nivell de les propostes que en alguns casos han fet servir oli d\u2019oliva verge extra de diferents varietats per oferir una major complexitat organol\u00e8ptica.<\/p>\n\n\n\n<p>A la prova han participat tamb\u00e9:&nbsp;<strong>Metus Mustafa Demir&nbsp;<\/strong>(Gourmet Moments),&nbsp;<strong>Benito Torres Terrasa<\/strong>&nbsp;(Can Simoneta Gastron\u00f2mic),&nbsp;<strong>Jos\u00e9 Manuel Mingorance <\/strong>(Bellaombra),&nbsp;<strong>Raimundo Rinc\u00f3n Sosa<\/strong>&nbsp;(Salivent) i&nbsp;<strong>Miquel Serra<\/strong>&nbsp;(xef privat)<\/p>\n\n\n\n<p>En aquesta edici\u00f3 d\u2019Oleotapa 2025, hi han col\u00b7laborat el Mercat de l\u2019Olivar, l\u2019Escola d\u2019Hoteleria de les Illes Balears, com tamb\u00e9 ha tengut el suport dels fons FEADER.<\/p>\n","protected":false},"excerpt":{"rendered":"<p>El cuiner del Castell Hotel Son Vida ha guanyat per segona vegada amb una amanida de&hellip;<\/p>\n","protected":false},"author":1,"featured_media":101224,"comment_status":"open","ping_status":"open","sticky":false,"template":"","format":"gallery","meta":{"_acf_changed":false,"_swt_meta_header_display":false,"_swt_meta_footer_display":false,"_swt_meta_site_title_display":false,"_swt_meta_sticky_header":false,"_swt_meta_transparent_header":false,"footnotes":""},"categories":[692,955],"tags":[],"coauthors":[2053],"class_list":["post-101113","post","type-post","status-publish","format-gallery","has-post-thumbnail","hentry","category-actualitat","category-reportatges-i-novetats","post_format-post-format-gallery"],"acf":{"gallery":[101228,101248,101224,101236,101240],"home_date":{"home_begin_date":null,"home_end_date":null}},"yoast_head":"<!-- This site is optimized with the Yoast SEO plugin v27.4 - https:\/\/yoast.com\/product\/yoast-seo-wordpress\/ -->\n<title>David Mendez guanya Oleotapa 2025, el concurs de tapes amb Oli de Mallorca - Gastron\u00f2micament<\/title>\n<meta name=\"description\" content=\"David Mendez guanya Oleotapa 2025, el concurs de tapes amb Oli de Mallorca Actualitat, Reportatges i novetats El cuiner del Castell Hotel Son Vida ha guanyat per segona vegada amb una amanida de verat, tom\u00e0tiga semidol\u00e7a i Oli de Mallorca\" \/>\n<meta name=\"robots\" content=\"index, follow, max-snippet:-1, max-image-preview:large, max-video-preview:-1\" \/>\n<link rel=\"canonical\" href=\"https:\/\/gastronomicament.cat\/de\/david-mendez-guanya-oleotapa-2025-el-concurs-de-tapes-amb-oli-de-mallorca\" \/>\n<meta property=\"og:locale\" content=\"de_DE\" \/>\n<meta property=\"og:type\" content=\"article\" \/>\n<meta property=\"og:title\" content=\"David Mendez guanya Oleotapa 2025, el concurs de tapes amb Oli de Mallorca - Gastron\u00f2micament\" \/>\n<meta property=\"og:description\" content=\"David Mendez guanya Oleotapa 2025, el concurs de tapes amb Oli de Mallorca Actualitat, Reportatges i novetats El cuiner del Castell Hotel Son Vida ha guanyat per segona vegada amb una amanida de verat, tom\u00e0tiga semidol\u00e7a i Oli de Mallorca\" \/>\n<meta property=\"og:url\" content=\"https:\/\/gastronomicament.cat\/de\/david-mendez-guanya-oleotapa-2025-el-concurs-de-tapes-amb-oli-de-mallorca\" \/>\n<meta property=\"og:site_name\" content=\"Gastron\u00f2micament\" \/>\n<meta property=\"article:published_time\" content=\"2025-05-06T05:51:19+00:00\" \/>\n<meta property=\"article:modified_time\" content=\"2026-04-16T16:10:22+00:00\" \/>\n<meta property=\"og:image\" content=\"https:\/\/gastronomicament.cat\/wp-content\/uploads\/2025\/05\/David-Mendez-guanyador-Oleotapa-2025.jpg\" \/>\n\t<meta property=\"og:image:width\" content=\"1600\" \/>\n\t<meta property=\"og:image:height\" content=\"1200\" \/>\n\t<meta property=\"og:image:type\" content=\"image\/jpeg\" \/>\n<meta name=\"author\" content=\"Redacci\u00f3\" \/>\n<meta name=\"twitter:card\" content=\"summary_large_image\" \/>\n<meta name=\"twitter:creator\" content=\"@gastronomicamen\" \/>\n<meta name=\"twitter:site\" content=\"@gastronomicamen\" \/>\n<meta name=\"twitter:label1\" content=\"Verfasst von\" \/>\n\t<meta name=\"twitter:data1\" content=\"Redacci\u00f3\" \/>\n\t<meta name=\"twitter:label2\" content=\"Gesch\u00e4tzte Lesezeit\" \/>\n\t<meta name=\"twitter:data2\" content=\"2\u00a0Minuten\" \/>\n\t<meta name=\"twitter:label3\" content=\"Written by\" \/>\n\t<meta name=\"twitter:data3\" content=\"Redacci\u00f3\" \/>\n<script type=\"application\/ld+json\" class=\"yoast-schema-graph\">{\"@context\":\"https:\\\/\\\/schema.org\",\"@graph\":[{\"@type\":\"Article\",\"@id\":\"https:\\\/\\\/gastronomicament.cat\\\/de\\\/david-mendez-guanya-oleotapa-2025-el-concurs-de-tapes-amb-oli-de-mallorca#article\",\"isPartOf\":{\"@id\":\"https:\\\/\\\/gastronomicament.cat\\\/de\\\/david-mendez-guanya-oleotapa-2025-el-concurs-de-tapes-amb-oli-de-mallorca\"},\"author\":{\"name\":\"Redacci\u00f3\",\"@id\":\"https:\\\/\\\/gastronomicament.cat\\\/de\\\/#\\\/schema\\\/person\\\/a7c85c537a1ed62799a5b8e0f686a37f\"},\"headline\":\"David Mendez guanya Oleotapa 2025, el concurs de tapes amb Oli de Mallorca\",\"datePublished\":\"2025-05-06T05:51:19+00:00\",\"dateModified\":\"2026-04-16T16:10:22+00:00\",\"mainEntityOfPage\":{\"@id\":\"https:\\\/\\\/gastronomicament.cat\\\/de\\\/david-mendez-guanya-oleotapa-2025-el-concurs-de-tapes-amb-oli-de-mallorca\"},\"wordCount\":377,\"commentCount\":0,\"publisher\":{\"@id\":\"https:\\\/\\\/gastronomicament.cat\\\/de\\\/#organization\"},\"image\":{\"@id\":\"https:\\\/\\\/gastronomicament.cat\\\/de\\\/david-mendez-guanya-oleotapa-2025-el-concurs-de-tapes-amb-oli-de-mallorca#primaryimage\"},\"thumbnailUrl\":\"https:\\\/\\\/gastronomicament.cat\\\/wp-content\\\/uploads\\\/2025\\\/05\\\/David-Mendez-guanyador-Oleotapa-2025.jpg\",\"articleSection\":[\"Actualitat\",\"Reportatges i novetats\"],\"inLanguage\":\"de\",\"potentialAction\":[{\"@type\":\"CommentAction\",\"name\":\"Comment\",\"target\":[\"https:\\\/\\\/gastronomicament.cat\\\/de\\\/david-mendez-guanya-oleotapa-2025-el-concurs-de-tapes-amb-oli-de-mallorca#respond\"]}]},{\"@type\":\"WebPage\",\"@id\":\"https:\\\/\\\/gastronomicament.cat\\\/de\\\/david-mendez-guanya-oleotapa-2025-el-concurs-de-tapes-amb-oli-de-mallorca\",\"url\":\"https:\\\/\\\/gastronomicament.cat\\\/de\\\/david-mendez-guanya-oleotapa-2025-el-concurs-de-tapes-amb-oli-de-mallorca\",\"name\":\"David Mendez guanya Oleotapa 2025, el concurs de tapes amb Oli de Mallorca - Gastron\u00f2micament\",\"isPartOf\":{\"@id\":\"https:\\\/\\\/gastronomicament.cat\\\/de\\\/#website\"},\"primaryImageOfPage\":{\"@id\":\"https:\\\/\\\/gastronomicament.cat\\\/de\\\/david-mendez-guanya-oleotapa-2025-el-concurs-de-tapes-amb-oli-de-mallorca#primaryimage\"},\"image\":{\"@id\":\"https:\\\/\\\/gastronomicament.cat\\\/de\\\/david-mendez-guanya-oleotapa-2025-el-concurs-de-tapes-amb-oli-de-mallorca#primaryimage\"},\"thumbnailUrl\":\"https:\\\/\\\/gastronomicament.cat\\\/wp-content\\\/uploads\\\/2025\\\/05\\\/David-Mendez-guanyador-Oleotapa-2025.jpg\",\"datePublished\":\"2025-05-06T05:51:19+00:00\",\"dateModified\":\"2026-04-16T16:10:22+00:00\",\"description\":\"David Mendez guanya Oleotapa 2025, el concurs de tapes amb Oli de Mallorca Actualitat, Reportatges i novetats El cuiner del Castell Hotel Son Vida ha guanyat per segona vegada amb una amanida de verat, tom\u00e0tiga semidol\u00e7a i Oli de Mallorca\",\"inLanguage\":\"de\",\"potentialAction\":[{\"@type\":\"ReadAction\",\"target\":[\"https:\\\/\\\/gastronomicament.cat\\\/de\\\/david-mendez-guanya-oleotapa-2025-el-concurs-de-tapes-amb-oli-de-mallorca\"]}]},{\"@type\":\"ImageObject\",\"inLanguage\":\"de\",\"@id\":\"https:\\\/\\\/gastronomicament.cat\\\/de\\\/david-mendez-guanya-oleotapa-2025-el-concurs-de-tapes-amb-oli-de-mallorca#primaryimage\",\"url\":\"https:\\\/\\\/gastronomicament.cat\\\/wp-content\\\/uploads\\\/2025\\\/05\\\/David-Mendez-guanyador-Oleotapa-2025.jpg\",\"contentUrl\":\"https:\\\/\\\/gastronomicament.cat\\\/wp-content\\\/uploads\\\/2025\\\/05\\\/David-Mendez-guanyador-Oleotapa-2025.jpg\",\"width\":1600,\"height\":1200},{\"@type\":\"WebSite\",\"@id\":\"https:\\\/\\\/gastronomicament.cat\\\/de\\\/#website\",\"url\":\"https:\\\/\\\/gastronomicament.cat\\\/de\\\/\",\"name\":\"Gastron\u00f2micament\",\"description\":\"Portal de restaurants, receptes i actualitat gastron\u00f2mica\",\"publisher\":{\"@id\":\"https:\\\/\\\/gastronomicament.cat\\\/de\\\/#organization\"},\"potentialAction\":[{\"@type\":\"SearchAction\",\"target\":{\"@type\":\"EntryPoint\",\"urlTemplate\":\"https:\\\/\\\/gastronomicament.cat\\\/de\\\/?s={search_term_string}\"},\"query-input\":{\"@type\":\"PropertyValueSpecification\",\"valueRequired\":true,\"valueName\":\"search_term_string\"}}],\"inLanguage\":\"de\"},{\"@type\":\"Organization\",\"@id\":\"https:\\\/\\\/gastronomicament.cat\\\/de\\\/#organization\",\"name\":\"Gastron\u00f2micament\",\"url\":\"https:\\\/\\\/gastronomicament.cat\\\/de\\\/\",\"logo\":{\"@type\":\"ImageObject\",\"inLanguage\":\"de\",\"@id\":\"https:\\\/\\\/gastronomicament.cat\\\/de\\\/#\\\/schema\\\/logo\\\/image\\\/\",\"url\":\"https:\\\/\\\/gastronomicament.cat\\\/wp-content\\\/uploads\\\/2016\\\/09\\\/header-logo.jpg\",\"contentUrl\":\"https:\\\/\\\/gastronomicament.cat\\\/wp-content\\\/uploads\\\/2016\\\/09\\\/header-logo.jpg\",\"width\":277,\"height\":39,\"caption\":\"Gastron\u00f2micament\"},\"image\":{\"@id\":\"https:\\\/\\\/gastronomicament.cat\\\/de\\\/#\\\/schema\\\/logo\\\/image\\\/\"},\"sameAs\":[\"https:\\\/\\\/x.com\\\/gastronomicamen\"]},{\"@type\":\"Person\",\"@id\":\"https:\\\/\\\/gastronomicament.cat\\\/de\\\/#\\\/schema\\\/person\\\/a7c85c537a1ed62799a5b8e0f686a37f\",\"name\":\"Redacci\u00f3\",\"image\":{\"@type\":\"ImageObject\",\"inLanguage\":\"de\",\"@id\":\"https:\\\/\\\/secure.gravatar.com\\\/avatar\\\/9489a485c464fd611d33825daae651d13db70c4e74c65c94937a15a9d4c3ee14?s=96&d=mm&r=g69fea3cce3645dfa2166e7293e22955e\",\"url\":\"https:\\\/\\\/secure.gravatar.com\\\/avatar\\\/9489a485c464fd611d33825daae651d13db70c4e74c65c94937a15a9d4c3ee14?s=96&d=mm&r=g\",\"contentUrl\":\"https:\\\/\\\/secure.gravatar.com\\\/avatar\\\/9489a485c464fd611d33825daae651d13db70c4e74c65c94937a15a9d4c3ee14?s=96&d=mm&r=g\",\"caption\":\"Redacci\u00f3\"},\"sameAs\":[\"http:\\\/\\\/gastronomicament.cat\"],\"url\":\"https:\\\/\\\/gastronomicament.cat\\\/de\\\/author\\\/admin\"}]}<\/script>\n<!-- \/ Yoast SEO plugin. -->","yoast_head_json":{"title":"David Mendez guanya Oleotapa 2025, el concurs de tapes amb Oli de Mallorca - Gastron\u00f2micament","description":"David Mendez guanya Oleotapa 2025, el concurs de tapes amb Oli de Mallorca Actualitat, Reportatges i novetats El cuiner del Castell Hotel Son Vida ha guanyat per segona vegada amb una amanida de verat, tom\u00e0tiga semidol\u00e7a i Oli de Mallorca","robots":{"index":"index","follow":"follow","max-snippet":"max-snippet:-1","max-image-preview":"max-image-preview:large","max-video-preview":"max-video-preview:-1"},"canonical":"https:\/\/gastronomicament.cat\/de\/david-mendez-guanya-oleotapa-2025-el-concurs-de-tapes-amb-oli-de-mallorca","og_locale":"de_DE","og_type":"article","og_title":"David Mendez guanya Oleotapa 2025, el concurs de tapes amb Oli de Mallorca - Gastron\u00f2micament","og_description":"David Mendez guanya Oleotapa 2025, el concurs de tapes amb Oli de Mallorca Actualitat, Reportatges i novetats El cuiner del Castell Hotel Son Vida ha guanyat per segona vegada amb una amanida de verat, tom\u00e0tiga semidol\u00e7a i Oli de Mallorca","og_url":"https:\/\/gastronomicament.cat\/de\/david-mendez-guanya-oleotapa-2025-el-concurs-de-tapes-amb-oli-de-mallorca","og_site_name":"Gastron\u00f2micament","article_published_time":"2025-05-06T05:51:19+00:00","article_modified_time":"2026-04-16T16:10:22+00:00","og_image":[{"width":1600,"height":1200,"url":"https:\/\/gastronomicament.cat\/wp-content\/uploads\/2025\/05\/David-Mendez-guanyador-Oleotapa-2025.jpg","type":"image\/jpeg"}],"author":"Redacci\u00f3","twitter_card":"summary_large_image","twitter_creator":"@gastronomicamen","twitter_site":"@gastronomicamen","twitter_misc":{"Verfasst von":"Redacci\u00f3","Gesch\u00e4tzte Lesezeit":"2\u00a0Minuten","Written by":"Redacci\u00f3"},"schema":{"@context":"https:\/\/schema.org","@graph":[{"@type":"Article","@id":"https:\/\/gastronomicament.cat\/de\/david-mendez-guanya-oleotapa-2025-el-concurs-de-tapes-amb-oli-de-mallorca#article","isPartOf":{"@id":"https:\/\/gastronomicament.cat\/de\/david-mendez-guanya-oleotapa-2025-el-concurs-de-tapes-amb-oli-de-mallorca"},"author":{"name":"Redacci\u00f3","@id":"https:\/\/gastronomicament.cat\/de\/#\/schema\/person\/a7c85c537a1ed62799a5b8e0f686a37f"},"headline":"David Mendez guanya Oleotapa 2025, el concurs de tapes amb Oli de Mallorca","datePublished":"2025-05-06T05:51:19+00:00","dateModified":"2026-04-16T16:10:22+00:00","mainEntityOfPage":{"@id":"https:\/\/gastronomicament.cat\/de\/david-mendez-guanya-oleotapa-2025-el-concurs-de-tapes-amb-oli-de-mallorca"},"wordCount":377,"commentCount":0,"publisher":{"@id":"https:\/\/gastronomicament.cat\/de\/#organization"},"image":{"@id":"https:\/\/gastronomicament.cat\/de\/david-mendez-guanya-oleotapa-2025-el-concurs-de-tapes-amb-oli-de-mallorca#primaryimage"},"thumbnailUrl":"https:\/\/gastronomicament.cat\/wp-content\/uploads\/2025\/05\/David-Mendez-guanyador-Oleotapa-2025.jpg","articleSection":["Actualitat","Reportatges i novetats"],"inLanguage":"de","potentialAction":[{"@type":"CommentAction","name":"Comment","target":["https:\/\/gastronomicament.cat\/de\/david-mendez-guanya-oleotapa-2025-el-concurs-de-tapes-amb-oli-de-mallorca#respond"]}]},{"@type":"WebPage","@id":"https:\/\/gastronomicament.cat\/de\/david-mendez-guanya-oleotapa-2025-el-concurs-de-tapes-amb-oli-de-mallorca","url":"https:\/\/gastronomicament.cat\/de\/david-mendez-guanya-oleotapa-2025-el-concurs-de-tapes-amb-oli-de-mallorca","name":"David Mendez guanya Oleotapa 2025, el concurs de tapes amb Oli de Mallorca - Gastron\u00f2micament","isPartOf":{"@id":"https:\/\/gastronomicament.cat\/de\/#website"},"primaryImageOfPage":{"@id":"https:\/\/gastronomicament.cat\/de\/david-mendez-guanya-oleotapa-2025-el-concurs-de-tapes-amb-oli-de-mallorca#primaryimage"},"image":{"@id":"https:\/\/gastronomicament.cat\/de\/david-mendez-guanya-oleotapa-2025-el-concurs-de-tapes-amb-oli-de-mallorca#primaryimage"},"thumbnailUrl":"https:\/\/gastronomicament.cat\/wp-content\/uploads\/2025\/05\/David-Mendez-guanyador-Oleotapa-2025.jpg","datePublished":"2025-05-06T05:51:19+00:00","dateModified":"2026-04-16T16:10:22+00:00","description":"David Mendez guanya Oleotapa 2025, el concurs de tapes amb Oli de Mallorca Actualitat, Reportatges i novetats El cuiner del Castell Hotel Son Vida ha guanyat per segona vegada amb una amanida de verat, tom\u00e0tiga semidol\u00e7a i Oli de Mallorca","inLanguage":"de","potentialAction":[{"@type":"ReadAction","target":["https:\/\/gastronomicament.cat\/de\/david-mendez-guanya-oleotapa-2025-el-concurs-de-tapes-amb-oli-de-mallorca"]}]},{"@type":"ImageObject","inLanguage":"de","@id":"https:\/\/gastronomicament.cat\/de\/david-mendez-guanya-oleotapa-2025-el-concurs-de-tapes-amb-oli-de-mallorca#primaryimage","url":"https:\/\/gastronomicament.cat\/wp-content\/uploads\/2025\/05\/David-Mendez-guanyador-Oleotapa-2025.jpg","contentUrl":"https:\/\/gastronomicament.cat\/wp-content\/uploads\/2025\/05\/David-Mendez-guanyador-Oleotapa-2025.jpg","width":1600,"height":1200},{"@type":"WebSite","@id":"https:\/\/gastronomicament.cat\/de\/#website","url":"https:\/\/gastronomicament.cat\/de\/","name":"Gastron\u00f2micament","description":"Portal de restaurants, receptes i actualitat gastron\u00f2mica","publisher":{"@id":"https:\/\/gastronomicament.cat\/de\/#organization"},"potentialAction":[{"@type":"SearchAction","target":{"@type":"EntryPoint","urlTemplate":"https:\/\/gastronomicament.cat\/de\/?s={search_term_string}"},"query-input":{"@type":"PropertyValueSpecification","valueRequired":true,"valueName":"search_term_string"}}],"inLanguage":"de"},{"@type":"Organization","@id":"https:\/\/gastronomicament.cat\/de\/#organization","name":"Gastron\u00f2micament","url":"https:\/\/gastronomicament.cat\/de\/","logo":{"@type":"ImageObject","inLanguage":"de","@id":"https:\/\/gastronomicament.cat\/de\/#\/schema\/logo\/image\/","url":"https:\/\/gastronomicament.cat\/wp-content\/uploads\/2016\/09\/header-logo.jpg","contentUrl":"https:\/\/gastronomicament.cat\/wp-content\/uploads\/2016\/09\/header-logo.jpg","width":277,"height":39,"caption":"Gastron\u00f2micament"},"image":{"@id":"https:\/\/gastronomicament.cat\/de\/#\/schema\/logo\/image\/"},"sameAs":["https:\/\/x.com\/gastronomicamen"]},{"@type":"Person","@id":"https:\/\/gastronomicament.cat\/de\/#\/schema\/person\/a7c85c537a1ed62799a5b8e0f686a37f","name":"Redacci\u00f3","image":{"@type":"ImageObject","inLanguage":"de","@id":"https:\/\/secure.gravatar.com\/avatar\/9489a485c464fd611d33825daae651d13db70c4e74c65c94937a15a9d4c3ee14?s=96&d=mm&r=g69fea3cce3645dfa2166e7293e22955e","url":"https:\/\/secure.gravatar.com\/avatar\/9489a485c464fd611d33825daae651d13db70c4e74c65c94937a15a9d4c3ee14?s=96&d=mm&r=g","contentUrl":"https:\/\/secure.gravatar.com\/avatar\/9489a485c464fd611d33825daae651d13db70c4e74c65c94937a15a9d4c3ee14?s=96&d=mm&r=g","caption":"Redacci\u00f3"},"sameAs":["http:\/\/gastronomicament.cat"],"url":"https:\/\/gastronomicament.cat\/de\/author\/admin"}]}},"_links":{"self":[{"href":"https:\/\/gastronomicament.cat\/de\/wp-json\/wp\/v2\/posts\/101113","targetHints":{"allow":["GET"]}}],"collection":[{"href":"https:\/\/gastronomicament.cat\/de\/wp-json\/wp\/v2\/posts"}],"about":[{"href":"https:\/\/gastronomicament.cat\/de\/wp-json\/wp\/v2\/types\/post"}],"author":[{"embeddable":true,"href":"https:\/\/gastronomicament.cat\/de\/wp-json\/wp\/v2\/users\/1"}],"replies":[{"embeddable":true,"href":"https:\/\/gastronomicament.cat\/de\/wp-json\/wp\/v2\/comments?post=101113"}],"version-history":[{"count":0,"href":"https:\/\/gastronomicament.cat\/de\/wp-json\/wp\/v2\/posts\/101113\/revisions"}],"acf:attachment":[{"embeddable":true,"href":"https:\/\/gastronomicament.cat\/de\/wp-json\/wp\/v2\/media\/101240"},{"embeddable":true,"href":"https:\/\/gastronomicament.cat\/de\/wp-json\/wp\/v2\/media\/101236"},{"embeddable":true,"href":"https:\/\/gastronomicament.cat\/de\/wp-json\/wp\/v2\/media\/101224"},{"embeddable":true,"href":"https:\/\/gastronomicament.cat\/de\/wp-json\/wp\/v2\/media\/101248"},{"embeddable":true,"href":"https:\/\/gastronomicament.cat\/de\/wp-json\/wp\/v2\/media\/101228"}],"wp:featuredmedia":[{"embeddable":true,"href":"https:\/\/gastronomicament.cat\/de\/wp-json\/wp\/v2\/media\/101224"}],"wp:attachment":[{"href":"https:\/\/gastronomicament.cat\/de\/wp-json\/wp\/v2\/media?parent=101113"}],"wp:term":[{"taxonomy":"category","embeddable":true,"href":"https:\/\/gastronomicament.cat\/de\/wp-json\/wp\/v2\/categories?post=101113"},{"taxonomy":"post_tag","embeddable":true,"href":"https:\/\/gastronomicament.cat\/de\/wp-json\/wp\/v2\/tags?post=101113"},{"taxonomy":"author","embeddable":true,"href":"https:\/\/gastronomicament.cat\/de\/wp-json\/wp\/v2\/coauthors?post=101113"}],"curies":[{"name":"wp","href":"https:\/\/api.w.org\/{rel}","templated":true}]}}