{"id":101837,"date":"2025-06-12T08:24:25","date_gmt":"2025-06-12T06:24:25","guid":{"rendered":"https:\/\/web2025.gastronomicament.cat\/porreres-organitza-amb-goig-i-orgulla-la-fira-de-lalbercoc"},"modified":"2026-04-16T17:02:09","modified_gmt":"2026-04-16T15:02:09","slug":"porreres-organitza-amb-goig-i-orgulla-la-fira-de-lalbercoc","status":"publish","type":"post","link":"https:\/\/gastronomicament.cat\/de\/porreres-organitza-amb-goig-i-orgulla-la-fira-de-lalbercoc","title":{"rendered":"Porreres organitza amb goig i orgulla la Fira de l&#8217;Albercoc"},"content":{"rendered":"\n<p>Com passa cada mes de juny, Porreres viur\u00e0 amb goig i orgull la Fira de l&#8217;Albercoc. \u00c9s una&nbsp;<strong>cita&nbsp;<\/strong>organitzada per la Cooperativa Agr\u00edcola de Porreres i l&#8217;Ajuntament,&nbsp;<strong>molt esperada pels porrerencs i les porrerenques<\/strong>&nbsp;perqu\u00e8 aquesta fruita perqu\u00e8 \u00e9s un dels aliments m\u00e9s estimats per la gent d&#8217;aquest poble.<\/p>\n\n\n\n<p><strong>Xisca Mora<\/strong>, batlessa de Porreres, comenta que la Fira de l&#8217;Albercoc &#8222;no sols ens&nbsp;<strong>recorda la import\u00e0ncia del nostre entorn agr\u00edcola i de les arrels que ens defineixen<\/strong>, sin\u00f3 que tamb\u00e9 \u00e9s&nbsp;<strong>un espai de trobada, de festa i de reconeixement a la feina de pagesos, artesans i emprenedors locals<\/strong>&#8222;.<\/p>\n\n\n\n<p>Aquesta onzena edici\u00f3 de la Fira de l&#8217;Albercoc se celebrar\u00e0 el&nbsp;<strong>dissabte 14 de juny, de&nbsp; les 17.30 a les 22 hores<\/strong>. Es tracta d&#8217;una diada on es podr\u00e0 trobar varietat de productors d\u2019albercoc, entre altres productes relacionats amb aquesta fruita.<\/p>\n\n\n\n<p>A m\u00e9s a m\u00e9s, hi haur\u00e0 activitats diverses, com ara&nbsp;el&nbsp;<strong>taller de cuina amb la xef Pipa<\/strong>, que far\u00e0 dues sessions (a les 17.30 i a les 18.30 hores) per elaborar&nbsp;<strong>magdalenes d&#8217;albercoc<\/strong>.<\/p>\n\n\n\n<p>De les 18 a les 21 hores, hi haur\u00e0 un&nbsp;<strong>espai itinerant de rob\u00f2tica amb diversos ambients amb la tem\u00e0tica d\u2019alimentaci\u00f3 saludable i l&#8217;albercoc com a protagonista<\/strong>. Hi haur\u00e0 el rac\u00f3 de la pir\u00e0mide, el rac\u00f3 de lectura i coixins amb llibres de cuina i albercocs, com tamb\u00e9 el rac\u00f3 de construcci\u00f3 per crear la vostra botiga d\u2019alimentaci\u00f3 o la vostra recepta preferida i rac\u00f3 de reptes de recol\u00b7lecci\u00f3 d\u2019albercocs.<\/p>\n\n\n\n<p>A les 19 hores, es far\u00e0 la<strong>&nbsp;mostra de xapar albercocs<\/strong>, a l&#8217;avinguda Bisbe Campins.<\/p>\n\n\n\n<p>A les 19.30 hores, comen\u00e7ar\u00e0 la&nbsp;<strong>ballada popular<\/strong>, amb l&#8217;agrupaci\u00f3 S&#8217;Estol Porrerenc, que es far\u00e0 a l&#8217;avinguda Bisbe Campins.<\/p>\n\n\n\n<p>Finalment, a les 20.30 hores, hi haur\u00e0 el&nbsp;<strong>sopar&nbsp;<\/strong>i&nbsp; la festa fi de curs de l\u2019Associaci\u00f3 de Dones Porrerenques, que tendr\u00e0 lloc al carrer de l&#8217;Hospital.<\/p>\n\n\n\n<p>El programa de la Fira de l&#8217;Albercoc 2025 \u00e9s molt m\u00e9s ampli. De fet, la batlessa Xisca Mora&nbsp;<strong>agraeix&nbsp;la implicaci\u00f3 de totes les entitats, associacions i col\u00b7lectius de Porreres<\/strong>&nbsp;que, &#8222;amb esfor\u00e7 i il\u00b7lusi\u00f3, han preparat un seguit d\u2019activitats per als mesos de juny i juliol, omplint el calendari d\u2019ofertes culturals, l\u00fadiques i esportives per a tots els gustos i edats&#8220;. <a href=\"https:\/\/gastronomicament.cat\/wp-content\/uploads\/2025\/06\/web_ProgramaFiraAlbercoc_2025-V2-2.pdf\" target=\"_blank\" rel=\"noopener\">Podeu consultar-ne el programa complet aqu\u00ed.<\/a><\/p>\n\n\n\n<p>Imatges de l&#8216;<a href=\"http:\/\/www.porreres.cat\/\" target=\"_blank\" rel=\"noopener\">Ajuntament de Porreres<\/a>&nbsp;i&nbsp;<a href=\"https:\/\/pixabay.com\/es\/users\/manseok_kim-1005494\/?utm_source=link-attribution&amp;utm_medium=referral&amp;utm_campaign=image&amp;utm_content=6396518\" target=\"_blank\" rel=\"noopener nofollow\">Manseok_Kim &#8211; Pixabay<\/a><\/p>\n","protected":false},"excerpt":{"rendered":"<p>Es far\u00e0 el dissabte 14 de juny, de 17.30 a 22 hores<\/p>\n","protected":false},"author":1,"featured_media":101839,"comment_status":"open","ping_status":"open","sticky":false,"template":"","format":"gallery","meta":{"_acf_changed":false,"_swt_meta_header_display":false,"_swt_meta_footer_display":false,"_swt_meta_site_title_display":false,"_swt_meta_sticky_header":false,"_swt_meta_transparent_header":false,"footnotes":""},"categories":[692,954],"tags":[],"coauthors":[2053],"class_list":["post-101837","post","type-post","status-publish","format-gallery","has-post-thumbnail","hentry","category-actualitat","category-fires-i-rutes","post_format-post-format-gallery"],"acf":{"gallery":[101840,101844,101850],"home_date":{"home_begin_date":null,"home_end_date":null}},"yoast_head":"<!-- This site is optimized with the Yoast SEO plugin v27.4 - https:\/\/yoast.com\/product\/yoast-seo-wordpress\/ -->\n<title>Porreres organitza amb goig i orgulla la Fira de l&#039;Albercoc - Gastron\u00f2micament<\/title>\n<meta name=\"description\" content=\"Porreres organitza amb goig i orgulla la Fira de l&#039;Albercoc Actualitat, Fires i rutes Es far\u00e0 el dissabte 14 de juny, de 17.30 a 22 hores\" \/>\n<meta name=\"robots\" content=\"index, follow, max-snippet:-1, max-image-preview:large, max-video-preview:-1\" \/>\n<link rel=\"canonical\" href=\"https:\/\/gastronomicament.cat\/de\/porreres-organitza-amb-goig-i-orgulla-la-fira-de-lalbercoc\" \/>\n<meta property=\"og:locale\" content=\"de_DE\" \/>\n<meta property=\"og:type\" content=\"article\" \/>\n<meta property=\"og:title\" content=\"Porreres organitza amb goig i orgulla la Fira de l&#039;Albercoc - Gastron\u00f2micament\" \/>\n<meta property=\"og:description\" content=\"Porreres organitza amb goig i orgulla la Fira de l&#039;Albercoc Actualitat, Fires i rutes Es far\u00e0 el dissabte 14 de juny, de 17.30 a 22 hores\" \/>\n<meta property=\"og:url\" content=\"https:\/\/gastronomicament.cat\/de\/porreres-organitza-amb-goig-i-orgulla-la-fira-de-lalbercoc\" \/>\n<meta property=\"og:site_name\" content=\"Gastron\u00f2micament\" \/>\n<meta property=\"article:published_time\" content=\"2025-06-12T06:24:25+00:00\" \/>\n<meta property=\"article:modified_time\" content=\"2026-04-16T15:02:09+00:00\" \/>\n<meta property=\"og:image\" content=\"https:\/\/gastronomicament.cat\/wp-content\/uploads\/2025\/06\/Fira-Albercoc-Porreres-2025.jpg\" \/>\n\t<meta property=\"og:image:width\" content=\"1812\" \/>\n\t<meta property=\"og:image:height\" content=\"1024\" \/>\n\t<meta property=\"og:image:type\" content=\"image\/jpeg\" \/>\n<meta name=\"author\" content=\"Redacci\u00f3\" \/>\n<meta name=\"twitter:card\" content=\"summary_large_image\" \/>\n<meta name=\"twitter:creator\" content=\"@gastronomicamen\" \/>\n<meta name=\"twitter:site\" content=\"@gastronomicamen\" \/>\n<meta name=\"twitter:label1\" content=\"Verfasst von\" \/>\n\t<meta name=\"twitter:data1\" content=\"Redacci\u00f3\" \/>\n\t<meta name=\"twitter:label2\" content=\"Gesch\u00e4tzte Lesezeit\" \/>\n\t<meta name=\"twitter:data2\" content=\"3\u00a0Minuten\" \/>\n\t<meta name=\"twitter:label3\" content=\"Written by\" \/>\n\t<meta name=\"twitter:data3\" content=\"Redacci\u00f3\" \/>\n<script type=\"application\/ld+json\" class=\"yoast-schema-graph\">{\"@context\":\"https:\\\/\\\/schema.org\",\"@graph\":[{\"@type\":\"Article\",\"@id\":\"https:\\\/\\\/gastronomicament.cat\\\/de\\\/porreres-organitza-amb-goig-i-orgulla-la-fira-de-lalbercoc#article\",\"isPartOf\":{\"@id\":\"https:\\\/\\\/gastronomicament.cat\\\/de\\\/porreres-organitza-amb-goig-i-orgulla-la-fira-de-lalbercoc\"},\"author\":{\"name\":\"Redacci\u00f3\",\"@id\":\"https:\\\/\\\/gastronomicament.cat\\\/de\\\/#\\\/schema\\\/person\\\/a7c85c537a1ed62799a5b8e0f686a37f\"},\"headline\":\"Porreres organitza amb goig i orgulla la Fira de l&#8217;Albercoc\",\"datePublished\":\"2025-06-12T06:24:25+00:00\",\"dateModified\":\"2026-04-16T15:02:09+00:00\",\"mainEntityOfPage\":{\"@id\":\"https:\\\/\\\/gastronomicament.cat\\\/de\\\/porreres-organitza-amb-goig-i-orgulla-la-fira-de-lalbercoc\"},\"wordCount\":427,\"commentCount\":0,\"publisher\":{\"@id\":\"https:\\\/\\\/gastronomicament.cat\\\/de\\\/#organization\"},\"image\":{\"@id\":\"https:\\\/\\\/gastronomicament.cat\\\/de\\\/porreres-organitza-amb-goig-i-orgulla-la-fira-de-lalbercoc#primaryimage\"},\"thumbnailUrl\":\"https:\\\/\\\/gastronomicament.cat\\\/wp-content\\\/uploads\\\/2025\\\/06\\\/Fira-Albercoc-Porreres-2025.jpg\",\"articleSection\":[\"Actualitat\",\"Fires i rutes\"],\"inLanguage\":\"de\",\"potentialAction\":[{\"@type\":\"CommentAction\",\"name\":\"Comment\",\"target\":[\"https:\\\/\\\/gastronomicament.cat\\\/de\\\/porreres-organitza-amb-goig-i-orgulla-la-fira-de-lalbercoc#respond\"]}]},{\"@type\":\"WebPage\",\"@id\":\"https:\\\/\\\/gastronomicament.cat\\\/de\\\/porreres-organitza-amb-goig-i-orgulla-la-fira-de-lalbercoc\",\"url\":\"https:\\\/\\\/gastronomicament.cat\\\/de\\\/porreres-organitza-amb-goig-i-orgulla-la-fira-de-lalbercoc\",\"name\":\"Porreres organitza amb goig i orgulla la Fira de l'Albercoc - Gastron\u00f2micament\",\"isPartOf\":{\"@id\":\"https:\\\/\\\/gastronomicament.cat\\\/de\\\/#website\"},\"primaryImageOfPage\":{\"@id\":\"https:\\\/\\\/gastronomicament.cat\\\/de\\\/porreres-organitza-amb-goig-i-orgulla-la-fira-de-lalbercoc#primaryimage\"},\"image\":{\"@id\":\"https:\\\/\\\/gastronomicament.cat\\\/de\\\/porreres-organitza-amb-goig-i-orgulla-la-fira-de-lalbercoc#primaryimage\"},\"thumbnailUrl\":\"https:\\\/\\\/gastronomicament.cat\\\/wp-content\\\/uploads\\\/2025\\\/06\\\/Fira-Albercoc-Porreres-2025.jpg\",\"datePublished\":\"2025-06-12T06:24:25+00:00\",\"dateModified\":\"2026-04-16T15:02:09+00:00\",\"description\":\"Porreres organitza amb goig i orgulla la Fira de l'Albercoc Actualitat, Fires i rutes Es far\u00e0 el dissabte 14 de juny, de 17.30 a 22 hores\",\"inLanguage\":\"de\",\"potentialAction\":[{\"@type\":\"ReadAction\",\"target\":[\"https:\\\/\\\/gastronomicament.cat\\\/de\\\/porreres-organitza-amb-goig-i-orgulla-la-fira-de-lalbercoc\"]}]},{\"@type\":\"ImageObject\",\"inLanguage\":\"de\",\"@id\":\"https:\\\/\\\/gastronomicament.cat\\\/de\\\/porreres-organitza-amb-goig-i-orgulla-la-fira-de-lalbercoc#primaryimage\",\"url\":\"https:\\\/\\\/gastronomicament.cat\\\/wp-content\\\/uploads\\\/2025\\\/06\\\/Fira-Albercoc-Porreres-2025.jpg\",\"contentUrl\":\"https:\\\/\\\/gastronomicament.cat\\\/wp-content\\\/uploads\\\/2025\\\/06\\\/Fira-Albercoc-Porreres-2025.jpg\",\"width\":1812,\"height\":1024},{\"@type\":\"WebSite\",\"@id\":\"https:\\\/\\\/gastronomicament.cat\\\/de\\\/#website\",\"url\":\"https:\\\/\\\/gastronomicament.cat\\\/de\\\/\",\"name\":\"Gastron\u00f2micament\",\"description\":\"Portal de restaurants, receptes i actualitat gastron\u00f2mica\",\"publisher\":{\"@id\":\"https:\\\/\\\/gastronomicament.cat\\\/de\\\/#organization\"},\"potentialAction\":[{\"@type\":\"SearchAction\",\"target\":{\"@type\":\"EntryPoint\",\"urlTemplate\":\"https:\\\/\\\/gastronomicament.cat\\\/de\\\/?s={search_term_string}\"},\"query-input\":{\"@type\":\"PropertyValueSpecification\",\"valueRequired\":true,\"valueName\":\"search_term_string\"}}],\"inLanguage\":\"de\"},{\"@type\":\"Organization\",\"@id\":\"https:\\\/\\\/gastronomicament.cat\\\/de\\\/#organization\",\"name\":\"Gastron\u00f2micament\",\"url\":\"https:\\\/\\\/gastronomicament.cat\\\/de\\\/\",\"logo\":{\"@type\":\"ImageObject\",\"inLanguage\":\"de\",\"@id\":\"https:\\\/\\\/gastronomicament.cat\\\/de\\\/#\\\/schema\\\/logo\\\/image\\\/\",\"url\":\"https:\\\/\\\/gastronomicament.cat\\\/wp-content\\\/uploads\\\/2016\\\/09\\\/header-logo.jpg\",\"contentUrl\":\"https:\\\/\\\/gastronomicament.cat\\\/wp-content\\\/uploads\\\/2016\\\/09\\\/header-logo.jpg\",\"width\":277,\"height\":39,\"caption\":\"Gastron\u00f2micament\"},\"image\":{\"@id\":\"https:\\\/\\\/gastronomicament.cat\\\/de\\\/#\\\/schema\\\/logo\\\/image\\\/\"},\"sameAs\":[\"https:\\\/\\\/x.com\\\/gastronomicamen\"]},{\"@type\":\"Person\",\"@id\":\"https:\\\/\\\/gastronomicament.cat\\\/de\\\/#\\\/schema\\\/person\\\/a7c85c537a1ed62799a5b8e0f686a37f\",\"name\":\"Redacci\u00f3\",\"image\":{\"@type\":\"ImageObject\",\"inLanguage\":\"de\",\"@id\":\"https:\\\/\\\/secure.gravatar.com\\\/avatar\\\/9489a485c464fd611d33825daae651d13db70c4e74c65c94937a15a9d4c3ee14?s=96&d=mm&r=g69fea3cce3645dfa2166e7293e22955e\",\"url\":\"https:\\\/\\\/secure.gravatar.com\\\/avatar\\\/9489a485c464fd611d33825daae651d13db70c4e74c65c94937a15a9d4c3ee14?s=96&d=mm&r=g\",\"contentUrl\":\"https:\\\/\\\/secure.gravatar.com\\\/avatar\\\/9489a485c464fd611d33825daae651d13db70c4e74c65c94937a15a9d4c3ee14?s=96&d=mm&r=g\",\"caption\":\"Redacci\u00f3\"},\"sameAs\":[\"http:\\\/\\\/gastronomicament.cat\"],\"url\":\"https:\\\/\\\/gastronomicament.cat\\\/de\\\/author\\\/admin\"}]}<\/script>\n<!-- \/ Yoast SEO plugin. -->","yoast_head_json":{"title":"Porreres organitza amb goig i orgulla la Fira de l'Albercoc - Gastron\u00f2micament","description":"Porreres organitza amb goig i orgulla la Fira de l'Albercoc Actualitat, Fires i rutes Es far\u00e0 el dissabte 14 de juny, de 17.30 a 22 hores","robots":{"index":"index","follow":"follow","max-snippet":"max-snippet:-1","max-image-preview":"max-image-preview:large","max-video-preview":"max-video-preview:-1"},"canonical":"https:\/\/gastronomicament.cat\/de\/porreres-organitza-amb-goig-i-orgulla-la-fira-de-lalbercoc","og_locale":"de_DE","og_type":"article","og_title":"Porreres organitza amb goig i orgulla la Fira de l'Albercoc - Gastron\u00f2micament","og_description":"Porreres organitza amb goig i orgulla la Fira de l'Albercoc Actualitat, Fires i rutes Es far\u00e0 el dissabte 14 de juny, de 17.30 a 22 hores","og_url":"https:\/\/gastronomicament.cat\/de\/porreres-organitza-amb-goig-i-orgulla-la-fira-de-lalbercoc","og_site_name":"Gastron\u00f2micament","article_published_time":"2025-06-12T06:24:25+00:00","article_modified_time":"2026-04-16T15:02:09+00:00","og_image":[{"width":1812,"height":1024,"url":"https:\/\/gastronomicament.cat\/wp-content\/uploads\/2025\/06\/Fira-Albercoc-Porreres-2025.jpg","type":"image\/jpeg"}],"author":"Redacci\u00f3","twitter_card":"summary_large_image","twitter_creator":"@gastronomicamen","twitter_site":"@gastronomicamen","twitter_misc":{"Verfasst von":"Redacci\u00f3","Gesch\u00e4tzte Lesezeit":"3\u00a0Minuten","Written by":"Redacci\u00f3"},"schema":{"@context":"https:\/\/schema.org","@graph":[{"@type":"Article","@id":"https:\/\/gastronomicament.cat\/de\/porreres-organitza-amb-goig-i-orgulla-la-fira-de-lalbercoc#article","isPartOf":{"@id":"https:\/\/gastronomicament.cat\/de\/porreres-organitza-amb-goig-i-orgulla-la-fira-de-lalbercoc"},"author":{"name":"Redacci\u00f3","@id":"https:\/\/gastronomicament.cat\/de\/#\/schema\/person\/a7c85c537a1ed62799a5b8e0f686a37f"},"headline":"Porreres organitza amb goig i orgulla la Fira de l&#8217;Albercoc","datePublished":"2025-06-12T06:24:25+00:00","dateModified":"2026-04-16T15:02:09+00:00","mainEntityOfPage":{"@id":"https:\/\/gastronomicament.cat\/de\/porreres-organitza-amb-goig-i-orgulla-la-fira-de-lalbercoc"},"wordCount":427,"commentCount":0,"publisher":{"@id":"https:\/\/gastronomicament.cat\/de\/#organization"},"image":{"@id":"https:\/\/gastronomicament.cat\/de\/porreres-organitza-amb-goig-i-orgulla-la-fira-de-lalbercoc#primaryimage"},"thumbnailUrl":"https:\/\/gastronomicament.cat\/wp-content\/uploads\/2025\/06\/Fira-Albercoc-Porreres-2025.jpg","articleSection":["Actualitat","Fires i rutes"],"inLanguage":"de","potentialAction":[{"@type":"CommentAction","name":"Comment","target":["https:\/\/gastronomicament.cat\/de\/porreres-organitza-amb-goig-i-orgulla-la-fira-de-lalbercoc#respond"]}]},{"@type":"WebPage","@id":"https:\/\/gastronomicament.cat\/de\/porreres-organitza-amb-goig-i-orgulla-la-fira-de-lalbercoc","url":"https:\/\/gastronomicament.cat\/de\/porreres-organitza-amb-goig-i-orgulla-la-fira-de-lalbercoc","name":"Porreres organitza amb goig i orgulla la Fira de l'Albercoc - Gastron\u00f2micament","isPartOf":{"@id":"https:\/\/gastronomicament.cat\/de\/#website"},"primaryImageOfPage":{"@id":"https:\/\/gastronomicament.cat\/de\/porreres-organitza-amb-goig-i-orgulla-la-fira-de-lalbercoc#primaryimage"},"image":{"@id":"https:\/\/gastronomicament.cat\/de\/porreres-organitza-amb-goig-i-orgulla-la-fira-de-lalbercoc#primaryimage"},"thumbnailUrl":"https:\/\/gastronomicament.cat\/wp-content\/uploads\/2025\/06\/Fira-Albercoc-Porreres-2025.jpg","datePublished":"2025-06-12T06:24:25+00:00","dateModified":"2026-04-16T15:02:09+00:00","description":"Porreres organitza amb goig i orgulla la Fira de l'Albercoc Actualitat, Fires i rutes Es far\u00e0 el dissabte 14 de juny, de 17.30 a 22 hores","inLanguage":"de","potentialAction":[{"@type":"ReadAction","target":["https:\/\/gastronomicament.cat\/de\/porreres-organitza-amb-goig-i-orgulla-la-fira-de-lalbercoc"]}]},{"@type":"ImageObject","inLanguage":"de","@id":"https:\/\/gastronomicament.cat\/de\/porreres-organitza-amb-goig-i-orgulla-la-fira-de-lalbercoc#primaryimage","url":"https:\/\/gastronomicament.cat\/wp-content\/uploads\/2025\/06\/Fira-Albercoc-Porreres-2025.jpg","contentUrl":"https:\/\/gastronomicament.cat\/wp-content\/uploads\/2025\/06\/Fira-Albercoc-Porreres-2025.jpg","width":1812,"height":1024},{"@type":"WebSite","@id":"https:\/\/gastronomicament.cat\/de\/#website","url":"https:\/\/gastronomicament.cat\/de\/","name":"Gastron\u00f2micament","description":"Portal de restaurants, receptes i actualitat gastron\u00f2mica","publisher":{"@id":"https:\/\/gastronomicament.cat\/de\/#organization"},"potentialAction":[{"@type":"SearchAction","target":{"@type":"EntryPoint","urlTemplate":"https:\/\/gastronomicament.cat\/de\/?s={search_term_string}"},"query-input":{"@type":"PropertyValueSpecification","valueRequired":true,"valueName":"search_term_string"}}],"inLanguage":"de"},{"@type":"Organization","@id":"https:\/\/gastronomicament.cat\/de\/#organization","name":"Gastron\u00f2micament","url":"https:\/\/gastronomicament.cat\/de\/","logo":{"@type":"ImageObject","inLanguage":"de","@id":"https:\/\/gastronomicament.cat\/de\/#\/schema\/logo\/image\/","url":"https:\/\/gastronomicament.cat\/wp-content\/uploads\/2016\/09\/header-logo.jpg","contentUrl":"https:\/\/gastronomicament.cat\/wp-content\/uploads\/2016\/09\/header-logo.jpg","width":277,"height":39,"caption":"Gastron\u00f2micament"},"image":{"@id":"https:\/\/gastronomicament.cat\/de\/#\/schema\/logo\/image\/"},"sameAs":["https:\/\/x.com\/gastronomicamen"]},{"@type":"Person","@id":"https:\/\/gastronomicament.cat\/de\/#\/schema\/person\/a7c85c537a1ed62799a5b8e0f686a37f","name":"Redacci\u00f3","image":{"@type":"ImageObject","inLanguage":"de","@id":"https:\/\/secure.gravatar.com\/avatar\/9489a485c464fd611d33825daae651d13db70c4e74c65c94937a15a9d4c3ee14?s=96&d=mm&r=g69fea3cce3645dfa2166e7293e22955e","url":"https:\/\/secure.gravatar.com\/avatar\/9489a485c464fd611d33825daae651d13db70c4e74c65c94937a15a9d4c3ee14?s=96&d=mm&r=g","contentUrl":"https:\/\/secure.gravatar.com\/avatar\/9489a485c464fd611d33825daae651d13db70c4e74c65c94937a15a9d4c3ee14?s=96&d=mm&r=g","caption":"Redacci\u00f3"},"sameAs":["http:\/\/gastronomicament.cat"],"url":"https:\/\/gastronomicament.cat\/de\/author\/admin"}]}},"_links":{"self":[{"href":"https:\/\/gastronomicament.cat\/de\/wp-json\/wp\/v2\/posts\/101837","targetHints":{"allow":["GET"]}}],"collection":[{"href":"https:\/\/gastronomicament.cat\/de\/wp-json\/wp\/v2\/posts"}],"about":[{"href":"https:\/\/gastronomicament.cat\/de\/wp-json\/wp\/v2\/types\/post"}],"author":[{"embeddable":true,"href":"https:\/\/gastronomicament.cat\/de\/wp-json\/wp\/v2\/users\/1"}],"replies":[{"embeddable":true,"href":"https:\/\/gastronomicament.cat\/de\/wp-json\/wp\/v2\/comments?post=101837"}],"version-history":[{"count":0,"href":"https:\/\/gastronomicament.cat\/de\/wp-json\/wp\/v2\/posts\/101837\/revisions"}],"acf:attachment":[{"embeddable":true,"href":"https:\/\/gastronomicament.cat\/de\/wp-json\/wp\/v2\/media\/101850"},{"embeddable":true,"href":"https:\/\/gastronomicament.cat\/de\/wp-json\/wp\/v2\/media\/101844"},{"embeddable":true,"href":"https:\/\/gastronomicament.cat\/de\/wp-json\/wp\/v2\/media\/101840"}],"wp:featuredmedia":[{"embeddable":true,"href":"https:\/\/gastronomicament.cat\/de\/wp-json\/wp\/v2\/media\/101839"}],"wp:attachment":[{"href":"https:\/\/gastronomicament.cat\/de\/wp-json\/wp\/v2\/media?parent=101837"}],"wp:term":[{"taxonomy":"category","embeddable":true,"href":"https:\/\/gastronomicament.cat\/de\/wp-json\/wp\/v2\/categories?post=101837"},{"taxonomy":"post_tag","embeddable":true,"href":"https:\/\/gastronomicament.cat\/de\/wp-json\/wp\/v2\/tags?post=101837"},{"taxonomy":"author","embeddable":true,"href":"https:\/\/gastronomicament.cat\/de\/wp-json\/wp\/v2\/coauthors?post=101837"}],"curies":[{"name":"wp","href":"https:\/\/api.w.org\/{rel}","templated":true}]}}