{"id":101912,"date":"2025-06-26T07:45:31","date_gmt":"2025-06-26T05:45:31","guid":{"rendered":"https:\/\/web2025.gastronomicament.cat\/st-regis-mardavall-mallorca-resort-unic-hotel-de-mallorca-amb-la-certificacio-verified-responsible-hospitality-de-forbes"},"modified":"2026-04-16T16:52:34","modified_gmt":"2026-04-16T14:52:34","slug":"st-regis-mardavall-mallorca-resort-unic-hotel-de-mallorca-amb-la-certificacio-verified-responsible-hospitality-de-forbes","status":"publish","type":"post","link":"https:\/\/gastronomicament.cat\/de\/st-regis-mardavall-mallorca-resort-unic-hotel-de-mallorca-amb-la-certificacio-verified-responsible-hospitality-de-forbes","title":{"rendered":"St. Regis Mardavall Mallorca Resort, \u00fanic hotel de Mallorca amb la certificaci\u00f3 Verified Responsible Hospitality de Forbes"},"content":{"rendered":"\n<p>St. Regis Mardavall Mallorca Resort, consolidat com una de les destinacions de refer\u00e8ncia a l&#8217;illa, ha estat distingit amb la certificaci\u00f3 Verified Responsible Hospitality, atorgada per&nbsp;<em>Forbes Travel Guide<\/em>. Es tracta de l&#8217;\u00fanic hotel de Mallorca que ha obtingut aquest reconeixement, que premia els establiments que demostren un comprom\u00eds ferm amb la sostenibilitat, el benestar i la generaci\u00f3 d&#8217;un impacte positiu en el seu entorn.<\/p>\n\n\n\n<p>Aquesta distinci\u00f3 refor\u00e7a el posicionament del ressort com a referent del luxe sostenible a les Illes Balears, alineat amb una&nbsp;<strong>estrat\u00e8gia centrada en l&#8217;economia circular, la gesti\u00f3 responsable dels recursos i la inclusi\u00f3 social<\/strong>. Les<strong>&nbsp;darreres pr\u00e0ctiques en mat\u00e8ria mediambiental&nbsp;<\/strong>de l&#8217;\u00fanic hotel de la marca St. Regis a l&#8217;Estat espanyol inclouen la&nbsp;<strong>creaci\u00f3 d&#8217;un hort ecol\u00f2gic i el primer vi circular de les Balears<\/strong>, dues iniciatives que confirmen el comprom\u00eds amb el medi ambient de forma tangible.<\/p>\n\n\n\n<p><strong>Cercle, el primer vi circular de les Balears<br><\/strong>Entre les iniciatives m\u00e9s innovadores del ressort destaca la creaci\u00f3 de Cercle, el primer vi circular de les Illes Balears,&nbsp;<strong>fruit d&#8217;un projecte conjunt amb els hotels Castell Hotel Son Vida i Sheraton Mallorca Arabella Golf Hotel<\/strong>.&nbsp;<strong>A partir dels residus org\u00e0nics dels tres hotels, s&#8217;elabora un compost que fertilitza les vinyes de Son Llompart i Son Fiol del celler Maci\u00e0 Batle<\/strong>. El resultat s\u00f3n tres vins \u00fanics, Cercle Blanc, Cercle Rosat i Cercle Negre, que simbolitzen la col\u00b7laboraci\u00f3 entre els sectors primari, secundari i terciari de l\u00b4illa.<\/p>\n\n\n\n<p>Aquests vins es poden degustar als tres restaurants de l&#8217;hotel,&nbsp;<strong>Terra<\/strong>, l&#8217;estrella Michelin&nbsp;<strong>Es Fum<\/strong>&nbsp;i&nbsp;<strong>Mar Sea Club<\/strong>, on els comensals trobaran un QR amb tota la informaci\u00f3 sobre la seva producci\u00f3.<\/p>\n\n\n\n<p><strong>Un comprom\u00eds amb la sostenibilitat i la inclusi\u00f3 mitjan\u00e7ant l&#8217;hort ecol\u00f2gic<br><\/strong>Des del 2002, St. Regis Mardavall Mallorca Resort mant\u00e9 una estreta&nbsp;<strong>col\u00b7laboraci\u00f3 amb la Fundaci\u00f3 Esment<\/strong>, una alian\u00e7a que el 2024 va fer un pas decisiu amb la posada en marxa d&#8217;un ambici\u00f3s projecte agroambiental. A trav\u00e9s d&#8217;un acord amb Arabella Hospitality, grup al qual pertany el resort, s&#8217;impulsa la gesti\u00f3 d&#8217;un hort ecol\u00f2gic a Palma, cultivat sota principis de producci\u00f3 ecol\u00f2gica, amb varietats locals i de temporada.<\/p>\n\n\n\n<p>L&#8217;objectiu \u00e9s&nbsp;<strong>oferir productes frescos i sostenibles<\/strong>&nbsp;que nodreixin l&#8217;experi\u00e8ncia gastron\u00f2mica del ressort<strong>&nbsp;i tamb\u00e9 fomentar la inserci\u00f3 sociolaboral de persones amb necessitats de suport<\/strong>, que s\u00f3n les encarregades de treballar la terra i tenir cura del cultiu. S&#8217;estima una&nbsp;<strong>producci\u00f3 anual&nbsp;<\/strong>de fins a 2.500 quilos de fruites i hortalisses, de manera que es redueix la petjada de carboni at\u00e8s que es minimitza la necessitat de transport.<\/p>\n\n\n\n<p>Aquest comprom\u00eds amb la terra i les persones es completa amb l&#8216;<strong>hort arom\u00e0tic del mateix hotel, creat fa dos anys<\/strong>, on els xefs seleccionen personalment herbes i productes com ara tom\u00e0quets cherry, roman\u00ed o farigola per integrar-los als seus plats. Un gest que refor\u00e7a la filosofia &#8222;de la terra al plat&#8220; i connecta cada mossegada amb el territori mallorqu\u00ed.<\/p>\n\n\n\n<p><strong>Altres actuacions en mat\u00e8ria de sostenibilitat<br><\/strong>En termes de reciclatge, l&#8217;hotel ha eliminat els envasos d&#8217;escuma de poliestir\u00e8, aix\u00ed com la utilitzaci\u00f3 dels pl\u00e0stics d&#8217;un sol \u00fas incorporant les palletes de metacrilat reutilitzables o de fibra d&#8217;atzavara 100% natural, ampolles d&#8217;aigua reciclables per emportar, vaixella compostable per emportar, dispensadors de gel de dutxa.<\/p>\n\n\n\n<p>L&#8217;\u00fanic hotel St. Regis de Espa\u00f1a \u00e9s un projecte pilot l\u00edder a tot el municipi de Calvi\u00e0 en l&#8217;\u00fas d&#8217;aigua municipal regenerada per al reg dels seus i recicla les aig\u00fces grises, procedents de les dutxes i lavabos de l&#8217;hotel, per al seu \u00fas a les cisternes dels v\u00e0ters.<\/p>\n\n\n\n<p>Aix\u00ed mateix, fa dos anys es va introduir un moll a la platja, a 100 m de l&#8217;hotel, especialment dissenyat per a l&#8217;amarratge d&#8217;embarcacions. Aix\u00f2 permet als hostes l&#8217;oportunitat \u00fanica de llogar un llaut el\u00e8ctric (una embarcaci\u00f3 tradicional mallorquina) per explorar el mar Mediterrani, combinant el luxe amb la consci\u00e8ncia ecol\u00f2gica als serveis que s&#8217;ofereixen.<\/p>\n\n\n\n<p>A m\u00e9s del VERIFIED de Forbes Travel Guide, el ressort ha renovat el Certificat EG Green Key, el principal est\u00e0ndard d&#8217;excel\u00b7l\u00e8ncia en l&#8217;\u00e0mbit de la responsabilitat mediambiental i el funcionament sostenible dins la ind\u00fastria tur\u00edstica. Aquest prestigi\u00f3s certificat representa el comprom\u00eds de l&#8217;hotel amb el compliment dels criteris estrictes establerts per la Fundaci\u00f3 per a l&#8217;Educaci\u00f3 Ambiental. Una Clau Verda garanteix als hostes que amb la seva elecci\u00f3 estan ajudant a marcar la difer\u00e8ncia a favor del medi ambient.<\/p>\n","protected":false},"excerpt":{"rendered":"<p>L&#8217;establiment refor\u00e7a el seu lideratge en sostenibilitat i ofereix pr\u00e0ctiques sostenibles exclusives, com ara la creaci\u00f3&hellip;<\/p>\n","protected":false},"author":1,"featured_media":101915,"comment_status":"open","ping_status":"open","sticky":false,"template":"","format":"gallery","meta":{"_acf_changed":false,"_swt_meta_header_display":false,"_swt_meta_footer_display":false,"_swt_meta_site_title_display":false,"_swt_meta_sticky_header":false,"_swt_meta_transparent_header":false,"footnotes":""},"categories":[692,955],"tags":[],"coauthors":[2053],"class_list":["post-101912","post","type-post","status-publish","format-gallery","has-post-thumbnail","hentry","category-actualitat","category-reportatges-i-novetats","post_format-post-format-gallery"],"acf":{"gallery":[101919,101940,101935,101926],"home_date":{"home_begin_date":null,"home_end_date":null}},"yoast_head":"<!-- This site is optimized with the Yoast SEO plugin v27.4 - https:\/\/yoast.com\/product\/yoast-seo-wordpress\/ -->\n<title>St. Regis Mardavall Mallorca Resort, \u00fanic hotel de Mallorca amb la certificaci\u00f3 Verified Responsible Hospitality de Forbes - Gastron\u00f2micament<\/title>\n<meta name=\"description\" content=\"St. Regis Mardavall Mallorca Resort, \u00fanic hotel de Mallorca amb la certificaci\u00f3 Verified Responsible Hospitality de Forbes Actualitat, Reportatges i novetats L&#039;establiment refor\u00e7a el seu lideratge en sostenibilitat i ofereix pr\u00e0ctiques sostenibles exclusives, com ara la creaci\u00f3 del primer vi circular de les Balears\" \/>\n<meta name=\"robots\" content=\"index, follow, max-snippet:-1, max-image-preview:large, max-video-preview:-1\" \/>\n<link rel=\"canonical\" href=\"https:\/\/gastronomicament.cat\/de\/st-regis-mardavall-mallorca-resort-unic-hotel-de-mallorca-amb-la-certificacio-verified-responsible-hospitality-de-forbes\" \/>\n<meta property=\"og:locale\" content=\"de_DE\" \/>\n<meta property=\"og:type\" content=\"article\" \/>\n<meta property=\"og:title\" content=\"St. Regis Mardavall Mallorca Resort, \u00fanic hotel de Mallorca amb la certificaci\u00f3 Verified Responsible Hospitality de Forbes - Gastron\u00f2micament\" \/>\n<meta property=\"og:description\" content=\"St. Regis Mardavall Mallorca Resort, \u00fanic hotel de Mallorca amb la certificaci\u00f3 Verified Responsible Hospitality de Forbes Actualitat, Reportatges i novetats L&#039;establiment refor\u00e7a el seu lideratge en sostenibilitat i ofereix pr\u00e0ctiques sostenibles exclusives, com ara la creaci\u00f3 del primer vi circular de les Balears\" \/>\n<meta property=\"og:url\" content=\"https:\/\/gastronomicament.cat\/de\/st-regis-mardavall-mallorca-resort-unic-hotel-de-mallorca-amb-la-certificacio-verified-responsible-hospitality-de-forbes\" \/>\n<meta property=\"og:site_name\" content=\"Gastron\u00f2micament\" \/>\n<meta property=\"article:published_time\" content=\"2025-06-26T05:45:31+00:00\" \/>\n<meta property=\"article:modified_time\" content=\"2026-04-16T14:52:34+00:00\" \/>\n<meta property=\"og:image\" content=\"https:\/\/gastronomicament.cat\/wp-content\/uploads\/2025\/06\/Hort-Es-Fum-restaurant-Mallorca.jpg\" \/>\n\t<meta property=\"og:image:width\" content=\"1900\" \/>\n\t<meta property=\"og:image:height\" content=\"1267\" \/>\n\t<meta property=\"og:image:type\" content=\"image\/jpeg\" \/>\n<meta name=\"author\" content=\"Redacci\u00f3\" \/>\n<meta name=\"twitter:card\" content=\"summary_large_image\" \/>\n<meta name=\"twitter:creator\" content=\"@gastronomicamen\" \/>\n<meta name=\"twitter:site\" content=\"@gastronomicamen\" \/>\n<meta name=\"twitter:label1\" content=\"Verfasst von\" \/>\n\t<meta name=\"twitter:data1\" content=\"Redacci\u00f3\" \/>\n\t<meta name=\"twitter:label2\" content=\"Gesch\u00e4tzte Lesezeit\" \/>\n\t<meta name=\"twitter:data2\" content=\"5\u00a0Minuten\" \/>\n\t<meta name=\"twitter:label3\" content=\"Written by\" \/>\n\t<meta name=\"twitter:data3\" content=\"Redacci\u00f3\" \/>\n<script type=\"application\/ld+json\" class=\"yoast-schema-graph\">{\"@context\":\"https:\\\/\\\/schema.org\",\"@graph\":[{\"@type\":\"Article\",\"@id\":\"https:\\\/\\\/gastronomicament.cat\\\/de\\\/st-regis-mardavall-mallorca-resort-unic-hotel-de-mallorca-amb-la-certificacio-verified-responsible-hospitality-de-forbes#article\",\"isPartOf\":{\"@id\":\"https:\\\/\\\/gastronomicament.cat\\\/de\\\/st-regis-mardavall-mallorca-resort-unic-hotel-de-mallorca-amb-la-certificacio-verified-responsible-hospitality-de-forbes\"},\"author\":{\"name\":\"Redacci\u00f3\",\"@id\":\"https:\\\/\\\/gastronomicament.cat\\\/de\\\/#\\\/schema\\\/person\\\/a7c85c537a1ed62799a5b8e0f686a37f\"},\"headline\":\"St. Regis Mardavall Mallorca Resort, \u00fanic hotel de Mallorca amb la certificaci\u00f3 Verified Responsible Hospitality de Forbes\",\"datePublished\":\"2025-06-26T05:45:31+00:00\",\"dateModified\":\"2026-04-16T14:52:34+00:00\",\"mainEntityOfPage\":{\"@id\":\"https:\\\/\\\/gastronomicament.cat\\\/de\\\/st-regis-mardavall-mallorca-resort-unic-hotel-de-mallorca-amb-la-certificacio-verified-responsible-hospitality-de-forbes\"},\"wordCount\":796,\"commentCount\":0,\"publisher\":{\"@id\":\"https:\\\/\\\/gastronomicament.cat\\\/de\\\/#organization\"},\"image\":{\"@id\":\"https:\\\/\\\/gastronomicament.cat\\\/de\\\/st-regis-mardavall-mallorca-resort-unic-hotel-de-mallorca-amb-la-certificacio-verified-responsible-hospitality-de-forbes#primaryimage\"},\"thumbnailUrl\":\"https:\\\/\\\/gastronomicament.cat\\\/wp-content\\\/uploads\\\/2025\\\/06\\\/Hort-Es-Fum-restaurant-Mallorca.jpg\",\"articleSection\":[\"Actualitat\",\"Reportatges i novetats\"],\"inLanguage\":\"de\",\"potentialAction\":[{\"@type\":\"CommentAction\",\"name\":\"Comment\",\"target\":[\"https:\\\/\\\/gastronomicament.cat\\\/de\\\/st-regis-mardavall-mallorca-resort-unic-hotel-de-mallorca-amb-la-certificacio-verified-responsible-hospitality-de-forbes#respond\"]}]},{\"@type\":\"WebPage\",\"@id\":\"https:\\\/\\\/gastronomicament.cat\\\/de\\\/st-regis-mardavall-mallorca-resort-unic-hotel-de-mallorca-amb-la-certificacio-verified-responsible-hospitality-de-forbes\",\"url\":\"https:\\\/\\\/gastronomicament.cat\\\/de\\\/st-regis-mardavall-mallorca-resort-unic-hotel-de-mallorca-amb-la-certificacio-verified-responsible-hospitality-de-forbes\",\"name\":\"St. Regis Mardavall Mallorca Resort, \u00fanic hotel de Mallorca amb la certificaci\u00f3 Verified Responsible Hospitality de Forbes - Gastron\u00f2micament\",\"isPartOf\":{\"@id\":\"https:\\\/\\\/gastronomicament.cat\\\/de\\\/#website\"},\"primaryImageOfPage\":{\"@id\":\"https:\\\/\\\/gastronomicament.cat\\\/de\\\/st-regis-mardavall-mallorca-resort-unic-hotel-de-mallorca-amb-la-certificacio-verified-responsible-hospitality-de-forbes#primaryimage\"},\"image\":{\"@id\":\"https:\\\/\\\/gastronomicament.cat\\\/de\\\/st-regis-mardavall-mallorca-resort-unic-hotel-de-mallorca-amb-la-certificacio-verified-responsible-hospitality-de-forbes#primaryimage\"},\"thumbnailUrl\":\"https:\\\/\\\/gastronomicament.cat\\\/wp-content\\\/uploads\\\/2025\\\/06\\\/Hort-Es-Fum-restaurant-Mallorca.jpg\",\"datePublished\":\"2025-06-26T05:45:31+00:00\",\"dateModified\":\"2026-04-16T14:52:34+00:00\",\"description\":\"St. Regis Mardavall Mallorca Resort, \u00fanic hotel de Mallorca amb la certificaci\u00f3 Verified Responsible Hospitality de Forbes Actualitat, Reportatges i novetats L'establiment refor\u00e7a el seu lideratge en sostenibilitat i ofereix pr\u00e0ctiques sostenibles exclusives, com ara la creaci\u00f3 del primer vi circular de les Balears\",\"inLanguage\":\"de\",\"potentialAction\":[{\"@type\":\"ReadAction\",\"target\":[\"https:\\\/\\\/gastronomicament.cat\\\/de\\\/st-regis-mardavall-mallorca-resort-unic-hotel-de-mallorca-amb-la-certificacio-verified-responsible-hospitality-de-forbes\"]}]},{\"@type\":\"ImageObject\",\"inLanguage\":\"de\",\"@id\":\"https:\\\/\\\/gastronomicament.cat\\\/de\\\/st-regis-mardavall-mallorca-resort-unic-hotel-de-mallorca-amb-la-certificacio-verified-responsible-hospitality-de-forbes#primaryimage\",\"url\":\"https:\\\/\\\/gastronomicament.cat\\\/wp-content\\\/uploads\\\/2025\\\/06\\\/Hort-Es-Fum-restaurant-Mallorca.jpg\",\"contentUrl\":\"https:\\\/\\\/gastronomicament.cat\\\/wp-content\\\/uploads\\\/2025\\\/06\\\/Hort-Es-Fum-restaurant-Mallorca.jpg\",\"width\":1900,\"height\":1267},{\"@type\":\"WebSite\",\"@id\":\"https:\\\/\\\/gastronomicament.cat\\\/de\\\/#website\",\"url\":\"https:\\\/\\\/gastronomicament.cat\\\/de\\\/\",\"name\":\"Gastron\u00f2micament\",\"description\":\"Portal de restaurants, receptes i actualitat gastron\u00f2mica\",\"publisher\":{\"@id\":\"https:\\\/\\\/gastronomicament.cat\\\/de\\\/#organization\"},\"potentialAction\":[{\"@type\":\"SearchAction\",\"target\":{\"@type\":\"EntryPoint\",\"urlTemplate\":\"https:\\\/\\\/gastronomicament.cat\\\/de\\\/?s={search_term_string}\"},\"query-input\":{\"@type\":\"PropertyValueSpecification\",\"valueRequired\":true,\"valueName\":\"search_term_string\"}}],\"inLanguage\":\"de\"},{\"@type\":\"Organization\",\"@id\":\"https:\\\/\\\/gastronomicament.cat\\\/de\\\/#organization\",\"name\":\"Gastron\u00f2micament\",\"url\":\"https:\\\/\\\/gastronomicament.cat\\\/de\\\/\",\"logo\":{\"@type\":\"ImageObject\",\"inLanguage\":\"de\",\"@id\":\"https:\\\/\\\/gastronomicament.cat\\\/de\\\/#\\\/schema\\\/logo\\\/image\\\/\",\"url\":\"https:\\\/\\\/gastronomicament.cat\\\/wp-content\\\/uploads\\\/2016\\\/09\\\/header-logo.jpg\",\"contentUrl\":\"https:\\\/\\\/gastronomicament.cat\\\/wp-content\\\/uploads\\\/2016\\\/09\\\/header-logo.jpg\",\"width\":277,\"height\":39,\"caption\":\"Gastron\u00f2micament\"},\"image\":{\"@id\":\"https:\\\/\\\/gastronomicament.cat\\\/de\\\/#\\\/schema\\\/logo\\\/image\\\/\"},\"sameAs\":[\"https:\\\/\\\/x.com\\\/gastronomicamen\"]},{\"@type\":\"Person\",\"@id\":\"https:\\\/\\\/gastronomicament.cat\\\/de\\\/#\\\/schema\\\/person\\\/a7c85c537a1ed62799a5b8e0f686a37f\",\"name\":\"Redacci\u00f3\",\"image\":{\"@type\":\"ImageObject\",\"inLanguage\":\"de\",\"@id\":\"https:\\\/\\\/secure.gravatar.com\\\/avatar\\\/9489a485c464fd611d33825daae651d13db70c4e74c65c94937a15a9d4c3ee14?s=96&d=mm&r=g69fea3cce3645dfa2166e7293e22955e\",\"url\":\"https:\\\/\\\/secure.gravatar.com\\\/avatar\\\/9489a485c464fd611d33825daae651d13db70c4e74c65c94937a15a9d4c3ee14?s=96&d=mm&r=g\",\"contentUrl\":\"https:\\\/\\\/secure.gravatar.com\\\/avatar\\\/9489a485c464fd611d33825daae651d13db70c4e74c65c94937a15a9d4c3ee14?s=96&d=mm&r=g\",\"caption\":\"Redacci\u00f3\"},\"sameAs\":[\"http:\\\/\\\/gastronomicament.cat\"],\"url\":\"https:\\\/\\\/gastronomicament.cat\\\/de\\\/author\\\/admin\"}]}<\/script>\n<!-- \/ Yoast SEO plugin. -->","yoast_head_json":{"title":"St. Regis Mardavall Mallorca Resort, \u00fanic hotel de Mallorca amb la certificaci\u00f3 Verified Responsible Hospitality de Forbes - Gastron\u00f2micament","description":"St. Regis Mardavall Mallorca Resort, \u00fanic hotel de Mallorca amb la certificaci\u00f3 Verified Responsible Hospitality de Forbes Actualitat, Reportatges i novetats L'establiment refor\u00e7a el seu lideratge en sostenibilitat i ofereix pr\u00e0ctiques sostenibles exclusives, com ara la creaci\u00f3 del primer vi circular de les Balears","robots":{"index":"index","follow":"follow","max-snippet":"max-snippet:-1","max-image-preview":"max-image-preview:large","max-video-preview":"max-video-preview:-1"},"canonical":"https:\/\/gastronomicament.cat\/de\/st-regis-mardavall-mallorca-resort-unic-hotel-de-mallorca-amb-la-certificacio-verified-responsible-hospitality-de-forbes","og_locale":"de_DE","og_type":"article","og_title":"St. Regis Mardavall Mallorca Resort, \u00fanic hotel de Mallorca amb la certificaci\u00f3 Verified Responsible Hospitality de Forbes - Gastron\u00f2micament","og_description":"St. Regis Mardavall Mallorca Resort, \u00fanic hotel de Mallorca amb la certificaci\u00f3 Verified Responsible Hospitality de Forbes Actualitat, Reportatges i novetats L'establiment refor\u00e7a el seu lideratge en sostenibilitat i ofereix pr\u00e0ctiques sostenibles exclusives, com ara la creaci\u00f3 del primer vi circular de les Balears","og_url":"https:\/\/gastronomicament.cat\/de\/st-regis-mardavall-mallorca-resort-unic-hotel-de-mallorca-amb-la-certificacio-verified-responsible-hospitality-de-forbes","og_site_name":"Gastron\u00f2micament","article_published_time":"2025-06-26T05:45:31+00:00","article_modified_time":"2026-04-16T14:52:34+00:00","og_image":[{"width":1900,"height":1267,"url":"https:\/\/gastronomicament.cat\/wp-content\/uploads\/2025\/06\/Hort-Es-Fum-restaurant-Mallorca.jpg","type":"image\/jpeg"}],"author":"Redacci\u00f3","twitter_card":"summary_large_image","twitter_creator":"@gastronomicamen","twitter_site":"@gastronomicamen","twitter_misc":{"Verfasst von":"Redacci\u00f3","Gesch\u00e4tzte Lesezeit":"5\u00a0Minuten","Written by":"Redacci\u00f3"},"schema":{"@context":"https:\/\/schema.org","@graph":[{"@type":"Article","@id":"https:\/\/gastronomicament.cat\/de\/st-regis-mardavall-mallorca-resort-unic-hotel-de-mallorca-amb-la-certificacio-verified-responsible-hospitality-de-forbes#article","isPartOf":{"@id":"https:\/\/gastronomicament.cat\/de\/st-regis-mardavall-mallorca-resort-unic-hotel-de-mallorca-amb-la-certificacio-verified-responsible-hospitality-de-forbes"},"author":{"name":"Redacci\u00f3","@id":"https:\/\/gastronomicament.cat\/de\/#\/schema\/person\/a7c85c537a1ed62799a5b8e0f686a37f"},"headline":"St. Regis Mardavall Mallorca Resort, \u00fanic hotel de Mallorca amb la certificaci\u00f3 Verified Responsible Hospitality de Forbes","datePublished":"2025-06-26T05:45:31+00:00","dateModified":"2026-04-16T14:52:34+00:00","mainEntityOfPage":{"@id":"https:\/\/gastronomicament.cat\/de\/st-regis-mardavall-mallorca-resort-unic-hotel-de-mallorca-amb-la-certificacio-verified-responsible-hospitality-de-forbes"},"wordCount":796,"commentCount":0,"publisher":{"@id":"https:\/\/gastronomicament.cat\/de\/#organization"},"image":{"@id":"https:\/\/gastronomicament.cat\/de\/st-regis-mardavall-mallorca-resort-unic-hotel-de-mallorca-amb-la-certificacio-verified-responsible-hospitality-de-forbes#primaryimage"},"thumbnailUrl":"https:\/\/gastronomicament.cat\/wp-content\/uploads\/2025\/06\/Hort-Es-Fum-restaurant-Mallorca.jpg","articleSection":["Actualitat","Reportatges i novetats"],"inLanguage":"de","potentialAction":[{"@type":"CommentAction","name":"Comment","target":["https:\/\/gastronomicament.cat\/de\/st-regis-mardavall-mallorca-resort-unic-hotel-de-mallorca-amb-la-certificacio-verified-responsible-hospitality-de-forbes#respond"]}]},{"@type":"WebPage","@id":"https:\/\/gastronomicament.cat\/de\/st-regis-mardavall-mallorca-resort-unic-hotel-de-mallorca-amb-la-certificacio-verified-responsible-hospitality-de-forbes","url":"https:\/\/gastronomicament.cat\/de\/st-regis-mardavall-mallorca-resort-unic-hotel-de-mallorca-amb-la-certificacio-verified-responsible-hospitality-de-forbes","name":"St. Regis Mardavall Mallorca Resort, \u00fanic hotel de Mallorca amb la certificaci\u00f3 Verified Responsible Hospitality de Forbes - Gastron\u00f2micament","isPartOf":{"@id":"https:\/\/gastronomicament.cat\/de\/#website"},"primaryImageOfPage":{"@id":"https:\/\/gastronomicament.cat\/de\/st-regis-mardavall-mallorca-resort-unic-hotel-de-mallorca-amb-la-certificacio-verified-responsible-hospitality-de-forbes#primaryimage"},"image":{"@id":"https:\/\/gastronomicament.cat\/de\/st-regis-mardavall-mallorca-resort-unic-hotel-de-mallorca-amb-la-certificacio-verified-responsible-hospitality-de-forbes#primaryimage"},"thumbnailUrl":"https:\/\/gastronomicament.cat\/wp-content\/uploads\/2025\/06\/Hort-Es-Fum-restaurant-Mallorca.jpg","datePublished":"2025-06-26T05:45:31+00:00","dateModified":"2026-04-16T14:52:34+00:00","description":"St. Regis Mardavall Mallorca Resort, \u00fanic hotel de Mallorca amb la certificaci\u00f3 Verified Responsible Hospitality de Forbes Actualitat, Reportatges i novetats L'establiment refor\u00e7a el seu lideratge en sostenibilitat i ofereix pr\u00e0ctiques sostenibles exclusives, com ara la creaci\u00f3 del primer vi circular de les Balears","inLanguage":"de","potentialAction":[{"@type":"ReadAction","target":["https:\/\/gastronomicament.cat\/de\/st-regis-mardavall-mallorca-resort-unic-hotel-de-mallorca-amb-la-certificacio-verified-responsible-hospitality-de-forbes"]}]},{"@type":"ImageObject","inLanguage":"de","@id":"https:\/\/gastronomicament.cat\/de\/st-regis-mardavall-mallorca-resort-unic-hotel-de-mallorca-amb-la-certificacio-verified-responsible-hospitality-de-forbes#primaryimage","url":"https:\/\/gastronomicament.cat\/wp-content\/uploads\/2025\/06\/Hort-Es-Fum-restaurant-Mallorca.jpg","contentUrl":"https:\/\/gastronomicament.cat\/wp-content\/uploads\/2025\/06\/Hort-Es-Fum-restaurant-Mallorca.jpg","width":1900,"height":1267},{"@type":"WebSite","@id":"https:\/\/gastronomicament.cat\/de\/#website","url":"https:\/\/gastronomicament.cat\/de\/","name":"Gastron\u00f2micament","description":"Portal de restaurants, receptes i actualitat gastron\u00f2mica","publisher":{"@id":"https:\/\/gastronomicament.cat\/de\/#organization"},"potentialAction":[{"@type":"SearchAction","target":{"@type":"EntryPoint","urlTemplate":"https:\/\/gastronomicament.cat\/de\/?s={search_term_string}"},"query-input":{"@type":"PropertyValueSpecification","valueRequired":true,"valueName":"search_term_string"}}],"inLanguage":"de"},{"@type":"Organization","@id":"https:\/\/gastronomicament.cat\/de\/#organization","name":"Gastron\u00f2micament","url":"https:\/\/gastronomicament.cat\/de\/","logo":{"@type":"ImageObject","inLanguage":"de","@id":"https:\/\/gastronomicament.cat\/de\/#\/schema\/logo\/image\/","url":"https:\/\/gastronomicament.cat\/wp-content\/uploads\/2016\/09\/header-logo.jpg","contentUrl":"https:\/\/gastronomicament.cat\/wp-content\/uploads\/2016\/09\/header-logo.jpg","width":277,"height":39,"caption":"Gastron\u00f2micament"},"image":{"@id":"https:\/\/gastronomicament.cat\/de\/#\/schema\/logo\/image\/"},"sameAs":["https:\/\/x.com\/gastronomicamen"]},{"@type":"Person","@id":"https:\/\/gastronomicament.cat\/de\/#\/schema\/person\/a7c85c537a1ed62799a5b8e0f686a37f","name":"Redacci\u00f3","image":{"@type":"ImageObject","inLanguage":"de","@id":"https:\/\/secure.gravatar.com\/avatar\/9489a485c464fd611d33825daae651d13db70c4e74c65c94937a15a9d4c3ee14?s=96&d=mm&r=g69fea3cce3645dfa2166e7293e22955e","url":"https:\/\/secure.gravatar.com\/avatar\/9489a485c464fd611d33825daae651d13db70c4e74c65c94937a15a9d4c3ee14?s=96&d=mm&r=g","contentUrl":"https:\/\/secure.gravatar.com\/avatar\/9489a485c464fd611d33825daae651d13db70c4e74c65c94937a15a9d4c3ee14?s=96&d=mm&r=g","caption":"Redacci\u00f3"},"sameAs":["http:\/\/gastronomicament.cat"],"url":"https:\/\/gastronomicament.cat\/de\/author\/admin"}]}},"_links":{"self":[{"href":"https:\/\/gastronomicament.cat\/de\/wp-json\/wp\/v2\/posts\/101912","targetHints":{"allow":["GET"]}}],"collection":[{"href":"https:\/\/gastronomicament.cat\/de\/wp-json\/wp\/v2\/posts"}],"about":[{"href":"https:\/\/gastronomicament.cat\/de\/wp-json\/wp\/v2\/types\/post"}],"author":[{"embeddable":true,"href":"https:\/\/gastronomicament.cat\/de\/wp-json\/wp\/v2\/users\/1"}],"replies":[{"embeddable":true,"href":"https:\/\/gastronomicament.cat\/de\/wp-json\/wp\/v2\/comments?post=101912"}],"version-history":[{"count":0,"href":"https:\/\/gastronomicament.cat\/de\/wp-json\/wp\/v2\/posts\/101912\/revisions"}],"acf:attachment":[{"embeddable":true,"href":"https:\/\/gastronomicament.cat\/de\/wp-json\/wp\/v2\/media\/101926"},{"embeddable":true,"href":"https:\/\/gastronomicament.cat\/de\/wp-json\/wp\/v2\/media\/101935"},{"embeddable":true,"href":"https:\/\/gastronomicament.cat\/de\/wp-json\/wp\/v2\/media\/101940"},{"embeddable":true,"href":"https:\/\/gastronomicament.cat\/de\/wp-json\/wp\/v2\/media\/101919"}],"wp:featuredmedia":[{"embeddable":true,"href":"https:\/\/gastronomicament.cat\/de\/wp-json\/wp\/v2\/media\/101915"}],"wp:attachment":[{"href":"https:\/\/gastronomicament.cat\/de\/wp-json\/wp\/v2\/media?parent=101912"}],"wp:term":[{"taxonomy":"category","embeddable":true,"href":"https:\/\/gastronomicament.cat\/de\/wp-json\/wp\/v2\/categories?post=101912"},{"taxonomy":"post_tag","embeddable":true,"href":"https:\/\/gastronomicament.cat\/de\/wp-json\/wp\/v2\/tags?post=101912"},{"taxonomy":"author","embeddable":true,"href":"https:\/\/gastronomicament.cat\/de\/wp-json\/wp\/v2\/coauthors?post=101912"}],"curies":[{"name":"wp","href":"https:\/\/api.w.org\/{rel}","templated":true}]}}