{"id":102437,"date":"2025-08-26T07:47:34","date_gmt":"2025-08-26T05:47:34","guid":{"rendered":"https:\/\/web2025.gastronomicament.cat\/el-govern-avanca-un-dia-linici-de-la-pesca-del-raor-a-les-aigues-interiors-de-mallorca-i-menorca"},"modified":"2026-04-16T15:48:39","modified_gmt":"2026-04-16T13:48:39","slug":"el-govern-avanca-un-dia-linici-de-la-pesca-del-raor-a-les-aigues-interiors-de-mallorca-i-menorca","status":"publish","type":"post","link":"https:\/\/gastronomicament.cat\/de\/el-govern-avanca-un-dia-linici-de-la-pesca-del-raor-a-les-aigues-interiors-de-mallorca-i-menorca","title":{"rendered":"El Govern avan\u00e7a un dia l&#8217;inici de la pesca del raor a les aig\u00fces interiors de Mallorca i Menorca"},"content":{"rendered":"\n<p>El Govern de les Illes Balears, a trav\u00e9s de la Direcci\u00f3 General de Pesca, informa que, enguany, la pesca del raor (<em>Xyrichtys novacula<\/em>) a les aig\u00fces interiors de Mallorca i Menorca comen\u00e7ar\u00e0 el diumenge 31 d&#8217;agost de 2025, un dia abans del que \u00e9s habitual.<\/p>\n\n\n\n<p>El director general de Pesca,&nbsp;<strong>Antoni M. Grau<\/strong>, ha assenyalat que \u00ab<strong>aquesta modificaci\u00f3 excepcional&nbsp;<\/strong>es va aprovar en la segona reuni\u00f3 de la Comissi\u00f3 de Cogesti\u00f3 de la Pesca Recreativa de les Illes Balears, a proposta del sector que subministra el material per a la pesca del raor.&nbsp;<strong>Es pret\u00e9n afavorir l&#8217;activitat de la pesca recreativa tradicional i tamb\u00e9 facilitar l&#8217;abastiment de gambeta per a la pesca del raor el primer dia de temporada<\/strong>\u00bb. Amb tot, Grau ha explicat que la mesura \u00e9s vigent exclusivament a les aig\u00fces interiors de Mallorca i Menorca, i&nbsp;<strong>no afecta ni a Eivissa, ni a Formentera, ni a les aig\u00fces exteriors del territori balear, on el primer dia h\u00e0bil de pesca ser\u00e0 l&#8217;1 de setembre<\/strong>. Cal remarcar que a les Piti\u00fcses es mant\u00e9 aix\u00ed a petici\u00f3 pr\u00f2pia dels consells insulars.<\/p>\n\n\n\n<p>Aix\u00ed, nom\u00e9s t\u00e9 vig\u00e8ncia per als anys, com en 2025, en qu\u00e8 el primer dia h\u00e0bil de pesca \u2014l&#8217;1 de setembre\u2014 cau en dilluns. \u00abEs tracta d&#8217;una mesura que no posa en risc la sostenibilitat del recurs, que es troba en un estat excel\u00b7lent de conservaci\u00f3\u00bb, ha manifestat Grau.<\/p>\n\n\n\n<p><strong>Respectar el nombre m\u00e0xim de captures<br><\/strong>El Govern<strong>&nbsp;recorda a tots els pescadors que cal respectar el nombre m\u00e0xim de captures (50 raors\/persona\/dia)<\/strong>, per garantir la continu\u00eftat i la sostenibilitat d&#8217;aquesta pesqueria tradicional. Tot i el bon comportament generalitzat dels aficionats a la pesca durant el per\u00edode de veda, aquests dies la inspecci\u00f3 pesquera del Govern intensifica la seva activitat en les zones de pesca del raor per controlar la pesca il\u00b7legal i sancionar els possibles infractors. No respectar una veda est\u00e0 tipificat com a infracci\u00f3 greu a la normativa pesquera i es pot castigar amb una multa m\u00ednima de 151 euros per peix i, en conseq\u00fc\u00e8ncia, pot ser d&#8217;una quantitat molt elevada depenent de les circumst\u00e0ncies de la infracci\u00f3.<\/p>\n\n\n\n<p><strong>Altres q\u00fcestions importants<br><\/strong>Tamb\u00e9 \u00e9s important tenir en compte que, a les&nbsp;<strong>zones de reserva marina, s&#8217;han de registrar les captures i comunicar-les al Servei de Recursos Marins del Govern, preferentment mitjan\u00e7ant l&#8217;aplicaci\u00f3 de m\u00f2bil Diari de Pesc<\/strong>a. A partir de les dades recollides amb aquestes declaracions (5.400 des de 2019), la pesca del raor suposa el 12% de l&#8217;esfor\u00e7 i el 15,7% de les captures (kg) anuals de la pesca recreativa d&#8217;embarcaci\u00f3 a les Illes Balears.<\/p>\n\n\n\n<p>Des de la implantaci\u00f3 de la veda (any 2000), la talla dels raors s&#8217;ha recuperat progressivament arreu de les Balears i, a partir de 2013, la talla mitjana sempre supera la registrada en 1994. Pel que fa a la darrera temporada, la talla de les poblacions estudiades directament pel Govern a Mallorca va ser de 162 mm, un 34% superior a la de 1999 (124 mm) cosa que, tradu\u00efda a pes, suposa que el pes mitj\u00e0 individual dels raors del 2024 (58 g) va ser el doble que el de 1999 (26 g), l&#8217;any immediatament anterior a la veda. \u00abPel que fa a la temporada que est\u00e0 a punt de comen\u00e7ar, s\u00f3n d&#8217;esperar resultats similars als de 2024, tot i que dif\u00edcilment seran molt millors, perqu\u00e8 la talla mitjana dels raors t\u00e9 un l\u00edmit biol\u00f2gic proper als 180 mm, que nom\u00e9s es dona en zones prohibides a la pesca\u00bb, ha apuntat Grau.<\/p>\n\n\n\n<p><strong>Objectiu de la veda<br><\/strong>La veda del raor t\u00e9 com a&nbsp;<strong>finalitat evitar la captura d&#8217;aquest peix durant el per\u00edode de reproducci\u00f3<\/strong>. Estudis recents del Laboratori d&#8217;Investigacions Marines i Aq\u00fcicultura (LIMIA) i de l&#8217;Institut Mediterrani d&#8217;Estudis Avan\u00e7ats (IMEDEA) han confirmat que la mesura ha afavorit la recuperaci\u00f3 de la poblaci\u00f3, incrementant tant la seva abund\u00e0ncia com la mida mitjana dels exemplars.<\/p>\n","protected":false},"excerpt":{"rendered":"<p>Comen\u00e7ar\u00e0 aquest diumenge, 31 d&#8217;agost, per facilitar l&#8217;abastiment de gambeta per a la pesca del raor&hellip;<\/p>\n","protected":false},"author":1,"featured_media":102439,"comment_status":"open","ping_status":"open","sticky":false,"template":"","format":"gallery","meta":{"_acf_changed":false,"_swt_meta_header_display":false,"_swt_meta_footer_display":false,"_swt_meta_site_title_display":false,"_swt_meta_sticky_header":false,"_swt_meta_transparent_header":false,"footnotes":""},"categories":[692,955],"tags":[],"coauthors":[2053],"class_list":["post-102437","post","type-post","status-publish","format-gallery","has-post-thumbnail","hentry","category-actualitat","category-reportatges-i-novetats","post_format-post-format-gallery"],"acf":{"gallery":[102444,102439],"home_date":{"home_begin_date":null,"home_end_date":null}},"yoast_head":"<!-- This site is optimized with the Yoast SEO plugin v27.4 - https:\/\/yoast.com\/product\/yoast-seo-wordpress\/ -->\n<title>El Govern avan\u00e7a un dia l&#039;inici de la pesca del raor a les aig\u00fces interiors de Mallorca i Menorca - Gastron\u00f2micament<\/title>\n<meta name=\"description\" content=\"El Govern avan\u00e7a un dia l&#039;inici de la pesca del raor a les aig\u00fces interiors de Mallorca i Menorca Actualitat, Reportatges i novetats Comen\u00e7ar\u00e0 aquest diumenge, 31 d&#039;agost, per facilitar l&#039;abastiment de gambeta per a la pesca del raor el primer dia de temporada\" \/>\n<meta name=\"robots\" content=\"index, follow, max-snippet:-1, max-image-preview:large, max-video-preview:-1\" \/>\n<link rel=\"canonical\" href=\"https:\/\/gastronomicament.cat\/de\/el-govern-avanca-un-dia-linici-de-la-pesca-del-raor-a-les-aigues-interiors-de-mallorca-i-menorca\" \/>\n<meta property=\"og:locale\" content=\"de_DE\" \/>\n<meta property=\"og:type\" content=\"article\" \/>\n<meta property=\"og:title\" content=\"El Govern avan\u00e7a un dia l&#039;inici de la pesca del raor a les aig\u00fces interiors de Mallorca i Menorca - Gastron\u00f2micament\" \/>\n<meta property=\"og:description\" content=\"El Govern avan\u00e7a un dia l&#039;inici de la pesca del raor a les aig\u00fces interiors de Mallorca i Menorca Actualitat, Reportatges i novetats Comen\u00e7ar\u00e0 aquest diumenge, 31 d&#039;agost, per facilitar l&#039;abastiment de gambeta per a la pesca del raor el primer dia de temporada\" \/>\n<meta property=\"og:url\" content=\"https:\/\/gastronomicament.cat\/de\/el-govern-avanca-un-dia-linici-de-la-pesca-del-raor-a-les-aigues-interiors-de-mallorca-i-menorca\" \/>\n<meta property=\"og:site_name\" content=\"Gastron\u00f2micament\" \/>\n<meta property=\"article:published_time\" content=\"2025-08-26T05:47:34+00:00\" \/>\n<meta property=\"article:modified_time\" content=\"2026-04-16T13:48:39+00:00\" \/>\n<meta property=\"og:image\" content=\"https:\/\/gastronomicament.cat\/wp-content\/uploads\/2025\/08\/Raor-pesca-Illes-Balears-CAIB.jpg\" \/>\n\t<meta property=\"og:image:width\" content=\"1213\" \/>\n\t<meta property=\"og:image:height\" content=\"711\" \/>\n\t<meta property=\"og:image:type\" content=\"image\/jpeg\" \/>\n<meta name=\"author\" content=\"Redacci\u00f3\" \/>\n<meta name=\"twitter:card\" content=\"summary_large_image\" \/>\n<meta name=\"twitter:creator\" content=\"@gastronomicamen\" \/>\n<meta name=\"twitter:site\" content=\"@gastronomicamen\" \/>\n<meta name=\"twitter:label1\" content=\"Verfasst von\" \/>\n\t<meta name=\"twitter:data1\" content=\"Redacci\u00f3\" \/>\n\t<meta name=\"twitter:label2\" content=\"Gesch\u00e4tzte Lesezeit\" \/>\n\t<meta name=\"twitter:data2\" content=\"4\u00a0Minuten\" \/>\n\t<meta name=\"twitter:label3\" content=\"Written by\" \/>\n\t<meta name=\"twitter:data3\" content=\"Redacci\u00f3\" \/>\n<script type=\"application\/ld+json\" class=\"yoast-schema-graph\">{\"@context\":\"https:\\\/\\\/schema.org\",\"@graph\":[{\"@type\":\"Article\",\"@id\":\"https:\\\/\\\/gastronomicament.cat\\\/de\\\/el-govern-avanca-un-dia-linici-de-la-pesca-del-raor-a-les-aigues-interiors-de-mallorca-i-menorca#article\",\"isPartOf\":{\"@id\":\"https:\\\/\\\/gastronomicament.cat\\\/de\\\/el-govern-avanca-un-dia-linici-de-la-pesca-del-raor-a-les-aigues-interiors-de-mallorca-i-menorca\"},\"author\":{\"name\":\"Redacci\u00f3\",\"@id\":\"https:\\\/\\\/gastronomicament.cat\\\/de\\\/#\\\/schema\\\/person\\\/a7c85c537a1ed62799a5b8e0f686a37f\"},\"headline\":\"El Govern avan\u00e7a un dia l&#8217;inici de la pesca del raor a les aig\u00fces interiors de Mallorca i Menorca\",\"datePublished\":\"2025-08-26T05:47:34+00:00\",\"dateModified\":\"2026-04-16T13:48:39+00:00\",\"mainEntityOfPage\":{\"@id\":\"https:\\\/\\\/gastronomicament.cat\\\/de\\\/el-govern-avanca-un-dia-linici-de-la-pesca-del-raor-a-les-aigues-interiors-de-mallorca-i-menorca\"},\"wordCount\":683,\"commentCount\":0,\"publisher\":{\"@id\":\"https:\\\/\\\/gastronomicament.cat\\\/de\\\/#organization\"},\"image\":{\"@id\":\"https:\\\/\\\/gastronomicament.cat\\\/de\\\/el-govern-avanca-un-dia-linici-de-la-pesca-del-raor-a-les-aigues-interiors-de-mallorca-i-menorca#primaryimage\"},\"thumbnailUrl\":\"https:\\\/\\\/gastronomicament.cat\\\/wp-content\\\/uploads\\\/2025\\\/08\\\/Raor-pesca-Illes-Balears-CAIB.jpg\",\"articleSection\":[\"Actualitat\",\"Reportatges i novetats\"],\"inLanguage\":\"de\",\"potentialAction\":[{\"@type\":\"CommentAction\",\"name\":\"Comment\",\"target\":[\"https:\\\/\\\/gastronomicament.cat\\\/de\\\/el-govern-avanca-un-dia-linici-de-la-pesca-del-raor-a-les-aigues-interiors-de-mallorca-i-menorca#respond\"]}]},{\"@type\":\"WebPage\",\"@id\":\"https:\\\/\\\/gastronomicament.cat\\\/de\\\/el-govern-avanca-un-dia-linici-de-la-pesca-del-raor-a-les-aigues-interiors-de-mallorca-i-menorca\",\"url\":\"https:\\\/\\\/gastronomicament.cat\\\/de\\\/el-govern-avanca-un-dia-linici-de-la-pesca-del-raor-a-les-aigues-interiors-de-mallorca-i-menorca\",\"name\":\"El Govern avan\u00e7a un dia l'inici de la pesca del raor a les aig\u00fces interiors de Mallorca i Menorca - Gastron\u00f2micament\",\"isPartOf\":{\"@id\":\"https:\\\/\\\/gastronomicament.cat\\\/de\\\/#website\"},\"primaryImageOfPage\":{\"@id\":\"https:\\\/\\\/gastronomicament.cat\\\/de\\\/el-govern-avanca-un-dia-linici-de-la-pesca-del-raor-a-les-aigues-interiors-de-mallorca-i-menorca#primaryimage\"},\"image\":{\"@id\":\"https:\\\/\\\/gastronomicament.cat\\\/de\\\/el-govern-avanca-un-dia-linici-de-la-pesca-del-raor-a-les-aigues-interiors-de-mallorca-i-menorca#primaryimage\"},\"thumbnailUrl\":\"https:\\\/\\\/gastronomicament.cat\\\/wp-content\\\/uploads\\\/2025\\\/08\\\/Raor-pesca-Illes-Balears-CAIB.jpg\",\"datePublished\":\"2025-08-26T05:47:34+00:00\",\"dateModified\":\"2026-04-16T13:48:39+00:00\",\"description\":\"El Govern avan\u00e7a un dia l'inici de la pesca del raor a les aig\u00fces interiors de Mallorca i Menorca Actualitat, Reportatges i novetats Comen\u00e7ar\u00e0 aquest diumenge, 31 d'agost, per facilitar l'abastiment de gambeta per a la pesca del raor el primer dia de temporada\",\"inLanguage\":\"de\",\"potentialAction\":[{\"@type\":\"ReadAction\",\"target\":[\"https:\\\/\\\/gastronomicament.cat\\\/de\\\/el-govern-avanca-un-dia-linici-de-la-pesca-del-raor-a-les-aigues-interiors-de-mallorca-i-menorca\"]}]},{\"@type\":\"ImageObject\",\"inLanguage\":\"de\",\"@id\":\"https:\\\/\\\/gastronomicament.cat\\\/de\\\/el-govern-avanca-un-dia-linici-de-la-pesca-del-raor-a-les-aigues-interiors-de-mallorca-i-menorca#primaryimage\",\"url\":\"https:\\\/\\\/gastronomicament.cat\\\/wp-content\\\/uploads\\\/2025\\\/08\\\/Raor-pesca-Illes-Balears-CAIB.jpg\",\"contentUrl\":\"https:\\\/\\\/gastronomicament.cat\\\/wp-content\\\/uploads\\\/2025\\\/08\\\/Raor-pesca-Illes-Balears-CAIB.jpg\",\"width\":1213,\"height\":711},{\"@type\":\"WebSite\",\"@id\":\"https:\\\/\\\/gastronomicament.cat\\\/de\\\/#website\",\"url\":\"https:\\\/\\\/gastronomicament.cat\\\/de\\\/\",\"name\":\"Gastron\u00f2micament\",\"description\":\"Portal de restaurants, receptes i actualitat gastron\u00f2mica\",\"publisher\":{\"@id\":\"https:\\\/\\\/gastronomicament.cat\\\/de\\\/#organization\"},\"potentialAction\":[{\"@type\":\"SearchAction\",\"target\":{\"@type\":\"EntryPoint\",\"urlTemplate\":\"https:\\\/\\\/gastronomicament.cat\\\/de\\\/?s={search_term_string}\"},\"query-input\":{\"@type\":\"PropertyValueSpecification\",\"valueRequired\":true,\"valueName\":\"search_term_string\"}}],\"inLanguage\":\"de\"},{\"@type\":\"Organization\",\"@id\":\"https:\\\/\\\/gastronomicament.cat\\\/de\\\/#organization\",\"name\":\"Gastron\u00f2micament\",\"url\":\"https:\\\/\\\/gastronomicament.cat\\\/de\\\/\",\"logo\":{\"@type\":\"ImageObject\",\"inLanguage\":\"de\",\"@id\":\"https:\\\/\\\/gastronomicament.cat\\\/de\\\/#\\\/schema\\\/logo\\\/image\\\/\",\"url\":\"https:\\\/\\\/gastronomicament.cat\\\/wp-content\\\/uploads\\\/2016\\\/09\\\/header-logo.jpg\",\"contentUrl\":\"https:\\\/\\\/gastronomicament.cat\\\/wp-content\\\/uploads\\\/2016\\\/09\\\/header-logo.jpg\",\"width\":277,\"height\":39,\"caption\":\"Gastron\u00f2micament\"},\"image\":{\"@id\":\"https:\\\/\\\/gastronomicament.cat\\\/de\\\/#\\\/schema\\\/logo\\\/image\\\/\"},\"sameAs\":[\"https:\\\/\\\/x.com\\\/gastronomicamen\"]},{\"@type\":\"Person\",\"@id\":\"https:\\\/\\\/gastronomicament.cat\\\/de\\\/#\\\/schema\\\/person\\\/a7c85c537a1ed62799a5b8e0f686a37f\",\"name\":\"Redacci\u00f3\",\"image\":{\"@type\":\"ImageObject\",\"inLanguage\":\"de\",\"@id\":\"https:\\\/\\\/secure.gravatar.com\\\/avatar\\\/9489a485c464fd611d33825daae651d13db70c4e74c65c94937a15a9d4c3ee14?s=96&d=mm&r=g69fea3cce3645dfa2166e7293e22955e\",\"url\":\"https:\\\/\\\/secure.gravatar.com\\\/avatar\\\/9489a485c464fd611d33825daae651d13db70c4e74c65c94937a15a9d4c3ee14?s=96&d=mm&r=g\",\"contentUrl\":\"https:\\\/\\\/secure.gravatar.com\\\/avatar\\\/9489a485c464fd611d33825daae651d13db70c4e74c65c94937a15a9d4c3ee14?s=96&d=mm&r=g\",\"caption\":\"Redacci\u00f3\"},\"sameAs\":[\"http:\\\/\\\/gastronomicament.cat\"],\"url\":\"https:\\\/\\\/gastronomicament.cat\\\/de\\\/author\\\/admin\"}]}<\/script>\n<!-- \/ Yoast SEO plugin. -->","yoast_head_json":{"title":"El Govern avan\u00e7a un dia l'inici de la pesca del raor a les aig\u00fces interiors de Mallorca i Menorca - Gastron\u00f2micament","description":"El Govern avan\u00e7a un dia l'inici de la pesca del raor a les aig\u00fces interiors de Mallorca i Menorca Actualitat, Reportatges i novetats Comen\u00e7ar\u00e0 aquest diumenge, 31 d'agost, per facilitar l'abastiment de gambeta per a la pesca del raor el primer dia de temporada","robots":{"index":"index","follow":"follow","max-snippet":"max-snippet:-1","max-image-preview":"max-image-preview:large","max-video-preview":"max-video-preview:-1"},"canonical":"https:\/\/gastronomicament.cat\/de\/el-govern-avanca-un-dia-linici-de-la-pesca-del-raor-a-les-aigues-interiors-de-mallorca-i-menorca","og_locale":"de_DE","og_type":"article","og_title":"El Govern avan\u00e7a un dia l'inici de la pesca del raor a les aig\u00fces interiors de Mallorca i Menorca - Gastron\u00f2micament","og_description":"El Govern avan\u00e7a un dia l'inici de la pesca del raor a les aig\u00fces interiors de Mallorca i Menorca Actualitat, Reportatges i novetats Comen\u00e7ar\u00e0 aquest diumenge, 31 d'agost, per facilitar l'abastiment de gambeta per a la pesca del raor el primer dia de temporada","og_url":"https:\/\/gastronomicament.cat\/de\/el-govern-avanca-un-dia-linici-de-la-pesca-del-raor-a-les-aigues-interiors-de-mallorca-i-menorca","og_site_name":"Gastron\u00f2micament","article_published_time":"2025-08-26T05:47:34+00:00","article_modified_time":"2026-04-16T13:48:39+00:00","og_image":[{"width":1213,"height":711,"url":"https:\/\/gastronomicament.cat\/wp-content\/uploads\/2025\/08\/Raor-pesca-Illes-Balears-CAIB.jpg","type":"image\/jpeg"}],"author":"Redacci\u00f3","twitter_card":"summary_large_image","twitter_creator":"@gastronomicamen","twitter_site":"@gastronomicamen","twitter_misc":{"Verfasst von":"Redacci\u00f3","Gesch\u00e4tzte Lesezeit":"4\u00a0Minuten","Written by":"Redacci\u00f3"},"schema":{"@context":"https:\/\/schema.org","@graph":[{"@type":"Article","@id":"https:\/\/gastronomicament.cat\/de\/el-govern-avanca-un-dia-linici-de-la-pesca-del-raor-a-les-aigues-interiors-de-mallorca-i-menorca#article","isPartOf":{"@id":"https:\/\/gastronomicament.cat\/de\/el-govern-avanca-un-dia-linici-de-la-pesca-del-raor-a-les-aigues-interiors-de-mallorca-i-menorca"},"author":{"name":"Redacci\u00f3","@id":"https:\/\/gastronomicament.cat\/de\/#\/schema\/person\/a7c85c537a1ed62799a5b8e0f686a37f"},"headline":"El Govern avan\u00e7a un dia l&#8217;inici de la pesca del raor a les aig\u00fces interiors de Mallorca i Menorca","datePublished":"2025-08-26T05:47:34+00:00","dateModified":"2026-04-16T13:48:39+00:00","mainEntityOfPage":{"@id":"https:\/\/gastronomicament.cat\/de\/el-govern-avanca-un-dia-linici-de-la-pesca-del-raor-a-les-aigues-interiors-de-mallorca-i-menorca"},"wordCount":683,"commentCount":0,"publisher":{"@id":"https:\/\/gastronomicament.cat\/de\/#organization"},"image":{"@id":"https:\/\/gastronomicament.cat\/de\/el-govern-avanca-un-dia-linici-de-la-pesca-del-raor-a-les-aigues-interiors-de-mallorca-i-menorca#primaryimage"},"thumbnailUrl":"https:\/\/gastronomicament.cat\/wp-content\/uploads\/2025\/08\/Raor-pesca-Illes-Balears-CAIB.jpg","articleSection":["Actualitat","Reportatges i novetats"],"inLanguage":"de","potentialAction":[{"@type":"CommentAction","name":"Comment","target":["https:\/\/gastronomicament.cat\/de\/el-govern-avanca-un-dia-linici-de-la-pesca-del-raor-a-les-aigues-interiors-de-mallorca-i-menorca#respond"]}]},{"@type":"WebPage","@id":"https:\/\/gastronomicament.cat\/de\/el-govern-avanca-un-dia-linici-de-la-pesca-del-raor-a-les-aigues-interiors-de-mallorca-i-menorca","url":"https:\/\/gastronomicament.cat\/de\/el-govern-avanca-un-dia-linici-de-la-pesca-del-raor-a-les-aigues-interiors-de-mallorca-i-menorca","name":"El Govern avan\u00e7a un dia l'inici de la pesca del raor a les aig\u00fces interiors de Mallorca i Menorca - Gastron\u00f2micament","isPartOf":{"@id":"https:\/\/gastronomicament.cat\/de\/#website"},"primaryImageOfPage":{"@id":"https:\/\/gastronomicament.cat\/de\/el-govern-avanca-un-dia-linici-de-la-pesca-del-raor-a-les-aigues-interiors-de-mallorca-i-menorca#primaryimage"},"image":{"@id":"https:\/\/gastronomicament.cat\/de\/el-govern-avanca-un-dia-linici-de-la-pesca-del-raor-a-les-aigues-interiors-de-mallorca-i-menorca#primaryimage"},"thumbnailUrl":"https:\/\/gastronomicament.cat\/wp-content\/uploads\/2025\/08\/Raor-pesca-Illes-Balears-CAIB.jpg","datePublished":"2025-08-26T05:47:34+00:00","dateModified":"2026-04-16T13:48:39+00:00","description":"El Govern avan\u00e7a un dia l'inici de la pesca del raor a les aig\u00fces interiors de Mallorca i Menorca Actualitat, Reportatges i novetats Comen\u00e7ar\u00e0 aquest diumenge, 31 d'agost, per facilitar l'abastiment de gambeta per a la pesca del raor el primer dia de temporada","inLanguage":"de","potentialAction":[{"@type":"ReadAction","target":["https:\/\/gastronomicament.cat\/de\/el-govern-avanca-un-dia-linici-de-la-pesca-del-raor-a-les-aigues-interiors-de-mallorca-i-menorca"]}]},{"@type":"ImageObject","inLanguage":"de","@id":"https:\/\/gastronomicament.cat\/de\/el-govern-avanca-un-dia-linici-de-la-pesca-del-raor-a-les-aigues-interiors-de-mallorca-i-menorca#primaryimage","url":"https:\/\/gastronomicament.cat\/wp-content\/uploads\/2025\/08\/Raor-pesca-Illes-Balears-CAIB.jpg","contentUrl":"https:\/\/gastronomicament.cat\/wp-content\/uploads\/2025\/08\/Raor-pesca-Illes-Balears-CAIB.jpg","width":1213,"height":711},{"@type":"WebSite","@id":"https:\/\/gastronomicament.cat\/de\/#website","url":"https:\/\/gastronomicament.cat\/de\/","name":"Gastron\u00f2micament","description":"Portal de restaurants, receptes i actualitat gastron\u00f2mica","publisher":{"@id":"https:\/\/gastronomicament.cat\/de\/#organization"},"potentialAction":[{"@type":"SearchAction","target":{"@type":"EntryPoint","urlTemplate":"https:\/\/gastronomicament.cat\/de\/?s={search_term_string}"},"query-input":{"@type":"PropertyValueSpecification","valueRequired":true,"valueName":"search_term_string"}}],"inLanguage":"de"},{"@type":"Organization","@id":"https:\/\/gastronomicament.cat\/de\/#organization","name":"Gastron\u00f2micament","url":"https:\/\/gastronomicament.cat\/de\/","logo":{"@type":"ImageObject","inLanguage":"de","@id":"https:\/\/gastronomicament.cat\/de\/#\/schema\/logo\/image\/","url":"https:\/\/gastronomicament.cat\/wp-content\/uploads\/2016\/09\/header-logo.jpg","contentUrl":"https:\/\/gastronomicament.cat\/wp-content\/uploads\/2016\/09\/header-logo.jpg","width":277,"height":39,"caption":"Gastron\u00f2micament"},"image":{"@id":"https:\/\/gastronomicament.cat\/de\/#\/schema\/logo\/image\/"},"sameAs":["https:\/\/x.com\/gastronomicamen"]},{"@type":"Person","@id":"https:\/\/gastronomicament.cat\/de\/#\/schema\/person\/a7c85c537a1ed62799a5b8e0f686a37f","name":"Redacci\u00f3","image":{"@type":"ImageObject","inLanguage":"de","@id":"https:\/\/secure.gravatar.com\/avatar\/9489a485c464fd611d33825daae651d13db70c4e74c65c94937a15a9d4c3ee14?s=96&d=mm&r=g69fea3cce3645dfa2166e7293e22955e","url":"https:\/\/secure.gravatar.com\/avatar\/9489a485c464fd611d33825daae651d13db70c4e74c65c94937a15a9d4c3ee14?s=96&d=mm&r=g","contentUrl":"https:\/\/secure.gravatar.com\/avatar\/9489a485c464fd611d33825daae651d13db70c4e74c65c94937a15a9d4c3ee14?s=96&d=mm&r=g","caption":"Redacci\u00f3"},"sameAs":["http:\/\/gastronomicament.cat"],"url":"https:\/\/gastronomicament.cat\/de\/author\/admin"}]}},"_links":{"self":[{"href":"https:\/\/gastronomicament.cat\/de\/wp-json\/wp\/v2\/posts\/102437","targetHints":{"allow":["GET"]}}],"collection":[{"href":"https:\/\/gastronomicament.cat\/de\/wp-json\/wp\/v2\/posts"}],"about":[{"href":"https:\/\/gastronomicament.cat\/de\/wp-json\/wp\/v2\/types\/post"}],"author":[{"embeddable":true,"href":"https:\/\/gastronomicament.cat\/de\/wp-json\/wp\/v2\/users\/1"}],"replies":[{"embeddable":true,"href":"https:\/\/gastronomicament.cat\/de\/wp-json\/wp\/v2\/comments?post=102437"}],"version-history":[{"count":0,"href":"https:\/\/gastronomicament.cat\/de\/wp-json\/wp\/v2\/posts\/102437\/revisions"}],"acf:attachment":[{"embeddable":true,"href":"https:\/\/gastronomicament.cat\/de\/wp-json\/wp\/v2\/media\/102439"},{"embeddable":true,"href":"https:\/\/gastronomicament.cat\/de\/wp-json\/wp\/v2\/media\/102444"}],"wp:featuredmedia":[{"embeddable":true,"href":"https:\/\/gastronomicament.cat\/de\/wp-json\/wp\/v2\/media\/102439"}],"wp:attachment":[{"href":"https:\/\/gastronomicament.cat\/de\/wp-json\/wp\/v2\/media?parent=102437"}],"wp:term":[{"taxonomy":"category","embeddable":true,"href":"https:\/\/gastronomicament.cat\/de\/wp-json\/wp\/v2\/categories?post=102437"},{"taxonomy":"post_tag","embeddable":true,"href":"https:\/\/gastronomicament.cat\/de\/wp-json\/wp\/v2\/tags?post=102437"},{"taxonomy":"author","embeddable":true,"href":"https:\/\/gastronomicament.cat\/de\/wp-json\/wp\/v2\/coauthors?post=102437"}],"curies":[{"name":"wp","href":"https:\/\/api.w.org\/{rel}","templated":true}]}}