{"id":57181,"date":"2021-12-16T10:23:24","date_gmt":"2021-12-16T09:23:24","guid":{"rendered":"https:\/\/gastronomicament.cat\/tornen-els-dimecres-de-brou-als-restaurants-de-menorca"},"modified":"2021-12-16T10:23:24","modified_gmt":"2021-12-16T09:23:24","slug":"tornen-els-dimecres-de-brou-als-restaurants-de-menorca","status":"publish","type":"post","link":"https:\/\/gastronomicament.cat\/de\/tornen-els-dimecres-de-brou-als-restaurants-de-menorca","title":{"rendered":"Tornen els Dimecres de Brou als restaurants de Menorca"},"content":{"rendered":"<p>La 8a edici\u00f3 de &#8218;Els Dimecres \u00e9s dia de Brou&#8216; ja \u00e9s aqu\u00ed.\u00a0 Es tracta d&#8217;una activitat gastron\u00f2mica impulsada per l&#8217;Associaci\u00f3 Menorquina de Bars, Restaurants i Cafeteries que promociona aquest plat tradicional i popular.<\/p>\n<p>Vuit restaurants de l&#8217;illa especialitzats en cuina menorquina hi participen aquest 2021 i hi ofereixen un <strong>men\u00fa especial per 15 \u20ac\u00a0<\/strong>(un euros m\u00e9s que l&#8217;any passat) en el qual el brou \u00e9s el protagonista. El brou es pot servir de multitud de maneres, encara que el m\u00e9s t\u00edpic \u00e9s preparar-lo en dos plats, un primer plat de sopa (brou) amb fideus, i un segon plat amb patata, ciurons i carn. A m\u00e9s dels dos plats, el men\u00fa inclou aigua o copa de vi, pa i postres<\/p>\n<p>Aquest men\u00fa especial es podr\u00e0 degustar els<strong>\u00a0dimecres\u00a0 1, 15, 22 i 29 de desembre, i 12, 19 i 26 de gener<\/strong>. Tota la informaci\u00f3 estar\u00e0 disponible a\u00a0<a href=\"http:\/\/www.gastronomiamenorca.es\/\" target=\"_blank\" rel=\"noopener nofollow\">www.gastronomiamenorca.es<\/a>. A m\u00e9s dels dos plats que componen el Brou menorqu\u00ed s&#8217;inclou aigua o copa de vi, pa i postres al men\u00fa.<\/p>\n<p>La reserva pr\u00e8via \u00e9s necess\u00e0ria per facilitar l&#8217;organitzaci\u00f3. L&#8217;opci\u00f3 de servei a domicili tamb\u00e9 est\u00e0 disponible.<\/p>\n<p>Els restaurants que hi participen aquest 2021 s\u00f3n:<\/p>\n<ul>\n<li><strong>Aquarium Port Ciutadella\u00a0<\/strong>(Moll del Port, Marina 99 \u2013 Ciutadella. Tel 971386700)<\/li>\n<li><strong>Mol\u00ed d\u2019es Rac\u00f3<\/strong>(Major, 53 \u2013 es Mercadal. Tel 971375392)<\/li>\n<li><strong>Hotel Jeni &amp; Restaurant\u00a0<\/strong>(Mirada del Toro, 81 \u2013 Es Mercadal. Tel 971375059)<\/li>\n<li><strong>Meson Rias Baixas<\/strong>(Plaza Menorca, 1 \u2013 Ferreries. Tel 971374558)<\/li>\n<li><strong>Loar Ferreries\u00a0<\/strong>(Verge del Toro, 2 \u2013 Ferreries. Tel 971374181)<\/li>\n<li><strong>23 Can Avelino<\/strong>(Sinia Des Moret, 23 \u2013 Ma\u00f3. Tel 971091744)<\/li>\n<li><strong>Jaume II\u00a0<\/strong>(Pla\u00e7a Jaume II, 26\u00a0 \u2013\u00a0\u00a0\u00a0Ciutadella. Tel 971480046)<\/li>\n<li><strong>Casino Sant Climent<\/strong>(Sant Jaume, 4 \u2013 Sant Climent. Tel 971853722)<\/li>\n<\/ul>\n<p>Aquesta proposta t\u00e9 el suport de la\u00a0Fundaci\u00f3 Foment del Turisme de Menorca i PIME Menorca; a m\u00e9s de Made in Menorca, Regi\u00f3 Europea Gastron\u00f2mica, Foodies on Menorca i l&#8217;Associaci\u00f3 de Periodistes i Escriptors Gastron\u00f2mics de Balears.<\/p>\n","protected":false},"excerpt":{"rendered":"<p>Es tracta d&#8217;una activitat gastron\u00f2mica impulsada per l&#8217;Associaci\u00f3 Menorquina de Bars, Restaurants i Cafeteries que promociona&hellip;<\/p>\n","protected":false},"author":1,"featured_media":57182,"comment_status":"open","ping_status":"closed","sticky":false,"template":"","format":"standard","meta":{"_acf_changed":false,"_swt_meta_header_display":false,"_swt_meta_footer_display":false,"_swt_meta_site_title_display":false,"_swt_meta_sticky_header":false,"_swt_meta_transparent_header":false,"footnotes":""},"categories":[1050,1473],"tags":[],"coauthors":[],"class_list":["post-57181","post","type-post","status-publish","format-standard","has-post-thumbnail","hentry","category-actualitat-es-de","category-fires-i-rutes-de"],"acf":{"gallery":null,"home_date":{"home_begin_date":null,"home_end_date":null}},"yoast_head":"<!-- This site is optimized with the Yoast SEO plugin v27.4 - https:\/\/yoast.com\/product\/yoast-seo-wordpress\/ -->\n<title>Tornen els Dimecres de Brou als restaurants de Menorca - Gastron\u00f2micament<\/title>\n<meta name=\"description\" content=\"Tornen els Dimecres de Brou als restaurants de Menorca Actualitat, Fires i rutes Es tracta d&#039;una activitat gastron\u00f2mica impulsada per l&#039;Associaci\u00f3 Menorquina de Bars, Restaurants i Cafeteries que promociona aquest plat tradicional i popular\" \/>\n<meta name=\"robots\" content=\"index, follow, max-snippet:-1, max-image-preview:large, max-video-preview:-1\" \/>\n<link rel=\"canonical\" href=\"https:\/\/gastronomicament.cat\/de\/tornen-els-dimecres-de-brou-als-restaurants-de-menorca\" \/>\n<meta property=\"og:locale\" content=\"de_DE\" \/>\n<meta property=\"og:type\" content=\"article\" \/>\n<meta property=\"og:title\" content=\"Tornen els Dimecres de Brou als restaurants de Menorca - Gastron\u00f2micament\" \/>\n<meta property=\"og:description\" content=\"Tornen els Dimecres de Brou als restaurants de Menorca Actualitat, Fires i rutes Es tracta d&#039;una activitat gastron\u00f2mica impulsada per l&#039;Associaci\u00f3 Menorquina de Bars, Restaurants i Cafeteries que promociona aquest plat tradicional i popular\" \/>\n<meta property=\"og:url\" content=\"https:\/\/gastronomicament.cat\/de\/tornen-els-dimecres-de-brou-als-restaurants-de-menorca\" \/>\n<meta property=\"og:site_name\" content=\"Gastron\u00f2micament\" \/>\n<meta property=\"article:published_time\" content=\"2021-12-16T09:23:24+00:00\" \/>\n<meta property=\"og:image\" content=\"https:\/\/gastronomicament.cat\/wp-content\/uploads\/2021\/12\/brou-Menorca-2021.jpg\" \/>\n\t<meta property=\"og:image:width\" content=\"900\" \/>\n\t<meta property=\"og:image:height\" content=\"587\" \/>\n\t<meta property=\"og:image:type\" content=\"image\/jpeg\" \/>\n<meta name=\"author\" content=\"Redacci\u00f3\" \/>\n<meta name=\"twitter:card\" content=\"summary_large_image\" \/>\n<meta name=\"twitter:creator\" content=\"@gastronomicamen\" \/>\n<meta name=\"twitter:site\" content=\"@gastronomicamen\" \/>\n<meta name=\"twitter:label1\" content=\"Verfasst von\" \/>\n\t<meta name=\"twitter:data1\" content=\"Redacci\u00f3\" \/>\n\t<meta name=\"twitter:label2\" content=\"Gesch\u00e4tzte Lesezeit\" \/>\n\t<meta name=\"twitter:data2\" content=\"2\u00a0Minuten\" \/>\n\t<meta name=\"twitter:label3\" content=\"Written by\" \/>\n\t<meta name=\"twitter:data3\" content=\"Redacci\u00f3\" \/>\n<script type=\"application\/ld+json\" class=\"yoast-schema-graph\">{\"@context\":\"https:\\\/\\\/schema.org\",\"@graph\":[{\"@type\":\"Article\",\"@id\":\"https:\\\/\\\/gastronomicament.cat\\\/de\\\/tornen-els-dimecres-de-brou-als-restaurants-de-menorca#article\",\"isPartOf\":{\"@id\":\"https:\\\/\\\/gastronomicament.cat\\\/de\\\/tornen-els-dimecres-de-brou-als-restaurants-de-menorca\"},\"author\":{\"name\":\"Redacci\u00f3\",\"@id\":\"https:\\\/\\\/gastronomicament.cat\\\/de\\\/#\\\/schema\\\/person\\\/a7c85c537a1ed62799a5b8e0f686a37f\"},\"headline\":\"Tornen els Dimecres de Brou als restaurants de Menorca\",\"datePublished\":\"2021-12-16T09:23:24+00:00\",\"mainEntityOfPage\":{\"@id\":\"https:\\\/\\\/gastronomicament.cat\\\/de\\\/tornen-els-dimecres-de-brou-als-restaurants-de-menorca\"},\"wordCount\":308,\"commentCount\":0,\"publisher\":{\"@id\":\"https:\\\/\\\/gastronomicament.cat\\\/de\\\/#organization\"},\"image\":{\"@id\":\"https:\\\/\\\/gastronomicament.cat\\\/de\\\/tornen-els-dimecres-de-brou-als-restaurants-de-menorca#primaryimage\"},\"thumbnailUrl\":\"https:\\\/\\\/gastronomicament.cat\\\/wp-content\\\/uploads\\\/2021\\\/12\\\/brou-Menorca-2021.jpg\",\"articleSection\":[\"Actualitat\",\"Fires i rutes\"],\"inLanguage\":\"de\",\"potentialAction\":[{\"@type\":\"CommentAction\",\"name\":\"Comment\",\"target\":[\"https:\\\/\\\/gastronomicament.cat\\\/de\\\/tornen-els-dimecres-de-brou-als-restaurants-de-menorca#respond\"]}]},{\"@type\":\"WebPage\",\"@id\":\"https:\\\/\\\/gastronomicament.cat\\\/de\\\/tornen-els-dimecres-de-brou-als-restaurants-de-menorca\",\"url\":\"https:\\\/\\\/gastronomicament.cat\\\/de\\\/tornen-els-dimecres-de-brou-als-restaurants-de-menorca\",\"name\":\"Tornen els Dimecres de Brou als restaurants de Menorca - Gastron\u00f2micament\",\"isPartOf\":{\"@id\":\"https:\\\/\\\/gastronomicament.cat\\\/de\\\/#website\"},\"primaryImageOfPage\":{\"@id\":\"https:\\\/\\\/gastronomicament.cat\\\/de\\\/tornen-els-dimecres-de-brou-als-restaurants-de-menorca#primaryimage\"},\"image\":{\"@id\":\"https:\\\/\\\/gastronomicament.cat\\\/de\\\/tornen-els-dimecres-de-brou-als-restaurants-de-menorca#primaryimage\"},\"thumbnailUrl\":\"https:\\\/\\\/gastronomicament.cat\\\/wp-content\\\/uploads\\\/2021\\\/12\\\/brou-Menorca-2021.jpg\",\"datePublished\":\"2021-12-16T09:23:24+00:00\",\"description\":\"Tornen els Dimecres de Brou als restaurants de Menorca Actualitat, Fires i rutes Es tracta d'una activitat gastron\u00f2mica impulsada per l'Associaci\u00f3 Menorquina de Bars, Restaurants i Cafeteries que promociona aquest plat tradicional i popular\",\"inLanguage\":\"de\",\"potentialAction\":[{\"@type\":\"ReadAction\",\"target\":[\"https:\\\/\\\/gastronomicament.cat\\\/de\\\/tornen-els-dimecres-de-brou-als-restaurants-de-menorca\"]}]},{\"@type\":\"ImageObject\",\"inLanguage\":\"de\",\"@id\":\"https:\\\/\\\/gastronomicament.cat\\\/de\\\/tornen-els-dimecres-de-brou-als-restaurants-de-menorca#primaryimage\",\"url\":\"https:\\\/\\\/gastronomicament.cat\\\/wp-content\\\/uploads\\\/2021\\\/12\\\/brou-Menorca-2021.jpg\",\"contentUrl\":\"https:\\\/\\\/gastronomicament.cat\\\/wp-content\\\/uploads\\\/2021\\\/12\\\/brou-Menorca-2021.jpg\",\"width\":900,\"height\":587},{\"@type\":\"WebSite\",\"@id\":\"https:\\\/\\\/gastronomicament.cat\\\/de\\\/#website\",\"url\":\"https:\\\/\\\/gastronomicament.cat\\\/de\\\/\",\"name\":\"Gastron\u00f2micament\",\"description\":\"Portal de restaurants, receptes i actualitat gastron\u00f2mica\",\"publisher\":{\"@id\":\"https:\\\/\\\/gastronomicament.cat\\\/de\\\/#organization\"},\"potentialAction\":[{\"@type\":\"SearchAction\",\"target\":{\"@type\":\"EntryPoint\",\"urlTemplate\":\"https:\\\/\\\/gastronomicament.cat\\\/de\\\/?s={search_term_string}\"},\"query-input\":{\"@type\":\"PropertyValueSpecification\",\"valueRequired\":true,\"valueName\":\"search_term_string\"}}],\"inLanguage\":\"de\"},{\"@type\":\"Organization\",\"@id\":\"https:\\\/\\\/gastronomicament.cat\\\/de\\\/#organization\",\"name\":\"Gastron\u00f2micament\",\"url\":\"https:\\\/\\\/gastronomicament.cat\\\/de\\\/\",\"logo\":{\"@type\":\"ImageObject\",\"inLanguage\":\"de\",\"@id\":\"https:\\\/\\\/gastronomicament.cat\\\/de\\\/#\\\/schema\\\/logo\\\/image\\\/\",\"url\":\"https:\\\/\\\/gastronomicament.cat\\\/wp-content\\\/uploads\\\/2016\\\/09\\\/header-logo.jpg\",\"contentUrl\":\"https:\\\/\\\/gastronomicament.cat\\\/wp-content\\\/uploads\\\/2016\\\/09\\\/header-logo.jpg\",\"width\":277,\"height\":39,\"caption\":\"Gastron\u00f2micament\"},\"image\":{\"@id\":\"https:\\\/\\\/gastronomicament.cat\\\/de\\\/#\\\/schema\\\/logo\\\/image\\\/\"},\"sameAs\":[\"https:\\\/\\\/x.com\\\/gastronomicamen\"]},{\"@type\":\"Person\",\"@id\":\"https:\\\/\\\/gastronomicament.cat\\\/de\\\/#\\\/schema\\\/person\\\/a7c85c537a1ed62799a5b8e0f686a37f\",\"name\":\"Redacci\u00f3\",\"image\":{\"@type\":\"ImageObject\",\"inLanguage\":\"de\",\"@id\":\"https:\\\/\\\/secure.gravatar.com\\\/avatar\\\/9489a485c464fd611d33825daae651d13db70c4e74c65c94937a15a9d4c3ee14?s=96&d=mm&r=g69fea3cce3645dfa2166e7293e22955e\",\"url\":\"https:\\\/\\\/secure.gravatar.com\\\/avatar\\\/9489a485c464fd611d33825daae651d13db70c4e74c65c94937a15a9d4c3ee14?s=96&d=mm&r=g\",\"contentUrl\":\"https:\\\/\\\/secure.gravatar.com\\\/avatar\\\/9489a485c464fd611d33825daae651d13db70c4e74c65c94937a15a9d4c3ee14?s=96&d=mm&r=g\",\"caption\":\"Redacci\u00f3\"},\"sameAs\":[\"http:\\\/\\\/gastronomicament.cat\"],\"url\":\"https:\\\/\\\/gastronomicament.cat\\\/de\\\/author\\\/admin\"}]}<\/script>\n<!-- \/ Yoast SEO plugin. -->","yoast_head_json":{"title":"Tornen els Dimecres de Brou als restaurants de Menorca - Gastron\u00f2micament","description":"Tornen els Dimecres de Brou als restaurants de Menorca Actualitat, Fires i rutes Es tracta d'una activitat gastron\u00f2mica impulsada per l'Associaci\u00f3 Menorquina de Bars, Restaurants i Cafeteries que promociona aquest plat tradicional i popular","robots":{"index":"index","follow":"follow","max-snippet":"max-snippet:-1","max-image-preview":"max-image-preview:large","max-video-preview":"max-video-preview:-1"},"canonical":"https:\/\/gastronomicament.cat\/de\/tornen-els-dimecres-de-brou-als-restaurants-de-menorca","og_locale":"de_DE","og_type":"article","og_title":"Tornen els Dimecres de Brou als restaurants de Menorca - Gastron\u00f2micament","og_description":"Tornen els Dimecres de Brou als restaurants de Menorca Actualitat, Fires i rutes Es tracta d'una activitat gastron\u00f2mica impulsada per l'Associaci\u00f3 Menorquina de Bars, Restaurants i Cafeteries que promociona aquest plat tradicional i popular","og_url":"https:\/\/gastronomicament.cat\/de\/tornen-els-dimecres-de-brou-als-restaurants-de-menorca","og_site_name":"Gastron\u00f2micament","article_published_time":"2021-12-16T09:23:24+00:00","og_image":[{"width":900,"height":587,"url":"https:\/\/gastronomicament.cat\/wp-content\/uploads\/2021\/12\/brou-Menorca-2021.jpg","type":"image\/jpeg"}],"author":"Redacci\u00f3","twitter_card":"summary_large_image","twitter_creator":"@gastronomicamen","twitter_site":"@gastronomicamen","twitter_misc":{"Verfasst von":"Redacci\u00f3","Gesch\u00e4tzte Lesezeit":"2\u00a0Minuten","Written by":"Redacci\u00f3"},"schema":{"@context":"https:\/\/schema.org","@graph":[{"@type":"Article","@id":"https:\/\/gastronomicament.cat\/de\/tornen-els-dimecres-de-brou-als-restaurants-de-menorca#article","isPartOf":{"@id":"https:\/\/gastronomicament.cat\/de\/tornen-els-dimecres-de-brou-als-restaurants-de-menorca"},"author":{"name":"Redacci\u00f3","@id":"https:\/\/gastronomicament.cat\/de\/#\/schema\/person\/a7c85c537a1ed62799a5b8e0f686a37f"},"headline":"Tornen els Dimecres de Brou als restaurants de Menorca","datePublished":"2021-12-16T09:23:24+00:00","mainEntityOfPage":{"@id":"https:\/\/gastronomicament.cat\/de\/tornen-els-dimecres-de-brou-als-restaurants-de-menorca"},"wordCount":308,"commentCount":0,"publisher":{"@id":"https:\/\/gastronomicament.cat\/de\/#organization"},"image":{"@id":"https:\/\/gastronomicament.cat\/de\/tornen-els-dimecres-de-brou-als-restaurants-de-menorca#primaryimage"},"thumbnailUrl":"https:\/\/gastronomicament.cat\/wp-content\/uploads\/2021\/12\/brou-Menorca-2021.jpg","articleSection":["Actualitat","Fires i rutes"],"inLanguage":"de","potentialAction":[{"@type":"CommentAction","name":"Comment","target":["https:\/\/gastronomicament.cat\/de\/tornen-els-dimecres-de-brou-als-restaurants-de-menorca#respond"]}]},{"@type":"WebPage","@id":"https:\/\/gastronomicament.cat\/de\/tornen-els-dimecres-de-brou-als-restaurants-de-menorca","url":"https:\/\/gastronomicament.cat\/de\/tornen-els-dimecres-de-brou-als-restaurants-de-menorca","name":"Tornen els Dimecres de Brou als restaurants de Menorca - Gastron\u00f2micament","isPartOf":{"@id":"https:\/\/gastronomicament.cat\/de\/#website"},"primaryImageOfPage":{"@id":"https:\/\/gastronomicament.cat\/de\/tornen-els-dimecres-de-brou-als-restaurants-de-menorca#primaryimage"},"image":{"@id":"https:\/\/gastronomicament.cat\/de\/tornen-els-dimecres-de-brou-als-restaurants-de-menorca#primaryimage"},"thumbnailUrl":"https:\/\/gastronomicament.cat\/wp-content\/uploads\/2021\/12\/brou-Menorca-2021.jpg","datePublished":"2021-12-16T09:23:24+00:00","description":"Tornen els Dimecres de Brou als restaurants de Menorca Actualitat, Fires i rutes Es tracta d'una activitat gastron\u00f2mica impulsada per l'Associaci\u00f3 Menorquina de Bars, Restaurants i Cafeteries que promociona aquest plat tradicional i popular","inLanguage":"de","potentialAction":[{"@type":"ReadAction","target":["https:\/\/gastronomicament.cat\/de\/tornen-els-dimecres-de-brou-als-restaurants-de-menorca"]}]},{"@type":"ImageObject","inLanguage":"de","@id":"https:\/\/gastronomicament.cat\/de\/tornen-els-dimecres-de-brou-als-restaurants-de-menorca#primaryimage","url":"https:\/\/gastronomicament.cat\/wp-content\/uploads\/2021\/12\/brou-Menorca-2021.jpg","contentUrl":"https:\/\/gastronomicament.cat\/wp-content\/uploads\/2021\/12\/brou-Menorca-2021.jpg","width":900,"height":587},{"@type":"WebSite","@id":"https:\/\/gastronomicament.cat\/de\/#website","url":"https:\/\/gastronomicament.cat\/de\/","name":"Gastron\u00f2micament","description":"Portal de restaurants, receptes i actualitat gastron\u00f2mica","publisher":{"@id":"https:\/\/gastronomicament.cat\/de\/#organization"},"potentialAction":[{"@type":"SearchAction","target":{"@type":"EntryPoint","urlTemplate":"https:\/\/gastronomicament.cat\/de\/?s={search_term_string}"},"query-input":{"@type":"PropertyValueSpecification","valueRequired":true,"valueName":"search_term_string"}}],"inLanguage":"de"},{"@type":"Organization","@id":"https:\/\/gastronomicament.cat\/de\/#organization","name":"Gastron\u00f2micament","url":"https:\/\/gastronomicament.cat\/de\/","logo":{"@type":"ImageObject","inLanguage":"de","@id":"https:\/\/gastronomicament.cat\/de\/#\/schema\/logo\/image\/","url":"https:\/\/gastronomicament.cat\/wp-content\/uploads\/2016\/09\/header-logo.jpg","contentUrl":"https:\/\/gastronomicament.cat\/wp-content\/uploads\/2016\/09\/header-logo.jpg","width":277,"height":39,"caption":"Gastron\u00f2micament"},"image":{"@id":"https:\/\/gastronomicament.cat\/de\/#\/schema\/logo\/image\/"},"sameAs":["https:\/\/x.com\/gastronomicamen"]},{"@type":"Person","@id":"https:\/\/gastronomicament.cat\/de\/#\/schema\/person\/a7c85c537a1ed62799a5b8e0f686a37f","name":"Redacci\u00f3","image":{"@type":"ImageObject","inLanguage":"de","@id":"https:\/\/secure.gravatar.com\/avatar\/9489a485c464fd611d33825daae651d13db70c4e74c65c94937a15a9d4c3ee14?s=96&d=mm&r=g69fea3cce3645dfa2166e7293e22955e","url":"https:\/\/secure.gravatar.com\/avatar\/9489a485c464fd611d33825daae651d13db70c4e74c65c94937a15a9d4c3ee14?s=96&d=mm&r=g","contentUrl":"https:\/\/secure.gravatar.com\/avatar\/9489a485c464fd611d33825daae651d13db70c4e74c65c94937a15a9d4c3ee14?s=96&d=mm&r=g","caption":"Redacci\u00f3"},"sameAs":["http:\/\/gastronomicament.cat"],"url":"https:\/\/gastronomicament.cat\/de\/author\/admin"}]}},"_links":{"self":[{"href":"https:\/\/gastronomicament.cat\/de\/wp-json\/wp\/v2\/posts\/57181","targetHints":{"allow":["GET"]}}],"collection":[{"href":"https:\/\/gastronomicament.cat\/de\/wp-json\/wp\/v2\/posts"}],"about":[{"href":"https:\/\/gastronomicament.cat\/de\/wp-json\/wp\/v2\/types\/post"}],"author":[{"embeddable":true,"href":"https:\/\/gastronomicament.cat\/de\/wp-json\/wp\/v2\/users\/1"}],"replies":[{"embeddable":true,"href":"https:\/\/gastronomicament.cat\/de\/wp-json\/wp\/v2\/comments?post=57181"}],"version-history":[{"count":0,"href":"https:\/\/gastronomicament.cat\/de\/wp-json\/wp\/v2\/posts\/57181\/revisions"}],"wp:featuredmedia":[{"embeddable":true,"href":"https:\/\/gastronomicament.cat\/de\/wp-json\/wp\/v2\/media\/57182"}],"wp:attachment":[{"href":"https:\/\/gastronomicament.cat\/de\/wp-json\/wp\/v2\/media?parent=57181"}],"wp:term":[{"taxonomy":"category","embeddable":true,"href":"https:\/\/gastronomicament.cat\/de\/wp-json\/wp\/v2\/categories?post=57181"},{"taxonomy":"post_tag","embeddable":true,"href":"https:\/\/gastronomicament.cat\/de\/wp-json\/wp\/v2\/tags?post=57181"},{"taxonomy":"author","embeddable":true,"href":"https:\/\/gastronomicament.cat\/de\/wp-json\/wp\/v2\/coauthors?post=57181"}],"curies":[{"name":"wp","href":"https:\/\/api.w.org\/{rel}","templated":true}]}}