{"id":57292,"date":"2021-11-25T09:48:59","date_gmt":"2021-11-25T08:48:59","guid":{"rendered":"https:\/\/gastronomicament.cat\/arros-bombeta-nou-aliment-inclos-al-cataleg-daliments-tradicionals"},"modified":"2022-04-09T09:21:35","modified_gmt":"2022-04-09T07:21:35","slug":"arros-bombeta-nou-aliment-inclos-al-cataleg-daliments-tradicionals","status":"publish","type":"post","link":"https:\/\/gastronomicament.cat\/de\/arros-bombeta-nou-aliment-inclos-al-cataleg-daliments-tradicionals","title":{"rendered":"Arr\u00f2s bombeta, nou aliment incl\u00f2s al Cat\u00e0leg d&#8217;Aliments Tradicionals"},"content":{"rendered":"<p>Aquest cap de setmana se celebrar\u00e0 la <a href=\"https:\/\/gastronomicament.cat\/de\/sa-pobla-es-prepara-per-viure-la-fira-de-larros\">VI edici\u00f3 de la Fira de l&#8217;Arr\u00f2s a sa Pobla<\/a> i coincidint amb aquest esdeveniment, que se celebra des del 2014, la Comissi\u00f3 d\u2019Aliments Tradicionals de les Illes Balears ha aprovat el dimarts 23 de novembre incloure un nou aliment al<strong>\u00a0Cat\u00e0leg d\u2019Aliments Tradicionals: l&#8217;arr\u00f2s bombeta<\/strong><\/p>\n<p>L&#8217;arr\u00f2s bombeta es cultiva a terrenys de la Marjal, ubicats al terme municipal de sa Pobla i de Muro. A la reuni\u00f3 hi ha participat la consellera d\u2019Agricultura, Pesca i Alimentaci\u00f3, Mae de la Concha, la directora general de Pol\u00edtiques per a la Sobirania Aliment\u00e0ria, Paula Valero, caps de servei de l\u2019Institut de Qualitat Agroaliment\u00e0ria (IQUA) i d\u2019Agricultura, representants dels consells insulars i Sebasti\u00e0 Franch, regidor de Medi Rural i Seguretat Ciutadana de l\u2019ajuntament de Sa Pobla. Segons la consellera De la Concha, aquesta distinci\u00f3 \u00abpermetr\u00e0 donar a con\u00e8ixer un producte que encara \u00e9s molt desconegut a les Balears\u00bb i ha aprofitat per animar la restauraci\u00f3 i l\u2019hostaleria a utilitzar-ho cada vegada m\u00e9s.<\/p>\n<p><strong>Qu\u00e8 \u00e9s l&#8217;arr\u00f2s bombeta?<br \/>\n<\/strong>L\u2019arr\u00f2s bombeta prov\u00e9 de la fam\u00edlia de les gram\u00ednies de l\u2019esp\u00e8cie de la varietat bombeta. Se\u00a0<strong>sembra\u00a0<\/strong>a partir de principis d\u2019abril fins a la primera quinzena de maig. La\u00a0<strong>recol\u00b7lecci\u00f3\u00a0<\/strong>es fa durant el mes de setembre. Un cop collit, es transporta a les instal\u00b7lacions de transformaci\u00f3, on es fa el processat, que consta de les seg\u00fcents fases: trilla, assecatge, neteja del gra, condicionament i envasament. Actualment, a sa Pobla i Muro hi ha dos operadors que comercialitzen arr\u00f2s bombeta.\u00a0<strong>Hi ha 13 productors, 12 dels quals a saa Pobla i un a Muro.\u00a0<\/strong>En total, hi ha sembrades 30,48 hect\u00e0rees, 28,7 de les quals a sa Pobla. La\u00a0<strong>producci\u00f3\u00a0<\/strong>total \u00e9s de 79 tones. La meitat de la producci\u00f3 d\u2019arr\u00f2s es comercialitza a l\u2019engr\u00f2s, sobretot a l\u2019hostaleria, i l\u2019altra meitat, al detall o mitjan\u00e7ant venda directa al consumidor final.<\/p>\n<p>La producci\u00f3 d\u2019arrossars \u00e9s molt variable i oscil\u00b7la entre el 300 quilos\/quart\u00f3 i els 1.000 quilos\/quart\u00f3. L\u2019arr\u00f2s bombeta t\u00e9 un preu de venda al p\u00fablic molt superior a les altres varietats comercials d\u2019arr\u00f2s, i oscil\u00b7la entre els 4,5 i els 5,5 euros\/quilo.<\/p>\n<p>Amb aquesta incorporaci\u00f3, ja s\u00f3n 29 els aliments registrats al Cat\u00e0leg d\u2019Aliments Tradicionals. Les darreres incorporacions han estat aquest estiu amb l\u2019albercoc de Porreres i la mel d\u2019Eivissa. Per Illes, Mallorca t\u00e9 18 aliments registrats, Eivissa i Menorca en tenen 4 cada una, Formentera en t\u00e9 un, i hi ha dos aliments en la categoria de \u2018Totes les illes\u2019.<\/p>\n<p><strong>L\u2019acreditaci\u00f3 hist\u00f2rica de l\u2019arr\u00f2s bombeta<br \/>\n<\/strong>La hist\u00f2ria de l\u2019arr\u00f2s bombeta s\u2019inicia a principis del segle XX a s\u2019Albufera, la zona humida ubicada en els municipis de sa Pobla i Muro. Aquest cultiu va tenir certa transcend\u00e8ncia at\u00e8s que s\u2019arribaren a dedicar 1.774 hect\u00e0rees, per\u00f2 va decr\u00e9ixer a causa de la baixada de preus de mercat i les inundacions. Al 1900 es cultivaven 1800 quartons d\u2019arr\u00f2s i hi treballaven el 50% de jornalers de sa Pobla, per\u00f2 el 1955 nom\u00e9s es conraven 140 quartons.<\/p>\n","protected":false},"excerpt":{"rendered":"<p>Aquest cap de setmana se celebrar\u00e0 la VI edici\u00f3 de la Fira de l&#8217;Arr\u00f2s a sa&hellip;<\/p>\n","protected":false},"author":1,"featured_media":57293,"comment_status":"open","ping_status":"closed","sticky":false,"template":"","format":"standard","meta":{"_acf_changed":false,"_swt_meta_header_display":false,"_swt_meta_footer_display":false,"_swt_meta_site_title_display":false,"_swt_meta_sticky_header":false,"_swt_meta_transparent_header":false,"footnotes":""},"categories":[1050,1476],"tags":[],"coauthors":[],"class_list":["post-57292","post","type-post","status-publish","format-standard","has-post-thumbnail","hentry","category-actualitat-es-de","category-reportatges-i-novetats-de"],"acf":{"gallery":null,"home_date":{"home_begin_date":null,"home_end_date":null}},"yoast_head":"<!-- This site is optimized with the Yoast SEO plugin v27.4 - https:\/\/yoast.com\/product\/yoast-seo-wordpress\/ -->\n<title>Arr\u00f2s bombeta, nou aliment incl\u00f2s al Cat\u00e0leg d&#039;Aliments Tradicionals - Gastron\u00f2micament<\/title>\n<meta name=\"description\" content=\"Arr\u00f2s bombeta, nou aliment incl\u00f2s al Cat\u00e0leg d&#039;Aliments Tradicionals Actualitat, Reportatges i novetats Aquest cap de setmana se celebrar\u00e0 la VI edici\u00f3 de la Fira de l&#039;Arr\u00f2s a sa Pobla i coincidint amb aquest esdeveniment, que se celebra des del 2014, la Comissi\u00f3 d\u2019Aliments Tradicionals de les Illes Balears ha aprovat el dimarts 23 de novembre incloure un nou aliment al\u00a0Cat\u00e0leg d\u2019Aliments Tradicionals: l&#039;arr\u00f2s bombeta\" \/>\n<meta name=\"robots\" content=\"index, follow, max-snippet:-1, max-image-preview:large, max-video-preview:-1\" \/>\n<link rel=\"canonical\" href=\"https:\/\/gastronomicament.cat\/de\/arros-bombeta-nou-aliment-inclos-al-cataleg-daliments-tradicionals\" \/>\n<meta property=\"og:locale\" content=\"de_DE\" \/>\n<meta property=\"og:type\" content=\"article\" \/>\n<meta property=\"og:title\" content=\"Arr\u00f2s bombeta, nou aliment incl\u00f2s al Cat\u00e0leg d&#039;Aliments Tradicionals - Gastron\u00f2micament\" \/>\n<meta property=\"og:description\" content=\"Arr\u00f2s bombeta, nou aliment incl\u00f2s al Cat\u00e0leg d&#039;Aliments Tradicionals Actualitat, Reportatges i novetats Aquest cap de setmana se celebrar\u00e0 la VI edici\u00f3 de la Fira de l&#039;Arr\u00f2s a sa Pobla i coincidint amb aquest esdeveniment, que se celebra des del 2014, la Comissi\u00f3 d\u2019Aliments Tradicionals de les Illes Balears ha aprovat el dimarts 23 de novembre incloure un nou aliment al\u00a0Cat\u00e0leg d\u2019Aliments Tradicionals: l&#039;arr\u00f2s bombeta\" \/>\n<meta property=\"og:url\" content=\"https:\/\/gastronomicament.cat\/de\/arros-bombeta-nou-aliment-inclos-al-cataleg-daliments-tradicionals\" \/>\n<meta property=\"og:site_name\" content=\"Gastron\u00f2micament\" \/>\n<meta property=\"article:published_time\" content=\"2021-11-25T08:48:59+00:00\" \/>\n<meta property=\"article:modified_time\" content=\"2022-04-09T07:21:35+00:00\" \/>\n<meta property=\"og:image\" content=\"https:\/\/gastronomicament.cat\/wp-content\/uploads\/2021\/11\/arros-bombeta-mallorca.jpg\" \/>\n\t<meta property=\"og:image:width\" content=\"1588\" \/>\n\t<meta property=\"og:image:height\" content=\"1120\" \/>\n\t<meta property=\"og:image:type\" content=\"image\/jpeg\" \/>\n<meta name=\"author\" content=\"Redacci\u00f3\" \/>\n<meta name=\"twitter:card\" content=\"summary_large_image\" \/>\n<meta name=\"twitter:creator\" content=\"@gastronomicamen\" \/>\n<meta name=\"twitter:site\" content=\"@gastronomicamen\" \/>\n<meta name=\"twitter:label1\" content=\"Verfasst von\" \/>\n\t<meta name=\"twitter:data1\" content=\"Redacci\u00f3\" \/>\n\t<meta name=\"twitter:label2\" content=\"Gesch\u00e4tzte Lesezeit\" \/>\n\t<meta name=\"twitter:data2\" content=\"3\u00a0Minuten\" \/>\n\t<meta name=\"twitter:label3\" content=\"Written by\" \/>\n\t<meta name=\"twitter:data3\" content=\"Redacci\u00f3\" \/>\n<script type=\"application\/ld+json\" class=\"yoast-schema-graph\">{\"@context\":\"https:\\\/\\\/schema.org\",\"@graph\":[{\"@type\":\"Article\",\"@id\":\"https:\\\/\\\/gastronomicament.cat\\\/de\\\/arros-bombeta-nou-aliment-inclos-al-cataleg-daliments-tradicionals#article\",\"isPartOf\":{\"@id\":\"https:\\\/\\\/gastronomicament.cat\\\/de\\\/arros-bombeta-nou-aliment-inclos-al-cataleg-daliments-tradicionals\"},\"author\":{\"name\":\"Redacci\u00f3\",\"@id\":\"https:\\\/\\\/gastronomicament.cat\\\/de\\\/#\\\/schema\\\/person\\\/a7c85c537a1ed62799a5b8e0f686a37f\"},\"headline\":\"Arr\u00f2s bombeta, nou aliment incl\u00f2s al Cat\u00e0leg d&#8217;Aliments Tradicionals\",\"datePublished\":\"2021-11-25T08:48:59+00:00\",\"dateModified\":\"2022-04-09T07:21:35+00:00\",\"mainEntityOfPage\":{\"@id\":\"https:\\\/\\\/gastronomicament.cat\\\/de\\\/arros-bombeta-nou-aliment-inclos-al-cataleg-daliments-tradicionals\"},\"wordCount\":556,\"commentCount\":0,\"publisher\":{\"@id\":\"https:\\\/\\\/gastronomicament.cat\\\/de\\\/#organization\"},\"image\":{\"@id\":\"https:\\\/\\\/gastronomicament.cat\\\/de\\\/arros-bombeta-nou-aliment-inclos-al-cataleg-daliments-tradicionals#primaryimage\"},\"thumbnailUrl\":\"https:\\\/\\\/gastronomicament.cat\\\/wp-content\\\/uploads\\\/2021\\\/11\\\/arros-bombeta-mallorca.jpg\",\"articleSection\":[\"Actualitat\",\"Reportatges i novetats\"],\"inLanguage\":\"de\",\"potentialAction\":[{\"@type\":\"CommentAction\",\"name\":\"Comment\",\"target\":[\"https:\\\/\\\/gastronomicament.cat\\\/de\\\/arros-bombeta-nou-aliment-inclos-al-cataleg-daliments-tradicionals#respond\"]}]},{\"@type\":\"WebPage\",\"@id\":\"https:\\\/\\\/gastronomicament.cat\\\/de\\\/arros-bombeta-nou-aliment-inclos-al-cataleg-daliments-tradicionals\",\"url\":\"https:\\\/\\\/gastronomicament.cat\\\/de\\\/arros-bombeta-nou-aliment-inclos-al-cataleg-daliments-tradicionals\",\"name\":\"Arr\u00f2s bombeta, nou aliment incl\u00f2s al Cat\u00e0leg d'Aliments Tradicionals - Gastron\u00f2micament\",\"isPartOf\":{\"@id\":\"https:\\\/\\\/gastronomicament.cat\\\/de\\\/#website\"},\"primaryImageOfPage\":{\"@id\":\"https:\\\/\\\/gastronomicament.cat\\\/de\\\/arros-bombeta-nou-aliment-inclos-al-cataleg-daliments-tradicionals#primaryimage\"},\"image\":{\"@id\":\"https:\\\/\\\/gastronomicament.cat\\\/de\\\/arros-bombeta-nou-aliment-inclos-al-cataleg-daliments-tradicionals#primaryimage\"},\"thumbnailUrl\":\"https:\\\/\\\/gastronomicament.cat\\\/wp-content\\\/uploads\\\/2021\\\/11\\\/arros-bombeta-mallorca.jpg\",\"datePublished\":\"2021-11-25T08:48:59+00:00\",\"dateModified\":\"2022-04-09T07:21:35+00:00\",\"description\":\"Arr\u00f2s bombeta, nou aliment incl\u00f2s al Cat\u00e0leg d'Aliments Tradicionals Actualitat, Reportatges i novetats Aquest cap de setmana se celebrar\u00e0 la VI edici\u00f3 de la Fira de l'Arr\u00f2s a sa Pobla i coincidint amb aquest esdeveniment, que se celebra des del 2014, la Comissi\u00f3 d\u2019Aliments Tradicionals de les Illes Balears ha aprovat el dimarts 23 de novembre incloure un nou aliment al\u00a0Cat\u00e0leg d\u2019Aliments Tradicionals: l'arr\u00f2s bombeta\",\"inLanguage\":\"de\",\"potentialAction\":[{\"@type\":\"ReadAction\",\"target\":[\"https:\\\/\\\/gastronomicament.cat\\\/de\\\/arros-bombeta-nou-aliment-inclos-al-cataleg-daliments-tradicionals\"]}]},{\"@type\":\"ImageObject\",\"inLanguage\":\"de\",\"@id\":\"https:\\\/\\\/gastronomicament.cat\\\/de\\\/arros-bombeta-nou-aliment-inclos-al-cataleg-daliments-tradicionals#primaryimage\",\"url\":\"https:\\\/\\\/gastronomicament.cat\\\/wp-content\\\/uploads\\\/2021\\\/11\\\/arros-bombeta-mallorca.jpg\",\"contentUrl\":\"https:\\\/\\\/gastronomicament.cat\\\/wp-content\\\/uploads\\\/2021\\\/11\\\/arros-bombeta-mallorca.jpg\",\"width\":1588,\"height\":1120},{\"@type\":\"WebSite\",\"@id\":\"https:\\\/\\\/gastronomicament.cat\\\/de\\\/#website\",\"url\":\"https:\\\/\\\/gastronomicament.cat\\\/de\\\/\",\"name\":\"Gastron\u00f2micament\",\"description\":\"Portal de restaurants, receptes i actualitat gastron\u00f2mica\",\"publisher\":{\"@id\":\"https:\\\/\\\/gastronomicament.cat\\\/de\\\/#organization\"},\"potentialAction\":[{\"@type\":\"SearchAction\",\"target\":{\"@type\":\"EntryPoint\",\"urlTemplate\":\"https:\\\/\\\/gastronomicament.cat\\\/de\\\/?s={search_term_string}\"},\"query-input\":{\"@type\":\"PropertyValueSpecification\",\"valueRequired\":true,\"valueName\":\"search_term_string\"}}],\"inLanguage\":\"de\"},{\"@type\":\"Organization\",\"@id\":\"https:\\\/\\\/gastronomicament.cat\\\/de\\\/#organization\",\"name\":\"Gastron\u00f2micament\",\"url\":\"https:\\\/\\\/gastronomicament.cat\\\/de\\\/\",\"logo\":{\"@type\":\"ImageObject\",\"inLanguage\":\"de\",\"@id\":\"https:\\\/\\\/gastronomicament.cat\\\/de\\\/#\\\/schema\\\/logo\\\/image\\\/\",\"url\":\"https:\\\/\\\/gastronomicament.cat\\\/wp-content\\\/uploads\\\/2016\\\/09\\\/header-logo.jpg\",\"contentUrl\":\"https:\\\/\\\/gastronomicament.cat\\\/wp-content\\\/uploads\\\/2016\\\/09\\\/header-logo.jpg\",\"width\":277,\"height\":39,\"caption\":\"Gastron\u00f2micament\"},\"image\":{\"@id\":\"https:\\\/\\\/gastronomicament.cat\\\/de\\\/#\\\/schema\\\/logo\\\/image\\\/\"},\"sameAs\":[\"https:\\\/\\\/x.com\\\/gastronomicamen\"]},{\"@type\":\"Person\",\"@id\":\"https:\\\/\\\/gastronomicament.cat\\\/de\\\/#\\\/schema\\\/person\\\/a7c85c537a1ed62799a5b8e0f686a37f\",\"name\":\"Redacci\u00f3\",\"image\":{\"@type\":\"ImageObject\",\"inLanguage\":\"de\",\"@id\":\"https:\\\/\\\/secure.gravatar.com\\\/avatar\\\/9489a485c464fd611d33825daae651d13db70c4e74c65c94937a15a9d4c3ee14?s=96&d=mm&r=g69fea3cce3645dfa2166e7293e22955e\",\"url\":\"https:\\\/\\\/secure.gravatar.com\\\/avatar\\\/9489a485c464fd611d33825daae651d13db70c4e74c65c94937a15a9d4c3ee14?s=96&d=mm&r=g\",\"contentUrl\":\"https:\\\/\\\/secure.gravatar.com\\\/avatar\\\/9489a485c464fd611d33825daae651d13db70c4e74c65c94937a15a9d4c3ee14?s=96&d=mm&r=g\",\"caption\":\"Redacci\u00f3\"},\"sameAs\":[\"http:\\\/\\\/gastronomicament.cat\"],\"url\":\"https:\\\/\\\/gastronomicament.cat\\\/de\\\/author\\\/admin\"}]}<\/script>\n<!-- \/ Yoast SEO plugin. -->","yoast_head_json":{"title":"Arr\u00f2s bombeta, nou aliment incl\u00f2s al Cat\u00e0leg d'Aliments Tradicionals - Gastron\u00f2micament","description":"Arr\u00f2s bombeta, nou aliment incl\u00f2s al Cat\u00e0leg d'Aliments Tradicionals Actualitat, Reportatges i novetats Aquest cap de setmana se celebrar\u00e0 la VI edici\u00f3 de la Fira de l'Arr\u00f2s a sa Pobla i coincidint amb aquest esdeveniment, que se celebra des del 2014, la Comissi\u00f3 d\u2019Aliments Tradicionals de les Illes Balears ha aprovat el dimarts 23 de novembre incloure un nou aliment al\u00a0Cat\u00e0leg d\u2019Aliments Tradicionals: l'arr\u00f2s bombeta","robots":{"index":"index","follow":"follow","max-snippet":"max-snippet:-1","max-image-preview":"max-image-preview:large","max-video-preview":"max-video-preview:-1"},"canonical":"https:\/\/gastronomicament.cat\/de\/arros-bombeta-nou-aliment-inclos-al-cataleg-daliments-tradicionals","og_locale":"de_DE","og_type":"article","og_title":"Arr\u00f2s bombeta, nou aliment incl\u00f2s al Cat\u00e0leg d'Aliments Tradicionals - Gastron\u00f2micament","og_description":"Arr\u00f2s bombeta, nou aliment incl\u00f2s al Cat\u00e0leg d'Aliments Tradicionals Actualitat, Reportatges i novetats Aquest cap de setmana se celebrar\u00e0 la VI edici\u00f3 de la Fira de l'Arr\u00f2s a sa Pobla i coincidint amb aquest esdeveniment, que se celebra des del 2014, la Comissi\u00f3 d\u2019Aliments Tradicionals de les Illes Balears ha aprovat el dimarts 23 de novembre incloure un nou aliment al\u00a0Cat\u00e0leg d\u2019Aliments Tradicionals: l'arr\u00f2s bombeta","og_url":"https:\/\/gastronomicament.cat\/de\/arros-bombeta-nou-aliment-inclos-al-cataleg-daliments-tradicionals","og_site_name":"Gastron\u00f2micament","article_published_time":"2021-11-25T08:48:59+00:00","article_modified_time":"2022-04-09T07:21:35+00:00","og_image":[{"width":1588,"height":1120,"url":"https:\/\/gastronomicament.cat\/wp-content\/uploads\/2021\/11\/arros-bombeta-mallorca.jpg","type":"image\/jpeg"}],"author":"Redacci\u00f3","twitter_card":"summary_large_image","twitter_creator":"@gastronomicamen","twitter_site":"@gastronomicamen","twitter_misc":{"Verfasst von":"Redacci\u00f3","Gesch\u00e4tzte Lesezeit":"3\u00a0Minuten","Written by":"Redacci\u00f3"},"schema":{"@context":"https:\/\/schema.org","@graph":[{"@type":"Article","@id":"https:\/\/gastronomicament.cat\/de\/arros-bombeta-nou-aliment-inclos-al-cataleg-daliments-tradicionals#article","isPartOf":{"@id":"https:\/\/gastronomicament.cat\/de\/arros-bombeta-nou-aliment-inclos-al-cataleg-daliments-tradicionals"},"author":{"name":"Redacci\u00f3","@id":"https:\/\/gastronomicament.cat\/de\/#\/schema\/person\/a7c85c537a1ed62799a5b8e0f686a37f"},"headline":"Arr\u00f2s bombeta, nou aliment incl\u00f2s al Cat\u00e0leg d&#8217;Aliments Tradicionals","datePublished":"2021-11-25T08:48:59+00:00","dateModified":"2022-04-09T07:21:35+00:00","mainEntityOfPage":{"@id":"https:\/\/gastronomicament.cat\/de\/arros-bombeta-nou-aliment-inclos-al-cataleg-daliments-tradicionals"},"wordCount":556,"commentCount":0,"publisher":{"@id":"https:\/\/gastronomicament.cat\/de\/#organization"},"image":{"@id":"https:\/\/gastronomicament.cat\/de\/arros-bombeta-nou-aliment-inclos-al-cataleg-daliments-tradicionals#primaryimage"},"thumbnailUrl":"https:\/\/gastronomicament.cat\/wp-content\/uploads\/2021\/11\/arros-bombeta-mallorca.jpg","articleSection":["Actualitat","Reportatges i novetats"],"inLanguage":"de","potentialAction":[{"@type":"CommentAction","name":"Comment","target":["https:\/\/gastronomicament.cat\/de\/arros-bombeta-nou-aliment-inclos-al-cataleg-daliments-tradicionals#respond"]}]},{"@type":"WebPage","@id":"https:\/\/gastronomicament.cat\/de\/arros-bombeta-nou-aliment-inclos-al-cataleg-daliments-tradicionals","url":"https:\/\/gastronomicament.cat\/de\/arros-bombeta-nou-aliment-inclos-al-cataleg-daliments-tradicionals","name":"Arr\u00f2s bombeta, nou aliment incl\u00f2s al Cat\u00e0leg d'Aliments Tradicionals - Gastron\u00f2micament","isPartOf":{"@id":"https:\/\/gastronomicament.cat\/de\/#website"},"primaryImageOfPage":{"@id":"https:\/\/gastronomicament.cat\/de\/arros-bombeta-nou-aliment-inclos-al-cataleg-daliments-tradicionals#primaryimage"},"image":{"@id":"https:\/\/gastronomicament.cat\/de\/arros-bombeta-nou-aliment-inclos-al-cataleg-daliments-tradicionals#primaryimage"},"thumbnailUrl":"https:\/\/gastronomicament.cat\/wp-content\/uploads\/2021\/11\/arros-bombeta-mallorca.jpg","datePublished":"2021-11-25T08:48:59+00:00","dateModified":"2022-04-09T07:21:35+00:00","description":"Arr\u00f2s bombeta, nou aliment incl\u00f2s al Cat\u00e0leg d'Aliments Tradicionals Actualitat, Reportatges i novetats Aquest cap de setmana se celebrar\u00e0 la VI edici\u00f3 de la Fira de l'Arr\u00f2s a sa Pobla i coincidint amb aquest esdeveniment, que se celebra des del 2014, la Comissi\u00f3 d\u2019Aliments Tradicionals de les Illes Balears ha aprovat el dimarts 23 de novembre incloure un nou aliment al\u00a0Cat\u00e0leg d\u2019Aliments Tradicionals: l'arr\u00f2s bombeta","inLanguage":"de","potentialAction":[{"@type":"ReadAction","target":["https:\/\/gastronomicament.cat\/de\/arros-bombeta-nou-aliment-inclos-al-cataleg-daliments-tradicionals"]}]},{"@type":"ImageObject","inLanguage":"de","@id":"https:\/\/gastronomicament.cat\/de\/arros-bombeta-nou-aliment-inclos-al-cataleg-daliments-tradicionals#primaryimage","url":"https:\/\/gastronomicament.cat\/wp-content\/uploads\/2021\/11\/arros-bombeta-mallorca.jpg","contentUrl":"https:\/\/gastronomicament.cat\/wp-content\/uploads\/2021\/11\/arros-bombeta-mallorca.jpg","width":1588,"height":1120},{"@type":"WebSite","@id":"https:\/\/gastronomicament.cat\/de\/#website","url":"https:\/\/gastronomicament.cat\/de\/","name":"Gastron\u00f2micament","description":"Portal de restaurants, receptes i actualitat gastron\u00f2mica","publisher":{"@id":"https:\/\/gastronomicament.cat\/de\/#organization"},"potentialAction":[{"@type":"SearchAction","target":{"@type":"EntryPoint","urlTemplate":"https:\/\/gastronomicament.cat\/de\/?s={search_term_string}"},"query-input":{"@type":"PropertyValueSpecification","valueRequired":true,"valueName":"search_term_string"}}],"inLanguage":"de"},{"@type":"Organization","@id":"https:\/\/gastronomicament.cat\/de\/#organization","name":"Gastron\u00f2micament","url":"https:\/\/gastronomicament.cat\/de\/","logo":{"@type":"ImageObject","inLanguage":"de","@id":"https:\/\/gastronomicament.cat\/de\/#\/schema\/logo\/image\/","url":"https:\/\/gastronomicament.cat\/wp-content\/uploads\/2016\/09\/header-logo.jpg","contentUrl":"https:\/\/gastronomicament.cat\/wp-content\/uploads\/2016\/09\/header-logo.jpg","width":277,"height":39,"caption":"Gastron\u00f2micament"},"image":{"@id":"https:\/\/gastronomicament.cat\/de\/#\/schema\/logo\/image\/"},"sameAs":["https:\/\/x.com\/gastronomicamen"]},{"@type":"Person","@id":"https:\/\/gastronomicament.cat\/de\/#\/schema\/person\/a7c85c537a1ed62799a5b8e0f686a37f","name":"Redacci\u00f3","image":{"@type":"ImageObject","inLanguage":"de","@id":"https:\/\/secure.gravatar.com\/avatar\/9489a485c464fd611d33825daae651d13db70c4e74c65c94937a15a9d4c3ee14?s=96&d=mm&r=g69fea3cce3645dfa2166e7293e22955e","url":"https:\/\/secure.gravatar.com\/avatar\/9489a485c464fd611d33825daae651d13db70c4e74c65c94937a15a9d4c3ee14?s=96&d=mm&r=g","contentUrl":"https:\/\/secure.gravatar.com\/avatar\/9489a485c464fd611d33825daae651d13db70c4e74c65c94937a15a9d4c3ee14?s=96&d=mm&r=g","caption":"Redacci\u00f3"},"sameAs":["http:\/\/gastronomicament.cat"],"url":"https:\/\/gastronomicament.cat\/de\/author\/admin"}]}},"_links":{"self":[{"href":"https:\/\/gastronomicament.cat\/de\/wp-json\/wp\/v2\/posts\/57292","targetHints":{"allow":["GET"]}}],"collection":[{"href":"https:\/\/gastronomicament.cat\/de\/wp-json\/wp\/v2\/posts"}],"about":[{"href":"https:\/\/gastronomicament.cat\/de\/wp-json\/wp\/v2\/types\/post"}],"author":[{"embeddable":true,"href":"https:\/\/gastronomicament.cat\/de\/wp-json\/wp\/v2\/users\/1"}],"replies":[{"embeddable":true,"href":"https:\/\/gastronomicament.cat\/de\/wp-json\/wp\/v2\/comments?post=57292"}],"version-history":[{"count":0,"href":"https:\/\/gastronomicament.cat\/de\/wp-json\/wp\/v2\/posts\/57292\/revisions"}],"wp:featuredmedia":[{"embeddable":true,"href":"https:\/\/gastronomicament.cat\/de\/wp-json\/wp\/v2\/media\/57293"}],"wp:attachment":[{"href":"https:\/\/gastronomicament.cat\/de\/wp-json\/wp\/v2\/media?parent=57292"}],"wp:term":[{"taxonomy":"category","embeddable":true,"href":"https:\/\/gastronomicament.cat\/de\/wp-json\/wp\/v2\/categories?post=57292"},{"taxonomy":"post_tag","embeddable":true,"href":"https:\/\/gastronomicament.cat\/de\/wp-json\/wp\/v2\/tags?post=57292"},{"taxonomy":"author","embeddable":true,"href":"https:\/\/gastronomicament.cat\/de\/wp-json\/wp\/v2\/coauthors?post=57292"}],"curies":[{"name":"wp","href":"https:\/\/api.w.org\/{rel}","templated":true}]}}