{"id":57509,"date":"2021-10-28T10:22:38","date_gmt":"2021-10-28T08:22:38","guid":{"rendered":"https:\/\/gastronomicament.cat\/porreres-recupera-la-fira-de-tardor"},"modified":"2021-10-28T10:22:38","modified_gmt":"2021-10-28T08:22:38","slug":"porreres-recupera-la-fira-de-tardor","status":"publish","type":"post","link":"https:\/\/gastronomicament.cat\/de\/porreres-recupera-la-fira-de-tardor","title":{"rendered":"Porreres recupera la Fira de Tardor"},"content":{"rendered":"<p>El producte local i el teixit comercial i industrial de\u00a0<strong>Porreres\u00a0<\/strong>s\u00f3n els protagonistes de la\u00a0<strong>Fira de Tardor<\/strong>\u00a0d&#8217;aquest poble.<strong>\u00a0Xisca Mora<\/strong>, batllessa de Porreres explica que l\u2019edici\u00f3 de l\u2019any passat no es va poder celebrar com tocava i que &#8222;en aquesta ocasi\u00f3 \u00e9s inevitable que les emocions es trobin, despr\u00e9s del gran impacte que ha ocasionat la pand\u00e8mia a escala material i econ\u00f2mica per\u00f2, sobretot, humana&#8220;.<\/p>\n<p>La fira es far\u00e0 el<strong>\u00a0diumenge 31 d&#8217;octubre<\/strong>\u00a0i hi haur\u00e0 exposici\u00f3 d&#8217;eines antigues,\u00a0<strong>fireta de c\u00f2mics, jocs i\u00a0<em>merchandising<\/em><\/strong>, a m\u00e9s de\u00a0<strong>mostra de cavalls<\/strong>, exposici\u00f3 de rapinyaires i de cotxes i motos antics. A l&#8217;avinguda del Bisbe Campins, a partir de les 9.30 hores, hi haur\u00e0 la\u00a0<strong>Mostra de Productes Porrerencs<\/strong>. Tamb\u00e9 hi haur\u00e0<strong>\u00a0ballada popular<\/strong>\u00a0amb el grup\u00a0<strong>S\u2019Estol Porrerenc<\/strong>, a m\u00e9s d&#8216;<strong>animaci\u00f3 infantil amb Cucorba<\/strong>\u00a0i l&#8217;actuaci\u00f3 de la cantautora de Felanitx\u00a0<strong>Maria Hein<\/strong>.<\/p>\n<p><strong>Maria Ant\u00f2nia Veny<\/strong>, regidora de Comer\u00e7, apunta que &#8222;recuperarem una\u00a0<strong>Fira m\u00e9s local, evitant aglomeracions i respectant totes les mesures preventives\u00a0<\/strong>i organitzatives previstes per poder garantir que es pugui fer de manera segura&#8220;.<\/p>\n<p>Consultau aqu\u00ed el programa de la\u00a0<a href=\"https:\/\/gastronomicament.cat\/wp-content\/uploads\/2021\/10\/PROGRAMA-FIRA-PORRERES-2021_0.pdf\" target=\"_blank\" rel=\"noopener\"><strong>Fira de Tardor de Porreres 2021<\/strong><\/a>.<\/p>\n","protected":false},"excerpt":{"rendered":"<p>El producte local i el teixit comercial i industrial de\u00a0Porreres\u00a0s\u00f3n els protagonistes de la\u00a0Fira de Tardor\u00a0d&#8217;aquest&hellip;<\/p>\n","protected":false},"author":1,"featured_media":57510,"comment_status":"open","ping_status":"closed","sticky":false,"template":"","format":"standard","meta":{"_acf_changed":false,"_swt_meta_header_display":false,"_swt_meta_footer_display":false,"_swt_meta_site_title_display":false,"_swt_meta_sticky_header":false,"_swt_meta_transparent_header":false,"footnotes":""},"categories":[1050,1473],"tags":[],"coauthors":[],"class_list":["post-57509","post","type-post","status-publish","format-standard","has-post-thumbnail","hentry","category-actualitat-es-de","category-fires-i-rutes-de"],"acf":{"gallery":null,"home_date":{"home_begin_date":null,"home_end_date":null}},"yoast_head":"<!-- This site is optimized with the Yoast SEO plugin v27.4 - https:\/\/yoast.com\/product\/yoast-seo-wordpress\/ -->\n<title>Porreres recupera la Fira de Tardor - Gastron\u00f2micament<\/title>\n<meta name=\"description\" content=\"Porreres recupera la Fira de Tardor Actualitat, Fires i rutes El producte local i el teixit comercial i industrial de\u00a0Porreres\u00a0s\u00f3n els protagonistes de la\u00a0Fira de Tardor\u00a0d&#039;aquest poble\" \/>\n<meta name=\"robots\" content=\"index, follow, max-snippet:-1, max-image-preview:large, max-video-preview:-1\" \/>\n<link rel=\"canonical\" href=\"https:\/\/gastronomicament.cat\/de\/porreres-recupera-la-fira-de-tardor\" \/>\n<meta property=\"og:locale\" content=\"de_DE\" \/>\n<meta property=\"og:type\" content=\"article\" \/>\n<meta property=\"og:title\" content=\"Porreres recupera la Fira de Tardor - Gastron\u00f2micament\" \/>\n<meta property=\"og:description\" content=\"Porreres recupera la Fira de Tardor Actualitat, Fires i rutes El producte local i el teixit comercial i industrial de\u00a0Porreres\u00a0s\u00f3n els protagonistes de la\u00a0Fira de Tardor\u00a0d&#039;aquest poble\" \/>\n<meta property=\"og:url\" content=\"https:\/\/gastronomicament.cat\/de\/porreres-recupera-la-fira-de-tardor\" \/>\n<meta property=\"og:site_name\" content=\"Gastron\u00f2micament\" \/>\n<meta property=\"article:published_time\" content=\"2021-10-28T08:22:38+00:00\" \/>\n<meta property=\"og:image\" content=\"https:\/\/gastronomicament.cat\/wp-content\/uploads\/2021\/10\/Fira-de-Tardor-Porreres-2021.jpg\" \/>\n\t<meta property=\"og:image:width\" content=\"827\" \/>\n\t<meta property=\"og:image:height\" content=\"491\" \/>\n\t<meta property=\"og:image:type\" content=\"image\/jpeg\" \/>\n<meta name=\"author\" content=\"Redacci\u00f3\" \/>\n<meta name=\"twitter:card\" content=\"summary_large_image\" \/>\n<meta name=\"twitter:creator\" content=\"@gastronomicamen\" \/>\n<meta name=\"twitter:site\" content=\"@gastronomicamen\" \/>\n<meta name=\"twitter:label1\" content=\"Verfasst von\" \/>\n\t<meta name=\"twitter:data1\" content=\"Redacci\u00f3\" \/>\n\t<meta name=\"twitter:label2\" content=\"Gesch\u00e4tzte Lesezeit\" \/>\n\t<meta name=\"twitter:data2\" content=\"1\u00a0Minute\" \/>\n\t<meta name=\"twitter:label3\" content=\"Written by\" \/>\n\t<meta name=\"twitter:data3\" content=\"Redacci\u00f3\" \/>\n<script type=\"application\/ld+json\" class=\"yoast-schema-graph\">{\"@context\":\"https:\\\/\\\/schema.org\",\"@graph\":[{\"@type\":\"Article\",\"@id\":\"https:\\\/\\\/gastronomicament.cat\\\/de\\\/porreres-recupera-la-fira-de-tardor#article\",\"isPartOf\":{\"@id\":\"https:\\\/\\\/gastronomicament.cat\\\/de\\\/porreres-recupera-la-fira-de-tardor\"},\"author\":{\"name\":\"Redacci\u00f3\",\"@id\":\"https:\\\/\\\/gastronomicament.cat\\\/de\\\/#\\\/schema\\\/person\\\/a7c85c537a1ed62799a5b8e0f686a37f\"},\"headline\":\"Porreres recupera la Fira de Tardor\",\"datePublished\":\"2021-10-28T08:22:38+00:00\",\"mainEntityOfPage\":{\"@id\":\"https:\\\/\\\/gastronomicament.cat\\\/de\\\/porreres-recupera-la-fira-de-tardor\"},\"wordCount\":207,\"commentCount\":0,\"publisher\":{\"@id\":\"https:\\\/\\\/gastronomicament.cat\\\/de\\\/#organization\"},\"image\":{\"@id\":\"https:\\\/\\\/gastronomicament.cat\\\/de\\\/porreres-recupera-la-fira-de-tardor#primaryimage\"},\"thumbnailUrl\":\"https:\\\/\\\/gastronomicament.cat\\\/wp-content\\\/uploads\\\/2021\\\/10\\\/Fira-de-Tardor-Porreres-2021.jpg\",\"articleSection\":[\"Actualitat\",\"Fires i rutes\"],\"inLanguage\":\"de\",\"potentialAction\":[{\"@type\":\"CommentAction\",\"name\":\"Comment\",\"target\":[\"https:\\\/\\\/gastronomicament.cat\\\/de\\\/porreres-recupera-la-fira-de-tardor#respond\"]}]},{\"@type\":\"WebPage\",\"@id\":\"https:\\\/\\\/gastronomicament.cat\\\/de\\\/porreres-recupera-la-fira-de-tardor\",\"url\":\"https:\\\/\\\/gastronomicament.cat\\\/de\\\/porreres-recupera-la-fira-de-tardor\",\"name\":\"Porreres recupera la Fira de Tardor - Gastron\u00f2micament\",\"isPartOf\":{\"@id\":\"https:\\\/\\\/gastronomicament.cat\\\/de\\\/#website\"},\"primaryImageOfPage\":{\"@id\":\"https:\\\/\\\/gastronomicament.cat\\\/de\\\/porreres-recupera-la-fira-de-tardor#primaryimage\"},\"image\":{\"@id\":\"https:\\\/\\\/gastronomicament.cat\\\/de\\\/porreres-recupera-la-fira-de-tardor#primaryimage\"},\"thumbnailUrl\":\"https:\\\/\\\/gastronomicament.cat\\\/wp-content\\\/uploads\\\/2021\\\/10\\\/Fira-de-Tardor-Porreres-2021.jpg\",\"datePublished\":\"2021-10-28T08:22:38+00:00\",\"description\":\"Porreres recupera la Fira de Tardor Actualitat, Fires i rutes El producte local i el teixit comercial i industrial de\u00a0Porreres\u00a0s\u00f3n els protagonistes de la\u00a0Fira de Tardor\u00a0d'aquest poble\",\"inLanguage\":\"de\",\"potentialAction\":[{\"@type\":\"ReadAction\",\"target\":[\"https:\\\/\\\/gastronomicament.cat\\\/de\\\/porreres-recupera-la-fira-de-tardor\"]}]},{\"@type\":\"ImageObject\",\"inLanguage\":\"de\",\"@id\":\"https:\\\/\\\/gastronomicament.cat\\\/de\\\/porreres-recupera-la-fira-de-tardor#primaryimage\",\"url\":\"https:\\\/\\\/gastronomicament.cat\\\/wp-content\\\/uploads\\\/2021\\\/10\\\/Fira-de-Tardor-Porreres-2021.jpg\",\"contentUrl\":\"https:\\\/\\\/gastronomicament.cat\\\/wp-content\\\/uploads\\\/2021\\\/10\\\/Fira-de-Tardor-Porreres-2021.jpg\",\"width\":827,\"height\":491},{\"@type\":\"WebSite\",\"@id\":\"https:\\\/\\\/gastronomicament.cat\\\/de\\\/#website\",\"url\":\"https:\\\/\\\/gastronomicament.cat\\\/de\\\/\",\"name\":\"Gastron\u00f2micament\",\"description\":\"Portal de restaurants, receptes i actualitat gastron\u00f2mica\",\"publisher\":{\"@id\":\"https:\\\/\\\/gastronomicament.cat\\\/de\\\/#organization\"},\"potentialAction\":[{\"@type\":\"SearchAction\",\"target\":{\"@type\":\"EntryPoint\",\"urlTemplate\":\"https:\\\/\\\/gastronomicament.cat\\\/de\\\/?s={search_term_string}\"},\"query-input\":{\"@type\":\"PropertyValueSpecification\",\"valueRequired\":true,\"valueName\":\"search_term_string\"}}],\"inLanguage\":\"de\"},{\"@type\":\"Organization\",\"@id\":\"https:\\\/\\\/gastronomicament.cat\\\/de\\\/#organization\",\"name\":\"Gastron\u00f2micament\",\"url\":\"https:\\\/\\\/gastronomicament.cat\\\/de\\\/\",\"logo\":{\"@type\":\"ImageObject\",\"inLanguage\":\"de\",\"@id\":\"https:\\\/\\\/gastronomicament.cat\\\/de\\\/#\\\/schema\\\/logo\\\/image\\\/\",\"url\":\"https:\\\/\\\/gastronomicament.cat\\\/wp-content\\\/uploads\\\/2016\\\/09\\\/header-logo.jpg\",\"contentUrl\":\"https:\\\/\\\/gastronomicament.cat\\\/wp-content\\\/uploads\\\/2016\\\/09\\\/header-logo.jpg\",\"width\":277,\"height\":39,\"caption\":\"Gastron\u00f2micament\"},\"image\":{\"@id\":\"https:\\\/\\\/gastronomicament.cat\\\/de\\\/#\\\/schema\\\/logo\\\/image\\\/\"},\"sameAs\":[\"https:\\\/\\\/x.com\\\/gastronomicamen\"]},{\"@type\":\"Person\",\"@id\":\"https:\\\/\\\/gastronomicament.cat\\\/de\\\/#\\\/schema\\\/person\\\/a7c85c537a1ed62799a5b8e0f686a37f\",\"name\":\"Redacci\u00f3\",\"image\":{\"@type\":\"ImageObject\",\"inLanguage\":\"de\",\"@id\":\"https:\\\/\\\/secure.gravatar.com\\\/avatar\\\/9489a485c464fd611d33825daae651d13db70c4e74c65c94937a15a9d4c3ee14?s=96&d=mm&r=g69fea3cce3645dfa2166e7293e22955e\",\"url\":\"https:\\\/\\\/secure.gravatar.com\\\/avatar\\\/9489a485c464fd611d33825daae651d13db70c4e74c65c94937a15a9d4c3ee14?s=96&d=mm&r=g\",\"contentUrl\":\"https:\\\/\\\/secure.gravatar.com\\\/avatar\\\/9489a485c464fd611d33825daae651d13db70c4e74c65c94937a15a9d4c3ee14?s=96&d=mm&r=g\",\"caption\":\"Redacci\u00f3\"},\"sameAs\":[\"http:\\\/\\\/gastronomicament.cat\"],\"url\":\"https:\\\/\\\/gastronomicament.cat\\\/de\\\/author\\\/admin\"}]}<\/script>\n<!-- \/ Yoast SEO plugin. -->","yoast_head_json":{"title":"Porreres recupera la Fira de Tardor - Gastron\u00f2micament","description":"Porreres recupera la Fira de Tardor Actualitat, Fires i rutes El producte local i el teixit comercial i industrial de\u00a0Porreres\u00a0s\u00f3n els protagonistes de la\u00a0Fira de Tardor\u00a0d'aquest poble","robots":{"index":"index","follow":"follow","max-snippet":"max-snippet:-1","max-image-preview":"max-image-preview:large","max-video-preview":"max-video-preview:-1"},"canonical":"https:\/\/gastronomicament.cat\/de\/porreres-recupera-la-fira-de-tardor","og_locale":"de_DE","og_type":"article","og_title":"Porreres recupera la Fira de Tardor - Gastron\u00f2micament","og_description":"Porreres recupera la Fira de Tardor Actualitat, Fires i rutes El producte local i el teixit comercial i industrial de\u00a0Porreres\u00a0s\u00f3n els protagonistes de la\u00a0Fira de Tardor\u00a0d'aquest poble","og_url":"https:\/\/gastronomicament.cat\/de\/porreres-recupera-la-fira-de-tardor","og_site_name":"Gastron\u00f2micament","article_published_time":"2021-10-28T08:22:38+00:00","og_image":[{"width":827,"height":491,"url":"https:\/\/gastronomicament.cat\/wp-content\/uploads\/2021\/10\/Fira-de-Tardor-Porreres-2021.jpg","type":"image\/jpeg"}],"author":"Redacci\u00f3","twitter_card":"summary_large_image","twitter_creator":"@gastronomicamen","twitter_site":"@gastronomicamen","twitter_misc":{"Verfasst von":"Redacci\u00f3","Gesch\u00e4tzte Lesezeit":"1\u00a0Minute","Written by":"Redacci\u00f3"},"schema":{"@context":"https:\/\/schema.org","@graph":[{"@type":"Article","@id":"https:\/\/gastronomicament.cat\/de\/porreres-recupera-la-fira-de-tardor#article","isPartOf":{"@id":"https:\/\/gastronomicament.cat\/de\/porreres-recupera-la-fira-de-tardor"},"author":{"name":"Redacci\u00f3","@id":"https:\/\/gastronomicament.cat\/de\/#\/schema\/person\/a7c85c537a1ed62799a5b8e0f686a37f"},"headline":"Porreres recupera la Fira de Tardor","datePublished":"2021-10-28T08:22:38+00:00","mainEntityOfPage":{"@id":"https:\/\/gastronomicament.cat\/de\/porreres-recupera-la-fira-de-tardor"},"wordCount":207,"commentCount":0,"publisher":{"@id":"https:\/\/gastronomicament.cat\/de\/#organization"},"image":{"@id":"https:\/\/gastronomicament.cat\/de\/porreres-recupera-la-fira-de-tardor#primaryimage"},"thumbnailUrl":"https:\/\/gastronomicament.cat\/wp-content\/uploads\/2021\/10\/Fira-de-Tardor-Porreres-2021.jpg","articleSection":["Actualitat","Fires i rutes"],"inLanguage":"de","potentialAction":[{"@type":"CommentAction","name":"Comment","target":["https:\/\/gastronomicament.cat\/de\/porreres-recupera-la-fira-de-tardor#respond"]}]},{"@type":"WebPage","@id":"https:\/\/gastronomicament.cat\/de\/porreres-recupera-la-fira-de-tardor","url":"https:\/\/gastronomicament.cat\/de\/porreres-recupera-la-fira-de-tardor","name":"Porreres recupera la Fira de Tardor - Gastron\u00f2micament","isPartOf":{"@id":"https:\/\/gastronomicament.cat\/de\/#website"},"primaryImageOfPage":{"@id":"https:\/\/gastronomicament.cat\/de\/porreres-recupera-la-fira-de-tardor#primaryimage"},"image":{"@id":"https:\/\/gastronomicament.cat\/de\/porreres-recupera-la-fira-de-tardor#primaryimage"},"thumbnailUrl":"https:\/\/gastronomicament.cat\/wp-content\/uploads\/2021\/10\/Fira-de-Tardor-Porreres-2021.jpg","datePublished":"2021-10-28T08:22:38+00:00","description":"Porreres recupera la Fira de Tardor Actualitat, Fires i rutes El producte local i el teixit comercial i industrial de\u00a0Porreres\u00a0s\u00f3n els protagonistes de la\u00a0Fira de Tardor\u00a0d'aquest poble","inLanguage":"de","potentialAction":[{"@type":"ReadAction","target":["https:\/\/gastronomicament.cat\/de\/porreres-recupera-la-fira-de-tardor"]}]},{"@type":"ImageObject","inLanguage":"de","@id":"https:\/\/gastronomicament.cat\/de\/porreres-recupera-la-fira-de-tardor#primaryimage","url":"https:\/\/gastronomicament.cat\/wp-content\/uploads\/2021\/10\/Fira-de-Tardor-Porreres-2021.jpg","contentUrl":"https:\/\/gastronomicament.cat\/wp-content\/uploads\/2021\/10\/Fira-de-Tardor-Porreres-2021.jpg","width":827,"height":491},{"@type":"WebSite","@id":"https:\/\/gastronomicament.cat\/de\/#website","url":"https:\/\/gastronomicament.cat\/de\/","name":"Gastron\u00f2micament","description":"Portal de restaurants, receptes i actualitat gastron\u00f2mica","publisher":{"@id":"https:\/\/gastronomicament.cat\/de\/#organization"},"potentialAction":[{"@type":"SearchAction","target":{"@type":"EntryPoint","urlTemplate":"https:\/\/gastronomicament.cat\/de\/?s={search_term_string}"},"query-input":{"@type":"PropertyValueSpecification","valueRequired":true,"valueName":"search_term_string"}}],"inLanguage":"de"},{"@type":"Organization","@id":"https:\/\/gastronomicament.cat\/de\/#organization","name":"Gastron\u00f2micament","url":"https:\/\/gastronomicament.cat\/de\/","logo":{"@type":"ImageObject","inLanguage":"de","@id":"https:\/\/gastronomicament.cat\/de\/#\/schema\/logo\/image\/","url":"https:\/\/gastronomicament.cat\/wp-content\/uploads\/2016\/09\/header-logo.jpg","contentUrl":"https:\/\/gastronomicament.cat\/wp-content\/uploads\/2016\/09\/header-logo.jpg","width":277,"height":39,"caption":"Gastron\u00f2micament"},"image":{"@id":"https:\/\/gastronomicament.cat\/de\/#\/schema\/logo\/image\/"},"sameAs":["https:\/\/x.com\/gastronomicamen"]},{"@type":"Person","@id":"https:\/\/gastronomicament.cat\/de\/#\/schema\/person\/a7c85c537a1ed62799a5b8e0f686a37f","name":"Redacci\u00f3","image":{"@type":"ImageObject","inLanguage":"de","@id":"https:\/\/secure.gravatar.com\/avatar\/9489a485c464fd611d33825daae651d13db70c4e74c65c94937a15a9d4c3ee14?s=96&d=mm&r=g69fea3cce3645dfa2166e7293e22955e","url":"https:\/\/secure.gravatar.com\/avatar\/9489a485c464fd611d33825daae651d13db70c4e74c65c94937a15a9d4c3ee14?s=96&d=mm&r=g","contentUrl":"https:\/\/secure.gravatar.com\/avatar\/9489a485c464fd611d33825daae651d13db70c4e74c65c94937a15a9d4c3ee14?s=96&d=mm&r=g","caption":"Redacci\u00f3"},"sameAs":["http:\/\/gastronomicament.cat"],"url":"https:\/\/gastronomicament.cat\/de\/author\/admin"}]}},"_links":{"self":[{"href":"https:\/\/gastronomicament.cat\/de\/wp-json\/wp\/v2\/posts\/57509","targetHints":{"allow":["GET"]}}],"collection":[{"href":"https:\/\/gastronomicament.cat\/de\/wp-json\/wp\/v2\/posts"}],"about":[{"href":"https:\/\/gastronomicament.cat\/de\/wp-json\/wp\/v2\/types\/post"}],"author":[{"embeddable":true,"href":"https:\/\/gastronomicament.cat\/de\/wp-json\/wp\/v2\/users\/1"}],"replies":[{"embeddable":true,"href":"https:\/\/gastronomicament.cat\/de\/wp-json\/wp\/v2\/comments?post=57509"}],"version-history":[{"count":0,"href":"https:\/\/gastronomicament.cat\/de\/wp-json\/wp\/v2\/posts\/57509\/revisions"}],"wp:featuredmedia":[{"embeddable":true,"href":"https:\/\/gastronomicament.cat\/de\/wp-json\/wp\/v2\/media\/57510"}],"wp:attachment":[{"href":"https:\/\/gastronomicament.cat\/de\/wp-json\/wp\/v2\/media?parent=57509"}],"wp:term":[{"taxonomy":"category","embeddable":true,"href":"https:\/\/gastronomicament.cat\/de\/wp-json\/wp\/v2\/categories?post=57509"},{"taxonomy":"post_tag","embeddable":true,"href":"https:\/\/gastronomicament.cat\/de\/wp-json\/wp\/v2\/tags?post=57509"},{"taxonomy":"author","embeddable":true,"href":"https:\/\/gastronomicament.cat\/de\/wp-json\/wp\/v2\/coauthors?post=57509"}],"curies":[{"name":"wp","href":"https:\/\/api.w.org\/{rel}","templated":true}]}}