{"id":58192,"date":"2021-07-13T22:34:54","date_gmt":"2021-07-13T20:34:54","guid":{"rendered":"https:\/\/gastronomicament.cat\/el-consell-de-mallorca-regala-lots-de-producte-local"},"modified":"2021-07-13T22:34:54","modified_gmt":"2021-07-13T20:34:54","slug":"el-consell-de-mallorca-regala-lots-de-producte-local","status":"publish","type":"post","link":"https:\/\/gastronomicament.cat\/de\/el-consell-de-mallorca-regala-lots-de-producte-local","title":{"rendered":"El Consell de Mallorca regala lots de producte local"},"content":{"rendered":"<p>Amb la voluntat de reactivar l\u2019economia, el Consell de Mallorca ha posat en circulaci\u00f3 4.778 bons de regal que es podran bescanviar per un lot de vint-i-dos productes de Mallorca quan es faci una despesa m\u00ednima en un dels establiments adherits.<\/p>\n<p>Aquesta nova campanya de foment del producte de Mallorca de la instituci\u00f3 es desenvolupar\u00e0 els pr\u00f2xims tres mesos. Aix\u00ed ho ha explicat Catalina Cladera, presidenta del Consell, i Jaume Alzamora, conseller de Promoci\u00f3 Econ\u00f2mica i Desenvolupament Local en un acte celebrat el 9 de juliol a Agromallorca.<\/p>\n<p>El Departament de Promoci\u00f3 Econ\u00f2mica ha subvencionat l\u2019adquisici\u00f3 d\u2019aquests 4.778 lots amb 825.000 euros. El conseller Alzamora ha valorat que amb aquest projecte \u00abseguim en la l\u00ednia d\u2019apostar per l\u2019economia social i solid\u00e0ria, ja que s\u2019hi han implicat cooperatives, botigues de comer\u00e7 just i el mateix sector productiu, que ens aporta producte de km 0\u00bb. Aix\u00ed mateix, ha apuntat que \u00abs\u00f3n empreses clau perqu\u00e8 Mallorca diversifiqui la seva economia\u00bb, ja que implica sector primari, agricultura ecol\u00f2gica, artesania i patrimoni, i empreses de transformaci\u00f3 del seu producte.<\/p>\n<p><strong>Funcionament de la campanya<br \/>\n<\/strong>La ciutadania podr\u00e0 sol\u00b7licitar els bons a trav\u00e9s del web\u00a0<a href=\"http:\/\/ajutsmallorca.com\/\" rel=\"nofollow\">ajutsmallorca.com<\/a>\u00a0i els podr\u00e0 bescanviar per un lot de productes de Mallorca\u00a0<strong>quan hagi fet una despesa m\u00ednima de 200 euros a una de les cooperatives, botigues del sector productiu o comer\u00e7os d\u2019economia social adherits a la campanya<\/strong>.<\/p>\n<p><strong>Les compres s\u2019han d\u2019haver fet entre el 25 de juliol i el 25 d\u2019octubre<\/strong>, fet que contribuir\u00e0 a dinamitzar el sector durant tot l\u2019estiu. A cada bo apareixer\u00e0 la data a partir de la qual es pot recollir el lot. Per fer-ho, la persona benefici\u00e0ria ha de presentar el bo, els tiquets de compra de l\u2019establiment i el DNI. El bo s&#8217;ha de sol\u00b7licitar aqu\u00ed:\u00a0<a href=\"https:\/\/lotproductesmallorca.cat\/#form\" rel=\"nofollow\">https:\/\/lotproductesmallorca.cat\/#form<\/a><\/p>\n<p>El\u00a0<strong>lot\u00a0<\/strong>cont\u00e9 vint-i-dos productes elaborats a l\u2019illa i est\u00e0\u00a0<strong>valorat en 153 euros<\/strong>. Els productes formen part de les diferents denominacions d\u2019origen presents a Mallorca (tant d\u2019oli com de vi), de la IGP Sobrassada de Mallorca, dels productors ecol\u00f2gics o professionals de l\u2019artesania amb carta acreditada.<\/p>\n<p>Hi participen catorze cooperatives, vuit botigues de la Fundaci\u00f3 Deixalles i vint-i-quatre botigues de productors (una vinoteca, un celler i 22 botigues d\u2019Agromart), que es poden consultar a\u00a0<a href=\"https:\/\/lotproductesmallorca.cat\/comercos\" rel=\"nofollow\">https:\/\/lotproductesmallorca.cat\/comercos<\/a>.<\/p>\n<p>El contingut dels lots \u00e9s el seg\u00fcent:<\/p>\n<ul>\n<li>Una greixonera de test artesana d\u2019entre 25 i 30 cm de di\u00e0metre<\/li>\n<li>Una botella de vi de la IGP Vi de la Terra de 75 cl<\/li>\n<li>Un pot de ciurons ecol\u00f2gics de 350 g<\/li>\n<li>Un pot de confitura ecol\u00f2gica de 250 g<\/li>\n<li>Una sobrassada de la IGP Sobrassada de Mallorca d\u2019entre 600 i 800 g<\/li>\n<li>Un paquet de neules artesanes de 150 g<\/li>\n<li>Una botella d\u2019herbes artesanes de 70 cl<\/li>\n<li>Una pedra de sab\u00f3 artes\u00e0 de 90 g<\/li>\n<li>Un bossa de roba de tela de lleng\u00fces artesana de 39 x 40 cm<\/li>\n<li>Una botella de vi de la DO Pla i Llevant de 75 cl<\/li>\n<li>Una botella de vi de la DO Binissalem de 75 cl<\/li>\n<li>Una bossa d\u2019ametles de la IGP Ametlla de Mallorca de 500 g<\/li>\n<li>Una botella d\u2019oli de la DO Oli de Mallorca de 500 ml<\/li>\n<li>Un siurell<\/li>\n<li>Un pot de salsa de garrova ecol\u00f2gica de 350 g<\/li>\n<li>Un pot de flor de sal ecol\u00f2gica de 50 g<\/li>\n<li>Un pot d\u2019olives de la DO Oli de Mallorca de 200 g<\/li>\n<li>Un producte ecol\u00f2gic derivat de la tom\u00e0tiga de ramellet mallorquina<\/li>\n<li>Un paquet de galetes artesanes de 250 g<\/li>\n<li>Un formatge artes\u00e0 de 350 g<\/li>\n<li>Una botella de salsa coenta artesana de 100 ml o de confitura artesana de 400 g<\/li>\n<li>Un gat\u00f3 d\u2019ametla de l\u2019Associaci\u00f3 de Forners i Pastissers Artesans de Mallorca de 500 g<\/li>\n<\/ul>\n<p>Catalina Cladera ha explicat que &#8222;\u00e9s una campanya diferent, amb la qual volem augmentar sensibilitat del consumidor respecte el producte de Mallorca, que cada es vegada valora m\u00e9s i dinamitzar-ne la venda. Es tracta de refor\u00e7ar entre tots la ind\u00fastria agroaliment\u00e0ria, productors i establiments locals, que han demostrat estar a l&#8217;al\u00e7ada durant aquesta crisi i tamb\u00e9 premiar els consumidors que aposten per producte de Mallorca&#8220;.<\/p>\n<p>Isabel Vicens, gerent d\u2019Agromallorca, ha remarcat que &#8222;els productors mallorquins i la ind\u00fastria agroaliment\u00e0ria necessitam aquest suport, necessitam que tant les institucions com els consumidors finals ens ajudin a potenciar la venda. Per aix\u00f2 aquestes iniciatives s\u00f3n tan importants&#8220;. A m\u00e9s, ha posat de relleu que es compti amb les cooperatives, denominacions d\u2019origen i marques de garantia perqu\u00e8 el client conegui el producte d\u2019aqu\u00ed. A m\u00e9s, ha remarcat que, aix\u00ed com treballen les mateixes cooperatives, \u00abs\u2019ha de cooperar i compartir entre tots\u00bb.<\/p>\n","protected":false},"excerpt":{"rendered":"<p>Amb la voluntat de reactivar l\u2019economia, el Consell de Mallorca ha posat en circulaci\u00f3 4.778 bons&hellip;<\/p>\n","protected":false},"author":1,"featured_media":58194,"comment_status":"open","ping_status":"closed","sticky":false,"template":"","format":"gallery","meta":{"_acf_changed":false,"_swt_meta_header_display":false,"_swt_meta_footer_display":false,"_swt_meta_site_title_display":false,"_swt_meta_sticky_header":false,"_swt_meta_transparent_header":false,"footnotes":""},"categories":[1050,1476],"tags":[],"coauthors":[],"class_list":["post-58192","post","type-post","status-publish","format-gallery","has-post-thumbnail","hentry","category-actualitat-es-de","category-reportatges-i-novetats-de","post_format-post-format-gallery"],"acf":{"gallery":null,"home_date":{"home_begin_date":null,"home_end_date":null}},"yoast_head":"<!-- This site is optimized with the Yoast SEO plugin v27.4 - https:\/\/yoast.com\/product\/yoast-seo-wordpress\/ -->\n<title>El Consell de Mallorca regala lots de producte local - Gastron\u00f2micament<\/title>\n<meta name=\"description\" content=\"El Consell de Mallorca regala lots de producte local Actualitat, Reportatges i novetats Amb la voluntat de reactivar l\u2019economia, el Consell de Mallorca ha posat en circulaci\u00f3 4.778 bons de regal que es podran bescanviar per un lot de vint-i-dos productes de Mallorca quan es faci una despesa m\u00ednima en un dels establiments adherits\" \/>\n<meta name=\"robots\" content=\"index, follow, max-snippet:-1, max-image-preview:large, max-video-preview:-1\" \/>\n<link rel=\"canonical\" href=\"https:\/\/gastronomicament.cat\/de\/el-consell-de-mallorca-regala-lots-de-producte-local\" \/>\n<meta property=\"og:locale\" content=\"de_DE\" \/>\n<meta property=\"og:type\" content=\"article\" \/>\n<meta property=\"og:title\" content=\"El Consell de Mallorca regala lots de producte local - Gastron\u00f2micament\" \/>\n<meta property=\"og:description\" content=\"El Consell de Mallorca regala lots de producte local Actualitat, Reportatges i novetats Amb la voluntat de reactivar l\u2019economia, el Consell de Mallorca ha posat en circulaci\u00f3 4.778 bons de regal que es podran bescanviar per un lot de vint-i-dos productes de Mallorca quan es faci una despesa m\u00ednima en un dels establiments adherits\" \/>\n<meta property=\"og:url\" content=\"https:\/\/gastronomicament.cat\/de\/el-consell-de-mallorca-regala-lots-de-producte-local\" \/>\n<meta property=\"og:site_name\" content=\"Gastron\u00f2micament\" \/>\n<meta property=\"article:published_time\" content=\"2021-07-13T20:34:54+00:00\" \/>\n<meta property=\"og:image\" content=\"https:\/\/gastronomicament.cat\/wp-content\/uploads\/2021\/07\/Regal-lot-de-productes-Consell-de-Mallorca-1.jpg\" \/>\n\t<meta property=\"og:image:width\" content=\"1063\" \/>\n\t<meta property=\"og:image:height\" content=\"708\" \/>\n\t<meta property=\"og:image:type\" content=\"image\/jpeg\" \/>\n<meta name=\"author\" content=\"Redacci\u00f3\" \/>\n<meta name=\"twitter:card\" content=\"summary_large_image\" \/>\n<meta name=\"twitter:creator\" content=\"@gastronomicamen\" \/>\n<meta name=\"twitter:site\" content=\"@gastronomicamen\" \/>\n<meta name=\"twitter:label1\" content=\"Verfasst von\" \/>\n\t<meta name=\"twitter:data1\" content=\"Redacci\u00f3\" \/>\n\t<meta name=\"twitter:label2\" content=\"Gesch\u00e4tzte Lesezeit\" \/>\n\t<meta name=\"twitter:data2\" content=\"4\u00a0Minuten\" \/>\n\t<meta name=\"twitter:label3\" content=\"Written by\" \/>\n\t<meta name=\"twitter:data3\" content=\"Redacci\u00f3\" \/>\n<script type=\"application\/ld+json\" class=\"yoast-schema-graph\">{\"@context\":\"https:\\\/\\\/schema.org\",\"@graph\":[{\"@type\":\"Article\",\"@id\":\"https:\\\/\\\/gastronomicament.cat\\\/de\\\/el-consell-de-mallorca-regala-lots-de-producte-local#article\",\"isPartOf\":{\"@id\":\"https:\\\/\\\/gastronomicament.cat\\\/de\\\/el-consell-de-mallorca-regala-lots-de-producte-local\"},\"author\":{\"name\":\"Redacci\u00f3\",\"@id\":\"https:\\\/\\\/gastronomicament.cat\\\/de\\\/#\\\/schema\\\/person\\\/a7c85c537a1ed62799a5b8e0f686a37f\"},\"headline\":\"El Consell de Mallorca regala lots de producte local\",\"datePublished\":\"2021-07-13T20:34:54+00:00\",\"mainEntityOfPage\":{\"@id\":\"https:\\\/\\\/gastronomicament.cat\\\/de\\\/el-consell-de-mallorca-regala-lots-de-producte-local\"},\"wordCount\":796,\"commentCount\":0,\"publisher\":{\"@id\":\"https:\\\/\\\/gastronomicament.cat\\\/de\\\/#organization\"},\"image\":{\"@id\":\"https:\\\/\\\/gastronomicament.cat\\\/de\\\/el-consell-de-mallorca-regala-lots-de-producte-local#primaryimage\"},\"thumbnailUrl\":\"https:\\\/\\\/gastronomicament.cat\\\/wp-content\\\/uploads\\\/2021\\\/07\\\/Regal-lot-de-productes-Consell-de-Mallorca-1.jpg\",\"articleSection\":[\"Actualitat\",\"Reportatges i novetats\"],\"inLanguage\":\"de\",\"potentialAction\":[{\"@type\":\"CommentAction\",\"name\":\"Comment\",\"target\":[\"https:\\\/\\\/gastronomicament.cat\\\/de\\\/el-consell-de-mallorca-regala-lots-de-producte-local#respond\"]}]},{\"@type\":\"WebPage\",\"@id\":\"https:\\\/\\\/gastronomicament.cat\\\/de\\\/el-consell-de-mallorca-regala-lots-de-producte-local\",\"url\":\"https:\\\/\\\/gastronomicament.cat\\\/de\\\/el-consell-de-mallorca-regala-lots-de-producte-local\",\"name\":\"El Consell de Mallorca regala lots de producte local - Gastron\u00f2micament\",\"isPartOf\":{\"@id\":\"https:\\\/\\\/gastronomicament.cat\\\/de\\\/#website\"},\"primaryImageOfPage\":{\"@id\":\"https:\\\/\\\/gastronomicament.cat\\\/de\\\/el-consell-de-mallorca-regala-lots-de-producte-local#primaryimage\"},\"image\":{\"@id\":\"https:\\\/\\\/gastronomicament.cat\\\/de\\\/el-consell-de-mallorca-regala-lots-de-producte-local#primaryimage\"},\"thumbnailUrl\":\"https:\\\/\\\/gastronomicament.cat\\\/wp-content\\\/uploads\\\/2021\\\/07\\\/Regal-lot-de-productes-Consell-de-Mallorca-1.jpg\",\"datePublished\":\"2021-07-13T20:34:54+00:00\",\"description\":\"El Consell de Mallorca regala lots de producte local Actualitat, Reportatges i novetats Amb la voluntat de reactivar l\u2019economia, el Consell de Mallorca ha posat en circulaci\u00f3 4.778 bons de regal que es podran bescanviar per un lot de vint-i-dos productes de Mallorca quan es faci una despesa m\u00ednima en un dels establiments adherits\",\"inLanguage\":\"de\",\"potentialAction\":[{\"@type\":\"ReadAction\",\"target\":[\"https:\\\/\\\/gastronomicament.cat\\\/de\\\/el-consell-de-mallorca-regala-lots-de-producte-local\"]}]},{\"@type\":\"ImageObject\",\"inLanguage\":\"de\",\"@id\":\"https:\\\/\\\/gastronomicament.cat\\\/de\\\/el-consell-de-mallorca-regala-lots-de-producte-local#primaryimage\",\"url\":\"https:\\\/\\\/gastronomicament.cat\\\/wp-content\\\/uploads\\\/2021\\\/07\\\/Regal-lot-de-productes-Consell-de-Mallorca-1.jpg\",\"contentUrl\":\"https:\\\/\\\/gastronomicament.cat\\\/wp-content\\\/uploads\\\/2021\\\/07\\\/Regal-lot-de-productes-Consell-de-Mallorca-1.jpg\",\"width\":1063,\"height\":708},{\"@type\":\"WebSite\",\"@id\":\"https:\\\/\\\/gastronomicament.cat\\\/de\\\/#website\",\"url\":\"https:\\\/\\\/gastronomicament.cat\\\/de\\\/\",\"name\":\"Gastron\u00f2micament\",\"description\":\"Portal de restaurants, receptes i actualitat gastron\u00f2mica\",\"publisher\":{\"@id\":\"https:\\\/\\\/gastronomicament.cat\\\/de\\\/#organization\"},\"potentialAction\":[{\"@type\":\"SearchAction\",\"target\":{\"@type\":\"EntryPoint\",\"urlTemplate\":\"https:\\\/\\\/gastronomicament.cat\\\/de\\\/?s={search_term_string}\"},\"query-input\":{\"@type\":\"PropertyValueSpecification\",\"valueRequired\":true,\"valueName\":\"search_term_string\"}}],\"inLanguage\":\"de\"},{\"@type\":\"Organization\",\"@id\":\"https:\\\/\\\/gastronomicament.cat\\\/de\\\/#organization\",\"name\":\"Gastron\u00f2micament\",\"url\":\"https:\\\/\\\/gastronomicament.cat\\\/de\\\/\",\"logo\":{\"@type\":\"ImageObject\",\"inLanguage\":\"de\",\"@id\":\"https:\\\/\\\/gastronomicament.cat\\\/de\\\/#\\\/schema\\\/logo\\\/image\\\/\",\"url\":\"https:\\\/\\\/gastronomicament.cat\\\/wp-content\\\/uploads\\\/2016\\\/09\\\/header-logo.jpg\",\"contentUrl\":\"https:\\\/\\\/gastronomicament.cat\\\/wp-content\\\/uploads\\\/2016\\\/09\\\/header-logo.jpg\",\"width\":277,\"height\":39,\"caption\":\"Gastron\u00f2micament\"},\"image\":{\"@id\":\"https:\\\/\\\/gastronomicament.cat\\\/de\\\/#\\\/schema\\\/logo\\\/image\\\/\"},\"sameAs\":[\"https:\\\/\\\/x.com\\\/gastronomicamen\"]},{\"@type\":\"Person\",\"@id\":\"https:\\\/\\\/gastronomicament.cat\\\/de\\\/#\\\/schema\\\/person\\\/a7c85c537a1ed62799a5b8e0f686a37f\",\"name\":\"Redacci\u00f3\",\"image\":{\"@type\":\"ImageObject\",\"inLanguage\":\"de\",\"@id\":\"https:\\\/\\\/secure.gravatar.com\\\/avatar\\\/9489a485c464fd611d33825daae651d13db70c4e74c65c94937a15a9d4c3ee14?s=96&d=mm&r=g69fea3cce3645dfa2166e7293e22955e\",\"url\":\"https:\\\/\\\/secure.gravatar.com\\\/avatar\\\/9489a485c464fd611d33825daae651d13db70c4e74c65c94937a15a9d4c3ee14?s=96&d=mm&r=g\",\"contentUrl\":\"https:\\\/\\\/secure.gravatar.com\\\/avatar\\\/9489a485c464fd611d33825daae651d13db70c4e74c65c94937a15a9d4c3ee14?s=96&d=mm&r=g\",\"caption\":\"Redacci\u00f3\"},\"sameAs\":[\"http:\\\/\\\/gastronomicament.cat\"],\"url\":\"https:\\\/\\\/gastronomicament.cat\\\/de\\\/author\\\/admin\"}]}<\/script>\n<!-- \/ Yoast SEO plugin. -->","yoast_head_json":{"title":"El Consell de Mallorca regala lots de producte local - Gastron\u00f2micament","description":"El Consell de Mallorca regala lots de producte local Actualitat, Reportatges i novetats Amb la voluntat de reactivar l\u2019economia, el Consell de Mallorca ha posat en circulaci\u00f3 4.778 bons de regal que es podran bescanviar per un lot de vint-i-dos productes de Mallorca quan es faci una despesa m\u00ednima en un dels establiments adherits","robots":{"index":"index","follow":"follow","max-snippet":"max-snippet:-1","max-image-preview":"max-image-preview:large","max-video-preview":"max-video-preview:-1"},"canonical":"https:\/\/gastronomicament.cat\/de\/el-consell-de-mallorca-regala-lots-de-producte-local","og_locale":"de_DE","og_type":"article","og_title":"El Consell de Mallorca regala lots de producte local - Gastron\u00f2micament","og_description":"El Consell de Mallorca regala lots de producte local Actualitat, Reportatges i novetats Amb la voluntat de reactivar l\u2019economia, el Consell de Mallorca ha posat en circulaci\u00f3 4.778 bons de regal que es podran bescanviar per un lot de vint-i-dos productes de Mallorca quan es faci una despesa m\u00ednima en un dels establiments adherits","og_url":"https:\/\/gastronomicament.cat\/de\/el-consell-de-mallorca-regala-lots-de-producte-local","og_site_name":"Gastron\u00f2micament","article_published_time":"2021-07-13T20:34:54+00:00","og_image":[{"width":1063,"height":708,"url":"https:\/\/gastronomicament.cat\/wp-content\/uploads\/2021\/07\/Regal-lot-de-productes-Consell-de-Mallorca-1.jpg","type":"image\/jpeg"}],"author":"Redacci\u00f3","twitter_card":"summary_large_image","twitter_creator":"@gastronomicamen","twitter_site":"@gastronomicamen","twitter_misc":{"Verfasst von":"Redacci\u00f3","Gesch\u00e4tzte Lesezeit":"4\u00a0Minuten","Written by":"Redacci\u00f3"},"schema":{"@context":"https:\/\/schema.org","@graph":[{"@type":"Article","@id":"https:\/\/gastronomicament.cat\/de\/el-consell-de-mallorca-regala-lots-de-producte-local#article","isPartOf":{"@id":"https:\/\/gastronomicament.cat\/de\/el-consell-de-mallorca-regala-lots-de-producte-local"},"author":{"name":"Redacci\u00f3","@id":"https:\/\/gastronomicament.cat\/de\/#\/schema\/person\/a7c85c537a1ed62799a5b8e0f686a37f"},"headline":"El Consell de Mallorca regala lots de producte local","datePublished":"2021-07-13T20:34:54+00:00","mainEntityOfPage":{"@id":"https:\/\/gastronomicament.cat\/de\/el-consell-de-mallorca-regala-lots-de-producte-local"},"wordCount":796,"commentCount":0,"publisher":{"@id":"https:\/\/gastronomicament.cat\/de\/#organization"},"image":{"@id":"https:\/\/gastronomicament.cat\/de\/el-consell-de-mallorca-regala-lots-de-producte-local#primaryimage"},"thumbnailUrl":"https:\/\/gastronomicament.cat\/wp-content\/uploads\/2021\/07\/Regal-lot-de-productes-Consell-de-Mallorca-1.jpg","articleSection":["Actualitat","Reportatges i novetats"],"inLanguage":"de","potentialAction":[{"@type":"CommentAction","name":"Comment","target":["https:\/\/gastronomicament.cat\/de\/el-consell-de-mallorca-regala-lots-de-producte-local#respond"]}]},{"@type":"WebPage","@id":"https:\/\/gastronomicament.cat\/de\/el-consell-de-mallorca-regala-lots-de-producte-local","url":"https:\/\/gastronomicament.cat\/de\/el-consell-de-mallorca-regala-lots-de-producte-local","name":"El Consell de Mallorca regala lots de producte local - Gastron\u00f2micament","isPartOf":{"@id":"https:\/\/gastronomicament.cat\/de\/#website"},"primaryImageOfPage":{"@id":"https:\/\/gastronomicament.cat\/de\/el-consell-de-mallorca-regala-lots-de-producte-local#primaryimage"},"image":{"@id":"https:\/\/gastronomicament.cat\/de\/el-consell-de-mallorca-regala-lots-de-producte-local#primaryimage"},"thumbnailUrl":"https:\/\/gastronomicament.cat\/wp-content\/uploads\/2021\/07\/Regal-lot-de-productes-Consell-de-Mallorca-1.jpg","datePublished":"2021-07-13T20:34:54+00:00","description":"El Consell de Mallorca regala lots de producte local Actualitat, Reportatges i novetats Amb la voluntat de reactivar l\u2019economia, el Consell de Mallorca ha posat en circulaci\u00f3 4.778 bons de regal que es podran bescanviar per un lot de vint-i-dos productes de Mallorca quan es faci una despesa m\u00ednima en un dels establiments adherits","inLanguage":"de","potentialAction":[{"@type":"ReadAction","target":["https:\/\/gastronomicament.cat\/de\/el-consell-de-mallorca-regala-lots-de-producte-local"]}]},{"@type":"ImageObject","inLanguage":"de","@id":"https:\/\/gastronomicament.cat\/de\/el-consell-de-mallorca-regala-lots-de-producte-local#primaryimage","url":"https:\/\/gastronomicament.cat\/wp-content\/uploads\/2021\/07\/Regal-lot-de-productes-Consell-de-Mallorca-1.jpg","contentUrl":"https:\/\/gastronomicament.cat\/wp-content\/uploads\/2021\/07\/Regal-lot-de-productes-Consell-de-Mallorca-1.jpg","width":1063,"height":708},{"@type":"WebSite","@id":"https:\/\/gastronomicament.cat\/de\/#website","url":"https:\/\/gastronomicament.cat\/de\/","name":"Gastron\u00f2micament","description":"Portal de restaurants, receptes i actualitat gastron\u00f2mica","publisher":{"@id":"https:\/\/gastronomicament.cat\/de\/#organization"},"potentialAction":[{"@type":"SearchAction","target":{"@type":"EntryPoint","urlTemplate":"https:\/\/gastronomicament.cat\/de\/?s={search_term_string}"},"query-input":{"@type":"PropertyValueSpecification","valueRequired":true,"valueName":"search_term_string"}}],"inLanguage":"de"},{"@type":"Organization","@id":"https:\/\/gastronomicament.cat\/de\/#organization","name":"Gastron\u00f2micament","url":"https:\/\/gastronomicament.cat\/de\/","logo":{"@type":"ImageObject","inLanguage":"de","@id":"https:\/\/gastronomicament.cat\/de\/#\/schema\/logo\/image\/","url":"https:\/\/gastronomicament.cat\/wp-content\/uploads\/2016\/09\/header-logo.jpg","contentUrl":"https:\/\/gastronomicament.cat\/wp-content\/uploads\/2016\/09\/header-logo.jpg","width":277,"height":39,"caption":"Gastron\u00f2micament"},"image":{"@id":"https:\/\/gastronomicament.cat\/de\/#\/schema\/logo\/image\/"},"sameAs":["https:\/\/x.com\/gastronomicamen"]},{"@type":"Person","@id":"https:\/\/gastronomicament.cat\/de\/#\/schema\/person\/a7c85c537a1ed62799a5b8e0f686a37f","name":"Redacci\u00f3","image":{"@type":"ImageObject","inLanguage":"de","@id":"https:\/\/secure.gravatar.com\/avatar\/9489a485c464fd611d33825daae651d13db70c4e74c65c94937a15a9d4c3ee14?s=96&d=mm&r=g69fea3cce3645dfa2166e7293e22955e","url":"https:\/\/secure.gravatar.com\/avatar\/9489a485c464fd611d33825daae651d13db70c4e74c65c94937a15a9d4c3ee14?s=96&d=mm&r=g","contentUrl":"https:\/\/secure.gravatar.com\/avatar\/9489a485c464fd611d33825daae651d13db70c4e74c65c94937a15a9d4c3ee14?s=96&d=mm&r=g","caption":"Redacci\u00f3"},"sameAs":["http:\/\/gastronomicament.cat"],"url":"https:\/\/gastronomicament.cat\/de\/author\/admin"}]}},"_links":{"self":[{"href":"https:\/\/gastronomicament.cat\/de\/wp-json\/wp\/v2\/posts\/58192","targetHints":{"allow":["GET"]}}],"collection":[{"href":"https:\/\/gastronomicament.cat\/de\/wp-json\/wp\/v2\/posts"}],"about":[{"href":"https:\/\/gastronomicament.cat\/de\/wp-json\/wp\/v2\/types\/post"}],"author":[{"embeddable":true,"href":"https:\/\/gastronomicament.cat\/de\/wp-json\/wp\/v2\/users\/1"}],"replies":[{"embeddable":true,"href":"https:\/\/gastronomicament.cat\/de\/wp-json\/wp\/v2\/comments?post=58192"}],"version-history":[{"count":0,"href":"https:\/\/gastronomicament.cat\/de\/wp-json\/wp\/v2\/posts\/58192\/revisions"}],"wp:featuredmedia":[{"embeddable":true,"href":"https:\/\/gastronomicament.cat\/de\/wp-json\/wp\/v2\/media\/58194"}],"wp:attachment":[{"href":"https:\/\/gastronomicament.cat\/de\/wp-json\/wp\/v2\/media?parent=58192"}],"wp:term":[{"taxonomy":"category","embeddable":true,"href":"https:\/\/gastronomicament.cat\/de\/wp-json\/wp\/v2\/categories?post=58192"},{"taxonomy":"post_tag","embeddable":true,"href":"https:\/\/gastronomicament.cat\/de\/wp-json\/wp\/v2\/tags?post=58192"},{"taxonomy":"author","embeddable":true,"href":"https:\/\/gastronomicament.cat\/de\/wp-json\/wp\/v2\/coauthors?post=58192"}],"curies":[{"name":"wp","href":"https:\/\/api.w.org\/{rel}","templated":true}]}}