{"id":59358,"date":"2020-12-28T17:59:59","date_gmt":"2020-12-28T16:59:59","guid":{"rendered":"https:\/\/gastronomicament.cat\/convocatoria-urgent-dajuts-per-a-bars-i-restaurants-de-mallorca"},"modified":"2020-12-28T17:59:59","modified_gmt":"2020-12-28T16:59:59","slug":"convocatoria-urgent-dajuts-per-a-bars-i-restaurants-de-mallorca","status":"publish","type":"post","link":"https:\/\/gastronomicament.cat\/de\/convocatoria-urgent-dajuts-per-a-bars-i-restaurants-de-mallorca","title":{"rendered":"Convocat\u00f2ria urgent d&#8217;ajuts per a bars i restaurants de Mallorca"},"content":{"rendered":"<p>El Consell de Mallorca i el Govern de les Illes Balears han obert una convocat\u00f2ria extraordin\u00e0ria d\u2019<strong>ajuts<\/strong>\u00a0per pal\u00b7liar els efectes de la covid-19 en el\u00a0<strong>sector de la restauraci\u00f3\u00a0<\/strong>de l&#8217;illa. Catalina Cladera, presidenta del Consell de Mallorca, ha comentat que &#8222;\u00e9s imprescindible ajudar els bars i restaurants de les Illes Balears, amb la qual cosa protegim tamb\u00e9 la nostra economia&#8220;.<\/p>\n<p><strong>Destinataris i ajudes<\/strong><\/p>\n<p>S&#8217;hi poden acollir els establiments de restauraci\u00f3 que romanguin oberts aquest mes de desembre; o b\u00e9, els que aquest mes hagin estat oberts i hagin hagut de tancar per no poder fer front a les restriccions del nivell 4 d&#8217;alerta per la covid-19. Cada beneficiari pot accedir a una ajuda de 1.500 euros i, en el cas de tenir m\u00e9s d&#8217;un negoci de restauraci\u00f3, fins a un m\u00e0xim de dues, \u00e9s a dir, 3.000 euros.<\/p>\n<p>El pressupost destinat a aquesta convocat\u00f2ria \u00e9s de 5 milions d&#8217;euros, aportats al 50% pel Consell de Mallorca i pel Govern de les Illes Balears. El\u00a0<strong>termini per sol\u00b7licitar-los acaba el 28 de febrer de 2021<\/strong>.<\/p>\n<p>Cladera tamb\u00e9\u00a0ha\u00a0explicat que aquesta convocat\u00f2ria urgent de subvencions &#8222;ha de ser \u00e0gil i r\u00e0pida per facilitar l&#8217;acc\u00e9s als ajuts. Per aix\u00f2 hem posat en marxa una plataforma en l\u00ednia, \u00e0gil i intu\u00eftiva des d\u2019on tramitar l&#8217;ajut de manera electr\u00f2nica i simplificada&#8220;. Per aix\u00f2,\u00a0<strong>el proc\u00e9s de sol\u00b7licitud es far\u00e0 per registre electr\u00f2nic a<\/strong>\u00a0trav\u00e9s del web\u00a0<strong><a href=\"https:\/\/restauracio.fundaciomallorcaturisme.net\/\" rel=\"nofollow\">https:\/\/restauracio.fundaciomallorcaturisme.net<\/a><\/strong><\/p>\n","protected":false},"excerpt":{"rendered":"<p>El Consell de Mallorca i el Govern de les Illes Balears han obert una convocat\u00f2ria extraordin\u00e0ria&hellip;<\/p>\n","protected":false},"author":1,"featured_media":59359,"comment_status":"open","ping_status":"closed","sticky":false,"template":"","format":"standard","meta":{"_acf_changed":false,"_swt_meta_header_display":false,"_swt_meta_footer_display":false,"_swt_meta_site_title_display":false,"_swt_meta_sticky_header":false,"_swt_meta_transparent_header":false,"footnotes":""},"categories":[1050,1476],"tags":[],"coauthors":[],"class_list":["post-59358","post","type-post","status-publish","format-standard","has-post-thumbnail","hentry","category-actualitat-es-de","category-reportatges-i-novetats-de"],"acf":{"gallery":null,"home_date":{"home_begin_date":null,"home_end_date":null}},"yoast_head":"<!-- This site is optimized with the Yoast SEO plugin v27.4 - https:\/\/yoast.com\/product\/yoast-seo-wordpress\/ -->\n<title>Convocat\u00f2ria urgent d&#039;ajuts per a bars i restaurants de Mallorca - Gastron\u00f2micament<\/title>\n<meta name=\"description\" content=\"Convocat\u00f2ria urgent d&#039;ajuts per a bars i restaurants de Mallorca Actualitat, Reportatges i novetats El Consell de Mallorca i el Govern de les Illes Balears han obert una convocat\u00f2ria extraordin\u00e0ria d\u2019ajuts\u00a0per pal\u00b7liar els efectes de la covid-19 en el\u00a0sector de la restauraci\u00f3\" \/>\n<meta name=\"robots\" content=\"index, follow, max-snippet:-1, max-image-preview:large, max-video-preview:-1\" \/>\n<link rel=\"canonical\" href=\"https:\/\/gastronomicament.cat\/de\/convocatoria-urgent-dajuts-per-a-bars-i-restaurants-de-mallorca\" \/>\n<meta property=\"og:locale\" content=\"de_DE\" \/>\n<meta property=\"og:type\" content=\"article\" \/>\n<meta property=\"og:title\" content=\"Convocat\u00f2ria urgent d&#039;ajuts per a bars i restaurants de Mallorca - Gastron\u00f2micament\" \/>\n<meta property=\"og:description\" content=\"Convocat\u00f2ria urgent d&#039;ajuts per a bars i restaurants de Mallorca Actualitat, Reportatges i novetats El Consell de Mallorca i el Govern de les Illes Balears han obert una convocat\u00f2ria extraordin\u00e0ria d\u2019ajuts\u00a0per pal\u00b7liar els efectes de la covid-19 en el\u00a0sector de la restauraci\u00f3\" \/>\n<meta property=\"og:url\" content=\"https:\/\/gastronomicament.cat\/de\/convocatoria-urgent-dajuts-per-a-bars-i-restaurants-de-mallorca\" \/>\n<meta property=\"og:site_name\" content=\"Gastron\u00f2micament\" \/>\n<meta property=\"article:published_time\" content=\"2020-12-28T16:59:59+00:00\" \/>\n<meta property=\"og:image\" content=\"https:\/\/gastronomicament.cat\/wp-content\/uploads\/2020\/12\/Ajuts-restauracio-Consell-de-Mallorca-bars-i-restaurants.jpg\" \/>\n\t<meta property=\"og:image:width\" content=\"1062\" \/>\n\t<meta property=\"og:image:height\" content=\"606\" \/>\n\t<meta property=\"og:image:type\" content=\"image\/jpeg\" \/>\n<meta name=\"author\" content=\"Redacci\u00f3\" \/>\n<meta name=\"twitter:card\" content=\"summary_large_image\" \/>\n<meta name=\"twitter:creator\" content=\"@gastronomicamen\" \/>\n<meta name=\"twitter:site\" content=\"@gastronomicamen\" \/>\n<meta name=\"twitter:label1\" content=\"Verfasst von\" \/>\n\t<meta name=\"twitter:data1\" content=\"Redacci\u00f3\" \/>\n\t<meta name=\"twitter:label2\" content=\"Gesch\u00e4tzte Lesezeit\" \/>\n\t<meta name=\"twitter:data2\" content=\"1\u00a0Minute\" \/>\n\t<meta name=\"twitter:label3\" content=\"Written by\" \/>\n\t<meta name=\"twitter:data3\" content=\"Redacci\u00f3\" \/>\n<script type=\"application\/ld+json\" class=\"yoast-schema-graph\">{\"@context\":\"https:\\\/\\\/schema.org\",\"@graph\":[{\"@type\":\"Article\",\"@id\":\"https:\\\/\\\/gastronomicament.cat\\\/de\\\/convocatoria-urgent-dajuts-per-a-bars-i-restaurants-de-mallorca#article\",\"isPartOf\":{\"@id\":\"https:\\\/\\\/gastronomicament.cat\\\/de\\\/convocatoria-urgent-dajuts-per-a-bars-i-restaurants-de-mallorca\"},\"author\":{\"name\":\"Redacci\u00f3\",\"@id\":\"https:\\\/\\\/gastronomicament.cat\\\/de\\\/#\\\/schema\\\/person\\\/a7c85c537a1ed62799a5b8e0f686a37f\"},\"headline\":\"Convocat\u00f2ria urgent d&#8217;ajuts per a bars i restaurants de Mallorca\",\"datePublished\":\"2020-12-28T16:59:59+00:00\",\"mainEntityOfPage\":{\"@id\":\"https:\\\/\\\/gastronomicament.cat\\\/de\\\/convocatoria-urgent-dajuts-per-a-bars-i-restaurants-de-mallorca\"},\"wordCount\":261,\"commentCount\":0,\"publisher\":{\"@id\":\"https:\\\/\\\/gastronomicament.cat\\\/de\\\/#organization\"},\"image\":{\"@id\":\"https:\\\/\\\/gastronomicament.cat\\\/de\\\/convocatoria-urgent-dajuts-per-a-bars-i-restaurants-de-mallorca#primaryimage\"},\"thumbnailUrl\":\"https:\\\/\\\/gastronomicament.cat\\\/wp-content\\\/uploads\\\/2020\\\/12\\\/Ajuts-restauracio-Consell-de-Mallorca-bars-i-restaurants.jpg\",\"articleSection\":[\"Actualitat\",\"Reportatges i novetats\"],\"inLanguage\":\"de\",\"potentialAction\":[{\"@type\":\"CommentAction\",\"name\":\"Comment\",\"target\":[\"https:\\\/\\\/gastronomicament.cat\\\/de\\\/convocatoria-urgent-dajuts-per-a-bars-i-restaurants-de-mallorca#respond\"]}]},{\"@type\":\"WebPage\",\"@id\":\"https:\\\/\\\/gastronomicament.cat\\\/de\\\/convocatoria-urgent-dajuts-per-a-bars-i-restaurants-de-mallorca\",\"url\":\"https:\\\/\\\/gastronomicament.cat\\\/de\\\/convocatoria-urgent-dajuts-per-a-bars-i-restaurants-de-mallorca\",\"name\":\"Convocat\u00f2ria urgent d'ajuts per a bars i restaurants de Mallorca - Gastron\u00f2micament\",\"isPartOf\":{\"@id\":\"https:\\\/\\\/gastronomicament.cat\\\/de\\\/#website\"},\"primaryImageOfPage\":{\"@id\":\"https:\\\/\\\/gastronomicament.cat\\\/de\\\/convocatoria-urgent-dajuts-per-a-bars-i-restaurants-de-mallorca#primaryimage\"},\"image\":{\"@id\":\"https:\\\/\\\/gastronomicament.cat\\\/de\\\/convocatoria-urgent-dajuts-per-a-bars-i-restaurants-de-mallorca#primaryimage\"},\"thumbnailUrl\":\"https:\\\/\\\/gastronomicament.cat\\\/wp-content\\\/uploads\\\/2020\\\/12\\\/Ajuts-restauracio-Consell-de-Mallorca-bars-i-restaurants.jpg\",\"datePublished\":\"2020-12-28T16:59:59+00:00\",\"description\":\"Convocat\u00f2ria urgent d'ajuts per a bars i restaurants de Mallorca Actualitat, Reportatges i novetats El Consell de Mallorca i el Govern de les Illes Balears han obert una convocat\u00f2ria extraordin\u00e0ria d\u2019ajuts\u00a0per pal\u00b7liar els efectes de la covid-19 en el\u00a0sector de la restauraci\u00f3\",\"inLanguage\":\"de\",\"potentialAction\":[{\"@type\":\"ReadAction\",\"target\":[\"https:\\\/\\\/gastronomicament.cat\\\/de\\\/convocatoria-urgent-dajuts-per-a-bars-i-restaurants-de-mallorca\"]}]},{\"@type\":\"ImageObject\",\"inLanguage\":\"de\",\"@id\":\"https:\\\/\\\/gastronomicament.cat\\\/de\\\/convocatoria-urgent-dajuts-per-a-bars-i-restaurants-de-mallorca#primaryimage\",\"url\":\"https:\\\/\\\/gastronomicament.cat\\\/wp-content\\\/uploads\\\/2020\\\/12\\\/Ajuts-restauracio-Consell-de-Mallorca-bars-i-restaurants.jpg\",\"contentUrl\":\"https:\\\/\\\/gastronomicament.cat\\\/wp-content\\\/uploads\\\/2020\\\/12\\\/Ajuts-restauracio-Consell-de-Mallorca-bars-i-restaurants.jpg\",\"width\":1062,\"height\":606},{\"@type\":\"WebSite\",\"@id\":\"https:\\\/\\\/gastronomicament.cat\\\/de\\\/#website\",\"url\":\"https:\\\/\\\/gastronomicament.cat\\\/de\\\/\",\"name\":\"Gastron\u00f2micament\",\"description\":\"Portal de restaurants, receptes i actualitat gastron\u00f2mica\",\"publisher\":{\"@id\":\"https:\\\/\\\/gastronomicament.cat\\\/de\\\/#organization\"},\"potentialAction\":[{\"@type\":\"SearchAction\",\"target\":{\"@type\":\"EntryPoint\",\"urlTemplate\":\"https:\\\/\\\/gastronomicament.cat\\\/de\\\/?s={search_term_string}\"},\"query-input\":{\"@type\":\"PropertyValueSpecification\",\"valueRequired\":true,\"valueName\":\"search_term_string\"}}],\"inLanguage\":\"de\"},{\"@type\":\"Organization\",\"@id\":\"https:\\\/\\\/gastronomicament.cat\\\/de\\\/#organization\",\"name\":\"Gastron\u00f2micament\",\"url\":\"https:\\\/\\\/gastronomicament.cat\\\/de\\\/\",\"logo\":{\"@type\":\"ImageObject\",\"inLanguage\":\"de\",\"@id\":\"https:\\\/\\\/gastronomicament.cat\\\/de\\\/#\\\/schema\\\/logo\\\/image\\\/\",\"url\":\"https:\\\/\\\/gastronomicament.cat\\\/wp-content\\\/uploads\\\/2016\\\/09\\\/header-logo.jpg\",\"contentUrl\":\"https:\\\/\\\/gastronomicament.cat\\\/wp-content\\\/uploads\\\/2016\\\/09\\\/header-logo.jpg\",\"width\":277,\"height\":39,\"caption\":\"Gastron\u00f2micament\"},\"image\":{\"@id\":\"https:\\\/\\\/gastronomicament.cat\\\/de\\\/#\\\/schema\\\/logo\\\/image\\\/\"},\"sameAs\":[\"https:\\\/\\\/x.com\\\/gastronomicamen\"]},{\"@type\":\"Person\",\"@id\":\"https:\\\/\\\/gastronomicament.cat\\\/de\\\/#\\\/schema\\\/person\\\/a7c85c537a1ed62799a5b8e0f686a37f\",\"name\":\"Redacci\u00f3\",\"image\":{\"@type\":\"ImageObject\",\"inLanguage\":\"de\",\"@id\":\"https:\\\/\\\/secure.gravatar.com\\\/avatar\\\/9489a485c464fd611d33825daae651d13db70c4e74c65c94937a15a9d4c3ee14?s=96&d=mm&r=g69fea3cce3645dfa2166e7293e22955e\",\"url\":\"https:\\\/\\\/secure.gravatar.com\\\/avatar\\\/9489a485c464fd611d33825daae651d13db70c4e74c65c94937a15a9d4c3ee14?s=96&d=mm&r=g\",\"contentUrl\":\"https:\\\/\\\/secure.gravatar.com\\\/avatar\\\/9489a485c464fd611d33825daae651d13db70c4e74c65c94937a15a9d4c3ee14?s=96&d=mm&r=g\",\"caption\":\"Redacci\u00f3\"},\"sameAs\":[\"http:\\\/\\\/gastronomicament.cat\"],\"url\":\"https:\\\/\\\/gastronomicament.cat\\\/de\\\/author\\\/admin\"}]}<\/script>\n<!-- \/ Yoast SEO plugin. -->","yoast_head_json":{"title":"Convocat\u00f2ria urgent d'ajuts per a bars i restaurants de Mallorca - Gastron\u00f2micament","description":"Convocat\u00f2ria urgent d'ajuts per a bars i restaurants de Mallorca Actualitat, Reportatges i novetats El Consell de Mallorca i el Govern de les Illes Balears han obert una convocat\u00f2ria extraordin\u00e0ria d\u2019ajuts\u00a0per pal\u00b7liar els efectes de la covid-19 en el\u00a0sector de la restauraci\u00f3","robots":{"index":"index","follow":"follow","max-snippet":"max-snippet:-1","max-image-preview":"max-image-preview:large","max-video-preview":"max-video-preview:-1"},"canonical":"https:\/\/gastronomicament.cat\/de\/convocatoria-urgent-dajuts-per-a-bars-i-restaurants-de-mallorca","og_locale":"de_DE","og_type":"article","og_title":"Convocat\u00f2ria urgent d'ajuts per a bars i restaurants de Mallorca - Gastron\u00f2micament","og_description":"Convocat\u00f2ria urgent d'ajuts per a bars i restaurants de Mallorca Actualitat, Reportatges i novetats El Consell de Mallorca i el Govern de les Illes Balears han obert una convocat\u00f2ria extraordin\u00e0ria d\u2019ajuts\u00a0per pal\u00b7liar els efectes de la covid-19 en el\u00a0sector de la restauraci\u00f3","og_url":"https:\/\/gastronomicament.cat\/de\/convocatoria-urgent-dajuts-per-a-bars-i-restaurants-de-mallorca","og_site_name":"Gastron\u00f2micament","article_published_time":"2020-12-28T16:59:59+00:00","og_image":[{"width":1062,"height":606,"url":"https:\/\/gastronomicament.cat\/wp-content\/uploads\/2020\/12\/Ajuts-restauracio-Consell-de-Mallorca-bars-i-restaurants.jpg","type":"image\/jpeg"}],"author":"Redacci\u00f3","twitter_card":"summary_large_image","twitter_creator":"@gastronomicamen","twitter_site":"@gastronomicamen","twitter_misc":{"Verfasst von":"Redacci\u00f3","Gesch\u00e4tzte Lesezeit":"1\u00a0Minute","Written by":"Redacci\u00f3"},"schema":{"@context":"https:\/\/schema.org","@graph":[{"@type":"Article","@id":"https:\/\/gastronomicament.cat\/de\/convocatoria-urgent-dajuts-per-a-bars-i-restaurants-de-mallorca#article","isPartOf":{"@id":"https:\/\/gastronomicament.cat\/de\/convocatoria-urgent-dajuts-per-a-bars-i-restaurants-de-mallorca"},"author":{"name":"Redacci\u00f3","@id":"https:\/\/gastronomicament.cat\/de\/#\/schema\/person\/a7c85c537a1ed62799a5b8e0f686a37f"},"headline":"Convocat\u00f2ria urgent d&#8217;ajuts per a bars i restaurants de Mallorca","datePublished":"2020-12-28T16:59:59+00:00","mainEntityOfPage":{"@id":"https:\/\/gastronomicament.cat\/de\/convocatoria-urgent-dajuts-per-a-bars-i-restaurants-de-mallorca"},"wordCount":261,"commentCount":0,"publisher":{"@id":"https:\/\/gastronomicament.cat\/de\/#organization"},"image":{"@id":"https:\/\/gastronomicament.cat\/de\/convocatoria-urgent-dajuts-per-a-bars-i-restaurants-de-mallorca#primaryimage"},"thumbnailUrl":"https:\/\/gastronomicament.cat\/wp-content\/uploads\/2020\/12\/Ajuts-restauracio-Consell-de-Mallorca-bars-i-restaurants.jpg","articleSection":["Actualitat","Reportatges i novetats"],"inLanguage":"de","potentialAction":[{"@type":"CommentAction","name":"Comment","target":["https:\/\/gastronomicament.cat\/de\/convocatoria-urgent-dajuts-per-a-bars-i-restaurants-de-mallorca#respond"]}]},{"@type":"WebPage","@id":"https:\/\/gastronomicament.cat\/de\/convocatoria-urgent-dajuts-per-a-bars-i-restaurants-de-mallorca","url":"https:\/\/gastronomicament.cat\/de\/convocatoria-urgent-dajuts-per-a-bars-i-restaurants-de-mallorca","name":"Convocat\u00f2ria urgent d'ajuts per a bars i restaurants de Mallorca - Gastron\u00f2micament","isPartOf":{"@id":"https:\/\/gastronomicament.cat\/de\/#website"},"primaryImageOfPage":{"@id":"https:\/\/gastronomicament.cat\/de\/convocatoria-urgent-dajuts-per-a-bars-i-restaurants-de-mallorca#primaryimage"},"image":{"@id":"https:\/\/gastronomicament.cat\/de\/convocatoria-urgent-dajuts-per-a-bars-i-restaurants-de-mallorca#primaryimage"},"thumbnailUrl":"https:\/\/gastronomicament.cat\/wp-content\/uploads\/2020\/12\/Ajuts-restauracio-Consell-de-Mallorca-bars-i-restaurants.jpg","datePublished":"2020-12-28T16:59:59+00:00","description":"Convocat\u00f2ria urgent d'ajuts per a bars i restaurants de Mallorca Actualitat, Reportatges i novetats El Consell de Mallorca i el Govern de les Illes Balears han obert una convocat\u00f2ria extraordin\u00e0ria d\u2019ajuts\u00a0per pal\u00b7liar els efectes de la covid-19 en el\u00a0sector de la restauraci\u00f3","inLanguage":"de","potentialAction":[{"@type":"ReadAction","target":["https:\/\/gastronomicament.cat\/de\/convocatoria-urgent-dajuts-per-a-bars-i-restaurants-de-mallorca"]}]},{"@type":"ImageObject","inLanguage":"de","@id":"https:\/\/gastronomicament.cat\/de\/convocatoria-urgent-dajuts-per-a-bars-i-restaurants-de-mallorca#primaryimage","url":"https:\/\/gastronomicament.cat\/wp-content\/uploads\/2020\/12\/Ajuts-restauracio-Consell-de-Mallorca-bars-i-restaurants.jpg","contentUrl":"https:\/\/gastronomicament.cat\/wp-content\/uploads\/2020\/12\/Ajuts-restauracio-Consell-de-Mallorca-bars-i-restaurants.jpg","width":1062,"height":606},{"@type":"WebSite","@id":"https:\/\/gastronomicament.cat\/de\/#website","url":"https:\/\/gastronomicament.cat\/de\/","name":"Gastron\u00f2micament","description":"Portal de restaurants, receptes i actualitat gastron\u00f2mica","publisher":{"@id":"https:\/\/gastronomicament.cat\/de\/#organization"},"potentialAction":[{"@type":"SearchAction","target":{"@type":"EntryPoint","urlTemplate":"https:\/\/gastronomicament.cat\/de\/?s={search_term_string}"},"query-input":{"@type":"PropertyValueSpecification","valueRequired":true,"valueName":"search_term_string"}}],"inLanguage":"de"},{"@type":"Organization","@id":"https:\/\/gastronomicament.cat\/de\/#organization","name":"Gastron\u00f2micament","url":"https:\/\/gastronomicament.cat\/de\/","logo":{"@type":"ImageObject","inLanguage":"de","@id":"https:\/\/gastronomicament.cat\/de\/#\/schema\/logo\/image\/","url":"https:\/\/gastronomicament.cat\/wp-content\/uploads\/2016\/09\/header-logo.jpg","contentUrl":"https:\/\/gastronomicament.cat\/wp-content\/uploads\/2016\/09\/header-logo.jpg","width":277,"height":39,"caption":"Gastron\u00f2micament"},"image":{"@id":"https:\/\/gastronomicament.cat\/de\/#\/schema\/logo\/image\/"},"sameAs":["https:\/\/x.com\/gastronomicamen"]},{"@type":"Person","@id":"https:\/\/gastronomicament.cat\/de\/#\/schema\/person\/a7c85c537a1ed62799a5b8e0f686a37f","name":"Redacci\u00f3","image":{"@type":"ImageObject","inLanguage":"de","@id":"https:\/\/secure.gravatar.com\/avatar\/9489a485c464fd611d33825daae651d13db70c4e74c65c94937a15a9d4c3ee14?s=96&d=mm&r=g69fea3cce3645dfa2166e7293e22955e","url":"https:\/\/secure.gravatar.com\/avatar\/9489a485c464fd611d33825daae651d13db70c4e74c65c94937a15a9d4c3ee14?s=96&d=mm&r=g","contentUrl":"https:\/\/secure.gravatar.com\/avatar\/9489a485c464fd611d33825daae651d13db70c4e74c65c94937a15a9d4c3ee14?s=96&d=mm&r=g","caption":"Redacci\u00f3"},"sameAs":["http:\/\/gastronomicament.cat"],"url":"https:\/\/gastronomicament.cat\/de\/author\/admin"}]}},"_links":{"self":[{"href":"https:\/\/gastronomicament.cat\/de\/wp-json\/wp\/v2\/posts\/59358","targetHints":{"allow":["GET"]}}],"collection":[{"href":"https:\/\/gastronomicament.cat\/de\/wp-json\/wp\/v2\/posts"}],"about":[{"href":"https:\/\/gastronomicament.cat\/de\/wp-json\/wp\/v2\/types\/post"}],"author":[{"embeddable":true,"href":"https:\/\/gastronomicament.cat\/de\/wp-json\/wp\/v2\/users\/1"}],"replies":[{"embeddable":true,"href":"https:\/\/gastronomicament.cat\/de\/wp-json\/wp\/v2\/comments?post=59358"}],"version-history":[{"count":0,"href":"https:\/\/gastronomicament.cat\/de\/wp-json\/wp\/v2\/posts\/59358\/revisions"}],"wp:featuredmedia":[{"embeddable":true,"href":"https:\/\/gastronomicament.cat\/de\/wp-json\/wp\/v2\/media\/59359"}],"wp:attachment":[{"href":"https:\/\/gastronomicament.cat\/de\/wp-json\/wp\/v2\/media?parent=59358"}],"wp:term":[{"taxonomy":"category","embeddable":true,"href":"https:\/\/gastronomicament.cat\/de\/wp-json\/wp\/v2\/categories?post=59358"},{"taxonomy":"post_tag","embeddable":true,"href":"https:\/\/gastronomicament.cat\/de\/wp-json\/wp\/v2\/tags?post=59358"},{"taxonomy":"author","embeddable":true,"href":"https:\/\/gastronomicament.cat\/de\/wp-json\/wp\/v2\/coauthors?post=59358"}],"curies":[{"name":"wp","href":"https:\/\/api.w.org\/{rel}","templated":true}]}}