{"id":60924,"date":"2020-05-14T18:44:28","date_gmt":"2020-05-14T16:44:28","guid":{"rendered":"https:\/\/gastronomicament.cat\/aconsegueix-el-llibre-que-es-cocinar-gratis"},"modified":"2022-04-09T09:39:59","modified_gmt":"2022-04-09T07:39:59","slug":"aconsegueix-el-llibre-que-es-cocinar-gratis","status":"publish","type":"post","link":"https:\/\/gastronomicament.cat\/de\/aconsegueix-el-llibre-que-es-cocinar-gratis","title":{"rendered":"Aconsegueix el llibre &#8218;Qu\u00e9 es cocinar&#8216; gratis"},"content":{"rendered":"<p>Una de les bones novetats que aporta aquesta crisi de la covid-19 \u00e9s que Ferran Adri\u00e0 ofereix de franc el llibre\u00a0<em>Qu\u00e9 es cocinar<\/em>. Com va anunciar al webinar\u00a0<a href=\"https:\/\/www.sansebastiangastronomika.com\/\" rel=\"nofollow\">Gastron\u00f3mikaLive<\/a>, tothom que vulgui es pot descarregar aquesta obra de 235 p\u00e0gines a color, en la qual\u00a0hi enfoca la cuina des del m\u00e0xim de prismes possibles amb un \u00fanic objectiu: comprendre.<\/p>\n<p>\u00c9s un llibre extens, al qual Ferran Adri\u00e0 hi ha dedicat 5 anys. Diu el cuiner i comunicador que \u00e9s el llibre m\u00e9s dif\u00edcil de tots els que ha fet perqu\u00e8 no hi havia una obra que parl\u00e0s sobre qu\u00e8 \u00e9s cuinar.<\/p>\n<p>Tamb\u00e9 ha explicat que,\u00a0 d&#8217;aqu\u00ed un mes i mig, obrir\u00e0 una secci\u00f3 a\u00a0<a href=\"https:\/\/elbullifoundation.com\/elbulli1846\/ca\/\" rel=\"nofollow\">ElBulli 1846<\/a>\u00a0perqu\u00e8 la gent hi aporti comentaris per millorar-ne la segona edici\u00f3.<\/p>\n<p>Podeu descarregar el <a href=\"https:\/\/www.elbullifoundation.com\/doc\/que_es_cocinar.pdf\" target=\"_blank\" rel=\"nofollow noopener noreferrer\">llibre<em>\u00a0Qu\u00e9 es cocinar<\/em>\u00a0aqu\u00ed<\/a>.<\/p>\n","protected":false},"excerpt":{"rendered":"<p>Una de les bones novetats que aporta aquesta crisi de la covid-19 \u00e9s que Ferran Adri\u00e0&hellip;<\/p>\n","protected":false},"author":1,"featured_media":60925,"comment_status":"open","ping_status":"closed","sticky":false,"template":"","format":"standard","meta":{"_acf_changed":false,"_swt_meta_header_display":false,"_swt_meta_footer_display":false,"_swt_meta_site_title_display":false,"_swt_meta_sticky_header":false,"_swt_meta_transparent_header":false,"footnotes":""},"categories":[1050,1476],"tags":[],"coauthors":[],"class_list":["post-60924","post","type-post","status-publish","format-standard","has-post-thumbnail","hentry","category-actualitat-es-de","category-reportatges-i-novetats-de"],"acf":{"gallery":null,"home_date":{"home_begin_date":null,"home_end_date":null}},"yoast_head":"<!-- This site is optimized with the Yoast SEO plugin v27.4 - https:\/\/yoast.com\/product\/yoast-seo-wordpress\/ -->\n<title>Aconsegueix el llibre &#039;Qu\u00e9 es cocinar&#039; gratis - Gastron\u00f2micament<\/title>\n<meta name=\"description\" content=\"Aconsegueix el llibre &#039;Qu\u00e9 es cocinar&#039; gratis Actualitat, Reportatges i novetats Una de les bones novetats que aporta aquesta crisi de la covid-19 \u00e9s que Ferran Adri\u00e0 ofereix de franc el llibre\u00a0Qu\u00e9 es cocinar\" \/>\n<meta name=\"robots\" content=\"index, follow, max-snippet:-1, max-image-preview:large, max-video-preview:-1\" \/>\n<link rel=\"canonical\" href=\"https:\/\/gastronomicament.cat\/de\/aconsegueix-el-llibre-que-es-cocinar-gratis\" \/>\n<meta property=\"og:locale\" content=\"de_DE\" \/>\n<meta property=\"og:type\" content=\"article\" \/>\n<meta property=\"og:title\" content=\"Aconsegueix el llibre &#039;Qu\u00e9 es cocinar&#039; gratis - Gastron\u00f2micament\" \/>\n<meta property=\"og:description\" content=\"Aconsegueix el llibre &#039;Qu\u00e9 es cocinar&#039; gratis Actualitat, Reportatges i novetats Una de les bones novetats que aporta aquesta crisi de la covid-19 \u00e9s que Ferran Adri\u00e0 ofereix de franc el llibre\u00a0Qu\u00e9 es cocinar\" \/>\n<meta property=\"og:url\" content=\"https:\/\/gastronomicament.cat\/de\/aconsegueix-el-llibre-que-es-cocinar-gratis\" \/>\n<meta property=\"og:site_name\" content=\"Gastron\u00f2micament\" \/>\n<meta property=\"article:published_time\" content=\"2020-05-14T16:44:28+00:00\" \/>\n<meta property=\"article:modified_time\" content=\"2022-04-09T07:39:59+00:00\" \/>\n<meta property=\"og:image\" content=\"https:\/\/gastronomicament.cat\/wp-content\/uploads\/2020\/05\/Que-es-cocinar-Bullipedia-Ferran-Adria.jpg\" \/>\n\t<meta property=\"og:image:width\" content=\"914\" \/>\n\t<meta property=\"og:image:height\" content=\"604\" \/>\n\t<meta property=\"og:image:type\" content=\"image\/jpeg\" \/>\n<meta name=\"author\" content=\"Redacci\u00f3\" \/>\n<meta name=\"twitter:card\" content=\"summary_large_image\" \/>\n<meta name=\"twitter:creator\" content=\"@gastronomicamen\" \/>\n<meta name=\"twitter:site\" content=\"@gastronomicamen\" \/>\n<meta name=\"twitter:label1\" content=\"Verfasst von\" \/>\n\t<meta name=\"twitter:data1\" content=\"Redacci\u00f3\" \/>\n\t<meta name=\"twitter:label2\" content=\"Gesch\u00e4tzte Lesezeit\" \/>\n\t<meta name=\"twitter:data2\" content=\"1\u00a0Minute\" \/>\n\t<meta name=\"twitter:label3\" content=\"Written by\" \/>\n\t<meta name=\"twitter:data3\" content=\"Redacci\u00f3\" \/>\n<script type=\"application\/ld+json\" class=\"yoast-schema-graph\">{\"@context\":\"https:\\\/\\\/schema.org\",\"@graph\":[{\"@type\":\"Article\",\"@id\":\"https:\\\/\\\/gastronomicament.cat\\\/de\\\/aconsegueix-el-llibre-que-es-cocinar-gratis#article\",\"isPartOf\":{\"@id\":\"https:\\\/\\\/gastronomicament.cat\\\/de\\\/aconsegueix-el-llibre-que-es-cocinar-gratis\"},\"author\":{\"name\":\"Redacci\u00f3\",\"@id\":\"https:\\\/\\\/gastronomicament.cat\\\/de\\\/#\\\/schema\\\/person\\\/a7c85c537a1ed62799a5b8e0f686a37f\"},\"headline\":\"Aconsegueix el llibre &#8218;Qu\u00e9 es cocinar&#8216; gratis\",\"datePublished\":\"2020-05-14T16:44:28+00:00\",\"dateModified\":\"2022-04-09T07:39:59+00:00\",\"mainEntityOfPage\":{\"@id\":\"https:\\\/\\\/gastronomicament.cat\\\/de\\\/aconsegueix-el-llibre-que-es-cocinar-gratis\"},\"wordCount\":147,\"commentCount\":0,\"publisher\":{\"@id\":\"https:\\\/\\\/gastronomicament.cat\\\/de\\\/#organization\"},\"image\":{\"@id\":\"https:\\\/\\\/gastronomicament.cat\\\/de\\\/aconsegueix-el-llibre-que-es-cocinar-gratis#primaryimage\"},\"thumbnailUrl\":\"https:\\\/\\\/gastronomicament.cat\\\/wp-content\\\/uploads\\\/2020\\\/05\\\/Que-es-cocinar-Bullipedia-Ferran-Adria.jpg\",\"articleSection\":[\"Actualitat\",\"Reportatges i novetats\"],\"inLanguage\":\"de\",\"potentialAction\":[{\"@type\":\"CommentAction\",\"name\":\"Comment\",\"target\":[\"https:\\\/\\\/gastronomicament.cat\\\/de\\\/aconsegueix-el-llibre-que-es-cocinar-gratis#respond\"]}]},{\"@type\":\"WebPage\",\"@id\":\"https:\\\/\\\/gastronomicament.cat\\\/de\\\/aconsegueix-el-llibre-que-es-cocinar-gratis\",\"url\":\"https:\\\/\\\/gastronomicament.cat\\\/de\\\/aconsegueix-el-llibre-que-es-cocinar-gratis\",\"name\":\"Aconsegueix el llibre 'Qu\u00e9 es cocinar' gratis - Gastron\u00f2micament\",\"isPartOf\":{\"@id\":\"https:\\\/\\\/gastronomicament.cat\\\/de\\\/#website\"},\"primaryImageOfPage\":{\"@id\":\"https:\\\/\\\/gastronomicament.cat\\\/de\\\/aconsegueix-el-llibre-que-es-cocinar-gratis#primaryimage\"},\"image\":{\"@id\":\"https:\\\/\\\/gastronomicament.cat\\\/de\\\/aconsegueix-el-llibre-que-es-cocinar-gratis#primaryimage\"},\"thumbnailUrl\":\"https:\\\/\\\/gastronomicament.cat\\\/wp-content\\\/uploads\\\/2020\\\/05\\\/Que-es-cocinar-Bullipedia-Ferran-Adria.jpg\",\"datePublished\":\"2020-05-14T16:44:28+00:00\",\"dateModified\":\"2022-04-09T07:39:59+00:00\",\"description\":\"Aconsegueix el llibre 'Qu\u00e9 es cocinar' gratis Actualitat, Reportatges i novetats Una de les bones novetats que aporta aquesta crisi de la covid-19 \u00e9s que Ferran Adri\u00e0 ofereix de franc el llibre\u00a0Qu\u00e9 es cocinar\",\"inLanguage\":\"de\",\"potentialAction\":[{\"@type\":\"ReadAction\",\"target\":[\"https:\\\/\\\/gastronomicament.cat\\\/de\\\/aconsegueix-el-llibre-que-es-cocinar-gratis\"]}]},{\"@type\":\"ImageObject\",\"inLanguage\":\"de\",\"@id\":\"https:\\\/\\\/gastronomicament.cat\\\/de\\\/aconsegueix-el-llibre-que-es-cocinar-gratis#primaryimage\",\"url\":\"https:\\\/\\\/gastronomicament.cat\\\/wp-content\\\/uploads\\\/2020\\\/05\\\/Que-es-cocinar-Bullipedia-Ferran-Adria.jpg\",\"contentUrl\":\"https:\\\/\\\/gastronomicament.cat\\\/wp-content\\\/uploads\\\/2020\\\/05\\\/Que-es-cocinar-Bullipedia-Ferran-Adria.jpg\",\"width\":914,\"height\":604},{\"@type\":\"WebSite\",\"@id\":\"https:\\\/\\\/gastronomicament.cat\\\/de\\\/#website\",\"url\":\"https:\\\/\\\/gastronomicament.cat\\\/de\\\/\",\"name\":\"Gastron\u00f2micament\",\"description\":\"Portal de restaurants, receptes i actualitat gastron\u00f2mica\",\"publisher\":{\"@id\":\"https:\\\/\\\/gastronomicament.cat\\\/de\\\/#organization\"},\"potentialAction\":[{\"@type\":\"SearchAction\",\"target\":{\"@type\":\"EntryPoint\",\"urlTemplate\":\"https:\\\/\\\/gastronomicament.cat\\\/de\\\/?s={search_term_string}\"},\"query-input\":{\"@type\":\"PropertyValueSpecification\",\"valueRequired\":true,\"valueName\":\"search_term_string\"}}],\"inLanguage\":\"de\"},{\"@type\":\"Organization\",\"@id\":\"https:\\\/\\\/gastronomicament.cat\\\/de\\\/#organization\",\"name\":\"Gastron\u00f2micament\",\"url\":\"https:\\\/\\\/gastronomicament.cat\\\/de\\\/\",\"logo\":{\"@type\":\"ImageObject\",\"inLanguage\":\"de\",\"@id\":\"https:\\\/\\\/gastronomicament.cat\\\/de\\\/#\\\/schema\\\/logo\\\/image\\\/\",\"url\":\"https:\\\/\\\/gastronomicament.cat\\\/wp-content\\\/uploads\\\/2016\\\/09\\\/header-logo.jpg\",\"contentUrl\":\"https:\\\/\\\/gastronomicament.cat\\\/wp-content\\\/uploads\\\/2016\\\/09\\\/header-logo.jpg\",\"width\":277,\"height\":39,\"caption\":\"Gastron\u00f2micament\"},\"image\":{\"@id\":\"https:\\\/\\\/gastronomicament.cat\\\/de\\\/#\\\/schema\\\/logo\\\/image\\\/\"},\"sameAs\":[\"https:\\\/\\\/x.com\\\/gastronomicamen\"]},{\"@type\":\"Person\",\"@id\":\"https:\\\/\\\/gastronomicament.cat\\\/de\\\/#\\\/schema\\\/person\\\/a7c85c537a1ed62799a5b8e0f686a37f\",\"name\":\"Redacci\u00f3\",\"image\":{\"@type\":\"ImageObject\",\"inLanguage\":\"de\",\"@id\":\"https:\\\/\\\/secure.gravatar.com\\\/avatar\\\/9489a485c464fd611d33825daae651d13db70c4e74c65c94937a15a9d4c3ee14?s=96&d=mm&r=g69fea3cce3645dfa2166e7293e22955e\",\"url\":\"https:\\\/\\\/secure.gravatar.com\\\/avatar\\\/9489a485c464fd611d33825daae651d13db70c4e74c65c94937a15a9d4c3ee14?s=96&d=mm&r=g\",\"contentUrl\":\"https:\\\/\\\/secure.gravatar.com\\\/avatar\\\/9489a485c464fd611d33825daae651d13db70c4e74c65c94937a15a9d4c3ee14?s=96&d=mm&r=g\",\"caption\":\"Redacci\u00f3\"},\"sameAs\":[\"http:\\\/\\\/gastronomicament.cat\"],\"url\":\"https:\\\/\\\/gastronomicament.cat\\\/de\\\/author\\\/admin\"}]}<\/script>\n<!-- \/ Yoast SEO plugin. -->","yoast_head_json":{"title":"Aconsegueix el llibre 'Qu\u00e9 es cocinar' gratis - Gastron\u00f2micament","description":"Aconsegueix el llibre 'Qu\u00e9 es cocinar' gratis Actualitat, Reportatges i novetats Una de les bones novetats que aporta aquesta crisi de la covid-19 \u00e9s que Ferran Adri\u00e0 ofereix de franc el llibre\u00a0Qu\u00e9 es cocinar","robots":{"index":"index","follow":"follow","max-snippet":"max-snippet:-1","max-image-preview":"max-image-preview:large","max-video-preview":"max-video-preview:-1"},"canonical":"https:\/\/gastronomicament.cat\/de\/aconsegueix-el-llibre-que-es-cocinar-gratis","og_locale":"de_DE","og_type":"article","og_title":"Aconsegueix el llibre 'Qu\u00e9 es cocinar' gratis - Gastron\u00f2micament","og_description":"Aconsegueix el llibre 'Qu\u00e9 es cocinar' gratis Actualitat, Reportatges i novetats Una de les bones novetats que aporta aquesta crisi de la covid-19 \u00e9s que Ferran Adri\u00e0 ofereix de franc el llibre\u00a0Qu\u00e9 es cocinar","og_url":"https:\/\/gastronomicament.cat\/de\/aconsegueix-el-llibre-que-es-cocinar-gratis","og_site_name":"Gastron\u00f2micament","article_published_time":"2020-05-14T16:44:28+00:00","article_modified_time":"2022-04-09T07:39:59+00:00","og_image":[{"width":914,"height":604,"url":"https:\/\/gastronomicament.cat\/wp-content\/uploads\/2020\/05\/Que-es-cocinar-Bullipedia-Ferran-Adria.jpg","type":"image\/jpeg"}],"author":"Redacci\u00f3","twitter_card":"summary_large_image","twitter_creator":"@gastronomicamen","twitter_site":"@gastronomicamen","twitter_misc":{"Verfasst von":"Redacci\u00f3","Gesch\u00e4tzte Lesezeit":"1\u00a0Minute","Written by":"Redacci\u00f3"},"schema":{"@context":"https:\/\/schema.org","@graph":[{"@type":"Article","@id":"https:\/\/gastronomicament.cat\/de\/aconsegueix-el-llibre-que-es-cocinar-gratis#article","isPartOf":{"@id":"https:\/\/gastronomicament.cat\/de\/aconsegueix-el-llibre-que-es-cocinar-gratis"},"author":{"name":"Redacci\u00f3","@id":"https:\/\/gastronomicament.cat\/de\/#\/schema\/person\/a7c85c537a1ed62799a5b8e0f686a37f"},"headline":"Aconsegueix el llibre &#8218;Qu\u00e9 es cocinar&#8216; gratis","datePublished":"2020-05-14T16:44:28+00:00","dateModified":"2022-04-09T07:39:59+00:00","mainEntityOfPage":{"@id":"https:\/\/gastronomicament.cat\/de\/aconsegueix-el-llibre-que-es-cocinar-gratis"},"wordCount":147,"commentCount":0,"publisher":{"@id":"https:\/\/gastronomicament.cat\/de\/#organization"},"image":{"@id":"https:\/\/gastronomicament.cat\/de\/aconsegueix-el-llibre-que-es-cocinar-gratis#primaryimage"},"thumbnailUrl":"https:\/\/gastronomicament.cat\/wp-content\/uploads\/2020\/05\/Que-es-cocinar-Bullipedia-Ferran-Adria.jpg","articleSection":["Actualitat","Reportatges i novetats"],"inLanguage":"de","potentialAction":[{"@type":"CommentAction","name":"Comment","target":["https:\/\/gastronomicament.cat\/de\/aconsegueix-el-llibre-que-es-cocinar-gratis#respond"]}]},{"@type":"WebPage","@id":"https:\/\/gastronomicament.cat\/de\/aconsegueix-el-llibre-que-es-cocinar-gratis","url":"https:\/\/gastronomicament.cat\/de\/aconsegueix-el-llibre-que-es-cocinar-gratis","name":"Aconsegueix el llibre 'Qu\u00e9 es cocinar' gratis - Gastron\u00f2micament","isPartOf":{"@id":"https:\/\/gastronomicament.cat\/de\/#website"},"primaryImageOfPage":{"@id":"https:\/\/gastronomicament.cat\/de\/aconsegueix-el-llibre-que-es-cocinar-gratis#primaryimage"},"image":{"@id":"https:\/\/gastronomicament.cat\/de\/aconsegueix-el-llibre-que-es-cocinar-gratis#primaryimage"},"thumbnailUrl":"https:\/\/gastronomicament.cat\/wp-content\/uploads\/2020\/05\/Que-es-cocinar-Bullipedia-Ferran-Adria.jpg","datePublished":"2020-05-14T16:44:28+00:00","dateModified":"2022-04-09T07:39:59+00:00","description":"Aconsegueix el llibre 'Qu\u00e9 es cocinar' gratis Actualitat, Reportatges i novetats Una de les bones novetats que aporta aquesta crisi de la covid-19 \u00e9s que Ferran Adri\u00e0 ofereix de franc el llibre\u00a0Qu\u00e9 es cocinar","inLanguage":"de","potentialAction":[{"@type":"ReadAction","target":["https:\/\/gastronomicament.cat\/de\/aconsegueix-el-llibre-que-es-cocinar-gratis"]}]},{"@type":"ImageObject","inLanguage":"de","@id":"https:\/\/gastronomicament.cat\/de\/aconsegueix-el-llibre-que-es-cocinar-gratis#primaryimage","url":"https:\/\/gastronomicament.cat\/wp-content\/uploads\/2020\/05\/Que-es-cocinar-Bullipedia-Ferran-Adria.jpg","contentUrl":"https:\/\/gastronomicament.cat\/wp-content\/uploads\/2020\/05\/Que-es-cocinar-Bullipedia-Ferran-Adria.jpg","width":914,"height":604},{"@type":"WebSite","@id":"https:\/\/gastronomicament.cat\/de\/#website","url":"https:\/\/gastronomicament.cat\/de\/","name":"Gastron\u00f2micament","description":"Portal de restaurants, receptes i actualitat gastron\u00f2mica","publisher":{"@id":"https:\/\/gastronomicament.cat\/de\/#organization"},"potentialAction":[{"@type":"SearchAction","target":{"@type":"EntryPoint","urlTemplate":"https:\/\/gastronomicament.cat\/de\/?s={search_term_string}"},"query-input":{"@type":"PropertyValueSpecification","valueRequired":true,"valueName":"search_term_string"}}],"inLanguage":"de"},{"@type":"Organization","@id":"https:\/\/gastronomicament.cat\/de\/#organization","name":"Gastron\u00f2micament","url":"https:\/\/gastronomicament.cat\/de\/","logo":{"@type":"ImageObject","inLanguage":"de","@id":"https:\/\/gastronomicament.cat\/de\/#\/schema\/logo\/image\/","url":"https:\/\/gastronomicament.cat\/wp-content\/uploads\/2016\/09\/header-logo.jpg","contentUrl":"https:\/\/gastronomicament.cat\/wp-content\/uploads\/2016\/09\/header-logo.jpg","width":277,"height":39,"caption":"Gastron\u00f2micament"},"image":{"@id":"https:\/\/gastronomicament.cat\/de\/#\/schema\/logo\/image\/"},"sameAs":["https:\/\/x.com\/gastronomicamen"]},{"@type":"Person","@id":"https:\/\/gastronomicament.cat\/de\/#\/schema\/person\/a7c85c537a1ed62799a5b8e0f686a37f","name":"Redacci\u00f3","image":{"@type":"ImageObject","inLanguage":"de","@id":"https:\/\/secure.gravatar.com\/avatar\/9489a485c464fd611d33825daae651d13db70c4e74c65c94937a15a9d4c3ee14?s=96&d=mm&r=g69fea3cce3645dfa2166e7293e22955e","url":"https:\/\/secure.gravatar.com\/avatar\/9489a485c464fd611d33825daae651d13db70c4e74c65c94937a15a9d4c3ee14?s=96&d=mm&r=g","contentUrl":"https:\/\/secure.gravatar.com\/avatar\/9489a485c464fd611d33825daae651d13db70c4e74c65c94937a15a9d4c3ee14?s=96&d=mm&r=g","caption":"Redacci\u00f3"},"sameAs":["http:\/\/gastronomicament.cat"],"url":"https:\/\/gastronomicament.cat\/de\/author\/admin"}]}},"_links":{"self":[{"href":"https:\/\/gastronomicament.cat\/de\/wp-json\/wp\/v2\/posts\/60924","targetHints":{"allow":["GET"]}}],"collection":[{"href":"https:\/\/gastronomicament.cat\/de\/wp-json\/wp\/v2\/posts"}],"about":[{"href":"https:\/\/gastronomicament.cat\/de\/wp-json\/wp\/v2\/types\/post"}],"author":[{"embeddable":true,"href":"https:\/\/gastronomicament.cat\/de\/wp-json\/wp\/v2\/users\/1"}],"replies":[{"embeddable":true,"href":"https:\/\/gastronomicament.cat\/de\/wp-json\/wp\/v2\/comments?post=60924"}],"version-history":[{"count":0,"href":"https:\/\/gastronomicament.cat\/de\/wp-json\/wp\/v2\/posts\/60924\/revisions"}],"wp:featuredmedia":[{"embeddable":true,"href":"https:\/\/gastronomicament.cat\/de\/wp-json\/wp\/v2\/media\/60925"}],"wp:attachment":[{"href":"https:\/\/gastronomicament.cat\/de\/wp-json\/wp\/v2\/media?parent=60924"}],"wp:term":[{"taxonomy":"category","embeddable":true,"href":"https:\/\/gastronomicament.cat\/de\/wp-json\/wp\/v2\/categories?post=60924"},{"taxonomy":"post_tag","embeddable":true,"href":"https:\/\/gastronomicament.cat\/de\/wp-json\/wp\/v2\/tags?post=60924"},{"taxonomy":"author","embeddable":true,"href":"https:\/\/gastronomicament.cat\/de\/wp-json\/wp\/v2\/coauthors?post=60924"}],"curies":[{"name":"wp","href":"https:\/\/api.w.org\/{rel}","templated":true}]}}